{"id":42496,"date":"2020-06-28T01:00:40","date_gmt":"2020-06-28T04:00:40","guid":{"rendered":"https:\/\/www.gaveanews.com\/?p=42496"},"modified":"2020-06-28T01:00:41","modified_gmt":"2020-06-28T04:00:41","slug":"se-eu-tivesse-pensado-no-dinheiro-ficava-na-europa-diz-rafinha","status":"publish","type":"post","link":"https:\/\/www.gaveanews.com\/index.php\/2020\/06\/28\/se-eu-tivesse-pensado-no-dinheiro-ficava-na-europa-diz-rafinha\/","title":{"rendered":"&#8216;Se eu tivesse pensado no dinheiro, ficava na Europa&#8217;, diz Rafinha"},"content":{"rendered":"\n<p>O lateral direito Rafinha, do Flamengo declarou que n\u00e3o foi por dinheiro que veio para o Flamengo. O jogador revelou que teve, ao menos, cinco propostas financeiramente melhores para continuar na Europa, mas escolheu vir para o Brasil para realizar um desejo pessoal.<\/p>\n\n\n\n<p>\u2014 Se eu tivesse pensado no dinheiro, eu tinha ficado na Europa. Eu tinha proposta da Inter de Mil\u00e3o, tinha a chance de renovar com o Bayern, tinha proposta da Espanha, da R\u00fassia, chegou proposta do PSG depois da sa\u00edda do Daniel Alves. Mas eu j\u00e1 tinha dado minha palavra para o Flamengo. Eu tinha o desejo de jogar no Brasil, sentir o calor da torcida, mas era uma aposta. Escolhi honrar minha palavra, mas foi uma situa\u00e7\u00e3o dif\u00edcil. Mas o que eu vivi no Flamengo nesse ano, n\u00e3o tem dinheiro que compre. Conquistei muitos t\u00edtulos e deixei meu nome na hist\u00f3ria do clube&#8221;, disse o jogador em entrevista ao Aqui com Benja, do Fox Sports, que foi ao ar hoje.<\/p>\n\n\n\n<h2 class=\"wp-block-heading\">O papel de Jorge Jesus<\/h2>\n\n\n\n<p>Na opini\u00e3o do lateral direito do Flamengo, Jorge Jesus foi muito importante para as conquistas. No entanto, Rafinha exaltou o elenco rubro-negro, dizendo que outros treinadores, com os mesmos jogadores, seriam capazes de fazer um trabalho parecido.<\/p>\n\n\n\n<p>&#8220;O Jorge Jesus \u00e9 um grande treinador. Ajuda muito. Ele explica o que ele quer que a gente fa\u00e7a, provou que ele \u00e9 bom. Mas acho que outro treinador teria sucesso no Flamengo tamb\u00e9m. O Flamengo \u00e9 muito bom. Eu j\u00e1 joguei no Bayern e era assim tamb\u00e9m: 22 jogadores que podem entrar em campo e manter o n\u00edvel alto&#8221;<\/p>\n\n\n\n<p>Rafinha disse que esperava conquistas, mas n\u00e3o da maneira como elas vieram &#8211; em quantidade e qualidade. O jogador afirmou que o desenvolvimento do trabalho do treinador Jorge Jesus em t\u00e3o pouco tempo o surpreendeu.<\/p>\n\n\n\n<p>&#8220;Eu sou um cara otimista, mas foi muito melhor que eu esperava. At\u00e9 esperava ganhar, mas eu joguei quarenta jogos no Flamengo e perdi tr\u00eas vezes. S\u00e3o s\u00f3 seis meses de trabalho. O time est\u00e1 decolando agora. Eu tinha certeza que ia ganhar alguma coisa, mas n\u00e3o achei que ia ganhar tudo, como ganhou. Olha o Liverpool, est\u00e1 ganhando tudo agora, mas foram quatro anos de trabalho para chegar nesse n\u00edvel&#8221;, continuou.<\/p>\n\n\n\n<h2 class=\"wp-block-heading\">Jogos sem torcida<\/h2>\n\n\n\n<p>Para Rafinha, os jogos sem torcida ser\u00e3o um desafio para o Flamengo. O lateral ressaltou que os times menores podem ser beneficiados com a nova realidade.<\/p>\n\n\n\n<p>&#8220;Jogar sem torcida pode atrapalhar, sim. Isso est\u00e1 fazendo diferen\u00e7a l\u00e1 na Europa. Os times menores est\u00e3o jogando de igual para igual com os grandes fora de casa. Aqui, vai acontecer tamb\u00e9m. A torcida faz diferen\u00e7a. N\u00f3s jogamos bem contra o Bangu, mas o sentimento foi outro, a prepara\u00e7\u00e3o foi outra, dava para ouvir tudo dentro de campo, at\u00e9 o barulho da chuteira na bola&#8221;, complementou.<\/p>\n\n\n\n<p>Retirado de: UOL<\/p>\n","protected":false},"excerpt":{"rendered":"<p>O lateral direito Rafinha, do Flamengo declarou que n\u00e3o foi por dinheiro que veio para o Flamengo. O jogador revelou que teve, ao menos, cinco propostas financeiramente melhores para continuar na Europa, mas escolheu vir para o Brasil para realizar um desejo pessoal. \u2014 Se eu tivesse pensado no dinheiro, eu tinha ficado na Europa. [&hellip;]<\/p>\n","protected":false},"author":1,"featured_media":28891,"comment_status":"open","ping_status":"closed","sticky":false,"template":"","format":"standard","meta":{"footnotes":""},"categories":[1],"tags":[],"class_list":["post-42496","post","type-post","status-publish","format-standard","has-post-thumbnail","hentry","category-flamengo"],"yoast_head":"<!-- This site is optimized with the Yoast SEO Premium plugin v24.2 (Yoast SEO v26.9) - https:\/\/yoast.com\/product\/yoast-seo-premium-wordpress\/ -->\n<title>&#039;Se eu tivesse pensado no dinheiro, ficava na Europa&#039;, diz Rafinha<\/title>\n<meta name=\"robots\" content=\"index, follow, max-snippet:-1, max-image-preview:large, max-video-preview:-1\" \/>\n<link rel=\"canonical\" href=\"https:\/\/www.gaveanews.com\/index.php\/2020\/06\/28\/se-eu-tivesse-pensado-no-dinheiro-ficava-na-europa-diz-rafinha\/\" \/>\n<meta property=\"og:locale\" content=\"pt_BR\" \/>\n<meta property=\"og:type\" content=\"article\" \/>\n<meta property=\"og:title\" content=\"&#039;Se eu tivesse pensado no dinheiro, ficava na Europa&#039;, diz Rafinha\" \/>\n<meta property=\"og:description\" content=\"O lateral direito Rafinha, do Flamengo declarou que n\u00e3o foi por dinheiro que veio para o Flamengo. O jogador revelou que teve, ao menos, cinco propostas financeiramente melhores para continuar na Europa, mas escolheu vir para o Brasil para realizar um desejo pessoal. \u2014 Se eu tivesse pensado no dinheiro, eu tinha ficado na Europa. [&hellip;]\" \/>\n<meta property=\"og:url\" content=\"https:\/\/www.gaveanews.com\/index.php\/2020\/06\/28\/se-eu-tivesse-pensado-no-dinheiro-ficava-na-europa-diz-rafinha\/\" \/>\n<meta property=\"og:site_name\" content=\"G\u00e1vea News\" \/>\n<meta property=\"article:publisher\" content=\"https:\/\/facebook.com\/gaveaNews\/\" \/>\n<meta property=\"article:published_time\" content=\"2020-06-28T04:00:40+00:00\" \/>\n<meta property=\"article:modified_time\" content=\"2020-06-28T04:00:41+00:00\" \/>\n<meta property=\"og:image\" content=\"https:\/\/www.gaveanews.com\/wp-content\/uploads\/Lateral-Rafinha-durante-uma-partida-do-Flamengo.webp\" \/>\n\t<meta property=\"og:image:width\" content=\"900\" \/>\n\t<meta property=\"og:image:height\" content=\"600\" \/>\n\t<meta property=\"og:image:type\" content=\"image\/jpeg\" \/>\n<meta name=\"author\" content=\"Equipe G\u00e1vea News\" \/>\n<meta name=\"twitter:card\" content=\"summary_large_image\" \/>\n<meta name=\"twitter:label1\" content=\"Escrito por\" \/>\n\t<meta name=\"twitter:data1\" content=\"Equipe G\u00e1vea News\" \/>\n\t<meta name=\"twitter:label2\" content=\"Est. tempo de leitura\" \/>\n\t<meta name=\"twitter:data2\" content=\"2 minutos\" \/>\n<script type=\"application\/ld+json\" class=\"yoast-schema-graph\">{\"@context\":\"https:\/\/schema.org\",\"@graph\":[{\"@type\":\"NewsArticle\",\"@id\":\"https:\/\/www.gaveanews.com\/index.php\/2020\/06\/28\/se-eu-tivesse-pensado-no-dinheiro-ficava-na-europa-diz-rafinha\/#article\",\"isPartOf\":{\"@id\":\"https:\/\/www.gaveanews.com\/index.php\/2020\/06\/28\/se-eu-tivesse-pensado-no-dinheiro-ficava-na-europa-diz-rafinha\/\"},\"author\":{\"name\":\"Equipe G\u00e1vea News\",\"@id\":\"https:\/\/www.gaveanews.com\/#\/schema\/person\/2ec14f73fb96be2caf28f91afb14749d\"},\"headline\":\"&#8216;Se eu tivesse pensado no dinheiro, ficava na Europa&#8217;, diz Rafinha\",\"datePublished\":\"2020-06-28T04:00:40+00:00\",\"dateModified\":\"2020-06-28T04:00:41+00:00\",\"mainEntityOfPage\":{\"@id\":\"https:\/\/www.gaveanews.com\/index.php\/2020\/06\/28\/se-eu-tivesse-pensado-no-dinheiro-ficava-na-europa-diz-rafinha\/\"},\"wordCount\":504,\"commentCount\":2,\"image\":{\"@id\":\"https:\/\/www.gaveanews.com\/index.php\/2020\/06\/28\/se-eu-tivesse-pensado-no-dinheiro-ficava-na-europa-diz-rafinha\/#primaryimage\"},\"thumbnailUrl\":\"https:\/\/www.gaveanews.com\/wp-content\/uploads\/Lateral-Rafinha-durante-uma-partida-do-Flamengo.webp\",\"articleSection\":[\"Flamengo\"],\"inLanguage\":\"pt-BR\",\"potentialAction\":[{\"@type\":\"CommentAction\",\"name\":\"Comment\",\"target\":[\"https:\/\/www.gaveanews.com\/index.php\/2020\/06\/28\/se-eu-tivesse-pensado-no-dinheiro-ficava-na-europa-diz-rafinha\/#respond\"]}],\"copyrightYear\":\"2020\",\"copyrightHolder\":{\"@id\":\"https:\/\/www.gaveanews.com\/#organization\"}},{\"@type\":\"WebPage\",\"@id\":\"https:\/\/www.gaveanews.com\/index.php\/2020\/06\/28\/se-eu-tivesse-pensado-no-dinheiro-ficava-na-europa-diz-rafinha\/\",\"url\":\"https:\/\/www.gaveanews.com\/index.php\/2020\/06\/28\/se-eu-tivesse-pensado-no-dinheiro-ficava-na-europa-diz-rafinha\/\",\"name\":\"'Se eu tivesse pensado no dinheiro, ficava na Europa', diz Rafinha\",\"isPartOf\":{\"@id\":\"https:\/\/www.gaveanews.com\/#website\"},\"primaryImageOfPage\":{\"@id\":\"https:\/\/www.gaveanews.com\/index.php\/2020\/06\/28\/se-eu-tivesse-pensado-no-dinheiro-ficava-na-europa-diz-rafinha\/#primaryimage\"},\"image\":{\"@id\":\"https:\/\/www.gaveanews.com\/index.php\/2020\/06\/28\/se-eu-tivesse-pensado-no-dinheiro-ficava-na-europa-diz-rafinha\/#primaryimage\"},\"thumbnailUrl\":\"https:\/\/www.gaveanews.com\/wp-content\/uploads\/Lateral-Rafinha-durante-uma-partida-do-Flamengo.webp\",\"datePublished\":\"2020-06-28T04:00:40+00:00\",\"dateModified\":\"2020-06-28T04:00:41+00:00\",\"author\":{\"@id\":\"https:\/\/www.gaveanews.com\/#\/schema\/person\/2ec14f73fb96be2caf28f91afb14749d\"},\"breadcrumb\":{\"@id\":\"https:\/\/www.gaveanews.com\/index.php\/2020\/06\/28\/se-eu-tivesse-pensado-no-dinheiro-ficava-na-europa-diz-rafinha\/#breadcrumb\"},\"inLanguage\":\"pt-BR\",\"potentialAction\":[{\"@type\":\"ReadAction\",\"target\":[\"https:\/\/www.gaveanews.com\/index.php\/2020\/06\/28\/se-eu-tivesse-pensado-no-dinheiro-ficava-na-europa-diz-rafinha\/\"]}]},{\"@type\":\"ImageObject\",\"inLanguage\":\"pt-BR\",\"@id\":\"https:\/\/www.gaveanews.com\/index.php\/2020\/06\/28\/se-eu-tivesse-pensado-no-dinheiro-ficava-na-europa-diz-rafinha\/#primaryimage\",\"url\":\"https:\/\/www.gaveanews.com\/wp-content\/uploads\/Lateral-Rafinha-durante-uma-partida-do-Flamengo.webp\",\"contentUrl\":\"https:\/\/www.gaveanews.com\/wp-content\/uploads\/Lateral-Rafinha-durante-uma-partida-do-Flamengo.webp\",\"width\":900,\"height\":600,\"caption\":\"Lateral Rafinha durante uma partida do Flamengo (Foto: Alexandre Vidal\/Flamengo)\"},{\"@type\":\"BreadcrumbList\",\"@id\":\"https:\/\/www.gaveanews.com\/index.php\/2020\/06\/28\/se-eu-tivesse-pensado-no-dinheiro-ficava-na-europa-diz-rafinha\/#breadcrumb\",\"itemListElement\":[{\"@type\":\"ListItem\",\"position\":1,\"name\":\"Home\",\"item\":\"https:\/\/www.gaveanews.com\/\"},{\"@type\":\"ListItem\",\"position\":2,\"name\":\"&#8216;Se eu tivesse pensado no dinheiro, ficava na Europa&#8217;, diz Rafinha\"}]},{\"@type\":\"WebSite\",\"@id\":\"https:\/\/www.gaveanews.com\/#website\",\"url\":\"https:\/\/www.gaveanews.com\/\",\"name\":\"G\u00e1vea News\",\"description\":\"Veja todas as not\u00edcias sobre o Flamengo: Contrata\u00e7\u00f5es, categorias de base, resultados das partidas, tabela de classifica\u00e7\u00e3o, pr\u00f3ximos jogos!\",\"potentialAction\":[{\"@type\":\"SearchAction\",\"target\":{\"@type\":\"EntryPoint\",\"urlTemplate\":\"https:\/\/www.gaveanews.com\/?s={search_term_string}\"},\"query-input\":{\"@type\":\"PropertyValueSpecification\",\"valueRequired\":true,\"valueName\":\"search_term_string\"}}],\"inLanguage\":\"pt-BR\"},{\"@type\":\"Person\",\"@id\":\"https:\/\/www.gaveanews.com\/#\/schema\/person\/2ec14f73fb96be2caf28f91afb14749d\",\"name\":\"Equipe G\u00e1vea News\",\"image\":{\"@type\":\"ImageObject\",\"inLanguage\":\"pt-BR\",\"@id\":\"https:\/\/www.gaveanews.com\/#\/schema\/person\/image\/\",\"url\":\"https:\/\/secure.gravatar.com\/avatar\/1e1956f1facbffd3f8fa53a326721950116b3b9dc9bd44939c01180fd4a745a9?s=96&d=mm&r=g\",\"contentUrl\":\"https:\/\/secure.gravatar.com\/avatar\/1e1956f1facbffd3f8fa53a326721950116b3b9dc9bd44939c01180fd4a745a9?s=96&d=mm&r=g\",\"caption\":\"Equipe G\u00e1vea News\"}}]}<\/script>\n<!-- \/ Yoast SEO Premium plugin. -->","yoast_head_json":{"title":"'Se eu tivesse pensado no dinheiro, ficava na Europa', diz Rafinha","robots":{"index":"index","follow":"follow","max-snippet":"max-snippet:-1","max-image-preview":"max-image-preview:large","max-video-preview":"max-video-preview:-1"},"canonical":"https:\/\/www.gaveanews.com\/index.php\/2020\/06\/28\/se-eu-tivesse-pensado-no-dinheiro-ficava-na-europa-diz-rafinha\/","og_locale":"pt_BR","og_type":"article","og_title":"'Se eu tivesse pensado no dinheiro, ficava na Europa', diz Rafinha","og_description":"O lateral direito Rafinha, do Flamengo declarou que n\u00e3o foi por dinheiro que veio para o Flamengo. O jogador revelou que teve, ao menos, cinco propostas financeiramente melhores para continuar na Europa, mas escolheu vir para o Brasil para realizar um desejo pessoal. \u2014 Se eu tivesse pensado no dinheiro, eu tinha ficado na Europa. [&hellip;]","og_url":"https:\/\/www.gaveanews.com\/index.php\/2020\/06\/28\/se-eu-tivesse-pensado-no-dinheiro-ficava-na-europa-diz-rafinha\/","og_site_name":"G\u00e1vea News","article_publisher":"https:\/\/facebook.com\/gaveaNews\/","article_published_time":"2020-06-28T04:00:40+00:00","article_modified_time":"2020-06-28T04:00:41+00:00","og_image":[{"width":900,"height":600,"url":"https:\/\/www.gaveanews.com\/wp-content\/uploads\/Lateral-Rafinha-durante-uma-partida-do-Flamengo.webp","type":"image\/jpeg"}],"author":"Equipe G\u00e1vea News","twitter_card":"summary_large_image","twitter_misc":{"Escrito por":"Equipe G\u00e1vea News","Est. tempo de leitura":"2 minutos"},"schema":{"@context":"https:\/\/schema.org","@graph":[{"@type":"NewsArticle","@id":"https:\/\/www.gaveanews.com\/index.php\/2020\/06\/28\/se-eu-tivesse-pensado-no-dinheiro-ficava-na-europa-diz-rafinha\/#article","isPartOf":{"@id":"https:\/\/www.gaveanews.com\/index.php\/2020\/06\/28\/se-eu-tivesse-pensado-no-dinheiro-ficava-na-europa-diz-rafinha\/"},"author":{"name":"Equipe G\u00e1vea News","@id":"https:\/\/www.gaveanews.com\/#\/schema\/person\/2ec14f73fb96be2caf28f91afb14749d"},"headline":"&#8216;Se eu tivesse pensado no dinheiro, ficava na Europa&#8217;, diz Rafinha","datePublished":"2020-06-28T04:00:40+00:00","dateModified":"2020-06-28T04:00:41+00:00","mainEntityOfPage":{"@id":"https:\/\/www.gaveanews.com\/index.php\/2020\/06\/28\/se-eu-tivesse-pensado-no-dinheiro-ficava-na-europa-diz-rafinha\/"},"wordCount":504,"commentCount":2,"image":{"@id":"https:\/\/www.gaveanews.com\/index.php\/2020\/06\/28\/se-eu-tivesse-pensado-no-dinheiro-ficava-na-europa-diz-rafinha\/#primaryimage"},"thumbnailUrl":"https:\/\/www.gaveanews.com\/wp-content\/uploads\/Lateral-Rafinha-durante-uma-partida-do-Flamengo.webp","articleSection":["Flamengo"],"inLanguage":"pt-BR","potentialAction":[{"@type":"CommentAction","name":"Comment","target":["https:\/\/www.gaveanews.com\/index.php\/2020\/06\/28\/se-eu-tivesse-pensado-no-dinheiro-ficava-na-europa-diz-rafinha\/#respond"]}],"copyrightYear":"2020","copyrightHolder":{"@id":"https:\/\/www.gaveanews.com\/#organization"}},{"@type":"WebPage","@id":"https:\/\/www.gaveanews.com\/index.php\/2020\/06\/28\/se-eu-tivesse-pensado-no-dinheiro-ficava-na-europa-diz-rafinha\/","url":"https:\/\/www.gaveanews.com\/index.php\/2020\/06\/28\/se-eu-tivesse-pensado-no-dinheiro-ficava-na-europa-diz-rafinha\/","name":"'Se eu tivesse pensado no dinheiro, ficava na Europa', diz Rafinha","isPartOf":{"@id":"https:\/\/www.gaveanews.com\/#website"},"primaryImageOfPage":{"@id":"https:\/\/www.gaveanews.com\/index.php\/2020\/06\/28\/se-eu-tivesse-pensado-no-dinheiro-ficava-na-europa-diz-rafinha\/#primaryimage"},"image":{"@id":"https:\/\/www.gaveanews.com\/index.php\/2020\/06\/28\/se-eu-tivesse-pensado-no-dinheiro-ficava-na-europa-diz-rafinha\/#primaryimage"},"thumbnailUrl":"https:\/\/www.gaveanews.com\/wp-content\/uploads\/Lateral-Rafinha-durante-uma-partida-do-Flamengo.webp","datePublished":"2020-06-28T04:00:40+00:00","dateModified":"2020-06-28T04:00:41+00:00","author":{"@id":"https:\/\/www.gaveanews.com\/#\/schema\/person\/2ec14f73fb96be2caf28f91afb14749d"},"breadcrumb":{"@id":"https:\/\/www.gaveanews.com\/index.php\/2020\/06\/28\/se-eu-tivesse-pensado-no-dinheiro-ficava-na-europa-diz-rafinha\/#breadcrumb"},"inLanguage":"pt-BR","potentialAction":[{"@type":"ReadAction","target":["https:\/\/www.gaveanews.com\/index.php\/2020\/06\/28\/se-eu-tivesse-pensado-no-dinheiro-ficava-na-europa-diz-rafinha\/"]}]},{"@type":"ImageObject","inLanguage":"pt-BR","@id":"https:\/\/www.gaveanews.com\/index.php\/2020\/06\/28\/se-eu-tivesse-pensado-no-dinheiro-ficava-na-europa-diz-rafinha\/#primaryimage","url":"https:\/\/www.gaveanews.com\/wp-content\/uploads\/Lateral-Rafinha-durante-uma-partida-do-Flamengo.webp","contentUrl":"https:\/\/www.gaveanews.com\/wp-content\/uploads\/Lateral-Rafinha-durante-uma-partida-do-Flamengo.webp","width":900,"height":600,"caption":"Lateral Rafinha durante uma partida do Flamengo (Foto: Alexandre Vidal\/Flamengo)"},{"@type":"BreadcrumbList","@id":"https:\/\/www.gaveanews.com\/index.php\/2020\/06\/28\/se-eu-tivesse-pensado-no-dinheiro-ficava-na-europa-diz-rafinha\/#breadcrumb","itemListElement":[{"@type":"ListItem","position":1,"name":"Home","item":"https:\/\/www.gaveanews.com\/"},{"@type":"ListItem","position":2,"name":"&#8216;Se eu tivesse pensado no dinheiro, ficava na Europa&#8217;, diz Rafinha"}]},{"@type":"WebSite","@id":"https:\/\/www.gaveanews.com\/#website","url":"https:\/\/www.gaveanews.com\/","name":"G\u00e1vea News","description":"Veja todas as not\u00edcias sobre o Flamengo: Contrata\u00e7\u00f5es, categorias de base, resultados das partidas, tabela de classifica\u00e7\u00e3o, pr\u00f3ximos jogos!","potentialAction":[{"@type":"SearchAction","target":{"@type":"EntryPoint","urlTemplate":"https:\/\/www.gaveanews.com\/?s={search_term_string}"},"query-input":{"@type":"PropertyValueSpecification","valueRequired":true,"valueName":"search_term_string"}}],"inLanguage":"pt-BR"},{"@type":"Person","@id":"https:\/\/www.gaveanews.com\/#\/schema\/person\/2ec14f73fb96be2caf28f91afb14749d","name":"Equipe G\u00e1vea News","image":{"@type":"ImageObject","inLanguage":"pt-BR","@id":"https:\/\/www.gaveanews.com\/#\/schema\/person\/image\/","url":"https:\/\/secure.gravatar.com\/avatar\/1e1956f1facbffd3f8fa53a326721950116b3b9dc9bd44939c01180fd4a745a9?s=96&d=mm&r=g","contentUrl":"https:\/\/secure.gravatar.com\/avatar\/1e1956f1facbffd3f8fa53a326721950116b3b9dc9bd44939c01180fd4a745a9?s=96&d=mm&r=g","caption":"Equipe G\u00e1vea News"}}]}},"_links":{"self":[{"href":"https:\/\/www.gaveanews.com\/index.php\/wp-json\/wp\/v2\/posts\/42496","targetHints":{"allow":["GET"]}}],"collection":[{"href":"https:\/\/www.gaveanews.com\/index.php\/wp-json\/wp\/v2\/posts"}],"about":[{"href":"https:\/\/www.gaveanews.com\/index.php\/wp-json\/wp\/v2\/types\/post"}],"author":[{"embeddable":true,"href":"https:\/\/www.gaveanews.com\/index.php\/wp-json\/wp\/v2\/users\/1"}],"replies":[{"embeddable":true,"href":"https:\/\/www.gaveanews.com\/index.php\/wp-json\/wp\/v2\/comments?post=42496"}],"version-history":[{"count":0,"href":"https:\/\/www.gaveanews.com\/index.php\/wp-json\/wp\/v2\/posts\/42496\/revisions"}],"wp:featuredmedia":[{"embeddable":true,"href":"https:\/\/www.gaveanews.com\/index.php\/wp-json\/wp\/v2\/media\/28891"}],"wp:attachment":[{"href":"https:\/\/www.gaveanews.com\/index.php\/wp-json\/wp\/v2\/media?parent=42496"}],"wp:term":[{"taxonomy":"category","embeddable":true,"href":"https:\/\/www.gaveanews.com\/index.php\/wp-json\/wp\/v2\/categories?post=42496"},{"taxonomy":"post_tag","embeddable":true,"href":"https:\/\/www.gaveanews.com\/index.php\/wp-json\/wp\/v2\/tags?post=42496"}],"curies":[{"name":"wp","href":"https:\/\/api.w.org\/{rel}","templated":true}]}}