{"id":42527,"date":"2020-06-29T12:45:55","date_gmt":"2020-06-29T15:45:55","guid":{"rendered":"https:\/\/www.gaveanews.com\/?p=42527"},"modified":"2020-06-29T12:45:57","modified_gmt":"2020-06-29T15:45:57","slug":"orientado-por-jorge-jesus-leo-pereira-inicia-fase-pos-quarentena-como-titular-e-vibra-feliz-demais","status":"publish","type":"post","link":"https:\/\/www.gaveanews.com\/index.php\/2020\/06\/29\/orientado-por-jorge-jesus-leo-pereira-inicia-fase-pos-quarentena-como-titular-e-vibra-feliz-demais\/","title":{"rendered":"Orientado por Jorge Jesus, L\u00e9o Pereira inicia fase p\u00f3s-quarentena como titular e vibra: &#8220;Feliz demais&#8221;"},"content":{"rendered":"\n<p>O zagueiro L\u00e9o Pereira aproveitou bem o per\u00edodo de treinos de prepara\u00e7\u00e3o para o retorno do futebol e conquistou a posi\u00e7\u00e3o de titular no Flamengo ao lado de Rodrigo Caio. Foi assim na vit\u00f3ria por 3 a 0 sobre o Bangu, no \u00faltima dia 18. O tempo ao lado de Jorge Jesus foi importante para se adaptar melhor ao que deseja o treinador.<\/p>\n\n\n\n<p>O fato de ser canhoto e ter uma boa sa\u00edda de bola foram trunfos importantes na disputa com Gustavo Henrique. Se for confirmado para a pr\u00f3xima partida, quarta-feira, contra o Boavista, no Maracan\u00e3, L\u00e9o Pereira far\u00e1 apenas seu d\u00e9cimo jogo pelo Flamengo.<\/p>\n\n\n\n<p>Nos nove jogos que disputou at\u00e9 agora, o time venceu todos. Apesar de ser apenas um in\u00edcio de hist\u00f3ria no clube, L\u00e9o Pereira est\u00e1 muito motivado.<\/p>\n\n\n\n<p>\u2014 Estou feliz demais com meu momento &#8211; afirmou L\u00e9o Pereira ao portal Globo Esporte.<\/p>\n\n\n\n<h2 class=\"wp-block-heading\">Confira o bate-papo com o zagueiro:<\/h2>\n\n\n\n<h2 class=\"wp-block-heading\">O que acredita ter sido mais importante para retornar ap\u00f3s a parada como titular?<\/h2>\n\n\n\n<p><em>\u2014 Tenho trabalhado bastante para ganhar meu espa\u00e7o no Flamengo. Meus companheiros e a comiss\u00e3o passam confian\u00e7a para eu poder jogar. Estou feliz demais com meu momento. Sempre dizemos que n\u00e3o h\u00e1 titulares ou reservas, tem o Flamengo. Ponto. Sem vaidade e com muita humildade, a disputa por posi\u00e7\u00e3o aqui \u00e9 sadia. Quem joga corresponde, e isso s\u00f3 mostra a for\u00e7a do nosso elenco.<\/em><\/p>\n\n\n\n<h2 class=\"wp-block-heading\">Considera que j\u00e1 tenha feito alguma mudan\u00e7a em sua forma de atuar, apesar do pouco tempo de trabalho com Jorge Jesus? Algum ajuste foi feito neste per\u00edodo antes do retorno aos jogos?<\/h2>\n\n\n\n<p><em>\u2014 Conversamos bastante, ele me passa algumas orienta\u00e7\u00f5es tanto defensivas quanto ofensivas, e tenho buscado seguir isso. A confian\u00e7a que ele tem e a humildade de nos ensinar diariamente foram fundamentais para que eu me adaptasse r\u00e1pido.<\/em><\/p>\n\n\n\n<h2 class=\"wp-block-heading\"><strong>Acredita que suas caracter\u00edsticas v\u00e3o encaixar bem com as do Rodrigo Caio?<\/strong><\/h2>\n\n\n\n<p><em>\u2014 O elenco n\u00e3o tem vaidade, todos sabem o que fazer dentro de campo, e o entrosamento acaba sendo natural. O Rodrigo \u00e9 um jogador primoroso, tem muita t\u00e9cnica, espero que a gente possa trazer muita seguran\u00e7a defensiva para o time &#8211;<\/em><\/p>\n\n\n\n<h2 class=\"wp-block-heading\"><strong>Ano passado voc\u00ea enfrentou bastante o Flamengo pelo Athletico-PR. Como \u00e9 a sensa\u00e7\u00e3o agora de n\u00e3o ter que encarar Gabigol, Bruno Henrique e Cia?<\/strong><\/h2>\n\n\n\n<p><em>\u2014 S\u00e3o grandes jogadores, sem d\u00favida nenhuma. Estou feliz de poder fazer parte desse elenco, que provou ano passado a sua qualidade.<\/em><\/p>\n\n\n\n<p>Retirado de: Globo Esporte<\/p>\n","protected":false},"excerpt":{"rendered":"<p>O zagueiro L\u00e9o Pereira aproveitou bem o per\u00edodo de treinos de prepara\u00e7\u00e3o para o retorno do futebol e conquistou a posi\u00e7\u00e3o de titular no Flamengo ao lado de Rodrigo Caio. Foi assim na vit\u00f3ria por 3 a 0 sobre o Bangu, no \u00faltima dia 18. O tempo ao lado de Jorge Jesus foi importante para [&hellip;]<\/p>\n","protected":false},"author":1,"featured_media":37924,"comment_status":"open","ping_status":"closed","sticky":false,"template":"","format":"standard","meta":{"footnotes":""},"categories":[1],"tags":[],"class_list":["post-42527","post","type-post","status-publish","format-standard","has-post-thumbnail","hentry","category-flamengo"],"yoast_head":"<!-- This site is optimized with the Yoast SEO Premium plugin v24.2 (Yoast SEO v26.9) - https:\/\/yoast.com\/product\/yoast-seo-premium-wordpress\/ -->\n<title>Orientado por Jorge Jesus, L\u00e9o Pereira inicia fase p\u00f3s-quarentena como titular e vibra: &quot;Feliz demais&quot;<\/title>\n<meta name=\"robots\" content=\"index, follow, max-snippet:-1, max-image-preview:large, max-video-preview:-1\" \/>\n<link rel=\"canonical\" href=\"https:\/\/www.gaveanews.com\/index.php\/2020\/06\/29\/orientado-por-jorge-jesus-leo-pereira-inicia-fase-pos-quarentena-como-titular-e-vibra-feliz-demais\/\" \/>\n<meta property=\"og:locale\" content=\"pt_BR\" \/>\n<meta property=\"og:type\" content=\"article\" \/>\n<meta property=\"og:title\" content=\"Orientado por Jorge Jesus, L\u00e9o Pereira inicia fase p\u00f3s-quarentena como titular e vibra: &quot;Feliz demais&quot;\" \/>\n<meta property=\"og:description\" content=\"O zagueiro L\u00e9o Pereira aproveitou bem o per\u00edodo de treinos de prepara\u00e7\u00e3o para o retorno do futebol e conquistou a posi\u00e7\u00e3o de titular no Flamengo ao lado de Rodrigo Caio. Foi assim na vit\u00f3ria por 3 a 0 sobre o Bangu, no \u00faltima dia 18. O tempo ao lado de Jorge Jesus foi importante para [&hellip;]\" \/>\n<meta property=\"og:url\" content=\"https:\/\/www.gaveanews.com\/index.php\/2020\/06\/29\/orientado-por-jorge-jesus-leo-pereira-inicia-fase-pos-quarentena-como-titular-e-vibra-feliz-demais\/\" \/>\n<meta property=\"og:site_name\" content=\"G\u00e1vea News\" \/>\n<meta property=\"article:publisher\" content=\"https:\/\/facebook.com\/gaveaNews\/\" \/>\n<meta property=\"article:published_time\" content=\"2020-06-29T15:45:55+00:00\" \/>\n<meta property=\"article:modified_time\" content=\"2020-06-29T15:45:57+00:00\" \/>\n<meta property=\"og:image\" content=\"https:\/\/www.gaveanews.com\/wp-content\/uploads\/Leo-Pereira-em-acao-pelo-Flamengo.webp\" \/>\n\t<meta property=\"og:image:width\" content=\"1\" \/>\n\t<meta property=\"og:image:height\" content=\"1\" \/>\n\t<meta property=\"og:image:type\" content=\"image\/jpeg\" \/>\n<meta name=\"author\" content=\"Equipe G\u00e1vea News\" \/>\n<meta name=\"twitter:card\" content=\"summary_large_image\" \/>\n<meta name=\"twitter:label1\" content=\"Escrito por\" \/>\n\t<meta name=\"twitter:data1\" content=\"Equipe G\u00e1vea News\" \/>\n\t<meta name=\"twitter:label2\" content=\"Est. tempo de leitura\" \/>\n\t<meta name=\"twitter:data2\" content=\"2 minutos\" \/>\n<script type=\"application\/ld+json\" class=\"yoast-schema-graph\">{\"@context\":\"https:\/\/schema.org\",\"@graph\":[{\"@type\":\"NewsArticle\",\"@id\":\"https:\/\/www.gaveanews.com\/index.php\/2020\/06\/29\/orientado-por-jorge-jesus-leo-pereira-inicia-fase-pos-quarentena-como-titular-e-vibra-feliz-demais\/#article\",\"isPartOf\":{\"@id\":\"https:\/\/www.gaveanews.com\/index.php\/2020\/06\/29\/orientado-por-jorge-jesus-leo-pereira-inicia-fase-pos-quarentena-como-titular-e-vibra-feliz-demais\/\"},\"author\":{\"name\":\"Equipe G\u00e1vea News\",\"@id\":\"https:\/\/www.gaveanews.com\/#\/schema\/person\/2ec14f73fb96be2caf28f91afb14749d\"},\"headline\":\"Orientado por Jorge Jesus, L\u00e9o Pereira inicia fase p\u00f3s-quarentena como titular e vibra: &#8220;Feliz demais&#8221;\",\"datePublished\":\"2020-06-29T15:45:55+00:00\",\"dateModified\":\"2020-06-29T15:45:57+00:00\",\"mainEntityOfPage\":{\"@id\":\"https:\/\/www.gaveanews.com\/index.php\/2020\/06\/29\/orientado-por-jorge-jesus-leo-pereira-inicia-fase-pos-quarentena-como-titular-e-vibra-feliz-demais\/\"},\"wordCount\":443,\"commentCount\":0,\"image\":{\"@id\":\"https:\/\/www.gaveanews.com\/index.php\/2020\/06\/29\/orientado-por-jorge-jesus-leo-pereira-inicia-fase-pos-quarentena-como-titular-e-vibra-feliz-demais\/#primaryimage\"},\"thumbnailUrl\":\"https:\/\/www.gaveanews.com\/wp-content\/uploads\/Leo-Pereira-em-acao-pelo-Flamengo.webp\",\"articleSection\":[\"Flamengo\"],\"inLanguage\":\"pt-BR\",\"potentialAction\":[{\"@type\":\"CommentAction\",\"name\":\"Comment\",\"target\":[\"https:\/\/www.gaveanews.com\/index.php\/2020\/06\/29\/orientado-por-jorge-jesus-leo-pereira-inicia-fase-pos-quarentena-como-titular-e-vibra-feliz-demais\/#respond\"]}],\"copyrightYear\":\"2020\",\"copyrightHolder\":{\"@id\":\"https:\/\/www.gaveanews.com\/#organization\"}},{\"@type\":\"WebPage\",\"@id\":\"https:\/\/www.gaveanews.com\/index.php\/2020\/06\/29\/orientado-por-jorge-jesus-leo-pereira-inicia-fase-pos-quarentena-como-titular-e-vibra-feliz-demais\/\",\"url\":\"https:\/\/www.gaveanews.com\/index.php\/2020\/06\/29\/orientado-por-jorge-jesus-leo-pereira-inicia-fase-pos-quarentena-como-titular-e-vibra-feliz-demais\/\",\"name\":\"Orientado por Jorge Jesus, L\u00e9o Pereira inicia fase p\u00f3s-quarentena como titular e vibra: \\\"Feliz demais\\\"\",\"isPartOf\":{\"@id\":\"https:\/\/www.gaveanews.com\/#website\"},\"primaryImageOfPage\":{\"@id\":\"https:\/\/www.gaveanews.com\/index.php\/2020\/06\/29\/orientado-por-jorge-jesus-leo-pereira-inicia-fase-pos-quarentena-como-titular-e-vibra-feliz-demais\/#primaryimage\"},\"image\":{\"@id\":\"https:\/\/www.gaveanews.com\/index.php\/2020\/06\/29\/orientado-por-jorge-jesus-leo-pereira-inicia-fase-pos-quarentena-como-titular-e-vibra-feliz-demais\/#primaryimage\"},\"thumbnailUrl\":\"https:\/\/www.gaveanews.com\/wp-content\/uploads\/Leo-Pereira-em-acao-pelo-Flamengo.webp\",\"datePublished\":\"2020-06-29T15:45:55+00:00\",\"dateModified\":\"2020-06-29T15:45:57+00:00\",\"author\":{\"@id\":\"https:\/\/www.gaveanews.com\/#\/schema\/person\/2ec14f73fb96be2caf28f91afb14749d\"},\"breadcrumb\":{\"@id\":\"https:\/\/www.gaveanews.com\/index.php\/2020\/06\/29\/orientado-por-jorge-jesus-leo-pereira-inicia-fase-pos-quarentena-como-titular-e-vibra-feliz-demais\/#breadcrumb\"},\"inLanguage\":\"pt-BR\",\"potentialAction\":[{\"@type\":\"ReadAction\",\"target\":[\"https:\/\/www.gaveanews.com\/index.php\/2020\/06\/29\/orientado-por-jorge-jesus-leo-pereira-inicia-fase-pos-quarentena-como-titular-e-vibra-feliz-demais\/\"]}]},{\"@type\":\"ImageObject\",\"inLanguage\":\"pt-BR\",\"@id\":\"https:\/\/www.gaveanews.com\/index.php\/2020\/06\/29\/orientado-por-jorge-jesus-leo-pereira-inicia-fase-pos-quarentena-como-titular-e-vibra-feliz-demais\/#primaryimage\",\"url\":\"https:\/\/www.gaveanews.com\/wp-content\/uploads\/Leo-Pereira-em-acao-pelo-Flamengo.webp\",\"contentUrl\":\"https:\/\/www.gaveanews.com\/wp-content\/uploads\/Leo-Pereira-em-acao-pelo-Flamengo.webp\",\"caption\":\"L\u00e9o Pereira em a\u00e7\u00e3o pelo Flamengo (Foto: Alexandre Vidal\/ Flamengo)\"},{\"@type\":\"BreadcrumbList\",\"@id\":\"https:\/\/www.gaveanews.com\/index.php\/2020\/06\/29\/orientado-por-jorge-jesus-leo-pereira-inicia-fase-pos-quarentena-como-titular-e-vibra-feliz-demais\/#breadcrumb\",\"itemListElement\":[{\"@type\":\"ListItem\",\"position\":1,\"name\":\"Home\",\"item\":\"https:\/\/www.gaveanews.com\/\"},{\"@type\":\"ListItem\",\"position\":2,\"name\":\"Orientado por Jorge Jesus, L\u00e9o Pereira inicia fase p\u00f3s-quarentena como titular e vibra: &#8220;Feliz demais&#8221;\"}]},{\"@type\":\"WebSite\",\"@id\":\"https:\/\/www.gaveanews.com\/#website\",\"url\":\"https:\/\/www.gaveanews.com\/\",\"name\":\"G\u00e1vea News\",\"description\":\"Veja todas as not\u00edcias sobre o Flamengo: Contrata\u00e7\u00f5es, categorias de base, resultados das partidas, tabela de classifica\u00e7\u00e3o, pr\u00f3ximos jogos!\",\"potentialAction\":[{\"@type\":\"SearchAction\",\"target\":{\"@type\":\"EntryPoint\",\"urlTemplate\":\"https:\/\/www.gaveanews.com\/?s={search_term_string}\"},\"query-input\":{\"@type\":\"PropertyValueSpecification\",\"valueRequired\":true,\"valueName\":\"search_term_string\"}}],\"inLanguage\":\"pt-BR\"},{\"@type\":\"Person\",\"@id\":\"https:\/\/www.gaveanews.com\/#\/schema\/person\/2ec14f73fb96be2caf28f91afb14749d\",\"name\":\"Equipe G\u00e1vea News\",\"image\":{\"@type\":\"ImageObject\",\"inLanguage\":\"pt-BR\",\"@id\":\"https:\/\/www.gaveanews.com\/#\/schema\/person\/image\/\",\"url\":\"https:\/\/secure.gravatar.com\/avatar\/1e1956f1facbffd3f8fa53a326721950116b3b9dc9bd44939c01180fd4a745a9?s=96&d=mm&r=g\",\"contentUrl\":\"https:\/\/secure.gravatar.com\/avatar\/1e1956f1facbffd3f8fa53a326721950116b3b9dc9bd44939c01180fd4a745a9?s=96&d=mm&r=g\",\"caption\":\"Equipe G\u00e1vea News\"}}]}<\/script>\n<!-- \/ Yoast SEO Premium plugin. -->","yoast_head_json":{"title":"Orientado por Jorge Jesus, L\u00e9o Pereira inicia fase p\u00f3s-quarentena como titular e vibra: \"Feliz demais\"","robots":{"index":"index","follow":"follow","max-snippet":"max-snippet:-1","max-image-preview":"max-image-preview:large","max-video-preview":"max-video-preview:-1"},"canonical":"https:\/\/www.gaveanews.com\/index.php\/2020\/06\/29\/orientado-por-jorge-jesus-leo-pereira-inicia-fase-pos-quarentena-como-titular-e-vibra-feliz-demais\/","og_locale":"pt_BR","og_type":"article","og_title":"Orientado por Jorge Jesus, L\u00e9o Pereira inicia fase p\u00f3s-quarentena como titular e vibra: \"Feliz demais\"","og_description":"O zagueiro L\u00e9o Pereira aproveitou bem o per\u00edodo de treinos de prepara\u00e7\u00e3o para o retorno do futebol e conquistou a posi\u00e7\u00e3o de titular no Flamengo ao lado de Rodrigo Caio. Foi assim na vit\u00f3ria por 3 a 0 sobre o Bangu, no \u00faltima dia 18. O tempo ao lado de Jorge Jesus foi importante para [&hellip;]","og_url":"https:\/\/www.gaveanews.com\/index.php\/2020\/06\/29\/orientado-por-jorge-jesus-leo-pereira-inicia-fase-pos-quarentena-como-titular-e-vibra-feliz-demais\/","og_site_name":"G\u00e1vea News","article_publisher":"https:\/\/facebook.com\/gaveaNews\/","article_published_time":"2020-06-29T15:45:55+00:00","article_modified_time":"2020-06-29T15:45:57+00:00","og_image":[{"url":"https:\/\/www.gaveanews.com\/wp-content\/uploads\/Leo-Pereira-em-acao-pelo-Flamengo.webp","width":1,"height":1,"type":"image\/jpeg"}],"author":"Equipe G\u00e1vea News","twitter_card":"summary_large_image","twitter_misc":{"Escrito por":"Equipe G\u00e1vea News","Est. tempo de leitura":"2 minutos"},"schema":{"@context":"https:\/\/schema.org","@graph":[{"@type":"NewsArticle","@id":"https:\/\/www.gaveanews.com\/index.php\/2020\/06\/29\/orientado-por-jorge-jesus-leo-pereira-inicia-fase-pos-quarentena-como-titular-e-vibra-feliz-demais\/#article","isPartOf":{"@id":"https:\/\/www.gaveanews.com\/index.php\/2020\/06\/29\/orientado-por-jorge-jesus-leo-pereira-inicia-fase-pos-quarentena-como-titular-e-vibra-feliz-demais\/"},"author":{"name":"Equipe G\u00e1vea News","@id":"https:\/\/www.gaveanews.com\/#\/schema\/person\/2ec14f73fb96be2caf28f91afb14749d"},"headline":"Orientado por Jorge Jesus, L\u00e9o Pereira inicia fase p\u00f3s-quarentena como titular e vibra: &#8220;Feliz demais&#8221;","datePublished":"2020-06-29T15:45:55+00:00","dateModified":"2020-06-29T15:45:57+00:00","mainEntityOfPage":{"@id":"https:\/\/www.gaveanews.com\/index.php\/2020\/06\/29\/orientado-por-jorge-jesus-leo-pereira-inicia-fase-pos-quarentena-como-titular-e-vibra-feliz-demais\/"},"wordCount":443,"commentCount":0,"image":{"@id":"https:\/\/www.gaveanews.com\/index.php\/2020\/06\/29\/orientado-por-jorge-jesus-leo-pereira-inicia-fase-pos-quarentena-como-titular-e-vibra-feliz-demais\/#primaryimage"},"thumbnailUrl":"https:\/\/www.gaveanews.com\/wp-content\/uploads\/Leo-Pereira-em-acao-pelo-Flamengo.webp","articleSection":["Flamengo"],"inLanguage":"pt-BR","potentialAction":[{"@type":"CommentAction","name":"Comment","target":["https:\/\/www.gaveanews.com\/index.php\/2020\/06\/29\/orientado-por-jorge-jesus-leo-pereira-inicia-fase-pos-quarentena-como-titular-e-vibra-feliz-demais\/#respond"]}],"copyrightYear":"2020","copyrightHolder":{"@id":"https:\/\/www.gaveanews.com\/#organization"}},{"@type":"WebPage","@id":"https:\/\/www.gaveanews.com\/index.php\/2020\/06\/29\/orientado-por-jorge-jesus-leo-pereira-inicia-fase-pos-quarentena-como-titular-e-vibra-feliz-demais\/","url":"https:\/\/www.gaveanews.com\/index.php\/2020\/06\/29\/orientado-por-jorge-jesus-leo-pereira-inicia-fase-pos-quarentena-como-titular-e-vibra-feliz-demais\/","name":"Orientado por Jorge Jesus, L\u00e9o Pereira inicia fase p\u00f3s-quarentena como titular e vibra: \"Feliz demais\"","isPartOf":{"@id":"https:\/\/www.gaveanews.com\/#website"},"primaryImageOfPage":{"@id":"https:\/\/www.gaveanews.com\/index.php\/2020\/06\/29\/orientado-por-jorge-jesus-leo-pereira-inicia-fase-pos-quarentena-como-titular-e-vibra-feliz-demais\/#primaryimage"},"image":{"@id":"https:\/\/www.gaveanews.com\/index.php\/2020\/06\/29\/orientado-por-jorge-jesus-leo-pereira-inicia-fase-pos-quarentena-como-titular-e-vibra-feliz-demais\/#primaryimage"},"thumbnailUrl":"https:\/\/www.gaveanews.com\/wp-content\/uploads\/Leo-Pereira-em-acao-pelo-Flamengo.webp","datePublished":"2020-06-29T15:45:55+00:00","dateModified":"2020-06-29T15:45:57+00:00","author":{"@id":"https:\/\/www.gaveanews.com\/#\/schema\/person\/2ec14f73fb96be2caf28f91afb14749d"},"breadcrumb":{"@id":"https:\/\/www.gaveanews.com\/index.php\/2020\/06\/29\/orientado-por-jorge-jesus-leo-pereira-inicia-fase-pos-quarentena-como-titular-e-vibra-feliz-demais\/#breadcrumb"},"inLanguage":"pt-BR","potentialAction":[{"@type":"ReadAction","target":["https:\/\/www.gaveanews.com\/index.php\/2020\/06\/29\/orientado-por-jorge-jesus-leo-pereira-inicia-fase-pos-quarentena-como-titular-e-vibra-feliz-demais\/"]}]},{"@type":"ImageObject","inLanguage":"pt-BR","@id":"https:\/\/www.gaveanews.com\/index.php\/2020\/06\/29\/orientado-por-jorge-jesus-leo-pereira-inicia-fase-pos-quarentena-como-titular-e-vibra-feliz-demais\/#primaryimage","url":"https:\/\/www.gaveanews.com\/wp-content\/uploads\/Leo-Pereira-em-acao-pelo-Flamengo.webp","contentUrl":"https:\/\/www.gaveanews.com\/wp-content\/uploads\/Leo-Pereira-em-acao-pelo-Flamengo.webp","caption":"L\u00e9o Pereira em a\u00e7\u00e3o pelo Flamengo (Foto: Alexandre Vidal\/ Flamengo)"},{"@type":"BreadcrumbList","@id":"https:\/\/www.gaveanews.com\/index.php\/2020\/06\/29\/orientado-por-jorge-jesus-leo-pereira-inicia-fase-pos-quarentena-como-titular-e-vibra-feliz-demais\/#breadcrumb","itemListElement":[{"@type":"ListItem","position":1,"name":"Home","item":"https:\/\/www.gaveanews.com\/"},{"@type":"ListItem","position":2,"name":"Orientado por Jorge Jesus, L\u00e9o Pereira inicia fase p\u00f3s-quarentena como titular e vibra: &#8220;Feliz demais&#8221;"}]},{"@type":"WebSite","@id":"https:\/\/www.gaveanews.com\/#website","url":"https:\/\/www.gaveanews.com\/","name":"G\u00e1vea News","description":"Veja todas as not\u00edcias sobre o Flamengo: Contrata\u00e7\u00f5es, categorias de base, resultados das partidas, tabela de classifica\u00e7\u00e3o, pr\u00f3ximos jogos!","potentialAction":[{"@type":"SearchAction","target":{"@type":"EntryPoint","urlTemplate":"https:\/\/www.gaveanews.com\/?s={search_term_string}"},"query-input":{"@type":"PropertyValueSpecification","valueRequired":true,"valueName":"search_term_string"}}],"inLanguage":"pt-BR"},{"@type":"Person","@id":"https:\/\/www.gaveanews.com\/#\/schema\/person\/2ec14f73fb96be2caf28f91afb14749d","name":"Equipe G\u00e1vea News","image":{"@type":"ImageObject","inLanguage":"pt-BR","@id":"https:\/\/www.gaveanews.com\/#\/schema\/person\/image\/","url":"https:\/\/secure.gravatar.com\/avatar\/1e1956f1facbffd3f8fa53a326721950116b3b9dc9bd44939c01180fd4a745a9?s=96&d=mm&r=g","contentUrl":"https:\/\/secure.gravatar.com\/avatar\/1e1956f1facbffd3f8fa53a326721950116b3b9dc9bd44939c01180fd4a745a9?s=96&d=mm&r=g","caption":"Equipe G\u00e1vea News"}}]}},"_links":{"self":[{"href":"https:\/\/www.gaveanews.com\/index.php\/wp-json\/wp\/v2\/posts\/42527","targetHints":{"allow":["GET"]}}],"collection":[{"href":"https:\/\/www.gaveanews.com\/index.php\/wp-json\/wp\/v2\/posts"}],"about":[{"href":"https:\/\/www.gaveanews.com\/index.php\/wp-json\/wp\/v2\/types\/post"}],"author":[{"embeddable":true,"href":"https:\/\/www.gaveanews.com\/index.php\/wp-json\/wp\/v2\/users\/1"}],"replies":[{"embeddable":true,"href":"https:\/\/www.gaveanews.com\/index.php\/wp-json\/wp\/v2\/comments?post=42527"}],"version-history":[{"count":0,"href":"https:\/\/www.gaveanews.com\/index.php\/wp-json\/wp\/v2\/posts\/42527\/revisions"}],"wp:featuredmedia":[{"embeddable":true,"href":"https:\/\/www.gaveanews.com\/index.php\/wp-json\/wp\/v2\/media\/37924"}],"wp:attachment":[{"href":"https:\/\/www.gaveanews.com\/index.php\/wp-json\/wp\/v2\/media?parent=42527"}],"wp:term":[{"taxonomy":"category","embeddable":true,"href":"https:\/\/www.gaveanews.com\/index.php\/wp-json\/wp\/v2\/categories?post=42527"},{"taxonomy":"post_tag","embeddable":true,"href":"https:\/\/www.gaveanews.com\/index.php\/wp-json\/wp\/v2\/tags?post=42527"}],"curies":[{"name":"wp","href":"https:\/\/api.w.org\/{rel}","templated":true}]}}