{"id":42918,"date":"2020-07-06T10:52:14","date_gmt":"2020-07-06T13:52:14","guid":{"rendered":"https:\/\/www.gaveanews.com\/?p=42918"},"modified":"2020-07-06T10:52:15","modified_gmt":"2020-07-06T13:52:15","slug":"presidente-da-cbf-crava-data-de-inicio-do-campeonato-brasileiro","status":"publish","type":"post","link":"https:\/\/www.gaveanews.com\/index.php\/2020\/07\/06\/presidente-da-cbf-crava-data-de-inicio-do-campeonato-brasileiro\/","title":{"rendered":"Presidente da CBF crava data de in\u00edcio do Campeonato Brasileiro"},"content":{"rendered":"\n<p>O presidente da Confedera\u00e7\u00e3o Brasileira de Futebol (CBF), Rog\u00e9rio Caboclo, disse que a S\u00e9rie A do Brasileir\u00e3o vai come\u00e7ar no dia 9 de agosto mesmo que os clubes tenham que jogar fora de suas cidades durante a pandemia de covid-19.<\/p>\n\n\n\n<p>Em entrevista publicada pelo jornal &#8220;O Globo&#8221;, o dirigente afirmou que 19 dos 20 clubes da S\u00e9rie A aceitaram jogar fora do mando de campo para manter a data \u00edntegra.<\/p>\n\n\n\n<p>&#8220;Propusemos aos 20 clubes da S\u00e9rie A que, para podermos lan\u00e7ar a data de 9 de agosto, haveria necessidade de uma aprova\u00e7\u00e3o de todas as autoridades sanit\u00e1rias de nove estados e 11 cidades. E n\u00e3o temos isso hoje. Fiz a proposta no sentido de que admitissem uma reflex\u00e3o sobre jogar fora do mando de campo para manter essa data \u00edntegra, irretoc\u00e1vel, caso todas as cidades n\u00e3o estejam liberadas. Houve vota\u00e7\u00e3o de 19 a 1 a favor&#8221;, afirmou.<\/p>\n\n\n\n<p>&#8220;Posso afirmar, a partir da confirma\u00e7\u00e3o dos clubes, que sim. Se est\u00e3o dispostos a jogar onde o futebol estiver autorizado, quero crer que nessa data teremos cidades suficientes para acomodar os jogos, considerando que n\u00e3o teremos torcida presente. Mas em momento algum foi cogitada concentra\u00e7\u00e3o em uma cidade espec\u00edfica&#8221;, continuou.<\/p>\n\n\n\n<p>De acordo com Caboclo, a data precisa ser mantida para que o calend\u00e1rio do futebol brasileiro seja reorganizado at\u00e9 2022, j\u00e1 que a Copa do Mundo est\u00e1 marcada para novembro.<\/p>\n\n\n\n<p>Caboclo ainda afirmou que as S\u00e9ries B e C do Brasileir\u00e3o ter\u00e3o in\u00edcio no dia 8 de agosto. J\u00e1 a Copa do Brasil e a S\u00e9rie A1 do Feminino est\u00e3o previstas para o dia 26 de agosto.<\/p>\n\n\n\n<p>O dirigente tamb\u00e9m disse que existe um projeto &#8220;robusto&#8221; para a seguran\u00e7a de quem vai viajar durante o Brasileir\u00e3o.<\/p>\n\n\n\n<p>&#8220;Pensamos na seguran\u00e7a absoluta dos que viajam. O que nos d\u00e1 seguran\u00e7a \u00e9 que um projeto robusto foi feito n\u00e3o s\u00f3 pela CBF, mas por clubes, especialistas que nos deram seus pareceres para que oferec\u00eassemos \u00e0 aprecia\u00e7\u00e3o do Minist\u00e9rio da Sa\u00fade um protocolo de retorno nacional. Com esse amparo, a CBF far\u00e1 investimento para cumprir. Falo em trabalhar em v\u00e1rios sentidos para mostrar o quanto o futebol pode favorecer a retomada dessas atividades&#8221;, disse.<\/p>\n\n\n\n<p>Retirado de: UOL<\/p>\n","protected":false},"excerpt":{"rendered":"<p>O presidente da Confedera\u00e7\u00e3o Brasileira de Futebol (CBF), Rog\u00e9rio Caboclo, disse que a S\u00e9rie A do Brasileir\u00e3o vai come\u00e7ar no dia 9 de agosto mesmo que os clubes tenham que jogar fora de suas cidades durante a pandemia de covid-19. Em entrevista publicada pelo jornal &#8220;O Globo&#8221;, o dirigente afirmou que 19 dos 20 clubes [&hellip;]<\/p>\n","protected":false},"author":1,"featured_media":16271,"comment_status":"open","ping_status":"closed","sticky":false,"template":"","format":"standard","meta":{"footnotes":""},"categories":[47],"tags":[],"class_list":["post-42918","post","type-post","status-publish","format-standard","has-post-thumbnail","hentry","category-destaques"],"yoast_head":"<!-- This site is optimized with the Yoast SEO Premium plugin v24.2 (Yoast SEO v26.9) - https:\/\/yoast.com\/product\/yoast-seo-premium-wordpress\/ -->\n<title>Presidente da CBF crava data de in\u00edcio do Campeonato Brasileiro<\/title>\n<meta name=\"description\" content=\"O dirigente tamb\u00e9m disse que existe um projeto &quot;robusto&quot; para a seguran\u00e7a de quem vai viajar durante o Campeoanto Brasileiro.\" \/>\n<meta name=\"robots\" content=\"index, follow, max-snippet:-1, max-image-preview:large, max-video-preview:-1\" \/>\n<link rel=\"canonical\" href=\"https:\/\/www.gaveanews.com\/index.php\/2020\/07\/06\/presidente-da-cbf-crava-data-de-inicio-do-campeonato-brasileiro\/\" \/>\n<meta property=\"og:locale\" content=\"pt_BR\" \/>\n<meta property=\"og:type\" content=\"article\" \/>\n<meta property=\"og:title\" content=\"Presidente da CBF crava data de in\u00edcio do Campeonato Brasileiro\" \/>\n<meta property=\"og:description\" content=\"O dirigente tamb\u00e9m disse que existe um projeto &quot;robusto&quot; para a seguran\u00e7a de quem vai viajar durante o Campeoanto Brasileiro.\" \/>\n<meta property=\"og:url\" content=\"https:\/\/www.gaveanews.com\/index.php\/2020\/07\/06\/presidente-da-cbf-crava-data-de-inicio-do-campeonato-brasileiro\/\" \/>\n<meta property=\"og:site_name\" content=\"G\u00e1vea News\" \/>\n<meta property=\"article:publisher\" content=\"https:\/\/facebook.com\/gaveaNews\/\" \/>\n<meta property=\"article:published_time\" content=\"2020-07-06T13:52:14+00:00\" \/>\n<meta property=\"article:modified_time\" content=\"2020-07-06T13:52:15+00:00\" \/>\n<meta property=\"og:image\" content=\"https:\/\/www.gaveanews.com\/wp-content\/uploads\/2019\/02\/Sede-da-CBF-no-Rio-de-Janeiro.webp\" \/>\n\t<meta property=\"og:image:width\" content=\"690\" \/>\n\t<meta property=\"og:image:height\" content=\"518\" \/>\n\t<meta property=\"og:image:type\" content=\"image\/jpeg\" \/>\n<meta name=\"author\" content=\"Equipe G\u00e1vea News\" \/>\n<meta name=\"twitter:card\" content=\"summary_large_image\" \/>\n<meta name=\"twitter:label1\" content=\"Escrito por\" \/>\n\t<meta name=\"twitter:data1\" content=\"Equipe G\u00e1vea News\" \/>\n\t<meta name=\"twitter:label2\" content=\"Est. tempo de leitura\" \/>\n\t<meta name=\"twitter:data2\" content=\"2 minutos\" \/>\n<script type=\"application\/ld+json\" class=\"yoast-schema-graph\">{\"@context\":\"https:\/\/schema.org\",\"@graph\":[{\"@type\":\"NewsArticle\",\"@id\":\"https:\/\/www.gaveanews.com\/index.php\/2020\/07\/06\/presidente-da-cbf-crava-data-de-inicio-do-campeonato-brasileiro\/#article\",\"isPartOf\":{\"@id\":\"https:\/\/www.gaveanews.com\/index.php\/2020\/07\/06\/presidente-da-cbf-crava-data-de-inicio-do-campeonato-brasileiro\/\"},\"author\":{\"name\":\"Equipe G\u00e1vea News\",\"@id\":\"https:\/\/www.gaveanews.com\/#\/schema\/person\/2ec14f73fb96be2caf28f91afb14749d\"},\"headline\":\"Presidente da CBF crava data de in\u00edcio do Campeonato Brasileiro\",\"datePublished\":\"2020-07-06T13:52:14+00:00\",\"dateModified\":\"2020-07-06T13:52:15+00:00\",\"mainEntityOfPage\":{\"@id\":\"https:\/\/www.gaveanews.com\/index.php\/2020\/07\/06\/presidente-da-cbf-crava-data-de-inicio-do-campeonato-brasileiro\/\"},\"wordCount\":396,\"commentCount\":8,\"image\":{\"@id\":\"https:\/\/www.gaveanews.com\/index.php\/2020\/07\/06\/presidente-da-cbf-crava-data-de-inicio-do-campeonato-brasileiro\/#primaryimage\"},\"thumbnailUrl\":\"https:\/\/www.gaveanews.com\/wp-content\/uploads\/2019\/02\/Sede-da-CBF-no-Rio-de-Janeiro.webp\",\"articleSection\":[\"Destaques\"],\"inLanguage\":\"pt-BR\",\"potentialAction\":[{\"@type\":\"CommentAction\",\"name\":\"Comment\",\"target\":[\"https:\/\/www.gaveanews.com\/index.php\/2020\/07\/06\/presidente-da-cbf-crava-data-de-inicio-do-campeonato-brasileiro\/#respond\"]}],\"copyrightYear\":\"2020\",\"copyrightHolder\":{\"@id\":\"https:\/\/www.gaveanews.com\/#organization\"}},{\"@type\":\"WebPage\",\"@id\":\"https:\/\/www.gaveanews.com\/index.php\/2020\/07\/06\/presidente-da-cbf-crava-data-de-inicio-do-campeonato-brasileiro\/\",\"url\":\"https:\/\/www.gaveanews.com\/index.php\/2020\/07\/06\/presidente-da-cbf-crava-data-de-inicio-do-campeonato-brasileiro\/\",\"name\":\"Presidente da CBF crava data de in\u00edcio do Campeonato Brasileiro\",\"isPartOf\":{\"@id\":\"https:\/\/www.gaveanews.com\/#website\"},\"primaryImageOfPage\":{\"@id\":\"https:\/\/www.gaveanews.com\/index.php\/2020\/07\/06\/presidente-da-cbf-crava-data-de-inicio-do-campeonato-brasileiro\/#primaryimage\"},\"image\":{\"@id\":\"https:\/\/www.gaveanews.com\/index.php\/2020\/07\/06\/presidente-da-cbf-crava-data-de-inicio-do-campeonato-brasileiro\/#primaryimage\"},\"thumbnailUrl\":\"https:\/\/www.gaveanews.com\/wp-content\/uploads\/2019\/02\/Sede-da-CBF-no-Rio-de-Janeiro.webp\",\"datePublished\":\"2020-07-06T13:52:14+00:00\",\"dateModified\":\"2020-07-06T13:52:15+00:00\",\"author\":{\"@id\":\"https:\/\/www.gaveanews.com\/#\/schema\/person\/2ec14f73fb96be2caf28f91afb14749d\"},\"description\":\"O dirigente tamb\u00e9m disse que existe um projeto \\\"robusto\\\" para a seguran\u00e7a de quem vai viajar durante o Campeoanto Brasileiro.\",\"breadcrumb\":{\"@id\":\"https:\/\/www.gaveanews.com\/index.php\/2020\/07\/06\/presidente-da-cbf-crava-data-de-inicio-do-campeonato-brasileiro\/#breadcrumb\"},\"inLanguage\":\"pt-BR\",\"potentialAction\":[{\"@type\":\"ReadAction\",\"target\":[\"https:\/\/www.gaveanews.com\/index.php\/2020\/07\/06\/presidente-da-cbf-crava-data-de-inicio-do-campeonato-brasileiro\/\"]}]},{\"@type\":\"ImageObject\",\"inLanguage\":\"pt-BR\",\"@id\":\"https:\/\/www.gaveanews.com\/index.php\/2020\/07\/06\/presidente-da-cbf-crava-data-de-inicio-do-campeonato-brasileiro\/#primaryimage\",\"url\":\"https:\/\/www.gaveanews.com\/wp-content\/uploads\/2019\/02\/Sede-da-CBF-no-Rio-de-Janeiro.webp\",\"contentUrl\":\"https:\/\/www.gaveanews.com\/wp-content\/uploads\/2019\/02\/Sede-da-CBF-no-Rio-de-Janeiro.webp\",\"width\":690,\"height\":518,\"caption\":\"Sede da CBF no Rio de Janeiro (Foto: Cah\u00ea Mota\/Globo Esporte)\"},{\"@type\":\"BreadcrumbList\",\"@id\":\"https:\/\/www.gaveanews.com\/index.php\/2020\/07\/06\/presidente-da-cbf-crava-data-de-inicio-do-campeonato-brasileiro\/#breadcrumb\",\"itemListElement\":[{\"@type\":\"ListItem\",\"position\":1,\"name\":\"Home\",\"item\":\"https:\/\/www.gaveanews.com\/\"},{\"@type\":\"ListItem\",\"position\":2,\"name\":\"Presidente da CBF crava data de in\u00edcio do Campeonato Brasileiro\"}]},{\"@type\":\"WebSite\",\"@id\":\"https:\/\/www.gaveanews.com\/#website\",\"url\":\"https:\/\/www.gaveanews.com\/\",\"name\":\"G\u00e1vea News\",\"description\":\"Veja todas as not\u00edcias sobre o Flamengo: Contrata\u00e7\u00f5es, categorias de base, resultados das partidas, tabela de classifica\u00e7\u00e3o, pr\u00f3ximos jogos!\",\"potentialAction\":[{\"@type\":\"SearchAction\",\"target\":{\"@type\":\"EntryPoint\",\"urlTemplate\":\"https:\/\/www.gaveanews.com\/?s={search_term_string}\"},\"query-input\":{\"@type\":\"PropertyValueSpecification\",\"valueRequired\":true,\"valueName\":\"search_term_string\"}}],\"inLanguage\":\"pt-BR\"},{\"@type\":\"Person\",\"@id\":\"https:\/\/www.gaveanews.com\/#\/schema\/person\/2ec14f73fb96be2caf28f91afb14749d\",\"name\":\"Equipe G\u00e1vea News\",\"image\":{\"@type\":\"ImageObject\",\"inLanguage\":\"pt-BR\",\"@id\":\"https:\/\/www.gaveanews.com\/#\/schema\/person\/image\/\",\"url\":\"https:\/\/secure.gravatar.com\/avatar\/1e1956f1facbffd3f8fa53a326721950116b3b9dc9bd44939c01180fd4a745a9?s=96&d=mm&r=g\",\"contentUrl\":\"https:\/\/secure.gravatar.com\/avatar\/1e1956f1facbffd3f8fa53a326721950116b3b9dc9bd44939c01180fd4a745a9?s=96&d=mm&r=g\",\"caption\":\"Equipe G\u00e1vea News\"}}]}<\/script>\n<!-- \/ Yoast SEO Premium plugin. -->","yoast_head_json":{"title":"Presidente da CBF crava data de in\u00edcio do Campeonato Brasileiro","description":"O dirigente tamb\u00e9m disse que existe um projeto \"robusto\" para a seguran\u00e7a de quem vai viajar durante o Campeoanto Brasileiro.","robots":{"index":"index","follow":"follow","max-snippet":"max-snippet:-1","max-image-preview":"max-image-preview:large","max-video-preview":"max-video-preview:-1"},"canonical":"https:\/\/www.gaveanews.com\/index.php\/2020\/07\/06\/presidente-da-cbf-crava-data-de-inicio-do-campeonato-brasileiro\/","og_locale":"pt_BR","og_type":"article","og_title":"Presidente da CBF crava data de in\u00edcio do Campeonato Brasileiro","og_description":"O dirigente tamb\u00e9m disse que existe um projeto \"robusto\" para a seguran\u00e7a de quem vai viajar durante o Campeoanto Brasileiro.","og_url":"https:\/\/www.gaveanews.com\/index.php\/2020\/07\/06\/presidente-da-cbf-crava-data-de-inicio-do-campeonato-brasileiro\/","og_site_name":"G\u00e1vea News","article_publisher":"https:\/\/facebook.com\/gaveaNews\/","article_published_time":"2020-07-06T13:52:14+00:00","article_modified_time":"2020-07-06T13:52:15+00:00","og_image":[{"width":690,"height":518,"url":"https:\/\/www.gaveanews.com\/wp-content\/uploads\/2019\/02\/Sede-da-CBF-no-Rio-de-Janeiro.webp","type":"image\/jpeg"}],"author":"Equipe G\u00e1vea News","twitter_card":"summary_large_image","twitter_misc":{"Escrito por":"Equipe G\u00e1vea News","Est. tempo de leitura":"2 minutos"},"schema":{"@context":"https:\/\/schema.org","@graph":[{"@type":"NewsArticle","@id":"https:\/\/www.gaveanews.com\/index.php\/2020\/07\/06\/presidente-da-cbf-crava-data-de-inicio-do-campeonato-brasileiro\/#article","isPartOf":{"@id":"https:\/\/www.gaveanews.com\/index.php\/2020\/07\/06\/presidente-da-cbf-crava-data-de-inicio-do-campeonato-brasileiro\/"},"author":{"name":"Equipe G\u00e1vea News","@id":"https:\/\/www.gaveanews.com\/#\/schema\/person\/2ec14f73fb96be2caf28f91afb14749d"},"headline":"Presidente da CBF crava data de in\u00edcio do Campeonato Brasileiro","datePublished":"2020-07-06T13:52:14+00:00","dateModified":"2020-07-06T13:52:15+00:00","mainEntityOfPage":{"@id":"https:\/\/www.gaveanews.com\/index.php\/2020\/07\/06\/presidente-da-cbf-crava-data-de-inicio-do-campeonato-brasileiro\/"},"wordCount":396,"commentCount":8,"image":{"@id":"https:\/\/www.gaveanews.com\/index.php\/2020\/07\/06\/presidente-da-cbf-crava-data-de-inicio-do-campeonato-brasileiro\/#primaryimage"},"thumbnailUrl":"https:\/\/www.gaveanews.com\/wp-content\/uploads\/2019\/02\/Sede-da-CBF-no-Rio-de-Janeiro.webp","articleSection":["Destaques"],"inLanguage":"pt-BR","potentialAction":[{"@type":"CommentAction","name":"Comment","target":["https:\/\/www.gaveanews.com\/index.php\/2020\/07\/06\/presidente-da-cbf-crava-data-de-inicio-do-campeonato-brasileiro\/#respond"]}],"copyrightYear":"2020","copyrightHolder":{"@id":"https:\/\/www.gaveanews.com\/#organization"}},{"@type":"WebPage","@id":"https:\/\/www.gaveanews.com\/index.php\/2020\/07\/06\/presidente-da-cbf-crava-data-de-inicio-do-campeonato-brasileiro\/","url":"https:\/\/www.gaveanews.com\/index.php\/2020\/07\/06\/presidente-da-cbf-crava-data-de-inicio-do-campeonato-brasileiro\/","name":"Presidente da CBF crava data de in\u00edcio do Campeonato Brasileiro","isPartOf":{"@id":"https:\/\/www.gaveanews.com\/#website"},"primaryImageOfPage":{"@id":"https:\/\/www.gaveanews.com\/index.php\/2020\/07\/06\/presidente-da-cbf-crava-data-de-inicio-do-campeonato-brasileiro\/#primaryimage"},"image":{"@id":"https:\/\/www.gaveanews.com\/index.php\/2020\/07\/06\/presidente-da-cbf-crava-data-de-inicio-do-campeonato-brasileiro\/#primaryimage"},"thumbnailUrl":"https:\/\/www.gaveanews.com\/wp-content\/uploads\/2019\/02\/Sede-da-CBF-no-Rio-de-Janeiro.webp","datePublished":"2020-07-06T13:52:14+00:00","dateModified":"2020-07-06T13:52:15+00:00","author":{"@id":"https:\/\/www.gaveanews.com\/#\/schema\/person\/2ec14f73fb96be2caf28f91afb14749d"},"description":"O dirigente tamb\u00e9m disse que existe um projeto \"robusto\" para a seguran\u00e7a de quem vai viajar durante o Campeoanto Brasileiro.","breadcrumb":{"@id":"https:\/\/www.gaveanews.com\/index.php\/2020\/07\/06\/presidente-da-cbf-crava-data-de-inicio-do-campeonato-brasileiro\/#breadcrumb"},"inLanguage":"pt-BR","potentialAction":[{"@type":"ReadAction","target":["https:\/\/www.gaveanews.com\/index.php\/2020\/07\/06\/presidente-da-cbf-crava-data-de-inicio-do-campeonato-brasileiro\/"]}]},{"@type":"ImageObject","inLanguage":"pt-BR","@id":"https:\/\/www.gaveanews.com\/index.php\/2020\/07\/06\/presidente-da-cbf-crava-data-de-inicio-do-campeonato-brasileiro\/#primaryimage","url":"https:\/\/www.gaveanews.com\/wp-content\/uploads\/2019\/02\/Sede-da-CBF-no-Rio-de-Janeiro.webp","contentUrl":"https:\/\/www.gaveanews.com\/wp-content\/uploads\/2019\/02\/Sede-da-CBF-no-Rio-de-Janeiro.webp","width":690,"height":518,"caption":"Sede da CBF no Rio de Janeiro (Foto: Cah\u00ea Mota\/Globo Esporte)"},{"@type":"BreadcrumbList","@id":"https:\/\/www.gaveanews.com\/index.php\/2020\/07\/06\/presidente-da-cbf-crava-data-de-inicio-do-campeonato-brasileiro\/#breadcrumb","itemListElement":[{"@type":"ListItem","position":1,"name":"Home","item":"https:\/\/www.gaveanews.com\/"},{"@type":"ListItem","position":2,"name":"Presidente da CBF crava data de in\u00edcio do Campeonato Brasileiro"}]},{"@type":"WebSite","@id":"https:\/\/www.gaveanews.com\/#website","url":"https:\/\/www.gaveanews.com\/","name":"G\u00e1vea News","description":"Veja todas as not\u00edcias sobre o Flamengo: Contrata\u00e7\u00f5es, categorias de base, resultados das partidas, tabela de classifica\u00e7\u00e3o, pr\u00f3ximos jogos!","potentialAction":[{"@type":"SearchAction","target":{"@type":"EntryPoint","urlTemplate":"https:\/\/www.gaveanews.com\/?s={search_term_string}"},"query-input":{"@type":"PropertyValueSpecification","valueRequired":true,"valueName":"search_term_string"}}],"inLanguage":"pt-BR"},{"@type":"Person","@id":"https:\/\/www.gaveanews.com\/#\/schema\/person\/2ec14f73fb96be2caf28f91afb14749d","name":"Equipe G\u00e1vea News","image":{"@type":"ImageObject","inLanguage":"pt-BR","@id":"https:\/\/www.gaveanews.com\/#\/schema\/person\/image\/","url":"https:\/\/secure.gravatar.com\/avatar\/1e1956f1facbffd3f8fa53a326721950116b3b9dc9bd44939c01180fd4a745a9?s=96&d=mm&r=g","contentUrl":"https:\/\/secure.gravatar.com\/avatar\/1e1956f1facbffd3f8fa53a326721950116b3b9dc9bd44939c01180fd4a745a9?s=96&d=mm&r=g","caption":"Equipe G\u00e1vea News"}}]}},"_links":{"self":[{"href":"https:\/\/www.gaveanews.com\/index.php\/wp-json\/wp\/v2\/posts\/42918","targetHints":{"allow":["GET"]}}],"collection":[{"href":"https:\/\/www.gaveanews.com\/index.php\/wp-json\/wp\/v2\/posts"}],"about":[{"href":"https:\/\/www.gaveanews.com\/index.php\/wp-json\/wp\/v2\/types\/post"}],"author":[{"embeddable":true,"href":"https:\/\/www.gaveanews.com\/index.php\/wp-json\/wp\/v2\/users\/1"}],"replies":[{"embeddable":true,"href":"https:\/\/www.gaveanews.com\/index.php\/wp-json\/wp\/v2\/comments?post=42918"}],"version-history":[{"count":0,"href":"https:\/\/www.gaveanews.com\/index.php\/wp-json\/wp\/v2\/posts\/42918\/revisions"}],"wp:featuredmedia":[{"embeddable":true,"href":"https:\/\/www.gaveanews.com\/index.php\/wp-json\/wp\/v2\/media\/16271"}],"wp:attachment":[{"href":"https:\/\/www.gaveanews.com\/index.php\/wp-json\/wp\/v2\/media?parent=42918"}],"wp:term":[{"taxonomy":"category","embeddable":true,"href":"https:\/\/www.gaveanews.com\/index.php\/wp-json\/wp\/v2\/categories?post=42918"},{"taxonomy":"post_tag","embeddable":true,"href":"https:\/\/www.gaveanews.com\/index.php\/wp-json\/wp\/v2\/tags?post=42918"}],"curies":[{"name":"wp","href":"https:\/\/api.w.org\/{rel}","templated":true}]}}