{"id":42974,"date":"2020-07-05T23:03:00","date_gmt":"2020-07-06T02:03:00","guid":{"rendered":"https:\/\/www.gaveanews.com\/?p=42974"},"modified":"2020-07-05T23:03:13","modified_gmt":"2020-07-06T02:03:13","slug":"jornal-revela-plano-da-conmebol-para-realizar-a-libertadores-fora-do-brasil","status":"publish","type":"post","link":"https:\/\/www.gaveanews.com\/index.php\/2020\/07\/05\/jornal-revela-plano-da-conmebol-para-realizar-a-libertadores-fora-do-brasil\/","title":{"rendered":"Jornal revela plano da Conmebol para realizar a Libertadores fora do Brasil"},"content":{"rendered":"\n<p>A possibilidade da Libertadores de 2020 ser conclu\u00edda no Uruguai como sede \u00fanica tem sido estudada pela Conmebol, conforme revelou o jornal El Pais neste final de semana. De acordo com o peri\u00f3dico, o pa\u00eds \u00e9 o maior candidato a receber os jogos por ter uma situa\u00e7\u00e3o mais controlada no combate ao coronav\u00edrus.<\/p>\n\n\n\n<p>O El Pais ressalta que a prioridade da Conmebol \u00e9 manter a atual forma de disputa da Libertadores, mas que a sede \u00fanica \u00e9 tratada como alternativa pelas dificuldades sanit\u00e1rias em v\u00e1rios pa\u00edses do continente. A iniciativa de colocar o Uruguai como op\u00e7\u00e3o de sede partiu da Associa\u00e7\u00e3o Uruguaia de Futebol (AUF) e conta com o apoio do presidente uruguaio Luis Lacalle Pou.<\/p>\n\n\n\n<p>O governo uruguaio j\u00e1 teria um plano para receber as delega\u00e7\u00f5es dos 32 clubes que est\u00e3o na fase de grupos da Libertadores. Como todos os membros das delega\u00e7\u00f5es teriam de ser testados na chegada ao pa\u00eds, existe a possibilidade de montagem de pequenos hospitais para colaborar com o processo de testagem.<\/p>\n\n\n\n<p>Na semana passada, o presidente da  Conmebol, Alejandro Dom\u00ednguez, participou da reuni\u00e3o da c\u00fapula  de chefes de Estado do Mercosul e detalhou os protocolo elaborado para a volta da Libertadores. O dirigente, no entanto, n\u00e3o estipulou data a retomada da competi\u00e7\u00e3o, paralisada desde mar\u00e7o.<\/p>\n\n\n\n<p>\u2014 Vai chegar o dia em que os riscos diminuir\u00e3o e poderemos retomar as atividades paralisadas. A Conmebol quer estar preparada para esse momento. Por isso, uma equipe de especialistas convocados por nossa institui\u00e7\u00e3o elaborou um protocolo para os treinamentos, viagens, competi\u00e7\u00f5es, assim como um manual de opera\u00e7\u00f5es de chegadas e partidas de voos de delega\u00e7\u00f5es de futebol, para ir ou sair dos aeroportos que ser\u00e3o utilizados \u2014 declarou.<\/p>\n\n\n\n<p>O Uruguai registra at\u00e9 o momento apenas 28 mortes por coronav\u00edrus. O pa\u00eds tem 956 casos de pessoas com covid-19 sendo que 849 j\u00e1 est\u00e3o recuperadas.<\/p>\n\n\n\n<p>Retirado de: Gaucha ZH<\/p>\n","protected":false},"excerpt":{"rendered":"<p>A possibilidade da Libertadores de 2020 ser conclu\u00edda no Uruguai como sede \u00fanica tem sido estudada pela Conmebol, conforme revelou o jornal El Pais neste final de semana. De acordo com o peri\u00f3dico, o pa\u00eds \u00e9 o maior candidato a receber os jogos por ter uma situa\u00e7\u00e3o mais controlada no combate ao coronav\u00edrus. O El [&hellip;]<\/p>\n","protected":false},"author":1,"featured_media":35738,"comment_status":"open","ping_status":"closed","sticky":false,"template":"","format":"standard","meta":{"footnotes":""},"categories":[47],"tags":[],"class_list":["post-42974","post","type-post","status-publish","format-standard","has-post-thumbnail","hentry","category-destaques"],"yoast_head":"<!-- This site is optimized with the Yoast SEO Premium plugin v24.2 (Yoast SEO v26.9) - https:\/\/yoast.com\/product\/yoast-seo-premium-wordpress\/ -->\n<title>Jornal revela plano da Conmebol para realizar a Libertadores fora do Brasil<\/title>\n<meta name=\"description\" content=\"Alejandro Dom\u00ednguez, participou da reuni\u00e3o da c\u00fapula de chefes de Estado do Mercosul e detalhou os protocolo elaborado para a volta da Libertadores.\" \/>\n<meta name=\"robots\" content=\"index, follow, max-snippet:-1, max-image-preview:large, max-video-preview:-1\" \/>\n<link rel=\"canonical\" href=\"https:\/\/www.gaveanews.com\/index.php\/2020\/07\/05\/jornal-revela-plano-da-conmebol-para-realizar-a-libertadores-fora-do-brasil\/\" \/>\n<meta property=\"og:locale\" content=\"pt_BR\" \/>\n<meta property=\"og:type\" content=\"article\" \/>\n<meta property=\"og:title\" content=\"Jornal revela plano da Conmebol para realizar a Libertadores fora do Brasil\" \/>\n<meta property=\"og:description\" content=\"Alejandro Dom\u00ednguez, participou da reuni\u00e3o da c\u00fapula de chefes de Estado do Mercosul e detalhou os protocolo elaborado para a volta da Libertadores.\" \/>\n<meta property=\"og:url\" content=\"https:\/\/www.gaveanews.com\/index.php\/2020\/07\/05\/jornal-revela-plano-da-conmebol-para-realizar-a-libertadores-fora-do-brasil\/\" \/>\n<meta property=\"og:site_name\" content=\"G\u00e1vea News\" \/>\n<meta property=\"article:publisher\" content=\"https:\/\/facebook.com\/gaveaNews\/\" \/>\n<meta property=\"article:published_time\" content=\"2020-07-06T02:03:00+00:00\" \/>\n<meta property=\"article:modified_time\" content=\"2020-07-06T02:03:13+00:00\" \/>\n<meta property=\"og:image\" content=\"https:\/\/www.gaveanews.com\/wp-content\/uploads\/Logomarca-da-Conmebol.webp\" \/>\n\t<meta property=\"og:image:width\" content=\"1162\" \/>\n\t<meta property=\"og:image:height\" content=\"751\" \/>\n\t<meta property=\"og:image:type\" content=\"image\/jpeg\" \/>\n<meta name=\"author\" content=\"Equipe G\u00e1vea News\" \/>\n<meta name=\"twitter:card\" content=\"summary_large_image\" \/>\n<meta name=\"twitter:label1\" content=\"Escrito por\" \/>\n\t<meta name=\"twitter:data1\" content=\"Equipe G\u00e1vea News\" \/>\n\t<meta name=\"twitter:label2\" content=\"Est. tempo de leitura\" \/>\n\t<meta name=\"twitter:data2\" content=\"2 minutos\" \/>\n<script type=\"application\/ld+json\" class=\"yoast-schema-graph\">{\"@context\":\"https:\/\/schema.org\",\"@graph\":[{\"@type\":\"NewsArticle\",\"@id\":\"https:\/\/www.gaveanews.com\/index.php\/2020\/07\/05\/jornal-revela-plano-da-conmebol-para-realizar-a-libertadores-fora-do-brasil\/#article\",\"isPartOf\":{\"@id\":\"https:\/\/www.gaveanews.com\/index.php\/2020\/07\/05\/jornal-revela-plano-da-conmebol-para-realizar-a-libertadores-fora-do-brasil\/\"},\"author\":{\"name\":\"Equipe G\u00e1vea News\",\"@id\":\"https:\/\/www.gaveanews.com\/#\/schema\/person\/2ec14f73fb96be2caf28f91afb14749d\"},\"headline\":\"Jornal revela plano da Conmebol para realizar a Libertadores fora do Brasil\",\"datePublished\":\"2020-07-06T02:03:00+00:00\",\"dateModified\":\"2020-07-06T02:03:13+00:00\",\"mainEntityOfPage\":{\"@id\":\"https:\/\/www.gaveanews.com\/index.php\/2020\/07\/05\/jornal-revela-plano-da-conmebol-para-realizar-a-libertadores-fora-do-brasil\/\"},\"wordCount\":341,\"commentCount\":8,\"image\":{\"@id\":\"https:\/\/www.gaveanews.com\/index.php\/2020\/07\/05\/jornal-revela-plano-da-conmebol-para-realizar-a-libertadores-fora-do-brasil\/#primaryimage\"},\"thumbnailUrl\":\"https:\/\/www.gaveanews.com\/wp-content\/uploads\/Logomarca-da-Conmebol.webp\",\"articleSection\":[\"Destaques\"],\"inLanguage\":\"pt-BR\",\"potentialAction\":[{\"@type\":\"CommentAction\",\"name\":\"Comment\",\"target\":[\"https:\/\/www.gaveanews.com\/index.php\/2020\/07\/05\/jornal-revela-plano-da-conmebol-para-realizar-a-libertadores-fora-do-brasil\/#respond\"]}],\"copyrightYear\":\"2020\",\"copyrightHolder\":{\"@id\":\"https:\/\/www.gaveanews.com\/#organization\"}},{\"@type\":\"WebPage\",\"@id\":\"https:\/\/www.gaveanews.com\/index.php\/2020\/07\/05\/jornal-revela-plano-da-conmebol-para-realizar-a-libertadores-fora-do-brasil\/\",\"url\":\"https:\/\/www.gaveanews.com\/index.php\/2020\/07\/05\/jornal-revela-plano-da-conmebol-para-realizar-a-libertadores-fora-do-brasil\/\",\"name\":\"Jornal revela plano da Conmebol para realizar a Libertadores fora do Brasil\",\"isPartOf\":{\"@id\":\"https:\/\/www.gaveanews.com\/#website\"},\"primaryImageOfPage\":{\"@id\":\"https:\/\/www.gaveanews.com\/index.php\/2020\/07\/05\/jornal-revela-plano-da-conmebol-para-realizar-a-libertadores-fora-do-brasil\/#primaryimage\"},\"image\":{\"@id\":\"https:\/\/www.gaveanews.com\/index.php\/2020\/07\/05\/jornal-revela-plano-da-conmebol-para-realizar-a-libertadores-fora-do-brasil\/#primaryimage\"},\"thumbnailUrl\":\"https:\/\/www.gaveanews.com\/wp-content\/uploads\/Logomarca-da-Conmebol.webp\",\"datePublished\":\"2020-07-06T02:03:00+00:00\",\"dateModified\":\"2020-07-06T02:03:13+00:00\",\"author\":{\"@id\":\"https:\/\/www.gaveanews.com\/#\/schema\/person\/2ec14f73fb96be2caf28f91afb14749d\"},\"description\":\"Alejandro Dom\u00ednguez, participou da reuni\u00e3o da c\u00fapula de chefes de Estado do Mercosul e detalhou os protocolo elaborado para a volta da Libertadores.\",\"breadcrumb\":{\"@id\":\"https:\/\/www.gaveanews.com\/index.php\/2020\/07\/05\/jornal-revela-plano-da-conmebol-para-realizar-a-libertadores-fora-do-brasil\/#breadcrumb\"},\"inLanguage\":\"pt-BR\",\"potentialAction\":[{\"@type\":\"ReadAction\",\"target\":[\"https:\/\/www.gaveanews.com\/index.php\/2020\/07\/05\/jornal-revela-plano-da-conmebol-para-realizar-a-libertadores-fora-do-brasil\/\"]}]},{\"@type\":\"ImageObject\",\"inLanguage\":\"pt-BR\",\"@id\":\"https:\/\/www.gaveanews.com\/index.php\/2020\/07\/05\/jornal-revela-plano-da-conmebol-para-realizar-a-libertadores-fora-do-brasil\/#primaryimage\",\"url\":\"https:\/\/www.gaveanews.com\/wp-content\/uploads\/Logomarca-da-Conmebol.webp\",\"contentUrl\":\"https:\/\/www.gaveanews.com\/wp-content\/uploads\/Logomarca-da-Conmebol.webp\",\"width\":1162,\"height\":751},{\"@type\":\"BreadcrumbList\",\"@id\":\"https:\/\/www.gaveanews.com\/index.php\/2020\/07\/05\/jornal-revela-plano-da-conmebol-para-realizar-a-libertadores-fora-do-brasil\/#breadcrumb\",\"itemListElement\":[{\"@type\":\"ListItem\",\"position\":1,\"name\":\"Home\",\"item\":\"https:\/\/www.gaveanews.com\/\"},{\"@type\":\"ListItem\",\"position\":2,\"name\":\"Jornal revela plano da Conmebol para realizar a Libertadores fora do Brasil\"}]},{\"@type\":\"WebSite\",\"@id\":\"https:\/\/www.gaveanews.com\/#website\",\"url\":\"https:\/\/www.gaveanews.com\/\",\"name\":\"G\u00e1vea News\",\"description\":\"Veja todas as not\u00edcias sobre o Flamengo: Contrata\u00e7\u00f5es, categorias de base, resultados das partidas, tabela de classifica\u00e7\u00e3o, pr\u00f3ximos jogos!\",\"potentialAction\":[{\"@type\":\"SearchAction\",\"target\":{\"@type\":\"EntryPoint\",\"urlTemplate\":\"https:\/\/www.gaveanews.com\/?s={search_term_string}\"},\"query-input\":{\"@type\":\"PropertyValueSpecification\",\"valueRequired\":true,\"valueName\":\"search_term_string\"}}],\"inLanguage\":\"pt-BR\"},{\"@type\":\"Person\",\"@id\":\"https:\/\/www.gaveanews.com\/#\/schema\/person\/2ec14f73fb96be2caf28f91afb14749d\",\"name\":\"Equipe G\u00e1vea News\",\"image\":{\"@type\":\"ImageObject\",\"inLanguage\":\"pt-BR\",\"@id\":\"https:\/\/www.gaveanews.com\/#\/schema\/person\/image\/\",\"url\":\"https:\/\/secure.gravatar.com\/avatar\/1e1956f1facbffd3f8fa53a326721950116b3b9dc9bd44939c01180fd4a745a9?s=96&d=mm&r=g\",\"contentUrl\":\"https:\/\/secure.gravatar.com\/avatar\/1e1956f1facbffd3f8fa53a326721950116b3b9dc9bd44939c01180fd4a745a9?s=96&d=mm&r=g\",\"caption\":\"Equipe G\u00e1vea News\"}}]}<\/script>\n<!-- \/ Yoast SEO Premium plugin. -->","yoast_head_json":{"title":"Jornal revela plano da Conmebol para realizar a Libertadores fora do Brasil","description":"Alejandro Dom\u00ednguez, participou da reuni\u00e3o da c\u00fapula de chefes de Estado do Mercosul e detalhou os protocolo elaborado para a volta da Libertadores.","robots":{"index":"index","follow":"follow","max-snippet":"max-snippet:-1","max-image-preview":"max-image-preview:large","max-video-preview":"max-video-preview:-1"},"canonical":"https:\/\/www.gaveanews.com\/index.php\/2020\/07\/05\/jornal-revela-plano-da-conmebol-para-realizar-a-libertadores-fora-do-brasil\/","og_locale":"pt_BR","og_type":"article","og_title":"Jornal revela plano da Conmebol para realizar a Libertadores fora do Brasil","og_description":"Alejandro Dom\u00ednguez, participou da reuni\u00e3o da c\u00fapula de chefes de Estado do Mercosul e detalhou os protocolo elaborado para a volta da Libertadores.","og_url":"https:\/\/www.gaveanews.com\/index.php\/2020\/07\/05\/jornal-revela-plano-da-conmebol-para-realizar-a-libertadores-fora-do-brasil\/","og_site_name":"G\u00e1vea News","article_publisher":"https:\/\/facebook.com\/gaveaNews\/","article_published_time":"2020-07-06T02:03:00+00:00","article_modified_time":"2020-07-06T02:03:13+00:00","og_image":[{"width":1162,"height":751,"url":"https:\/\/www.gaveanews.com\/wp-content\/uploads\/Logomarca-da-Conmebol.webp","type":"image\/jpeg"}],"author":"Equipe G\u00e1vea News","twitter_card":"summary_large_image","twitter_misc":{"Escrito por":"Equipe G\u00e1vea News","Est. tempo de leitura":"2 minutos"},"schema":{"@context":"https:\/\/schema.org","@graph":[{"@type":"NewsArticle","@id":"https:\/\/www.gaveanews.com\/index.php\/2020\/07\/05\/jornal-revela-plano-da-conmebol-para-realizar-a-libertadores-fora-do-brasil\/#article","isPartOf":{"@id":"https:\/\/www.gaveanews.com\/index.php\/2020\/07\/05\/jornal-revela-plano-da-conmebol-para-realizar-a-libertadores-fora-do-brasil\/"},"author":{"name":"Equipe G\u00e1vea News","@id":"https:\/\/www.gaveanews.com\/#\/schema\/person\/2ec14f73fb96be2caf28f91afb14749d"},"headline":"Jornal revela plano da Conmebol para realizar a Libertadores fora do Brasil","datePublished":"2020-07-06T02:03:00+00:00","dateModified":"2020-07-06T02:03:13+00:00","mainEntityOfPage":{"@id":"https:\/\/www.gaveanews.com\/index.php\/2020\/07\/05\/jornal-revela-plano-da-conmebol-para-realizar-a-libertadores-fora-do-brasil\/"},"wordCount":341,"commentCount":8,"image":{"@id":"https:\/\/www.gaveanews.com\/index.php\/2020\/07\/05\/jornal-revela-plano-da-conmebol-para-realizar-a-libertadores-fora-do-brasil\/#primaryimage"},"thumbnailUrl":"https:\/\/www.gaveanews.com\/wp-content\/uploads\/Logomarca-da-Conmebol.webp","articleSection":["Destaques"],"inLanguage":"pt-BR","potentialAction":[{"@type":"CommentAction","name":"Comment","target":["https:\/\/www.gaveanews.com\/index.php\/2020\/07\/05\/jornal-revela-plano-da-conmebol-para-realizar-a-libertadores-fora-do-brasil\/#respond"]}],"copyrightYear":"2020","copyrightHolder":{"@id":"https:\/\/www.gaveanews.com\/#organization"}},{"@type":"WebPage","@id":"https:\/\/www.gaveanews.com\/index.php\/2020\/07\/05\/jornal-revela-plano-da-conmebol-para-realizar-a-libertadores-fora-do-brasil\/","url":"https:\/\/www.gaveanews.com\/index.php\/2020\/07\/05\/jornal-revela-plano-da-conmebol-para-realizar-a-libertadores-fora-do-brasil\/","name":"Jornal revela plano da Conmebol para realizar a Libertadores fora do Brasil","isPartOf":{"@id":"https:\/\/www.gaveanews.com\/#website"},"primaryImageOfPage":{"@id":"https:\/\/www.gaveanews.com\/index.php\/2020\/07\/05\/jornal-revela-plano-da-conmebol-para-realizar-a-libertadores-fora-do-brasil\/#primaryimage"},"image":{"@id":"https:\/\/www.gaveanews.com\/index.php\/2020\/07\/05\/jornal-revela-plano-da-conmebol-para-realizar-a-libertadores-fora-do-brasil\/#primaryimage"},"thumbnailUrl":"https:\/\/www.gaveanews.com\/wp-content\/uploads\/Logomarca-da-Conmebol.webp","datePublished":"2020-07-06T02:03:00+00:00","dateModified":"2020-07-06T02:03:13+00:00","author":{"@id":"https:\/\/www.gaveanews.com\/#\/schema\/person\/2ec14f73fb96be2caf28f91afb14749d"},"description":"Alejandro Dom\u00ednguez, participou da reuni\u00e3o da c\u00fapula de chefes de Estado do Mercosul e detalhou os protocolo elaborado para a volta da Libertadores.","breadcrumb":{"@id":"https:\/\/www.gaveanews.com\/index.php\/2020\/07\/05\/jornal-revela-plano-da-conmebol-para-realizar-a-libertadores-fora-do-brasil\/#breadcrumb"},"inLanguage":"pt-BR","potentialAction":[{"@type":"ReadAction","target":["https:\/\/www.gaveanews.com\/index.php\/2020\/07\/05\/jornal-revela-plano-da-conmebol-para-realizar-a-libertadores-fora-do-brasil\/"]}]},{"@type":"ImageObject","inLanguage":"pt-BR","@id":"https:\/\/www.gaveanews.com\/index.php\/2020\/07\/05\/jornal-revela-plano-da-conmebol-para-realizar-a-libertadores-fora-do-brasil\/#primaryimage","url":"https:\/\/www.gaveanews.com\/wp-content\/uploads\/Logomarca-da-Conmebol.webp","contentUrl":"https:\/\/www.gaveanews.com\/wp-content\/uploads\/Logomarca-da-Conmebol.webp","width":1162,"height":751},{"@type":"BreadcrumbList","@id":"https:\/\/www.gaveanews.com\/index.php\/2020\/07\/05\/jornal-revela-plano-da-conmebol-para-realizar-a-libertadores-fora-do-brasil\/#breadcrumb","itemListElement":[{"@type":"ListItem","position":1,"name":"Home","item":"https:\/\/www.gaveanews.com\/"},{"@type":"ListItem","position":2,"name":"Jornal revela plano da Conmebol para realizar a Libertadores fora do Brasil"}]},{"@type":"WebSite","@id":"https:\/\/www.gaveanews.com\/#website","url":"https:\/\/www.gaveanews.com\/","name":"G\u00e1vea News","description":"Veja todas as not\u00edcias sobre o Flamengo: Contrata\u00e7\u00f5es, categorias de base, resultados das partidas, tabela de classifica\u00e7\u00e3o, pr\u00f3ximos jogos!","potentialAction":[{"@type":"SearchAction","target":{"@type":"EntryPoint","urlTemplate":"https:\/\/www.gaveanews.com\/?s={search_term_string}"},"query-input":{"@type":"PropertyValueSpecification","valueRequired":true,"valueName":"search_term_string"}}],"inLanguage":"pt-BR"},{"@type":"Person","@id":"https:\/\/www.gaveanews.com\/#\/schema\/person\/2ec14f73fb96be2caf28f91afb14749d","name":"Equipe G\u00e1vea News","image":{"@type":"ImageObject","inLanguage":"pt-BR","@id":"https:\/\/www.gaveanews.com\/#\/schema\/person\/image\/","url":"https:\/\/secure.gravatar.com\/avatar\/1e1956f1facbffd3f8fa53a326721950116b3b9dc9bd44939c01180fd4a745a9?s=96&d=mm&r=g","contentUrl":"https:\/\/secure.gravatar.com\/avatar\/1e1956f1facbffd3f8fa53a326721950116b3b9dc9bd44939c01180fd4a745a9?s=96&d=mm&r=g","caption":"Equipe G\u00e1vea News"}}]}},"_links":{"self":[{"href":"https:\/\/www.gaveanews.com\/index.php\/wp-json\/wp\/v2\/posts\/42974","targetHints":{"allow":["GET"]}}],"collection":[{"href":"https:\/\/www.gaveanews.com\/index.php\/wp-json\/wp\/v2\/posts"}],"about":[{"href":"https:\/\/www.gaveanews.com\/index.php\/wp-json\/wp\/v2\/types\/post"}],"author":[{"embeddable":true,"href":"https:\/\/www.gaveanews.com\/index.php\/wp-json\/wp\/v2\/users\/1"}],"replies":[{"embeddable":true,"href":"https:\/\/www.gaveanews.com\/index.php\/wp-json\/wp\/v2\/comments?post=42974"}],"version-history":[{"count":0,"href":"https:\/\/www.gaveanews.com\/index.php\/wp-json\/wp\/v2\/posts\/42974\/revisions"}],"wp:featuredmedia":[{"embeddable":true,"href":"https:\/\/www.gaveanews.com\/index.php\/wp-json\/wp\/v2\/media\/35738"}],"wp:attachment":[{"href":"https:\/\/www.gaveanews.com\/index.php\/wp-json\/wp\/v2\/media?parent=42974"}],"wp:term":[{"taxonomy":"category","embeddable":true,"href":"https:\/\/www.gaveanews.com\/index.php\/wp-json\/wp\/v2\/categories?post=42974"},{"taxonomy":"post_tag","embeddable":true,"href":"https:\/\/www.gaveanews.com\/index.php\/wp-json\/wp\/v2\/tags?post=42974"}],"curies":[{"name":"wp","href":"https:\/\/api.w.org\/{rel}","templated":true}]}}