{"id":42981,"date":"2020-07-06T01:00:00","date_gmt":"2020-07-06T04:00:00","guid":{"rendered":"https:\/\/www.gaveanews.com\/?p=42981"},"modified":"2020-07-05T23:07:47","modified_gmt":"2020-07-06T02:07:47","slug":"dirigente-do-atletico-cita-estadio-e-tragedia-no-ninho-para-atacar-o-flamengo","status":"publish","type":"post","link":"https:\/\/www.gaveanews.com\/index.php\/2020\/07\/06\/dirigente-do-atletico-cita-estadio-e-tragedia-no-ninho-para-atacar-o-flamengo\/","title":{"rendered":"Dirigente do Atl\u00e9tico cita est\u00e1dio e trag\u00e9dia no Ninho para atacar o Flamengo"},"content":{"rendered":"\n<p>Sempre ativo nas redes sociais, o vice-presidente do Atl\u00e9tico, L\u00e1saro C\u00e2ndido da Cunha utilizou seu Twitter neste domingo, 5, para opinar a respeito da Medida Provis\u00f3ria (MP) 984, assinada pelo presidente Jair Bolsonaro que d\u00e1 aos mandantes dos jogos o poder de negociarem os direitos de transmiss\u00e3o.<\/p>\n\n\n\n<p>L\u00e1saro se manifestou contr\u00e1rio a atitude do Flamengo, o qual ele considera ter tido uma postura bastante individualista. Para o dirigente alvinegro, o futebol brasileiro precisa caminhar de forma coletiva.<\/p>\n\n\n\n<p>\u201cAqueles que festejam a quebra dos contratos de transmiss\u00e3o do futebol, alicer\u00e7ados numa Medida Provis\u00f3ria (984), editada para atender aspira\u00e7\u00f5es de um clube que n\u00e3o \u00e9 capaz de pensar al\u00e9m do seu \u2018umbigo\u2019, talvez n\u00e3o saibam o impacto negativo que essa inseguran\u00e7a contratual pode produzir\u201d, escreveu o dirigente.<\/p>\n\n\n\n<p>\u201cA uni\u00e3o dos clubes do nosso futebol passa pela altera\u00e7\u00e3o do modelo de negocia\u00e7\u00e3o individual para a negocia\u00e7\u00e3o coletiva dos direitos das competi\u00e7\u00f5es, com fixa\u00e7\u00e3o de um padr\u00e3o razo\u00e1vel de equil\u00edbrio entre os valores do rateio. A lei pode ajudar para impor negocia\u00e7\u00e3o pela entidade dos clubes\u201d, completou.<\/p>\n\n\n\n<p>Depois de opinar sobre a MP, L\u00e1saro passou a ser alvo de alguns torcedores flamenguistas.<\/p>\n\n\n\n<p>\u2013 Os clubes tem o direito de fechar seus jogos onde eles quiserem. Flamengo vai dar um baile em voc\u00eas (sic)\u201d .<\/p>\n\n\n\n<p>\u201cConstr\u00f3i est\u00e1dio primeiro, paguem as indeniza\u00e7\u00f5es \u00e0s fam\u00edlias dos meninos mortos, resolvam as quest\u00f5es penais da\u00ed decorrentes e depois conversaremos\u201d, respondeu L\u00e1saro relembrando o epis\u00f3dio conhecido como a \u2018Trag\u00e9dia do Ninho, onde garotos da base rubro-negra morreram queimados, em 2019.<\/p>\n\n\n\n<p>Retirado de: Torcedores<\/p>\n","protected":false},"excerpt":{"rendered":"<p>Sempre ativo nas redes sociais, o vice-presidente do Atl\u00e9tico, L\u00e1saro C\u00e2ndido da Cunha utilizou seu Twitter neste domingo, 5, para opinar a respeito da Medida Provis\u00f3ria (MP) 984, assinada pelo presidente Jair Bolsonaro que d\u00e1 aos mandantes dos jogos o poder de negociarem os direitos de transmiss\u00e3o. L\u00e1saro se manifestou contr\u00e1rio a atitude do Flamengo, [&hellip;]<\/p>\n","protected":false},"author":1,"featured_media":15184,"comment_status":"open","ping_status":"closed","sticky":false,"template":"","format":"standard","meta":{"footnotes":""},"categories":[47],"tags":[],"class_list":["post-42981","post","type-post","status-publish","format-standard","has-post-thumbnail","hentry","category-destaques"],"yoast_head":"<!-- This site is optimized with the Yoast SEO Premium plugin v24.2 (Yoast SEO v26.9) - https:\/\/yoast.com\/product\/yoast-seo-premium-wordpress\/ -->\n<title>VP do Atl\u00e9tico cita est\u00e1dio e trag\u00e9dia no Ninho para atacar o Flamengo<\/title>\n<meta name=\"description\" content=\"Atrav\u00e9s das redes sociais, L\u00e1saro se manifestou contr\u00e1rio a atitude do Flamengo, o qual ele considera ter tido uma postura bastante individualista.\" \/>\n<meta name=\"robots\" content=\"index, follow, max-snippet:-1, max-image-preview:large, max-video-preview:-1\" \/>\n<link rel=\"canonical\" href=\"https:\/\/www.gaveanews.com\/index.php\/2020\/07\/06\/dirigente-do-atletico-cita-estadio-e-tragedia-no-ninho-para-atacar-o-flamengo\/\" \/>\n<meta property=\"og:locale\" content=\"pt_BR\" \/>\n<meta property=\"og:type\" content=\"article\" \/>\n<meta property=\"og:title\" content=\"Dirigente do Atl\u00e9tico cita est\u00e1dio e trag\u00e9dia no Ninho para atacar o Flamengo\" \/>\n<meta property=\"og:description\" content=\"Atrav\u00e9s das redes sociais, L\u00e1saro se manifestou contr\u00e1rio a atitude do Flamengo, o qual ele considera ter tido uma postura bastante individualista.\" \/>\n<meta property=\"og:url\" content=\"https:\/\/www.gaveanews.com\/index.php\/2020\/07\/06\/dirigente-do-atletico-cita-estadio-e-tragedia-no-ninho-para-atacar-o-flamengo\/\" \/>\n<meta property=\"og:site_name\" content=\"G\u00e1vea News\" \/>\n<meta property=\"article:publisher\" content=\"https:\/\/facebook.com\/gaveaNews\/\" \/>\n<meta property=\"article:published_time\" content=\"2020-07-06T04:00:00+00:00\" \/>\n<meta property=\"og:image\" content=\"https:\/\/www.gaveanews.com\/wp-content\/uploads\/2019\/03\/Entrada-do-Ninho-do-Urubu.webp\" \/>\n\t<meta property=\"og:image:width\" content=\"846\" \/>\n\t<meta property=\"og:image:height\" content=\"564\" \/>\n\t<meta property=\"og:image:type\" content=\"image\/jpeg\" \/>\n<meta name=\"author\" content=\"Equipe G\u00e1vea News\" \/>\n<meta name=\"twitter:card\" content=\"summary_large_image\" \/>\n<meta name=\"twitter:label1\" content=\"Escrito por\" \/>\n\t<meta name=\"twitter:data1\" content=\"Equipe G\u00e1vea News\" \/>\n\t<meta name=\"twitter:label2\" content=\"Est. tempo de leitura\" \/>\n\t<meta name=\"twitter:data2\" content=\"1 minuto\" \/>\n<script type=\"application\/ld+json\" class=\"yoast-schema-graph\">{\"@context\":\"https:\/\/schema.org\",\"@graph\":[{\"@type\":\"NewsArticle\",\"@id\":\"https:\/\/www.gaveanews.com\/index.php\/2020\/07\/06\/dirigente-do-atletico-cita-estadio-e-tragedia-no-ninho-para-atacar-o-flamengo\/#article\",\"isPartOf\":{\"@id\":\"https:\/\/www.gaveanews.com\/index.php\/2020\/07\/06\/dirigente-do-atletico-cita-estadio-e-tragedia-no-ninho-para-atacar-o-flamengo\/\"},\"author\":{\"name\":\"Equipe G\u00e1vea News\",\"@id\":\"https:\/\/www.gaveanews.com\/#\/schema\/person\/2ec14f73fb96be2caf28f91afb14749d\"},\"headline\":\"Dirigente do Atl\u00e9tico cita est\u00e1dio e trag\u00e9dia no Ninho para atacar o Flamengo\",\"datePublished\":\"2020-07-06T04:00:00+00:00\",\"mainEntityOfPage\":{\"@id\":\"https:\/\/www.gaveanews.com\/index.php\/2020\/07\/06\/dirigente-do-atletico-cita-estadio-e-tragedia-no-ninho-para-atacar-o-flamengo\/\"},\"wordCount\":297,\"commentCount\":27,\"image\":{\"@id\":\"https:\/\/www.gaveanews.com\/index.php\/2020\/07\/06\/dirigente-do-atletico-cita-estadio-e-tragedia-no-ninho-para-atacar-o-flamengo\/#primaryimage\"},\"thumbnailUrl\":\"https:\/\/www.gaveanews.com\/wp-content\/uploads\/2019\/03\/Entrada-do-Ninho-do-Urubu.webp\",\"articleSection\":[\"Destaques\"],\"inLanguage\":\"pt-BR\",\"potentialAction\":[{\"@type\":\"CommentAction\",\"name\":\"Comment\",\"target\":[\"https:\/\/www.gaveanews.com\/index.php\/2020\/07\/06\/dirigente-do-atletico-cita-estadio-e-tragedia-no-ninho-para-atacar-o-flamengo\/#respond\"]}],\"copyrightYear\":\"2020\",\"copyrightHolder\":{\"@id\":\"https:\/\/www.gaveanews.com\/#organization\"}},{\"@type\":\"WebPage\",\"@id\":\"https:\/\/www.gaveanews.com\/index.php\/2020\/07\/06\/dirigente-do-atletico-cita-estadio-e-tragedia-no-ninho-para-atacar-o-flamengo\/\",\"url\":\"https:\/\/www.gaveanews.com\/index.php\/2020\/07\/06\/dirigente-do-atletico-cita-estadio-e-tragedia-no-ninho-para-atacar-o-flamengo\/\",\"name\":\"VP do Atl\u00e9tico cita est\u00e1dio e trag\u00e9dia no Ninho para atacar o Flamengo\",\"isPartOf\":{\"@id\":\"https:\/\/www.gaveanews.com\/#website\"},\"primaryImageOfPage\":{\"@id\":\"https:\/\/www.gaveanews.com\/index.php\/2020\/07\/06\/dirigente-do-atletico-cita-estadio-e-tragedia-no-ninho-para-atacar-o-flamengo\/#primaryimage\"},\"image\":{\"@id\":\"https:\/\/www.gaveanews.com\/index.php\/2020\/07\/06\/dirigente-do-atletico-cita-estadio-e-tragedia-no-ninho-para-atacar-o-flamengo\/#primaryimage\"},\"thumbnailUrl\":\"https:\/\/www.gaveanews.com\/wp-content\/uploads\/2019\/03\/Entrada-do-Ninho-do-Urubu.webp\",\"datePublished\":\"2020-07-06T04:00:00+00:00\",\"author\":{\"@id\":\"https:\/\/www.gaveanews.com\/#\/schema\/person\/2ec14f73fb96be2caf28f91afb14749d\"},\"description\":\"Atrav\u00e9s das redes sociais, L\u00e1saro se manifestou contr\u00e1rio a atitude do Flamengo, o qual ele considera ter tido uma postura bastante individualista.\",\"breadcrumb\":{\"@id\":\"https:\/\/www.gaveanews.com\/index.php\/2020\/07\/06\/dirigente-do-atletico-cita-estadio-e-tragedia-no-ninho-para-atacar-o-flamengo\/#breadcrumb\"},\"inLanguage\":\"pt-BR\",\"potentialAction\":[{\"@type\":\"ReadAction\",\"target\":[\"https:\/\/www.gaveanews.com\/index.php\/2020\/07\/06\/dirigente-do-atletico-cita-estadio-e-tragedia-no-ninho-para-atacar-o-flamengo\/\"]}]},{\"@type\":\"ImageObject\",\"inLanguage\":\"pt-BR\",\"@id\":\"https:\/\/www.gaveanews.com\/index.php\/2020\/07\/06\/dirigente-do-atletico-cita-estadio-e-tragedia-no-ninho-para-atacar-o-flamengo\/#primaryimage\",\"url\":\"https:\/\/www.gaveanews.com\/wp-content\/uploads\/2019\/03\/Entrada-do-Ninho-do-Urubu.webp\",\"contentUrl\":\"https:\/\/www.gaveanews.com\/wp-content\/uploads\/2019\/03\/Entrada-do-Ninho-do-Urubu.webp\",\"width\":846,\"height\":564,\"caption\":\"Entrada do Ninho do Urubu (Foto: Gilvan de Souza\/Flamengo)\"},{\"@type\":\"BreadcrumbList\",\"@id\":\"https:\/\/www.gaveanews.com\/index.php\/2020\/07\/06\/dirigente-do-atletico-cita-estadio-e-tragedia-no-ninho-para-atacar-o-flamengo\/#breadcrumb\",\"itemListElement\":[{\"@type\":\"ListItem\",\"position\":1,\"name\":\"Home\",\"item\":\"https:\/\/www.gaveanews.com\/\"},{\"@type\":\"ListItem\",\"position\":2,\"name\":\"Dirigente do Atl\u00e9tico cita est\u00e1dio e trag\u00e9dia no Ninho para atacar o Flamengo\"}]},{\"@type\":\"WebSite\",\"@id\":\"https:\/\/www.gaveanews.com\/#website\",\"url\":\"https:\/\/www.gaveanews.com\/\",\"name\":\"G\u00e1vea News\",\"description\":\"Veja todas as not\u00edcias sobre o Flamengo: Contrata\u00e7\u00f5es, categorias de base, resultados das partidas, tabela de classifica\u00e7\u00e3o, pr\u00f3ximos jogos!\",\"potentialAction\":[{\"@type\":\"SearchAction\",\"target\":{\"@type\":\"EntryPoint\",\"urlTemplate\":\"https:\/\/www.gaveanews.com\/?s={search_term_string}\"},\"query-input\":{\"@type\":\"PropertyValueSpecification\",\"valueRequired\":true,\"valueName\":\"search_term_string\"}}],\"inLanguage\":\"pt-BR\"},{\"@type\":\"Person\",\"@id\":\"https:\/\/www.gaveanews.com\/#\/schema\/person\/2ec14f73fb96be2caf28f91afb14749d\",\"name\":\"Equipe G\u00e1vea News\",\"image\":{\"@type\":\"ImageObject\",\"inLanguage\":\"pt-BR\",\"@id\":\"https:\/\/www.gaveanews.com\/#\/schema\/person\/image\/\",\"url\":\"https:\/\/secure.gravatar.com\/avatar\/1e1956f1facbffd3f8fa53a326721950116b3b9dc9bd44939c01180fd4a745a9?s=96&d=mm&r=g\",\"contentUrl\":\"https:\/\/secure.gravatar.com\/avatar\/1e1956f1facbffd3f8fa53a326721950116b3b9dc9bd44939c01180fd4a745a9?s=96&d=mm&r=g\",\"caption\":\"Equipe G\u00e1vea News\"}}]}<\/script>\n<!-- \/ Yoast SEO Premium plugin. -->","yoast_head_json":{"title":"VP do Atl\u00e9tico cita est\u00e1dio e trag\u00e9dia no Ninho para atacar o Flamengo","description":"Atrav\u00e9s das redes sociais, L\u00e1saro se manifestou contr\u00e1rio a atitude do Flamengo, o qual ele considera ter tido uma postura bastante individualista.","robots":{"index":"index","follow":"follow","max-snippet":"max-snippet:-1","max-image-preview":"max-image-preview:large","max-video-preview":"max-video-preview:-1"},"canonical":"https:\/\/www.gaveanews.com\/index.php\/2020\/07\/06\/dirigente-do-atletico-cita-estadio-e-tragedia-no-ninho-para-atacar-o-flamengo\/","og_locale":"pt_BR","og_type":"article","og_title":"Dirigente do Atl\u00e9tico cita est\u00e1dio e trag\u00e9dia no Ninho para atacar o Flamengo","og_description":"Atrav\u00e9s das redes sociais, L\u00e1saro se manifestou contr\u00e1rio a atitude do Flamengo, o qual ele considera ter tido uma postura bastante individualista.","og_url":"https:\/\/www.gaveanews.com\/index.php\/2020\/07\/06\/dirigente-do-atletico-cita-estadio-e-tragedia-no-ninho-para-atacar-o-flamengo\/","og_site_name":"G\u00e1vea News","article_publisher":"https:\/\/facebook.com\/gaveaNews\/","article_published_time":"2020-07-06T04:00:00+00:00","og_image":[{"width":846,"height":564,"url":"https:\/\/www.gaveanews.com\/wp-content\/uploads\/2019\/03\/Entrada-do-Ninho-do-Urubu.webp","type":"image\/jpeg"}],"author":"Equipe G\u00e1vea News","twitter_card":"summary_large_image","twitter_misc":{"Escrito por":"Equipe G\u00e1vea News","Est. tempo de leitura":"1 minuto"},"schema":{"@context":"https:\/\/schema.org","@graph":[{"@type":"NewsArticle","@id":"https:\/\/www.gaveanews.com\/index.php\/2020\/07\/06\/dirigente-do-atletico-cita-estadio-e-tragedia-no-ninho-para-atacar-o-flamengo\/#article","isPartOf":{"@id":"https:\/\/www.gaveanews.com\/index.php\/2020\/07\/06\/dirigente-do-atletico-cita-estadio-e-tragedia-no-ninho-para-atacar-o-flamengo\/"},"author":{"name":"Equipe G\u00e1vea News","@id":"https:\/\/www.gaveanews.com\/#\/schema\/person\/2ec14f73fb96be2caf28f91afb14749d"},"headline":"Dirigente do Atl\u00e9tico cita est\u00e1dio e trag\u00e9dia no Ninho para atacar o Flamengo","datePublished":"2020-07-06T04:00:00+00:00","mainEntityOfPage":{"@id":"https:\/\/www.gaveanews.com\/index.php\/2020\/07\/06\/dirigente-do-atletico-cita-estadio-e-tragedia-no-ninho-para-atacar-o-flamengo\/"},"wordCount":297,"commentCount":27,"image":{"@id":"https:\/\/www.gaveanews.com\/index.php\/2020\/07\/06\/dirigente-do-atletico-cita-estadio-e-tragedia-no-ninho-para-atacar-o-flamengo\/#primaryimage"},"thumbnailUrl":"https:\/\/www.gaveanews.com\/wp-content\/uploads\/2019\/03\/Entrada-do-Ninho-do-Urubu.webp","articleSection":["Destaques"],"inLanguage":"pt-BR","potentialAction":[{"@type":"CommentAction","name":"Comment","target":["https:\/\/www.gaveanews.com\/index.php\/2020\/07\/06\/dirigente-do-atletico-cita-estadio-e-tragedia-no-ninho-para-atacar-o-flamengo\/#respond"]}],"copyrightYear":"2020","copyrightHolder":{"@id":"https:\/\/www.gaveanews.com\/#organization"}},{"@type":"WebPage","@id":"https:\/\/www.gaveanews.com\/index.php\/2020\/07\/06\/dirigente-do-atletico-cita-estadio-e-tragedia-no-ninho-para-atacar-o-flamengo\/","url":"https:\/\/www.gaveanews.com\/index.php\/2020\/07\/06\/dirigente-do-atletico-cita-estadio-e-tragedia-no-ninho-para-atacar-o-flamengo\/","name":"VP do Atl\u00e9tico cita est\u00e1dio e trag\u00e9dia no Ninho para atacar o Flamengo","isPartOf":{"@id":"https:\/\/www.gaveanews.com\/#website"},"primaryImageOfPage":{"@id":"https:\/\/www.gaveanews.com\/index.php\/2020\/07\/06\/dirigente-do-atletico-cita-estadio-e-tragedia-no-ninho-para-atacar-o-flamengo\/#primaryimage"},"image":{"@id":"https:\/\/www.gaveanews.com\/index.php\/2020\/07\/06\/dirigente-do-atletico-cita-estadio-e-tragedia-no-ninho-para-atacar-o-flamengo\/#primaryimage"},"thumbnailUrl":"https:\/\/www.gaveanews.com\/wp-content\/uploads\/2019\/03\/Entrada-do-Ninho-do-Urubu.webp","datePublished":"2020-07-06T04:00:00+00:00","author":{"@id":"https:\/\/www.gaveanews.com\/#\/schema\/person\/2ec14f73fb96be2caf28f91afb14749d"},"description":"Atrav\u00e9s das redes sociais, L\u00e1saro se manifestou contr\u00e1rio a atitude do Flamengo, o qual ele considera ter tido uma postura bastante individualista.","breadcrumb":{"@id":"https:\/\/www.gaveanews.com\/index.php\/2020\/07\/06\/dirigente-do-atletico-cita-estadio-e-tragedia-no-ninho-para-atacar-o-flamengo\/#breadcrumb"},"inLanguage":"pt-BR","potentialAction":[{"@type":"ReadAction","target":["https:\/\/www.gaveanews.com\/index.php\/2020\/07\/06\/dirigente-do-atletico-cita-estadio-e-tragedia-no-ninho-para-atacar-o-flamengo\/"]}]},{"@type":"ImageObject","inLanguage":"pt-BR","@id":"https:\/\/www.gaveanews.com\/index.php\/2020\/07\/06\/dirigente-do-atletico-cita-estadio-e-tragedia-no-ninho-para-atacar-o-flamengo\/#primaryimage","url":"https:\/\/www.gaveanews.com\/wp-content\/uploads\/2019\/03\/Entrada-do-Ninho-do-Urubu.webp","contentUrl":"https:\/\/www.gaveanews.com\/wp-content\/uploads\/2019\/03\/Entrada-do-Ninho-do-Urubu.webp","width":846,"height":564,"caption":"Entrada do Ninho do Urubu (Foto: Gilvan de Souza\/Flamengo)"},{"@type":"BreadcrumbList","@id":"https:\/\/www.gaveanews.com\/index.php\/2020\/07\/06\/dirigente-do-atletico-cita-estadio-e-tragedia-no-ninho-para-atacar-o-flamengo\/#breadcrumb","itemListElement":[{"@type":"ListItem","position":1,"name":"Home","item":"https:\/\/www.gaveanews.com\/"},{"@type":"ListItem","position":2,"name":"Dirigente do Atl\u00e9tico cita est\u00e1dio e trag\u00e9dia no Ninho para atacar o Flamengo"}]},{"@type":"WebSite","@id":"https:\/\/www.gaveanews.com\/#website","url":"https:\/\/www.gaveanews.com\/","name":"G\u00e1vea News","description":"Veja todas as not\u00edcias sobre o Flamengo: Contrata\u00e7\u00f5es, categorias de base, resultados das partidas, tabela de classifica\u00e7\u00e3o, pr\u00f3ximos jogos!","potentialAction":[{"@type":"SearchAction","target":{"@type":"EntryPoint","urlTemplate":"https:\/\/www.gaveanews.com\/?s={search_term_string}"},"query-input":{"@type":"PropertyValueSpecification","valueRequired":true,"valueName":"search_term_string"}}],"inLanguage":"pt-BR"},{"@type":"Person","@id":"https:\/\/www.gaveanews.com\/#\/schema\/person\/2ec14f73fb96be2caf28f91afb14749d","name":"Equipe G\u00e1vea News","image":{"@type":"ImageObject","inLanguage":"pt-BR","@id":"https:\/\/www.gaveanews.com\/#\/schema\/person\/image\/","url":"https:\/\/secure.gravatar.com\/avatar\/1e1956f1facbffd3f8fa53a326721950116b3b9dc9bd44939c01180fd4a745a9?s=96&d=mm&r=g","contentUrl":"https:\/\/secure.gravatar.com\/avatar\/1e1956f1facbffd3f8fa53a326721950116b3b9dc9bd44939c01180fd4a745a9?s=96&d=mm&r=g","caption":"Equipe G\u00e1vea News"}}]}},"_links":{"self":[{"href":"https:\/\/www.gaveanews.com\/index.php\/wp-json\/wp\/v2\/posts\/42981","targetHints":{"allow":["GET"]}}],"collection":[{"href":"https:\/\/www.gaveanews.com\/index.php\/wp-json\/wp\/v2\/posts"}],"about":[{"href":"https:\/\/www.gaveanews.com\/index.php\/wp-json\/wp\/v2\/types\/post"}],"author":[{"embeddable":true,"href":"https:\/\/www.gaveanews.com\/index.php\/wp-json\/wp\/v2\/users\/1"}],"replies":[{"embeddable":true,"href":"https:\/\/www.gaveanews.com\/index.php\/wp-json\/wp\/v2\/comments?post=42981"}],"version-history":[{"count":0,"href":"https:\/\/www.gaveanews.com\/index.php\/wp-json\/wp\/v2\/posts\/42981\/revisions"}],"wp:featuredmedia":[{"embeddable":true,"href":"https:\/\/www.gaveanews.com\/index.php\/wp-json\/wp\/v2\/media\/15184"}],"wp:attachment":[{"href":"https:\/\/www.gaveanews.com\/index.php\/wp-json\/wp\/v2\/media?parent=42981"}],"wp:term":[{"taxonomy":"category","embeddable":true,"href":"https:\/\/www.gaveanews.com\/index.php\/wp-json\/wp\/v2\/categories?post=42981"},{"taxonomy":"post_tag","embeddable":true,"href":"https:\/\/www.gaveanews.com\/index.php\/wp-json\/wp\/v2\/tags?post=42981"}],"curies":[{"name":"wp","href":"https:\/\/api.w.org\/{rel}","templated":true}]}}