{"id":43052,"date":"2020-07-06T23:30:00","date_gmt":"2020-07-07T02:30:00","guid":{"rendered":"https:\/\/www.gaveanews.com\/?p=43052"},"modified":"2020-07-06T22:46:35","modified_gmt":"2020-07-07T01:46:35","slug":"cbf-emite-nota-oficial-sobre-o-retorno-do-campeonato-brasileiro","status":"publish","type":"post","link":"https:\/\/www.gaveanews.com\/index.php\/2020\/07\/06\/cbf-emite-nota-oficial-sobre-o-retorno-do-campeonato-brasileiro\/","title":{"rendered":"CBF emite nota oficial sobre o retorno do Campeonato Brasileiro"},"content":{"rendered":"\n<p>Horas ap\u00f3s o governador de S\u00e3o Paulo, Jo\u00e3o Doria (PSDB), afirmar que seu governo n\u00e3o foi consultado sobre o in\u00edcio programado do Campeonato Brasileiro em 9 de agosto, a CBF respondeu em nota oficial. A entidade assegurou que os clubes paulistas concordam inclusive em mudar o local de suas partidas, se necess\u00e1rio.<\/p>\n\n\n\n<p>Em seu comunicado, a CBF afirma que &#8220;para preservar estas datas [8 e 9 de agosto], os clubes concordaram em jogar fora de seus dom\u00ednios, transferindo o seu mando de campo para outra cidade ou estado caso o seu local de jogo n\u00e3o esteja liberado nas datas de in\u00edcio das competi\u00e7\u00f5es&#8221;. Segundo a entidade, tal decis\u00e3o contou com o apoio de 19 dos 20 clubes do Brasileir\u00e3o, &#8220;incluindo todos os de S\u00e3o Paulo&#8221; \u2014 no caso Bragantino, Corinthians , Palmeiras , Santos e S\u00e3o Paulo .<\/p>\n\n\n\n<p>Mais cedo, em entrevista coletiva, Doria afirmou que a retomada de eventos esportivos requer uma situa\u00e7\u00e3o menos desfavor\u00e1vel em meio \u00e0 pandemia do novo coronav\u00edrus . S\u00e3o Paulo \u00e9 o estado brasileiro mais afetado pela covid-19, somando 323.070 casos oficiais e 16.134 \u00f3bitos causados em decorr\u00eancia da doen\u00e7a.<\/p>\n\n\n\n<p>&#8220;N\u00e3o houve consulta pr\u00e9via ao governo do estado de S\u00e3o Paulo, mas temos um bom entendimento com a Federa\u00e7\u00e3o Paulista (de Futebol ). Para realizar esse entendimento, dependemos da manifesta\u00e7\u00e3o do comit\u00ea de sa\u00fade do Centro de Conting\u00eancia do Covid-19, que tem um relator espec\u00edfico para o tema do futebol&#8221;, afirmou o governador paulista mais cedo.<\/p>\n\n\n\n<h2 class=\"wp-block-heading\">Confira a nota oficial da CBF:<\/h2>\n\n\n\n<p><em>A respeito da declara\u00e7\u00e3o do Governador de S\u00e3o Paulo, Jo\u00e3o Doria, em coletiva nesta segunda-feira, 6, sobre o Campeonato Brasileiro, a CBF afirma que:<\/em><\/p>\n\n\n\n<p><em>1 &#8211; Os clubes de S\u00e3o Paulo aprovaram, em reuni\u00e3o no dia 25 de junho, com a presen\u00e7a dos 40 clubes das S\u00e9ries A e B, as datas de 9 de agosto para o in\u00edcio da S\u00e9rie A do Campeonato Brasileiro e 8 de agosto para in\u00edcio da S\u00e9rie B.<\/em><\/p>\n\n\n\n<p><em>2 &#8211; Para preservar estas datas, os clubes concordaram em jogar fora de seus dom\u00ednios, transferindo o seu mando de campo para outra cidade ou estado caso o seu local de jogo n\u00e3o esteja liberado nas datas de in\u00edcio das competi\u00e7\u00f5es. Essa decis\u00e3o foi tomada em vota\u00e7\u00e3o que contou com o apoio de 19 clubes da S\u00e9rie A, incluindo todos os de S\u00e3o Paulo.<\/em><\/p>\n\n\n\n<p><em>3 &#8211; Os clubes de S\u00e3o Paulo disputantes do Campeonato Brasileiro da S\u00e9rie A reafirmaram sua posi\u00e7\u00e3o em contato com a CBF, nesta segunda-feira, 6. A CBF e a Federa\u00e7\u00e3o Paulista de Futebol (FPF) est\u00e3o em permanente sintonia em rela\u00e7\u00e3o aos temas de interesse do futebol brasileiro.<\/em><\/p>\n\n\n\n<p>Retirado de: UOL<\/p>\n","protected":false},"excerpt":{"rendered":"<p>Horas ap\u00f3s o governador de S\u00e3o Paulo, Jo\u00e3o Doria (PSDB), afirmar que seu governo n\u00e3o foi consultado sobre o in\u00edcio programado do Campeonato Brasileiro em 9 de agosto, a CBF respondeu em nota oficial. A entidade assegurou que os clubes paulistas concordam inclusive em mudar o local de suas partidas, se necess\u00e1rio. Em seu comunicado, [&hellip;]<\/p>\n","protected":false},"author":1,"featured_media":16271,"comment_status":"open","ping_status":"closed","sticky":false,"template":"","format":"standard","meta":{"footnotes":""},"categories":[47],"tags":[],"class_list":["post-43052","post","type-post","status-publish","format-standard","has-post-thumbnail","hentry","category-destaques"],"yoast_head":"<!-- This site is optimized with the Yoast SEO Premium plugin v24.2 (Yoast SEO v26.9) - https:\/\/yoast.com\/product\/yoast-seo-premium-wordpress\/ -->\n<title>CBF emite nota oficial sobre o retorno do Campeonato Brasileiro<\/title>\n<meta name=\"robots\" content=\"index, follow, max-snippet:-1, max-image-preview:large, max-video-preview:-1\" \/>\n<link rel=\"canonical\" href=\"https:\/\/www.gaveanews.com\/index.php\/2020\/07\/06\/cbf-emite-nota-oficial-sobre-o-retorno-do-campeonato-brasileiro\/\" \/>\n<meta property=\"og:locale\" content=\"pt_BR\" \/>\n<meta property=\"og:type\" content=\"article\" \/>\n<meta property=\"og:title\" content=\"CBF emite nota oficial sobre o retorno do Campeonato Brasileiro\" \/>\n<meta property=\"og:description\" content=\"Horas ap\u00f3s o governador de S\u00e3o Paulo, Jo\u00e3o Doria (PSDB), afirmar que seu governo n\u00e3o foi consultado sobre o in\u00edcio programado do Campeonato Brasileiro em 9 de agosto, a CBF respondeu em nota oficial. A entidade assegurou que os clubes paulistas concordam inclusive em mudar o local de suas partidas, se necess\u00e1rio. Em seu comunicado, [&hellip;]\" \/>\n<meta property=\"og:url\" content=\"https:\/\/www.gaveanews.com\/index.php\/2020\/07\/06\/cbf-emite-nota-oficial-sobre-o-retorno-do-campeonato-brasileiro\/\" \/>\n<meta property=\"og:site_name\" content=\"G\u00e1vea News\" \/>\n<meta property=\"article:publisher\" content=\"https:\/\/facebook.com\/gaveaNews\/\" \/>\n<meta property=\"article:published_time\" content=\"2020-07-07T02:30:00+00:00\" \/>\n<meta property=\"og:image\" content=\"https:\/\/www.gaveanews.com\/wp-content\/uploads\/2019\/02\/Sede-da-CBF-no-Rio-de-Janeiro.webp\" \/>\n\t<meta property=\"og:image:width\" content=\"690\" \/>\n\t<meta property=\"og:image:height\" content=\"518\" \/>\n\t<meta property=\"og:image:type\" content=\"image\/jpeg\" \/>\n<meta name=\"author\" content=\"Equipe G\u00e1vea News\" \/>\n<meta name=\"twitter:card\" content=\"summary_large_image\" \/>\n<meta name=\"twitter:label1\" content=\"Escrito por\" \/>\n\t<meta name=\"twitter:data1\" content=\"Equipe G\u00e1vea News\" \/>\n\t<meta name=\"twitter:label2\" content=\"Est. tempo de leitura\" \/>\n\t<meta name=\"twitter:data2\" content=\"2 minutos\" \/>\n<script type=\"application\/ld+json\" class=\"yoast-schema-graph\">{\"@context\":\"https:\/\/schema.org\",\"@graph\":[{\"@type\":\"NewsArticle\",\"@id\":\"https:\/\/www.gaveanews.com\/index.php\/2020\/07\/06\/cbf-emite-nota-oficial-sobre-o-retorno-do-campeonato-brasileiro\/#article\",\"isPartOf\":{\"@id\":\"https:\/\/www.gaveanews.com\/index.php\/2020\/07\/06\/cbf-emite-nota-oficial-sobre-o-retorno-do-campeonato-brasileiro\/\"},\"author\":{\"name\":\"Equipe G\u00e1vea News\",\"@id\":\"https:\/\/www.gaveanews.com\/#\/schema\/person\/2ec14f73fb96be2caf28f91afb14749d\"},\"headline\":\"CBF emite nota oficial sobre o retorno do Campeonato Brasileiro\",\"datePublished\":\"2020-07-07T02:30:00+00:00\",\"mainEntityOfPage\":{\"@id\":\"https:\/\/www.gaveanews.com\/index.php\/2020\/07\/06\/cbf-emite-nota-oficial-sobre-o-retorno-do-campeonato-brasileiro\/\"},\"wordCount\":474,\"commentCount\":6,\"image\":{\"@id\":\"https:\/\/www.gaveanews.com\/index.php\/2020\/07\/06\/cbf-emite-nota-oficial-sobre-o-retorno-do-campeonato-brasileiro\/#primaryimage\"},\"thumbnailUrl\":\"https:\/\/www.gaveanews.com\/wp-content\/uploads\/2019\/02\/Sede-da-CBF-no-Rio-de-Janeiro.webp\",\"articleSection\":[\"Destaques\"],\"inLanguage\":\"pt-BR\",\"potentialAction\":[{\"@type\":\"CommentAction\",\"name\":\"Comment\",\"target\":[\"https:\/\/www.gaveanews.com\/index.php\/2020\/07\/06\/cbf-emite-nota-oficial-sobre-o-retorno-do-campeonato-brasileiro\/#respond\"]}],\"copyrightYear\":\"2020\",\"copyrightHolder\":{\"@id\":\"https:\/\/www.gaveanews.com\/#organization\"}},{\"@type\":\"WebPage\",\"@id\":\"https:\/\/www.gaveanews.com\/index.php\/2020\/07\/06\/cbf-emite-nota-oficial-sobre-o-retorno-do-campeonato-brasileiro\/\",\"url\":\"https:\/\/www.gaveanews.com\/index.php\/2020\/07\/06\/cbf-emite-nota-oficial-sobre-o-retorno-do-campeonato-brasileiro\/\",\"name\":\"CBF emite nota oficial sobre o retorno do Campeonato Brasileiro\",\"isPartOf\":{\"@id\":\"https:\/\/www.gaveanews.com\/#website\"},\"primaryImageOfPage\":{\"@id\":\"https:\/\/www.gaveanews.com\/index.php\/2020\/07\/06\/cbf-emite-nota-oficial-sobre-o-retorno-do-campeonato-brasileiro\/#primaryimage\"},\"image\":{\"@id\":\"https:\/\/www.gaveanews.com\/index.php\/2020\/07\/06\/cbf-emite-nota-oficial-sobre-o-retorno-do-campeonato-brasileiro\/#primaryimage\"},\"thumbnailUrl\":\"https:\/\/www.gaveanews.com\/wp-content\/uploads\/2019\/02\/Sede-da-CBF-no-Rio-de-Janeiro.webp\",\"datePublished\":\"2020-07-07T02:30:00+00:00\",\"author\":{\"@id\":\"https:\/\/www.gaveanews.com\/#\/schema\/person\/2ec14f73fb96be2caf28f91afb14749d\"},\"breadcrumb\":{\"@id\":\"https:\/\/www.gaveanews.com\/index.php\/2020\/07\/06\/cbf-emite-nota-oficial-sobre-o-retorno-do-campeonato-brasileiro\/#breadcrumb\"},\"inLanguage\":\"pt-BR\",\"potentialAction\":[{\"@type\":\"ReadAction\",\"target\":[\"https:\/\/www.gaveanews.com\/index.php\/2020\/07\/06\/cbf-emite-nota-oficial-sobre-o-retorno-do-campeonato-brasileiro\/\"]}]},{\"@type\":\"ImageObject\",\"inLanguage\":\"pt-BR\",\"@id\":\"https:\/\/www.gaveanews.com\/index.php\/2020\/07\/06\/cbf-emite-nota-oficial-sobre-o-retorno-do-campeonato-brasileiro\/#primaryimage\",\"url\":\"https:\/\/www.gaveanews.com\/wp-content\/uploads\/2019\/02\/Sede-da-CBF-no-Rio-de-Janeiro.webp\",\"contentUrl\":\"https:\/\/www.gaveanews.com\/wp-content\/uploads\/2019\/02\/Sede-da-CBF-no-Rio-de-Janeiro.webp\",\"width\":690,\"height\":518,\"caption\":\"Sede da CBF no Rio de Janeiro (Foto: Cah\u00ea Mota\/Globo Esporte)\"},{\"@type\":\"BreadcrumbList\",\"@id\":\"https:\/\/www.gaveanews.com\/index.php\/2020\/07\/06\/cbf-emite-nota-oficial-sobre-o-retorno-do-campeonato-brasileiro\/#breadcrumb\",\"itemListElement\":[{\"@type\":\"ListItem\",\"position\":1,\"name\":\"Home\",\"item\":\"https:\/\/www.gaveanews.com\/\"},{\"@type\":\"ListItem\",\"position\":2,\"name\":\"CBF emite nota oficial sobre o retorno do Campeonato Brasileiro\"}]},{\"@type\":\"WebSite\",\"@id\":\"https:\/\/www.gaveanews.com\/#website\",\"url\":\"https:\/\/www.gaveanews.com\/\",\"name\":\"G\u00e1vea News\",\"description\":\"Veja todas as not\u00edcias sobre o Flamengo: Contrata\u00e7\u00f5es, categorias de base, resultados das partidas, tabela de classifica\u00e7\u00e3o, pr\u00f3ximos jogos!\",\"potentialAction\":[{\"@type\":\"SearchAction\",\"target\":{\"@type\":\"EntryPoint\",\"urlTemplate\":\"https:\/\/www.gaveanews.com\/?s={search_term_string}\"},\"query-input\":{\"@type\":\"PropertyValueSpecification\",\"valueRequired\":true,\"valueName\":\"search_term_string\"}}],\"inLanguage\":\"pt-BR\"},{\"@type\":\"Person\",\"@id\":\"https:\/\/www.gaveanews.com\/#\/schema\/person\/2ec14f73fb96be2caf28f91afb14749d\",\"name\":\"Equipe G\u00e1vea News\",\"image\":{\"@type\":\"ImageObject\",\"inLanguage\":\"pt-BR\",\"@id\":\"https:\/\/www.gaveanews.com\/#\/schema\/person\/image\/\",\"url\":\"https:\/\/secure.gravatar.com\/avatar\/1e1956f1facbffd3f8fa53a326721950116b3b9dc9bd44939c01180fd4a745a9?s=96&d=mm&r=g\",\"contentUrl\":\"https:\/\/secure.gravatar.com\/avatar\/1e1956f1facbffd3f8fa53a326721950116b3b9dc9bd44939c01180fd4a745a9?s=96&d=mm&r=g\",\"caption\":\"Equipe G\u00e1vea News\"}}]}<\/script>\n<!-- \/ Yoast SEO Premium plugin. -->","yoast_head_json":{"title":"CBF emite nota oficial sobre o retorno do Campeonato Brasileiro","robots":{"index":"index","follow":"follow","max-snippet":"max-snippet:-1","max-image-preview":"max-image-preview:large","max-video-preview":"max-video-preview:-1"},"canonical":"https:\/\/www.gaveanews.com\/index.php\/2020\/07\/06\/cbf-emite-nota-oficial-sobre-o-retorno-do-campeonato-brasileiro\/","og_locale":"pt_BR","og_type":"article","og_title":"CBF emite nota oficial sobre o retorno do Campeonato Brasileiro","og_description":"Horas ap\u00f3s o governador de S\u00e3o Paulo, Jo\u00e3o Doria (PSDB), afirmar que seu governo n\u00e3o foi consultado sobre o in\u00edcio programado do Campeonato Brasileiro em 9 de agosto, a CBF respondeu em nota oficial. A entidade assegurou que os clubes paulistas concordam inclusive em mudar o local de suas partidas, se necess\u00e1rio. Em seu comunicado, [&hellip;]","og_url":"https:\/\/www.gaveanews.com\/index.php\/2020\/07\/06\/cbf-emite-nota-oficial-sobre-o-retorno-do-campeonato-brasileiro\/","og_site_name":"G\u00e1vea News","article_publisher":"https:\/\/facebook.com\/gaveaNews\/","article_published_time":"2020-07-07T02:30:00+00:00","og_image":[{"width":690,"height":518,"url":"https:\/\/www.gaveanews.com\/wp-content\/uploads\/2019\/02\/Sede-da-CBF-no-Rio-de-Janeiro.webp","type":"image\/jpeg"}],"author":"Equipe G\u00e1vea News","twitter_card":"summary_large_image","twitter_misc":{"Escrito por":"Equipe G\u00e1vea News","Est. tempo de leitura":"2 minutos"},"schema":{"@context":"https:\/\/schema.org","@graph":[{"@type":"NewsArticle","@id":"https:\/\/www.gaveanews.com\/index.php\/2020\/07\/06\/cbf-emite-nota-oficial-sobre-o-retorno-do-campeonato-brasileiro\/#article","isPartOf":{"@id":"https:\/\/www.gaveanews.com\/index.php\/2020\/07\/06\/cbf-emite-nota-oficial-sobre-o-retorno-do-campeonato-brasileiro\/"},"author":{"name":"Equipe G\u00e1vea News","@id":"https:\/\/www.gaveanews.com\/#\/schema\/person\/2ec14f73fb96be2caf28f91afb14749d"},"headline":"CBF emite nota oficial sobre o retorno do Campeonato Brasileiro","datePublished":"2020-07-07T02:30:00+00:00","mainEntityOfPage":{"@id":"https:\/\/www.gaveanews.com\/index.php\/2020\/07\/06\/cbf-emite-nota-oficial-sobre-o-retorno-do-campeonato-brasileiro\/"},"wordCount":474,"commentCount":6,"image":{"@id":"https:\/\/www.gaveanews.com\/index.php\/2020\/07\/06\/cbf-emite-nota-oficial-sobre-o-retorno-do-campeonato-brasileiro\/#primaryimage"},"thumbnailUrl":"https:\/\/www.gaveanews.com\/wp-content\/uploads\/2019\/02\/Sede-da-CBF-no-Rio-de-Janeiro.webp","articleSection":["Destaques"],"inLanguage":"pt-BR","potentialAction":[{"@type":"CommentAction","name":"Comment","target":["https:\/\/www.gaveanews.com\/index.php\/2020\/07\/06\/cbf-emite-nota-oficial-sobre-o-retorno-do-campeonato-brasileiro\/#respond"]}],"copyrightYear":"2020","copyrightHolder":{"@id":"https:\/\/www.gaveanews.com\/#organization"}},{"@type":"WebPage","@id":"https:\/\/www.gaveanews.com\/index.php\/2020\/07\/06\/cbf-emite-nota-oficial-sobre-o-retorno-do-campeonato-brasileiro\/","url":"https:\/\/www.gaveanews.com\/index.php\/2020\/07\/06\/cbf-emite-nota-oficial-sobre-o-retorno-do-campeonato-brasileiro\/","name":"CBF emite nota oficial sobre o retorno do Campeonato Brasileiro","isPartOf":{"@id":"https:\/\/www.gaveanews.com\/#website"},"primaryImageOfPage":{"@id":"https:\/\/www.gaveanews.com\/index.php\/2020\/07\/06\/cbf-emite-nota-oficial-sobre-o-retorno-do-campeonato-brasileiro\/#primaryimage"},"image":{"@id":"https:\/\/www.gaveanews.com\/index.php\/2020\/07\/06\/cbf-emite-nota-oficial-sobre-o-retorno-do-campeonato-brasileiro\/#primaryimage"},"thumbnailUrl":"https:\/\/www.gaveanews.com\/wp-content\/uploads\/2019\/02\/Sede-da-CBF-no-Rio-de-Janeiro.webp","datePublished":"2020-07-07T02:30:00+00:00","author":{"@id":"https:\/\/www.gaveanews.com\/#\/schema\/person\/2ec14f73fb96be2caf28f91afb14749d"},"breadcrumb":{"@id":"https:\/\/www.gaveanews.com\/index.php\/2020\/07\/06\/cbf-emite-nota-oficial-sobre-o-retorno-do-campeonato-brasileiro\/#breadcrumb"},"inLanguage":"pt-BR","potentialAction":[{"@type":"ReadAction","target":["https:\/\/www.gaveanews.com\/index.php\/2020\/07\/06\/cbf-emite-nota-oficial-sobre-o-retorno-do-campeonato-brasileiro\/"]}]},{"@type":"ImageObject","inLanguage":"pt-BR","@id":"https:\/\/www.gaveanews.com\/index.php\/2020\/07\/06\/cbf-emite-nota-oficial-sobre-o-retorno-do-campeonato-brasileiro\/#primaryimage","url":"https:\/\/www.gaveanews.com\/wp-content\/uploads\/2019\/02\/Sede-da-CBF-no-Rio-de-Janeiro.webp","contentUrl":"https:\/\/www.gaveanews.com\/wp-content\/uploads\/2019\/02\/Sede-da-CBF-no-Rio-de-Janeiro.webp","width":690,"height":518,"caption":"Sede da CBF no Rio de Janeiro (Foto: Cah\u00ea Mota\/Globo Esporte)"},{"@type":"BreadcrumbList","@id":"https:\/\/www.gaveanews.com\/index.php\/2020\/07\/06\/cbf-emite-nota-oficial-sobre-o-retorno-do-campeonato-brasileiro\/#breadcrumb","itemListElement":[{"@type":"ListItem","position":1,"name":"Home","item":"https:\/\/www.gaveanews.com\/"},{"@type":"ListItem","position":2,"name":"CBF emite nota oficial sobre o retorno do Campeonato Brasileiro"}]},{"@type":"WebSite","@id":"https:\/\/www.gaveanews.com\/#website","url":"https:\/\/www.gaveanews.com\/","name":"G\u00e1vea News","description":"Veja todas as not\u00edcias sobre o Flamengo: Contrata\u00e7\u00f5es, categorias de base, resultados das partidas, tabela de classifica\u00e7\u00e3o, pr\u00f3ximos jogos!","potentialAction":[{"@type":"SearchAction","target":{"@type":"EntryPoint","urlTemplate":"https:\/\/www.gaveanews.com\/?s={search_term_string}"},"query-input":{"@type":"PropertyValueSpecification","valueRequired":true,"valueName":"search_term_string"}}],"inLanguage":"pt-BR"},{"@type":"Person","@id":"https:\/\/www.gaveanews.com\/#\/schema\/person\/2ec14f73fb96be2caf28f91afb14749d","name":"Equipe G\u00e1vea News","image":{"@type":"ImageObject","inLanguage":"pt-BR","@id":"https:\/\/www.gaveanews.com\/#\/schema\/person\/image\/","url":"https:\/\/secure.gravatar.com\/avatar\/1e1956f1facbffd3f8fa53a326721950116b3b9dc9bd44939c01180fd4a745a9?s=96&d=mm&r=g","contentUrl":"https:\/\/secure.gravatar.com\/avatar\/1e1956f1facbffd3f8fa53a326721950116b3b9dc9bd44939c01180fd4a745a9?s=96&d=mm&r=g","caption":"Equipe G\u00e1vea News"}}]}},"_links":{"self":[{"href":"https:\/\/www.gaveanews.com\/index.php\/wp-json\/wp\/v2\/posts\/43052","targetHints":{"allow":["GET"]}}],"collection":[{"href":"https:\/\/www.gaveanews.com\/index.php\/wp-json\/wp\/v2\/posts"}],"about":[{"href":"https:\/\/www.gaveanews.com\/index.php\/wp-json\/wp\/v2\/types\/post"}],"author":[{"embeddable":true,"href":"https:\/\/www.gaveanews.com\/index.php\/wp-json\/wp\/v2\/users\/1"}],"replies":[{"embeddable":true,"href":"https:\/\/www.gaveanews.com\/index.php\/wp-json\/wp\/v2\/comments?post=43052"}],"version-history":[{"count":0,"href":"https:\/\/www.gaveanews.com\/index.php\/wp-json\/wp\/v2\/posts\/43052\/revisions"}],"wp:featuredmedia":[{"embeddable":true,"href":"https:\/\/www.gaveanews.com\/index.php\/wp-json\/wp\/v2\/media\/16271"}],"wp:attachment":[{"href":"https:\/\/www.gaveanews.com\/index.php\/wp-json\/wp\/v2\/media?parent=43052"}],"wp:term":[{"taxonomy":"category","embeddable":true,"href":"https:\/\/www.gaveanews.com\/index.php\/wp-json\/wp\/v2\/categories?post=43052"},{"taxonomy":"post_tag","embeddable":true,"href":"https:\/\/www.gaveanews.com\/index.php\/wp-json\/wp\/v2\/tags?post=43052"}],"curies":[{"name":"wp","href":"https:\/\/api.w.org\/{rel}","templated":true}]}}