{"id":43170,"date":"2020-07-08T16:58:02","date_gmt":"2020-07-08T19:58:02","guid":{"rendered":"https:\/\/www.gaveanews.com\/?p=43170"},"modified":"2020-07-08T17:43:13","modified_gmt":"2020-07-08T20:43:13","slug":"flamengo-fecha-patrocinio-para-a-final-taca-rio-contra-o-fluminense","status":"publish","type":"post","link":"https:\/\/www.gaveanews.com\/index.php\/2020\/07\/08\/flamengo-fecha-patrocinio-para-a-final-taca-rio-contra-o-fluminense\/","title":{"rendered":"Flamengo fecha patroc\u00ednio para a final da Ta\u00e7a Rio contra o Fluminense"},"content":{"rendered":"\n<p>O Flamengo fechou com um patrocinador pontual para o duelo desta quarta-feira contra o Fluminense, \u00e0s 21h30, no Maracan\u00e3, pela final da Ta\u00e7a Rio. Trata-se da Petz, maior rede de pet shop do Brasil. A parceria prev\u00ea que o nome da empresa seja citada ao longo da transmiss\u00e3o do jogo na FlaTV, canal oficial do clube, al\u00e9m de ter a logo estampada nas divulga\u00e7\u00f5es feitas pelo Rubro-Negro nas redes sociais.<\/p>\n\n\n\n<p>A reportagem n\u00e3o teve acesso aos n\u00fameros que envolveram a negocia\u00e7\u00e3o, mas apurou que a parceria, a princ\u00edpio apenas para o Fla-Flu de logo mais, pode voltar a acontecer em oportunidades futuras.<\/p>\n\n\n\n<p>Como ainda falta o despacho do relator do TJD-RJ, o Flamengo n\u00e3o confirma transmiss\u00e3o com imagens na FlaTV, mas, caso receba o aval, ir\u00e1 transmitir a partida contra o Fluminense n\u00e3o apenas em \u00e1udio.<\/p>\n\n\n\n<figure class=\"wp-block-image size-large\"><img decoding=\"async\" src=\"https:\/\/staticpetz.stoom.com.br\/fotos\/1542649903053.webp\" alt=\"\"\/><figcaption>Loja da Petz (Foto: Reprodu\u00e7\u00e3o)<\/figcaption><\/figure>\n\n\n\n<p>Retirado de: O Dia<\/p>\n","protected":false},"excerpt":{"rendered":"<p>O Flamengo fechou com um patrocinador pontual para o duelo desta quarta-feira contra o Fluminense, \u00e0s 21h30, no Maracan\u00e3, pela final da Ta\u00e7a Rio. Trata-se da Petz, maior rede de pet shop do Brasil. A parceria prev\u00ea que o nome da empresa seja citada ao longo da transmiss\u00e3o do jogo na FlaTV, canal oficial do [&hellip;]<\/p>\n","protected":false},"author":1,"featured_media":16743,"comment_status":"open","ping_status":"closed","sticky":false,"template":"","format":"standard","meta":{"footnotes":""},"categories":[47],"tags":[],"class_list":["post-43170","post","type-post","status-publish","format-standard","has-post-thumbnail","hentry","category-destaques"],"yoast_head":"<!-- This site is optimized with the Yoast SEO Premium plugin v24.2 (Yoast SEO v26.9) - https:\/\/yoast.com\/product\/yoast-seo-premium-wordpress\/ -->\n<title>Flamengo fecha patroc\u00ednio para a final da Ta\u00e7a Rio contra o Fluminense<\/title>\n<meta name=\"description\" content=\"O Flamengo fechou com um patrocinador para o duelo desta quarta-feira contra o Fluminense, \u00e0s 21h30, no Maracan\u00e3, pela final da Ta\u00e7a Rio.\" \/>\n<meta name=\"robots\" content=\"index, follow, max-snippet:-1, max-image-preview:large, max-video-preview:-1\" \/>\n<link rel=\"canonical\" href=\"https:\/\/www.gaveanews.com\/index.php\/2020\/07\/08\/flamengo-fecha-patrocinio-para-a-final-taca-rio-contra-o-fluminense\/\" \/>\n<meta property=\"og:locale\" content=\"pt_BR\" \/>\n<meta property=\"og:type\" content=\"article\" \/>\n<meta property=\"og:title\" content=\"Flamengo fecha patroc\u00ednio para a final da Ta\u00e7a Rio contra o Fluminense\" \/>\n<meta property=\"og:description\" content=\"O Flamengo fechou com um patrocinador para o duelo desta quarta-feira contra o Fluminense, \u00e0s 21h30, no Maracan\u00e3, pela final da Ta\u00e7a Rio.\" \/>\n<meta property=\"og:url\" content=\"https:\/\/www.gaveanews.com\/index.php\/2020\/07\/08\/flamengo-fecha-patrocinio-para-a-final-taca-rio-contra-o-fluminense\/\" \/>\n<meta property=\"og:site_name\" content=\"G\u00e1vea News\" \/>\n<meta property=\"article:publisher\" content=\"https:\/\/facebook.com\/gaveaNews\/\" \/>\n<meta property=\"article:published_time\" content=\"2020-07-08T19:58:02+00:00\" \/>\n<meta property=\"article:modified_time\" content=\"2020-07-08T20:43:13+00:00\" \/>\n<meta property=\"og:image\" content=\"https:\/\/www.gaveanews.com\/wp-content\/uploads\/2019\/03\/Taca-da-Taca-Rio.webp\" \/>\n\t<meta property=\"og:image:width\" content=\"1\" \/>\n\t<meta property=\"og:image:height\" content=\"1\" \/>\n\t<meta property=\"og:image:type\" content=\"image\/jpeg\" \/>\n<meta name=\"author\" content=\"Equipe G\u00e1vea News\" \/>\n<meta name=\"twitter:card\" content=\"summary_large_image\" \/>\n<meta name=\"twitter:label1\" content=\"Escrito por\" \/>\n\t<meta name=\"twitter:data1\" content=\"Equipe G\u00e1vea News\" \/>\n\t<meta name=\"twitter:label2\" content=\"Est. tempo de leitura\" \/>\n\t<meta name=\"twitter:data2\" content=\"1 minuto\" \/>\n<script type=\"application\/ld+json\" class=\"yoast-schema-graph\">{\"@context\":\"https:\/\/schema.org\",\"@graph\":[{\"@type\":\"NewsArticle\",\"@id\":\"https:\/\/www.gaveanews.com\/index.php\/2020\/07\/08\/flamengo-fecha-patrocinio-para-a-final-taca-rio-contra-o-fluminense\/#article\",\"isPartOf\":{\"@id\":\"https:\/\/www.gaveanews.com\/index.php\/2020\/07\/08\/flamengo-fecha-patrocinio-para-a-final-taca-rio-contra-o-fluminense\/\"},\"author\":{\"name\":\"Equipe G\u00e1vea News\",\"@id\":\"https:\/\/www.gaveanews.com\/#\/schema\/person\/2ec14f73fb96be2caf28f91afb14749d\"},\"headline\":\"Flamengo fecha patroc\u00ednio para a final da Ta\u00e7a Rio contra o Fluminense\",\"datePublished\":\"2020-07-08T19:58:02+00:00\",\"dateModified\":\"2020-07-08T20:43:13+00:00\",\"mainEntityOfPage\":{\"@id\":\"https:\/\/www.gaveanews.com\/index.php\/2020\/07\/08\/flamengo-fecha-patrocinio-para-a-final-taca-rio-contra-o-fluminense\/\"},\"wordCount\":171,\"commentCount\":24,\"image\":{\"@id\":\"https:\/\/www.gaveanews.com\/index.php\/2020\/07\/08\/flamengo-fecha-patrocinio-para-a-final-taca-rio-contra-o-fluminense\/#primaryimage\"},\"thumbnailUrl\":\"https:\/\/www.gaveanews.com\/wp-content\/uploads\/2019\/03\/Taca-da-Taca-Rio.webp\",\"articleSection\":[\"Destaques\"],\"inLanguage\":\"pt-BR\",\"potentialAction\":[{\"@type\":\"CommentAction\",\"name\":\"Comment\",\"target\":[\"https:\/\/www.gaveanews.com\/index.php\/2020\/07\/08\/flamengo-fecha-patrocinio-para-a-final-taca-rio-contra-o-fluminense\/#respond\"]}],\"copyrightYear\":\"2020\",\"copyrightHolder\":{\"@id\":\"https:\/\/www.gaveanews.com\/#organization\"}},{\"@type\":\"WebPage\",\"@id\":\"https:\/\/www.gaveanews.com\/index.php\/2020\/07\/08\/flamengo-fecha-patrocinio-para-a-final-taca-rio-contra-o-fluminense\/\",\"url\":\"https:\/\/www.gaveanews.com\/index.php\/2020\/07\/08\/flamengo-fecha-patrocinio-para-a-final-taca-rio-contra-o-fluminense\/\",\"name\":\"Flamengo fecha patroc\u00ednio para a final da Ta\u00e7a Rio contra o Fluminense\",\"isPartOf\":{\"@id\":\"https:\/\/www.gaveanews.com\/#website\"},\"primaryImageOfPage\":{\"@id\":\"https:\/\/www.gaveanews.com\/index.php\/2020\/07\/08\/flamengo-fecha-patrocinio-para-a-final-taca-rio-contra-o-fluminense\/#primaryimage\"},\"image\":{\"@id\":\"https:\/\/www.gaveanews.com\/index.php\/2020\/07\/08\/flamengo-fecha-patrocinio-para-a-final-taca-rio-contra-o-fluminense\/#primaryimage\"},\"thumbnailUrl\":\"https:\/\/www.gaveanews.com\/wp-content\/uploads\/2019\/03\/Taca-da-Taca-Rio.webp\",\"datePublished\":\"2020-07-08T19:58:02+00:00\",\"dateModified\":\"2020-07-08T20:43:13+00:00\",\"author\":{\"@id\":\"https:\/\/www.gaveanews.com\/#\/schema\/person\/2ec14f73fb96be2caf28f91afb14749d\"},\"description\":\"O Flamengo fechou com um patrocinador para o duelo desta quarta-feira contra o Fluminense, \u00e0s 21h30, no Maracan\u00e3, pela final da Ta\u00e7a Rio.\",\"breadcrumb\":{\"@id\":\"https:\/\/www.gaveanews.com\/index.php\/2020\/07\/08\/flamengo-fecha-patrocinio-para-a-final-taca-rio-contra-o-fluminense\/#breadcrumb\"},\"inLanguage\":\"pt-BR\",\"potentialAction\":[{\"@type\":\"ReadAction\",\"target\":[\"https:\/\/www.gaveanews.com\/index.php\/2020\/07\/08\/flamengo-fecha-patrocinio-para-a-final-taca-rio-contra-o-fluminense\/\"]}]},{\"@type\":\"ImageObject\",\"inLanguage\":\"pt-BR\",\"@id\":\"https:\/\/www.gaveanews.com\/index.php\/2020\/07\/08\/flamengo-fecha-patrocinio-para-a-final-taca-rio-contra-o-fluminense\/#primaryimage\",\"url\":\"https:\/\/www.gaveanews.com\/wp-content\/uploads\/2019\/03\/Taca-da-Taca-Rio.webp\",\"contentUrl\":\"https:\/\/www.gaveanews.com\/wp-content\/uploads\/2019\/03\/Taca-da-Taca-Rio.webp\",\"caption\":\"Ta\u00e7a da Ta\u00e7a Rio (Foto: Ursula Nery\/FERJ)\"},{\"@type\":\"BreadcrumbList\",\"@id\":\"https:\/\/www.gaveanews.com\/index.php\/2020\/07\/08\/flamengo-fecha-patrocinio-para-a-final-taca-rio-contra-o-fluminense\/#breadcrumb\",\"itemListElement\":[{\"@type\":\"ListItem\",\"position\":1,\"name\":\"Home\",\"item\":\"https:\/\/www.gaveanews.com\/\"},{\"@type\":\"ListItem\",\"position\":2,\"name\":\"Flamengo fecha patroc\u00ednio para a final da Ta\u00e7a Rio contra o Fluminense\"}]},{\"@type\":\"WebSite\",\"@id\":\"https:\/\/www.gaveanews.com\/#website\",\"url\":\"https:\/\/www.gaveanews.com\/\",\"name\":\"G\u00e1vea News\",\"description\":\"Veja todas as not\u00edcias sobre o Flamengo: Contrata\u00e7\u00f5es, categorias de base, resultados das partidas, tabela de classifica\u00e7\u00e3o, pr\u00f3ximos jogos!\",\"potentialAction\":[{\"@type\":\"SearchAction\",\"target\":{\"@type\":\"EntryPoint\",\"urlTemplate\":\"https:\/\/www.gaveanews.com\/?s={search_term_string}\"},\"query-input\":{\"@type\":\"PropertyValueSpecification\",\"valueRequired\":true,\"valueName\":\"search_term_string\"}}],\"inLanguage\":\"pt-BR\"},{\"@type\":\"Person\",\"@id\":\"https:\/\/www.gaveanews.com\/#\/schema\/person\/2ec14f73fb96be2caf28f91afb14749d\",\"name\":\"Equipe G\u00e1vea News\",\"image\":{\"@type\":\"ImageObject\",\"inLanguage\":\"pt-BR\",\"@id\":\"https:\/\/www.gaveanews.com\/#\/schema\/person\/image\/\",\"url\":\"https:\/\/secure.gravatar.com\/avatar\/1e1956f1facbffd3f8fa53a326721950116b3b9dc9bd44939c01180fd4a745a9?s=96&d=mm&r=g\",\"contentUrl\":\"https:\/\/secure.gravatar.com\/avatar\/1e1956f1facbffd3f8fa53a326721950116b3b9dc9bd44939c01180fd4a745a9?s=96&d=mm&r=g\",\"caption\":\"Equipe G\u00e1vea News\"}}]}<\/script>\n<!-- \/ Yoast SEO Premium plugin. -->","yoast_head_json":{"title":"Flamengo fecha patroc\u00ednio para a final da Ta\u00e7a Rio contra o Fluminense","description":"O Flamengo fechou com um patrocinador para o duelo desta quarta-feira contra o Fluminense, \u00e0s 21h30, no Maracan\u00e3, pela final da Ta\u00e7a Rio.","robots":{"index":"index","follow":"follow","max-snippet":"max-snippet:-1","max-image-preview":"max-image-preview:large","max-video-preview":"max-video-preview:-1"},"canonical":"https:\/\/www.gaveanews.com\/index.php\/2020\/07\/08\/flamengo-fecha-patrocinio-para-a-final-taca-rio-contra-o-fluminense\/","og_locale":"pt_BR","og_type":"article","og_title":"Flamengo fecha patroc\u00ednio para a final da Ta\u00e7a Rio contra o Fluminense","og_description":"O Flamengo fechou com um patrocinador para o duelo desta quarta-feira contra o Fluminense, \u00e0s 21h30, no Maracan\u00e3, pela final da Ta\u00e7a Rio.","og_url":"https:\/\/www.gaveanews.com\/index.php\/2020\/07\/08\/flamengo-fecha-patrocinio-para-a-final-taca-rio-contra-o-fluminense\/","og_site_name":"G\u00e1vea News","article_publisher":"https:\/\/facebook.com\/gaveaNews\/","article_published_time":"2020-07-08T19:58:02+00:00","article_modified_time":"2020-07-08T20:43:13+00:00","og_image":[{"url":"https:\/\/www.gaveanews.com\/wp-content\/uploads\/2019\/03\/Taca-da-Taca-Rio.webp","width":1,"height":1,"type":"image\/jpeg"}],"author":"Equipe G\u00e1vea News","twitter_card":"summary_large_image","twitter_misc":{"Escrito por":"Equipe G\u00e1vea News","Est. tempo de leitura":"1 minuto"},"schema":{"@context":"https:\/\/schema.org","@graph":[{"@type":"NewsArticle","@id":"https:\/\/www.gaveanews.com\/index.php\/2020\/07\/08\/flamengo-fecha-patrocinio-para-a-final-taca-rio-contra-o-fluminense\/#article","isPartOf":{"@id":"https:\/\/www.gaveanews.com\/index.php\/2020\/07\/08\/flamengo-fecha-patrocinio-para-a-final-taca-rio-contra-o-fluminense\/"},"author":{"name":"Equipe G\u00e1vea News","@id":"https:\/\/www.gaveanews.com\/#\/schema\/person\/2ec14f73fb96be2caf28f91afb14749d"},"headline":"Flamengo fecha patroc\u00ednio para a final da Ta\u00e7a Rio contra o Fluminense","datePublished":"2020-07-08T19:58:02+00:00","dateModified":"2020-07-08T20:43:13+00:00","mainEntityOfPage":{"@id":"https:\/\/www.gaveanews.com\/index.php\/2020\/07\/08\/flamengo-fecha-patrocinio-para-a-final-taca-rio-contra-o-fluminense\/"},"wordCount":171,"commentCount":24,"image":{"@id":"https:\/\/www.gaveanews.com\/index.php\/2020\/07\/08\/flamengo-fecha-patrocinio-para-a-final-taca-rio-contra-o-fluminense\/#primaryimage"},"thumbnailUrl":"https:\/\/www.gaveanews.com\/wp-content\/uploads\/2019\/03\/Taca-da-Taca-Rio.webp","articleSection":["Destaques"],"inLanguage":"pt-BR","potentialAction":[{"@type":"CommentAction","name":"Comment","target":["https:\/\/www.gaveanews.com\/index.php\/2020\/07\/08\/flamengo-fecha-patrocinio-para-a-final-taca-rio-contra-o-fluminense\/#respond"]}],"copyrightYear":"2020","copyrightHolder":{"@id":"https:\/\/www.gaveanews.com\/#organization"}},{"@type":"WebPage","@id":"https:\/\/www.gaveanews.com\/index.php\/2020\/07\/08\/flamengo-fecha-patrocinio-para-a-final-taca-rio-contra-o-fluminense\/","url":"https:\/\/www.gaveanews.com\/index.php\/2020\/07\/08\/flamengo-fecha-patrocinio-para-a-final-taca-rio-contra-o-fluminense\/","name":"Flamengo fecha patroc\u00ednio para a final da Ta\u00e7a Rio contra o Fluminense","isPartOf":{"@id":"https:\/\/www.gaveanews.com\/#website"},"primaryImageOfPage":{"@id":"https:\/\/www.gaveanews.com\/index.php\/2020\/07\/08\/flamengo-fecha-patrocinio-para-a-final-taca-rio-contra-o-fluminense\/#primaryimage"},"image":{"@id":"https:\/\/www.gaveanews.com\/index.php\/2020\/07\/08\/flamengo-fecha-patrocinio-para-a-final-taca-rio-contra-o-fluminense\/#primaryimage"},"thumbnailUrl":"https:\/\/www.gaveanews.com\/wp-content\/uploads\/2019\/03\/Taca-da-Taca-Rio.webp","datePublished":"2020-07-08T19:58:02+00:00","dateModified":"2020-07-08T20:43:13+00:00","author":{"@id":"https:\/\/www.gaveanews.com\/#\/schema\/person\/2ec14f73fb96be2caf28f91afb14749d"},"description":"O Flamengo fechou com um patrocinador para o duelo desta quarta-feira contra o Fluminense, \u00e0s 21h30, no Maracan\u00e3, pela final da Ta\u00e7a Rio.","breadcrumb":{"@id":"https:\/\/www.gaveanews.com\/index.php\/2020\/07\/08\/flamengo-fecha-patrocinio-para-a-final-taca-rio-contra-o-fluminense\/#breadcrumb"},"inLanguage":"pt-BR","potentialAction":[{"@type":"ReadAction","target":["https:\/\/www.gaveanews.com\/index.php\/2020\/07\/08\/flamengo-fecha-patrocinio-para-a-final-taca-rio-contra-o-fluminense\/"]}]},{"@type":"ImageObject","inLanguage":"pt-BR","@id":"https:\/\/www.gaveanews.com\/index.php\/2020\/07\/08\/flamengo-fecha-patrocinio-para-a-final-taca-rio-contra-o-fluminense\/#primaryimage","url":"https:\/\/www.gaveanews.com\/wp-content\/uploads\/2019\/03\/Taca-da-Taca-Rio.webp","contentUrl":"https:\/\/www.gaveanews.com\/wp-content\/uploads\/2019\/03\/Taca-da-Taca-Rio.webp","caption":"Ta\u00e7a da Ta\u00e7a Rio (Foto: Ursula Nery\/FERJ)"},{"@type":"BreadcrumbList","@id":"https:\/\/www.gaveanews.com\/index.php\/2020\/07\/08\/flamengo-fecha-patrocinio-para-a-final-taca-rio-contra-o-fluminense\/#breadcrumb","itemListElement":[{"@type":"ListItem","position":1,"name":"Home","item":"https:\/\/www.gaveanews.com\/"},{"@type":"ListItem","position":2,"name":"Flamengo fecha patroc\u00ednio para a final da Ta\u00e7a Rio contra o Fluminense"}]},{"@type":"WebSite","@id":"https:\/\/www.gaveanews.com\/#website","url":"https:\/\/www.gaveanews.com\/","name":"G\u00e1vea News","description":"Veja todas as not\u00edcias sobre o Flamengo: Contrata\u00e7\u00f5es, categorias de base, resultados das partidas, tabela de classifica\u00e7\u00e3o, pr\u00f3ximos jogos!","potentialAction":[{"@type":"SearchAction","target":{"@type":"EntryPoint","urlTemplate":"https:\/\/www.gaveanews.com\/?s={search_term_string}"},"query-input":{"@type":"PropertyValueSpecification","valueRequired":true,"valueName":"search_term_string"}}],"inLanguage":"pt-BR"},{"@type":"Person","@id":"https:\/\/www.gaveanews.com\/#\/schema\/person\/2ec14f73fb96be2caf28f91afb14749d","name":"Equipe G\u00e1vea News","image":{"@type":"ImageObject","inLanguage":"pt-BR","@id":"https:\/\/www.gaveanews.com\/#\/schema\/person\/image\/","url":"https:\/\/secure.gravatar.com\/avatar\/1e1956f1facbffd3f8fa53a326721950116b3b9dc9bd44939c01180fd4a745a9?s=96&d=mm&r=g","contentUrl":"https:\/\/secure.gravatar.com\/avatar\/1e1956f1facbffd3f8fa53a326721950116b3b9dc9bd44939c01180fd4a745a9?s=96&d=mm&r=g","caption":"Equipe G\u00e1vea News"}}]}},"_links":{"self":[{"href":"https:\/\/www.gaveanews.com\/index.php\/wp-json\/wp\/v2\/posts\/43170","targetHints":{"allow":["GET"]}}],"collection":[{"href":"https:\/\/www.gaveanews.com\/index.php\/wp-json\/wp\/v2\/posts"}],"about":[{"href":"https:\/\/www.gaveanews.com\/index.php\/wp-json\/wp\/v2\/types\/post"}],"author":[{"embeddable":true,"href":"https:\/\/www.gaveanews.com\/index.php\/wp-json\/wp\/v2\/users\/1"}],"replies":[{"embeddable":true,"href":"https:\/\/www.gaveanews.com\/index.php\/wp-json\/wp\/v2\/comments?post=43170"}],"version-history":[{"count":0,"href":"https:\/\/www.gaveanews.com\/index.php\/wp-json\/wp\/v2\/posts\/43170\/revisions"}],"wp:featuredmedia":[{"embeddable":true,"href":"https:\/\/www.gaveanews.com\/index.php\/wp-json\/wp\/v2\/media\/16743"}],"wp:attachment":[{"href":"https:\/\/www.gaveanews.com\/index.php\/wp-json\/wp\/v2\/media?parent=43170"}],"wp:term":[{"taxonomy":"category","embeddable":true,"href":"https:\/\/www.gaveanews.com\/index.php\/wp-json\/wp\/v2\/categories?post=43170"},{"taxonomy":"post_tag","embeddable":true,"href":"https:\/\/www.gaveanews.com\/index.php\/wp-json\/wp\/v2\/tags?post=43170"}],"curies":[{"name":"wp","href":"https:\/\/api.w.org\/{rel}","templated":true}]}}