{"id":43545,"date":"2020-07-14T10:08:14","date_gmt":"2020-07-14T13:08:14","guid":{"rendered":"https:\/\/www.gaveanews.com\/?p=43545"},"modified":"2020-07-14T10:08:15","modified_gmt":"2020-07-14T13:08:15","slug":"comentarista-descreve-gabigol-como-maior-idolo-nacional","status":"publish","type":"post","link":"https:\/\/www.gaveanews.com\/index.php\/2020\/07\/14\/comentarista-descreve-gabigol-como-maior-idolo-nacional\/","title":{"rendered":"Comentarista descreve Gabigol como: \u201cMaior \u00eddolo nacional\u201d"},"content":{"rendered":"\n<p>Durante o podcast \u201cPosse de Bola\u201c, o comentarista Arnaldo Ribeiro analisou o atual momento de Gabigol. Dessa forma, em sua vis\u00e3o, o atacante passou um processo de \u201creconstru\u00e7\u00e3o\u201d, se tornando um grande \u00eddolo do pa\u00eds. Sendo assim, al\u00e9m dos gols dentro de campo, o camisa 9 possui uma identifica\u00e7\u00e3o com o torcedor, algo que \u00e9 visto no Maracan\u00e3.<\/p>\n\n\n\n<p>\u201cO Gabigol \u00e9 um homem do povo, da massa. \u00c9 o cara que se construiu ou se reconstruiu se tornando o maior \u00eddolo nacional. Ent\u00e3o, \u00e9 o cara que vai l\u00e1 e tem o cartaz para ele, que tem o Gabigordo. Estou com uma saudade da galera, mesmo a galera do \u2018New Maracan\u00e3\u2019, eu estou com saudade. O Gabigordo, do Chapolin, o s\u00f3sia do Jesus est\u00e1 fazendo falta l\u00e1 atr\u00e1s dele, lembra? O cara do VAR, toda essa galera est\u00e1 fazendo uma falta. Estou sentindo falta absurda\u201d, declarou.<\/p>\n\n\n\n<p>Al\u00e9m disso, o jornalista pontuou que n\u00e3o \u00e9 f\u00e1cil lidar com Gabigol. Apesar de ter sido expulso no primeiro jogo da final do Carioca, ele foi crucial para a vit\u00f3ria do Flamengo sobre o Fluminense por 2 a 1. Portanto, o camisa 9 est\u00e1 evoluindo tamb\u00e9m seu estilo de jogo.<\/p>\n\n\n\n<p>\u201cMas o Gabigol tem essa qu\u00edmica com o povo, ele tem essa qu\u00edmica com o torcedor, \u00e9 \u00f3bvio. \u00c9 com ele que o Jesus tinha mais dificuldades, sobretudo nesse aspecto disciplinar. E ele n\u00e3o \u00e9 um cara f\u00e1cil, ele \u00e9 um cara complexo Ele sempre falava: \u2018falta um negocinho, ele toma cart\u00e3o a mais, ele passa um pouco do ponto, \u00e9 expulso depois do jogo acabar, ele toma amarelo\u2019. Eu acho que a cabe\u00e7a do Gabigol est\u00e1 um pouco, n\u00e3o s\u00f3 a forma f\u00edsica est\u00e1 um tanto quanto estranha, mas a cabe\u00e7a est\u00e1 um pouco dispersa. O que n\u00e3o quer dizer que tecnicamente ele n\u00e3o continue desequilibrando. Os poucos momentos bons do Flamengo p\u00f3s-pandemia tiveram a assinatura do Gabigol mais como assistente do que dentro da \u00e1rea. Ele faz tudo bem e \u00e9 muito bom jogador\u201d, completou.<\/p>\n\n\n\n<p>Retirado de: Torcedores<\/p>\n","protected":false},"excerpt":{"rendered":"<p>Durante o podcast \u201cPosse de Bola\u201c, o comentarista Arnaldo Ribeiro analisou o atual momento de Gabigol. Dessa forma, em sua vis\u00e3o, o atacante passou um processo de \u201creconstru\u00e7\u00e3o\u201d, se tornando um grande \u00eddolo do pa\u00eds. Sendo assim, al\u00e9m dos gols dentro de campo, o camisa 9 possui uma identifica\u00e7\u00e3o com o torcedor, algo que \u00e9 [&hellip;]<\/p>\n","protected":false},"author":1,"featured_media":36483,"comment_status":"open","ping_status":"closed","sticky":false,"template":"","format":"standard","meta":{"footnotes":""},"categories":[47],"tags":[],"class_list":["post-43545","post","type-post","status-publish","format-standard","has-post-thumbnail","hentry","category-destaques"],"yoast_head":"<!-- This site is optimized with the Yoast SEO Premium plugin v24.2 (Yoast SEO v26.9) - https:\/\/yoast.com\/product\/yoast-seo-premium-wordpress\/ -->\n<title>Comentarista descreve Gabigol como: \u201cMaior \u00eddolo nacional\u201d<\/title>\n<meta name=\"description\" content=\"Em sua vis\u00e3o, o atacante do Flamengo passou um processo de \u201creconstru\u00e7\u00e3o\u201d, se tornando um grande \u00eddolo do futetbol brasileiro.\" \/>\n<meta name=\"robots\" content=\"index, follow, max-snippet:-1, max-image-preview:large, max-video-preview:-1\" \/>\n<link rel=\"canonical\" href=\"https:\/\/www.gaveanews.com\/index.php\/2020\/07\/14\/comentarista-descreve-gabigol-como-maior-idolo-nacional\/\" \/>\n<meta property=\"og:locale\" content=\"pt_BR\" \/>\n<meta property=\"og:type\" content=\"article\" \/>\n<meta property=\"og:title\" content=\"Comentarista descreve Gabigol como: \u201cMaior \u00eddolo nacional\u201d\" \/>\n<meta property=\"og:description\" content=\"Em sua vis\u00e3o, o atacante do Flamengo passou um processo de \u201creconstru\u00e7\u00e3o\u201d, se tornando um grande \u00eddolo do futetbol brasileiro.\" \/>\n<meta property=\"og:url\" content=\"https:\/\/www.gaveanews.com\/index.php\/2020\/07\/14\/comentarista-descreve-gabigol-como-maior-idolo-nacional\/\" \/>\n<meta property=\"og:site_name\" content=\"G\u00e1vea News\" \/>\n<meta property=\"article:publisher\" content=\"https:\/\/facebook.com\/gaveaNews\/\" \/>\n<meta property=\"article:published_time\" content=\"2020-07-14T13:08:14+00:00\" \/>\n<meta property=\"article:modified_time\" content=\"2020-07-14T13:08:15+00:00\" \/>\n<meta property=\"og:image\" content=\"https:\/\/www.gaveanews.com\/wp-content\/uploads\/Gabigol-em-acao-pelo-Flamengo.webp\" \/>\n\t<meta property=\"og:image:width\" content=\"1\" \/>\n\t<meta property=\"og:image:height\" content=\"1\" \/>\n\t<meta property=\"og:image:type\" content=\"image\/jpeg\" \/>\n<meta name=\"author\" content=\"Equipe G\u00e1vea News\" \/>\n<meta name=\"twitter:card\" content=\"summary_large_image\" \/>\n<meta name=\"twitter:label1\" content=\"Escrito por\" \/>\n\t<meta name=\"twitter:data1\" content=\"Equipe G\u00e1vea News\" \/>\n\t<meta name=\"twitter:label2\" content=\"Est. tempo de leitura\" \/>\n\t<meta name=\"twitter:data2\" content=\"2 minutos\" \/>\n<script type=\"application\/ld+json\" class=\"yoast-schema-graph\">{\"@context\":\"https:\/\/schema.org\",\"@graph\":[{\"@type\":\"NewsArticle\",\"@id\":\"https:\/\/www.gaveanews.com\/index.php\/2020\/07\/14\/comentarista-descreve-gabigol-como-maior-idolo-nacional\/#article\",\"isPartOf\":{\"@id\":\"https:\/\/www.gaveanews.com\/index.php\/2020\/07\/14\/comentarista-descreve-gabigol-como-maior-idolo-nacional\/\"},\"author\":{\"name\":\"Equipe G\u00e1vea News\",\"@id\":\"https:\/\/www.gaveanews.com\/#\/schema\/person\/2ec14f73fb96be2caf28f91afb14749d\"},\"headline\":\"Comentarista descreve Gabigol como: \u201cMaior \u00eddolo nacional\u201d\",\"datePublished\":\"2020-07-14T13:08:14+00:00\",\"dateModified\":\"2020-07-14T13:08:15+00:00\",\"mainEntityOfPage\":{\"@id\":\"https:\/\/www.gaveanews.com\/index.php\/2020\/07\/14\/comentarista-descreve-gabigol-como-maior-idolo-nacional\/\"},\"wordCount\":353,\"commentCount\":5,\"image\":{\"@id\":\"https:\/\/www.gaveanews.com\/index.php\/2020\/07\/14\/comentarista-descreve-gabigol-como-maior-idolo-nacional\/#primaryimage\"},\"thumbnailUrl\":\"https:\/\/www.gaveanews.com\/wp-content\/uploads\/Gabigol-em-acao-pelo-Flamengo.webp\",\"articleSection\":[\"Destaques\"],\"inLanguage\":\"pt-BR\",\"potentialAction\":[{\"@type\":\"CommentAction\",\"name\":\"Comment\",\"target\":[\"https:\/\/www.gaveanews.com\/index.php\/2020\/07\/14\/comentarista-descreve-gabigol-como-maior-idolo-nacional\/#respond\"]}],\"copyrightYear\":\"2020\",\"copyrightHolder\":{\"@id\":\"https:\/\/www.gaveanews.com\/#organization\"}},{\"@type\":\"WebPage\",\"@id\":\"https:\/\/www.gaveanews.com\/index.php\/2020\/07\/14\/comentarista-descreve-gabigol-como-maior-idolo-nacional\/\",\"url\":\"https:\/\/www.gaveanews.com\/index.php\/2020\/07\/14\/comentarista-descreve-gabigol-como-maior-idolo-nacional\/\",\"name\":\"Comentarista descreve Gabigol como: \u201cMaior \u00eddolo nacional\u201d\",\"isPartOf\":{\"@id\":\"https:\/\/www.gaveanews.com\/#website\"},\"primaryImageOfPage\":{\"@id\":\"https:\/\/www.gaveanews.com\/index.php\/2020\/07\/14\/comentarista-descreve-gabigol-como-maior-idolo-nacional\/#primaryimage\"},\"image\":{\"@id\":\"https:\/\/www.gaveanews.com\/index.php\/2020\/07\/14\/comentarista-descreve-gabigol-como-maior-idolo-nacional\/#primaryimage\"},\"thumbnailUrl\":\"https:\/\/www.gaveanews.com\/wp-content\/uploads\/Gabigol-em-acao-pelo-Flamengo.webp\",\"datePublished\":\"2020-07-14T13:08:14+00:00\",\"dateModified\":\"2020-07-14T13:08:15+00:00\",\"author\":{\"@id\":\"https:\/\/www.gaveanews.com\/#\/schema\/person\/2ec14f73fb96be2caf28f91afb14749d\"},\"description\":\"Em sua vis\u00e3o, o atacante do Flamengo passou um processo de \u201creconstru\u00e7\u00e3o\u201d, se tornando um grande \u00eddolo do futetbol brasileiro.\",\"breadcrumb\":{\"@id\":\"https:\/\/www.gaveanews.com\/index.php\/2020\/07\/14\/comentarista-descreve-gabigol-como-maior-idolo-nacional\/#breadcrumb\"},\"inLanguage\":\"pt-BR\",\"potentialAction\":[{\"@type\":\"ReadAction\",\"target\":[\"https:\/\/www.gaveanews.com\/index.php\/2020\/07\/14\/comentarista-descreve-gabigol-como-maior-idolo-nacional\/\"]}]},{\"@type\":\"ImageObject\",\"inLanguage\":\"pt-BR\",\"@id\":\"https:\/\/www.gaveanews.com\/index.php\/2020\/07\/14\/comentarista-descreve-gabigol-como-maior-idolo-nacional\/#primaryimage\",\"url\":\"https:\/\/www.gaveanews.com\/wp-content\/uploads\/Gabigol-em-acao-pelo-Flamengo.webp\",\"contentUrl\":\"https:\/\/www.gaveanews.com\/wp-content\/uploads\/Gabigol-em-acao-pelo-Flamengo.webp\",\"caption\":\"Gabigol em a\u00e7\u00e3o pelo Flamengo (Foto: Alexandre Vidal)\"},{\"@type\":\"BreadcrumbList\",\"@id\":\"https:\/\/www.gaveanews.com\/index.php\/2020\/07\/14\/comentarista-descreve-gabigol-como-maior-idolo-nacional\/#breadcrumb\",\"itemListElement\":[{\"@type\":\"ListItem\",\"position\":1,\"name\":\"Home\",\"item\":\"https:\/\/www.gaveanews.com\/\"},{\"@type\":\"ListItem\",\"position\":2,\"name\":\"Comentarista descreve Gabigol como: \u201cMaior \u00eddolo nacional\u201d\"}]},{\"@type\":\"WebSite\",\"@id\":\"https:\/\/www.gaveanews.com\/#website\",\"url\":\"https:\/\/www.gaveanews.com\/\",\"name\":\"G\u00e1vea News\",\"description\":\"Veja todas as not\u00edcias sobre o Flamengo: Contrata\u00e7\u00f5es, categorias de base, resultados das partidas, tabela de classifica\u00e7\u00e3o, pr\u00f3ximos jogos!\",\"potentialAction\":[{\"@type\":\"SearchAction\",\"target\":{\"@type\":\"EntryPoint\",\"urlTemplate\":\"https:\/\/www.gaveanews.com\/?s={search_term_string}\"},\"query-input\":{\"@type\":\"PropertyValueSpecification\",\"valueRequired\":true,\"valueName\":\"search_term_string\"}}],\"inLanguage\":\"pt-BR\"},{\"@type\":\"Person\",\"@id\":\"https:\/\/www.gaveanews.com\/#\/schema\/person\/2ec14f73fb96be2caf28f91afb14749d\",\"name\":\"Equipe G\u00e1vea News\",\"image\":{\"@type\":\"ImageObject\",\"inLanguage\":\"pt-BR\",\"@id\":\"https:\/\/www.gaveanews.com\/#\/schema\/person\/image\/\",\"url\":\"https:\/\/secure.gravatar.com\/avatar\/1e1956f1facbffd3f8fa53a326721950116b3b9dc9bd44939c01180fd4a745a9?s=96&d=mm&r=g\",\"contentUrl\":\"https:\/\/secure.gravatar.com\/avatar\/1e1956f1facbffd3f8fa53a326721950116b3b9dc9bd44939c01180fd4a745a9?s=96&d=mm&r=g\",\"caption\":\"Equipe G\u00e1vea News\"}}]}<\/script>\n<!-- \/ Yoast SEO Premium plugin. -->","yoast_head_json":{"title":"Comentarista descreve Gabigol como: \u201cMaior \u00eddolo nacional\u201d","description":"Em sua vis\u00e3o, o atacante do Flamengo passou um processo de \u201creconstru\u00e7\u00e3o\u201d, se tornando um grande \u00eddolo do futetbol brasileiro.","robots":{"index":"index","follow":"follow","max-snippet":"max-snippet:-1","max-image-preview":"max-image-preview:large","max-video-preview":"max-video-preview:-1"},"canonical":"https:\/\/www.gaveanews.com\/index.php\/2020\/07\/14\/comentarista-descreve-gabigol-como-maior-idolo-nacional\/","og_locale":"pt_BR","og_type":"article","og_title":"Comentarista descreve Gabigol como: \u201cMaior \u00eddolo nacional\u201d","og_description":"Em sua vis\u00e3o, o atacante do Flamengo passou um processo de \u201creconstru\u00e7\u00e3o\u201d, se tornando um grande \u00eddolo do futetbol brasileiro.","og_url":"https:\/\/www.gaveanews.com\/index.php\/2020\/07\/14\/comentarista-descreve-gabigol-como-maior-idolo-nacional\/","og_site_name":"G\u00e1vea News","article_publisher":"https:\/\/facebook.com\/gaveaNews\/","article_published_time":"2020-07-14T13:08:14+00:00","article_modified_time":"2020-07-14T13:08:15+00:00","og_image":[{"url":"https:\/\/www.gaveanews.com\/wp-content\/uploads\/Gabigol-em-acao-pelo-Flamengo.webp","width":1,"height":1,"type":"image\/jpeg"}],"author":"Equipe G\u00e1vea News","twitter_card":"summary_large_image","twitter_misc":{"Escrito por":"Equipe G\u00e1vea News","Est. tempo de leitura":"2 minutos"},"schema":{"@context":"https:\/\/schema.org","@graph":[{"@type":"NewsArticle","@id":"https:\/\/www.gaveanews.com\/index.php\/2020\/07\/14\/comentarista-descreve-gabigol-como-maior-idolo-nacional\/#article","isPartOf":{"@id":"https:\/\/www.gaveanews.com\/index.php\/2020\/07\/14\/comentarista-descreve-gabigol-como-maior-idolo-nacional\/"},"author":{"name":"Equipe G\u00e1vea News","@id":"https:\/\/www.gaveanews.com\/#\/schema\/person\/2ec14f73fb96be2caf28f91afb14749d"},"headline":"Comentarista descreve Gabigol como: \u201cMaior \u00eddolo nacional\u201d","datePublished":"2020-07-14T13:08:14+00:00","dateModified":"2020-07-14T13:08:15+00:00","mainEntityOfPage":{"@id":"https:\/\/www.gaveanews.com\/index.php\/2020\/07\/14\/comentarista-descreve-gabigol-como-maior-idolo-nacional\/"},"wordCount":353,"commentCount":5,"image":{"@id":"https:\/\/www.gaveanews.com\/index.php\/2020\/07\/14\/comentarista-descreve-gabigol-como-maior-idolo-nacional\/#primaryimage"},"thumbnailUrl":"https:\/\/www.gaveanews.com\/wp-content\/uploads\/Gabigol-em-acao-pelo-Flamengo.webp","articleSection":["Destaques"],"inLanguage":"pt-BR","potentialAction":[{"@type":"CommentAction","name":"Comment","target":["https:\/\/www.gaveanews.com\/index.php\/2020\/07\/14\/comentarista-descreve-gabigol-como-maior-idolo-nacional\/#respond"]}],"copyrightYear":"2020","copyrightHolder":{"@id":"https:\/\/www.gaveanews.com\/#organization"}},{"@type":"WebPage","@id":"https:\/\/www.gaveanews.com\/index.php\/2020\/07\/14\/comentarista-descreve-gabigol-como-maior-idolo-nacional\/","url":"https:\/\/www.gaveanews.com\/index.php\/2020\/07\/14\/comentarista-descreve-gabigol-como-maior-idolo-nacional\/","name":"Comentarista descreve Gabigol como: \u201cMaior \u00eddolo nacional\u201d","isPartOf":{"@id":"https:\/\/www.gaveanews.com\/#website"},"primaryImageOfPage":{"@id":"https:\/\/www.gaveanews.com\/index.php\/2020\/07\/14\/comentarista-descreve-gabigol-como-maior-idolo-nacional\/#primaryimage"},"image":{"@id":"https:\/\/www.gaveanews.com\/index.php\/2020\/07\/14\/comentarista-descreve-gabigol-como-maior-idolo-nacional\/#primaryimage"},"thumbnailUrl":"https:\/\/www.gaveanews.com\/wp-content\/uploads\/Gabigol-em-acao-pelo-Flamengo.webp","datePublished":"2020-07-14T13:08:14+00:00","dateModified":"2020-07-14T13:08:15+00:00","author":{"@id":"https:\/\/www.gaveanews.com\/#\/schema\/person\/2ec14f73fb96be2caf28f91afb14749d"},"description":"Em sua vis\u00e3o, o atacante do Flamengo passou um processo de \u201creconstru\u00e7\u00e3o\u201d, se tornando um grande \u00eddolo do futetbol brasileiro.","breadcrumb":{"@id":"https:\/\/www.gaveanews.com\/index.php\/2020\/07\/14\/comentarista-descreve-gabigol-como-maior-idolo-nacional\/#breadcrumb"},"inLanguage":"pt-BR","potentialAction":[{"@type":"ReadAction","target":["https:\/\/www.gaveanews.com\/index.php\/2020\/07\/14\/comentarista-descreve-gabigol-como-maior-idolo-nacional\/"]}]},{"@type":"ImageObject","inLanguage":"pt-BR","@id":"https:\/\/www.gaveanews.com\/index.php\/2020\/07\/14\/comentarista-descreve-gabigol-como-maior-idolo-nacional\/#primaryimage","url":"https:\/\/www.gaveanews.com\/wp-content\/uploads\/Gabigol-em-acao-pelo-Flamengo.webp","contentUrl":"https:\/\/www.gaveanews.com\/wp-content\/uploads\/Gabigol-em-acao-pelo-Flamengo.webp","caption":"Gabigol em a\u00e7\u00e3o pelo Flamengo (Foto: Alexandre Vidal)"},{"@type":"BreadcrumbList","@id":"https:\/\/www.gaveanews.com\/index.php\/2020\/07\/14\/comentarista-descreve-gabigol-como-maior-idolo-nacional\/#breadcrumb","itemListElement":[{"@type":"ListItem","position":1,"name":"Home","item":"https:\/\/www.gaveanews.com\/"},{"@type":"ListItem","position":2,"name":"Comentarista descreve Gabigol como: \u201cMaior \u00eddolo nacional\u201d"}]},{"@type":"WebSite","@id":"https:\/\/www.gaveanews.com\/#website","url":"https:\/\/www.gaveanews.com\/","name":"G\u00e1vea News","description":"Veja todas as not\u00edcias sobre o Flamengo: Contrata\u00e7\u00f5es, categorias de base, resultados das partidas, tabela de classifica\u00e7\u00e3o, pr\u00f3ximos jogos!","potentialAction":[{"@type":"SearchAction","target":{"@type":"EntryPoint","urlTemplate":"https:\/\/www.gaveanews.com\/?s={search_term_string}"},"query-input":{"@type":"PropertyValueSpecification","valueRequired":true,"valueName":"search_term_string"}}],"inLanguage":"pt-BR"},{"@type":"Person","@id":"https:\/\/www.gaveanews.com\/#\/schema\/person\/2ec14f73fb96be2caf28f91afb14749d","name":"Equipe G\u00e1vea News","image":{"@type":"ImageObject","inLanguage":"pt-BR","@id":"https:\/\/www.gaveanews.com\/#\/schema\/person\/image\/","url":"https:\/\/secure.gravatar.com\/avatar\/1e1956f1facbffd3f8fa53a326721950116b3b9dc9bd44939c01180fd4a745a9?s=96&d=mm&r=g","contentUrl":"https:\/\/secure.gravatar.com\/avatar\/1e1956f1facbffd3f8fa53a326721950116b3b9dc9bd44939c01180fd4a745a9?s=96&d=mm&r=g","caption":"Equipe G\u00e1vea News"}}]}},"_links":{"self":[{"href":"https:\/\/www.gaveanews.com\/index.php\/wp-json\/wp\/v2\/posts\/43545","targetHints":{"allow":["GET"]}}],"collection":[{"href":"https:\/\/www.gaveanews.com\/index.php\/wp-json\/wp\/v2\/posts"}],"about":[{"href":"https:\/\/www.gaveanews.com\/index.php\/wp-json\/wp\/v2\/types\/post"}],"author":[{"embeddable":true,"href":"https:\/\/www.gaveanews.com\/index.php\/wp-json\/wp\/v2\/users\/1"}],"replies":[{"embeddable":true,"href":"https:\/\/www.gaveanews.com\/index.php\/wp-json\/wp\/v2\/comments?post=43545"}],"version-history":[{"count":0,"href":"https:\/\/www.gaveanews.com\/index.php\/wp-json\/wp\/v2\/posts\/43545\/revisions"}],"wp:featuredmedia":[{"embeddable":true,"href":"https:\/\/www.gaveanews.com\/index.php\/wp-json\/wp\/v2\/media\/36483"}],"wp:attachment":[{"href":"https:\/\/www.gaveanews.com\/index.php\/wp-json\/wp\/v2\/media?parent=43545"}],"wp:term":[{"taxonomy":"category","embeddable":true,"href":"https:\/\/www.gaveanews.com\/index.php\/wp-json\/wp\/v2\/categories?post=43545"},{"taxonomy":"post_tag","embeddable":true,"href":"https:\/\/www.gaveanews.com\/index.php\/wp-json\/wp\/v2\/tags?post=43545"}],"curies":[{"name":"wp","href":"https:\/\/api.w.org\/{rel}","templated":true}]}}