{"id":43548,"date":"2020-07-14T13:03:25","date_gmt":"2020-07-14T16:03:25","guid":{"rendered":"https:\/\/www.gaveanews.com\/?p=43548"},"modified":"2020-07-14T13:03:29","modified_gmt":"2020-07-14T16:03:29","slug":"comentarista-cobra-posicionamento-de-jorge-jesus-sobre-o-benfica","status":"publish","type":"post","link":"https:\/\/www.gaveanews.com\/index.php\/2020\/07\/14\/comentarista-cobra-posicionamento-de-jorge-jesus-sobre-o-benfica\/","title":{"rendered":"Comentarista cobra posicionamento de Jorge Jesus sobre o Benfica"},"content":{"rendered":"\n<p>Para ex-jogador, e comentarista Den\u00edlson, o t\u00e9cnico Jorge Jesus, do Flamengo, deveria se posicionar a respeito do poss\u00edvel interesse do Benfica (POR) em sua repatria\u00e7\u00e3o. Presente no Jogo Aberto de hoje, o comentarista recordou a rela\u00e7\u00e3o do portugu\u00eas com o clube lisboeta, mas torce pela perman\u00eancia de Jesus no Rubro-Negro.<\/p>\n\n\n\n<p>&#8220;Acho que o Jorge Jesus tinha pelo menos que se posicionar, por respeito ao Flamengo e ao torcedor. O sil\u00eancio do Jorge Jesus faz com que o torcedor fique com um p\u00e9 atr\u00e1s. Vale lembrar que n\u00e3o \u00e9 qualquer time que est\u00e1 buscando o Jorge Jesus. \u00c9 o pa\u00eds natal, \u00e9 o time que ele gosta, que ele tem hist\u00f3ria. Ele tem que se posicionar. (\u2026) Eu, particularmente, gostaria muito que ele ficasse&#8221;, afirmou Den\u00edlson.<\/p>\n\n\n\n<p>Em videoconfer\u00eancia, o diretor executivo do Benfica, Domingos Soares Oliveira, assegurou n\u00e3o haver qualquer negocia\u00e7\u00e3o com o treinador flamenguista no momento. Segundo ele, &#8220;n\u00e3o h\u00e1 qualquer contato direto com Jorge Jesus&#8221;.<\/p>\n\n\n\n<p>Jesus comandou o Benfica entre 2009 e 2015. Neste per\u00edodo, conquistou tr\u00eas vezes o t\u00edtulo do Campeonato Portugu\u00eas (2010, 2014 e 2015), al\u00e9m de ter sido duas vezes vice-campe\u00e3o da Liga Europa (2013 e 2014).<\/p>\n\n\n\n<p>Retirado de: UOL<\/p>\n","protected":false},"excerpt":{"rendered":"<p>Para ex-jogador, e comentarista Den\u00edlson, o t\u00e9cnico Jorge Jesus, do Flamengo, deveria se posicionar a respeito do poss\u00edvel interesse do Benfica (POR) em sua repatria\u00e7\u00e3o. Presente no Jogo Aberto de hoje, o comentarista recordou a rela\u00e7\u00e3o do portugu\u00eas com o clube lisboeta, mas torce pela perman\u00eancia de Jesus no Rubro-Negro. &#8220;Acho que o Jorge Jesus [&hellip;]<\/p>\n","protected":false},"author":1,"featured_media":28883,"comment_status":"open","ping_status":"closed","sticky":false,"template":"","format":"standard","meta":{"footnotes":""},"categories":[47],"tags":[],"class_list":["post-43548","post","type-post","status-publish","format-standard","has-post-thumbnail","hentry","category-destaques"],"yoast_head":"<!-- This site is optimized with the Yoast SEO Premium plugin v24.2 (Yoast SEO v26.9) - https:\/\/yoast.com\/product\/yoast-seo-premium-wordpress\/ -->\n<title>Comentarista cobra posicionamento de Jorge Jesus sobre o Benfica<\/title>\n<meta name=\"description\" content=\"Ap\u00f3s conquistar diversos t\u00edtulos pelo Flamengo, o treinador Jorge Jesus est\u00e1 sendo fortemente monitorado pela diretoria do Benfica, de Portugal.\" \/>\n<meta name=\"robots\" content=\"index, follow, max-snippet:-1, max-image-preview:large, max-video-preview:-1\" \/>\n<link rel=\"canonical\" href=\"https:\/\/www.gaveanews.com\/index.php\/2020\/07\/14\/comentarista-cobra-posicionamento-de-jorge-jesus-sobre-o-benfica\/\" \/>\n<meta property=\"og:locale\" content=\"pt_BR\" \/>\n<meta property=\"og:type\" content=\"article\" \/>\n<meta property=\"og:title\" content=\"Comentarista cobra posicionamento de Jorge Jesus sobre o Benfica\" \/>\n<meta property=\"og:description\" content=\"Ap\u00f3s conquistar diversos t\u00edtulos pelo Flamengo, o treinador Jorge Jesus est\u00e1 sendo fortemente monitorado pela diretoria do Benfica, de Portugal.\" \/>\n<meta property=\"og:url\" content=\"https:\/\/www.gaveanews.com\/index.php\/2020\/07\/14\/comentarista-cobra-posicionamento-de-jorge-jesus-sobre-o-benfica\/\" \/>\n<meta property=\"og:site_name\" content=\"G\u00e1vea News\" \/>\n<meta property=\"article:publisher\" content=\"https:\/\/facebook.com\/gaveaNews\/\" \/>\n<meta property=\"article:published_time\" content=\"2020-07-14T16:03:25+00:00\" \/>\n<meta property=\"article:modified_time\" content=\"2020-07-14T16:03:29+00:00\" \/>\n<meta property=\"og:image\" content=\"https:\/\/www.gaveanews.com\/wp-content\/uploads\/Tecnico-Jorge-Jesus-durante-uma-partida-do-Flamengo.webp\" \/>\n\t<meta property=\"og:image:width\" content=\"1\" \/>\n\t<meta property=\"og:image:height\" content=\"1\" \/>\n\t<meta property=\"og:image:type\" content=\"image\/jpeg\" \/>\n<meta name=\"author\" content=\"Equipe G\u00e1vea News\" \/>\n<meta name=\"twitter:card\" content=\"summary_large_image\" \/>\n<meta name=\"twitter:label1\" content=\"Escrito por\" \/>\n\t<meta name=\"twitter:data1\" content=\"Equipe G\u00e1vea News\" \/>\n\t<meta name=\"twitter:label2\" content=\"Est. tempo de leitura\" \/>\n\t<meta name=\"twitter:data2\" content=\"1 minuto\" \/>\n<script type=\"application\/ld+json\" class=\"yoast-schema-graph\">{\"@context\":\"https:\/\/schema.org\",\"@graph\":[{\"@type\":\"NewsArticle\",\"@id\":\"https:\/\/www.gaveanews.com\/index.php\/2020\/07\/14\/comentarista-cobra-posicionamento-de-jorge-jesus-sobre-o-benfica\/#article\",\"isPartOf\":{\"@id\":\"https:\/\/www.gaveanews.com\/index.php\/2020\/07\/14\/comentarista-cobra-posicionamento-de-jorge-jesus-sobre-o-benfica\/\"},\"author\":{\"name\":\"Equipe G\u00e1vea News\",\"@id\":\"https:\/\/www.gaveanews.com\/#\/schema\/person\/2ec14f73fb96be2caf28f91afb14749d\"},\"headline\":\"Comentarista cobra posicionamento de Jorge Jesus sobre o Benfica\",\"datePublished\":\"2020-07-14T16:03:25+00:00\",\"dateModified\":\"2020-07-14T16:03:29+00:00\",\"mainEntityOfPage\":{\"@id\":\"https:\/\/www.gaveanews.com\/index.php\/2020\/07\/14\/comentarista-cobra-posicionamento-de-jorge-jesus-sobre-o-benfica\/\"},\"wordCount\":215,\"commentCount\":10,\"image\":{\"@id\":\"https:\/\/www.gaveanews.com\/index.php\/2020\/07\/14\/comentarista-cobra-posicionamento-de-jorge-jesus-sobre-o-benfica\/#primaryimage\"},\"thumbnailUrl\":\"https:\/\/www.gaveanews.com\/wp-content\/uploads\/Tecnico-Jorge-Jesus-durante-uma-partida-do-Flamengo.webp\",\"articleSection\":[\"Destaques\"],\"inLanguage\":\"pt-BR\",\"potentialAction\":[{\"@type\":\"CommentAction\",\"name\":\"Comment\",\"target\":[\"https:\/\/www.gaveanews.com\/index.php\/2020\/07\/14\/comentarista-cobra-posicionamento-de-jorge-jesus-sobre-o-benfica\/#respond\"]}],\"copyrightYear\":\"2020\",\"copyrightHolder\":{\"@id\":\"https:\/\/www.gaveanews.com\/#organization\"}},{\"@type\":\"WebPage\",\"@id\":\"https:\/\/www.gaveanews.com\/index.php\/2020\/07\/14\/comentarista-cobra-posicionamento-de-jorge-jesus-sobre-o-benfica\/\",\"url\":\"https:\/\/www.gaveanews.com\/index.php\/2020\/07\/14\/comentarista-cobra-posicionamento-de-jorge-jesus-sobre-o-benfica\/\",\"name\":\"Comentarista cobra posicionamento de Jorge Jesus sobre o Benfica\",\"isPartOf\":{\"@id\":\"https:\/\/www.gaveanews.com\/#website\"},\"primaryImageOfPage\":{\"@id\":\"https:\/\/www.gaveanews.com\/index.php\/2020\/07\/14\/comentarista-cobra-posicionamento-de-jorge-jesus-sobre-o-benfica\/#primaryimage\"},\"image\":{\"@id\":\"https:\/\/www.gaveanews.com\/index.php\/2020\/07\/14\/comentarista-cobra-posicionamento-de-jorge-jesus-sobre-o-benfica\/#primaryimage\"},\"thumbnailUrl\":\"https:\/\/www.gaveanews.com\/wp-content\/uploads\/Tecnico-Jorge-Jesus-durante-uma-partida-do-Flamengo.webp\",\"datePublished\":\"2020-07-14T16:03:25+00:00\",\"dateModified\":\"2020-07-14T16:03:29+00:00\",\"author\":{\"@id\":\"https:\/\/www.gaveanews.com\/#\/schema\/person\/2ec14f73fb96be2caf28f91afb14749d\"},\"description\":\"Ap\u00f3s conquistar diversos t\u00edtulos pelo Flamengo, o treinador Jorge Jesus est\u00e1 sendo fortemente monitorado pela diretoria do Benfica, de Portugal.\",\"breadcrumb\":{\"@id\":\"https:\/\/www.gaveanews.com\/index.php\/2020\/07\/14\/comentarista-cobra-posicionamento-de-jorge-jesus-sobre-o-benfica\/#breadcrumb\"},\"inLanguage\":\"pt-BR\",\"potentialAction\":[{\"@type\":\"ReadAction\",\"target\":[\"https:\/\/www.gaveanews.com\/index.php\/2020\/07\/14\/comentarista-cobra-posicionamento-de-jorge-jesus-sobre-o-benfica\/\"]}]},{\"@type\":\"ImageObject\",\"inLanguage\":\"pt-BR\",\"@id\":\"https:\/\/www.gaveanews.com\/index.php\/2020\/07\/14\/comentarista-cobra-posicionamento-de-jorge-jesus-sobre-o-benfica\/#primaryimage\",\"url\":\"https:\/\/www.gaveanews.com\/wp-content\/uploads\/Tecnico-Jorge-Jesus-durante-uma-partida-do-Flamengo.webp\",\"contentUrl\":\"https:\/\/www.gaveanews.com\/wp-content\/uploads\/Tecnico-Jorge-Jesus-durante-uma-partida-do-Flamengo.webp\",\"width\":900,\"height\":600,\"caption\":\"T\u00e9cnico Jorge Jesus durante uma partida do Flamengo (Foto: Reprodu\u00e7\u00e3o\/Flamengo)\"},{\"@type\":\"BreadcrumbList\",\"@id\":\"https:\/\/www.gaveanews.com\/index.php\/2020\/07\/14\/comentarista-cobra-posicionamento-de-jorge-jesus-sobre-o-benfica\/#breadcrumb\",\"itemListElement\":[{\"@type\":\"ListItem\",\"position\":1,\"name\":\"Home\",\"item\":\"https:\/\/www.gaveanews.com\/\"},{\"@type\":\"ListItem\",\"position\":2,\"name\":\"Comentarista cobra posicionamento de Jorge Jesus sobre o Benfica\"}]},{\"@type\":\"WebSite\",\"@id\":\"https:\/\/www.gaveanews.com\/#website\",\"url\":\"https:\/\/www.gaveanews.com\/\",\"name\":\"G\u00e1vea News\",\"description\":\"Veja todas as not\u00edcias sobre o Flamengo: Contrata\u00e7\u00f5es, categorias de base, resultados das partidas, tabela de classifica\u00e7\u00e3o, pr\u00f3ximos jogos!\",\"potentialAction\":[{\"@type\":\"SearchAction\",\"target\":{\"@type\":\"EntryPoint\",\"urlTemplate\":\"https:\/\/www.gaveanews.com\/?s={search_term_string}\"},\"query-input\":{\"@type\":\"PropertyValueSpecification\",\"valueRequired\":true,\"valueName\":\"search_term_string\"}}],\"inLanguage\":\"pt-BR\"},{\"@type\":\"Person\",\"@id\":\"https:\/\/www.gaveanews.com\/#\/schema\/person\/2ec14f73fb96be2caf28f91afb14749d\",\"name\":\"Equipe G\u00e1vea News\",\"image\":{\"@type\":\"ImageObject\",\"inLanguage\":\"pt-BR\",\"@id\":\"https:\/\/www.gaveanews.com\/#\/schema\/person\/image\/\",\"url\":\"https:\/\/secure.gravatar.com\/avatar\/1e1956f1facbffd3f8fa53a326721950116b3b9dc9bd44939c01180fd4a745a9?s=96&d=mm&r=g\",\"contentUrl\":\"https:\/\/secure.gravatar.com\/avatar\/1e1956f1facbffd3f8fa53a326721950116b3b9dc9bd44939c01180fd4a745a9?s=96&d=mm&r=g\",\"caption\":\"Equipe G\u00e1vea News\"}}]}<\/script>\n<!-- \/ Yoast SEO Premium plugin. -->","yoast_head_json":{"title":"Comentarista cobra posicionamento de Jorge Jesus sobre o Benfica","description":"Ap\u00f3s conquistar diversos t\u00edtulos pelo Flamengo, o treinador Jorge Jesus est\u00e1 sendo fortemente monitorado pela diretoria do Benfica, de Portugal.","robots":{"index":"index","follow":"follow","max-snippet":"max-snippet:-1","max-image-preview":"max-image-preview:large","max-video-preview":"max-video-preview:-1"},"canonical":"https:\/\/www.gaveanews.com\/index.php\/2020\/07\/14\/comentarista-cobra-posicionamento-de-jorge-jesus-sobre-o-benfica\/","og_locale":"pt_BR","og_type":"article","og_title":"Comentarista cobra posicionamento de Jorge Jesus sobre o Benfica","og_description":"Ap\u00f3s conquistar diversos t\u00edtulos pelo Flamengo, o treinador Jorge Jesus est\u00e1 sendo fortemente monitorado pela diretoria do Benfica, de Portugal.","og_url":"https:\/\/www.gaveanews.com\/index.php\/2020\/07\/14\/comentarista-cobra-posicionamento-de-jorge-jesus-sobre-o-benfica\/","og_site_name":"G\u00e1vea News","article_publisher":"https:\/\/facebook.com\/gaveaNews\/","article_published_time":"2020-07-14T16:03:25+00:00","article_modified_time":"2020-07-14T16:03:29+00:00","og_image":[{"url":"https:\/\/www.gaveanews.com\/wp-content\/uploads\/Tecnico-Jorge-Jesus-durante-uma-partida-do-Flamengo.webp","width":1,"height":1,"type":"image\/jpeg"}],"author":"Equipe G\u00e1vea News","twitter_card":"summary_large_image","twitter_misc":{"Escrito por":"Equipe G\u00e1vea News","Est. tempo de leitura":"1 minuto"},"schema":{"@context":"https:\/\/schema.org","@graph":[{"@type":"NewsArticle","@id":"https:\/\/www.gaveanews.com\/index.php\/2020\/07\/14\/comentarista-cobra-posicionamento-de-jorge-jesus-sobre-o-benfica\/#article","isPartOf":{"@id":"https:\/\/www.gaveanews.com\/index.php\/2020\/07\/14\/comentarista-cobra-posicionamento-de-jorge-jesus-sobre-o-benfica\/"},"author":{"name":"Equipe G\u00e1vea News","@id":"https:\/\/www.gaveanews.com\/#\/schema\/person\/2ec14f73fb96be2caf28f91afb14749d"},"headline":"Comentarista cobra posicionamento de Jorge Jesus sobre o Benfica","datePublished":"2020-07-14T16:03:25+00:00","dateModified":"2020-07-14T16:03:29+00:00","mainEntityOfPage":{"@id":"https:\/\/www.gaveanews.com\/index.php\/2020\/07\/14\/comentarista-cobra-posicionamento-de-jorge-jesus-sobre-o-benfica\/"},"wordCount":215,"commentCount":10,"image":{"@id":"https:\/\/www.gaveanews.com\/index.php\/2020\/07\/14\/comentarista-cobra-posicionamento-de-jorge-jesus-sobre-o-benfica\/#primaryimage"},"thumbnailUrl":"https:\/\/www.gaveanews.com\/wp-content\/uploads\/Tecnico-Jorge-Jesus-durante-uma-partida-do-Flamengo.webp","articleSection":["Destaques"],"inLanguage":"pt-BR","potentialAction":[{"@type":"CommentAction","name":"Comment","target":["https:\/\/www.gaveanews.com\/index.php\/2020\/07\/14\/comentarista-cobra-posicionamento-de-jorge-jesus-sobre-o-benfica\/#respond"]}],"copyrightYear":"2020","copyrightHolder":{"@id":"https:\/\/www.gaveanews.com\/#organization"}},{"@type":"WebPage","@id":"https:\/\/www.gaveanews.com\/index.php\/2020\/07\/14\/comentarista-cobra-posicionamento-de-jorge-jesus-sobre-o-benfica\/","url":"https:\/\/www.gaveanews.com\/index.php\/2020\/07\/14\/comentarista-cobra-posicionamento-de-jorge-jesus-sobre-o-benfica\/","name":"Comentarista cobra posicionamento de Jorge Jesus sobre o Benfica","isPartOf":{"@id":"https:\/\/www.gaveanews.com\/#website"},"primaryImageOfPage":{"@id":"https:\/\/www.gaveanews.com\/index.php\/2020\/07\/14\/comentarista-cobra-posicionamento-de-jorge-jesus-sobre-o-benfica\/#primaryimage"},"image":{"@id":"https:\/\/www.gaveanews.com\/index.php\/2020\/07\/14\/comentarista-cobra-posicionamento-de-jorge-jesus-sobre-o-benfica\/#primaryimage"},"thumbnailUrl":"https:\/\/www.gaveanews.com\/wp-content\/uploads\/Tecnico-Jorge-Jesus-durante-uma-partida-do-Flamengo.webp","datePublished":"2020-07-14T16:03:25+00:00","dateModified":"2020-07-14T16:03:29+00:00","author":{"@id":"https:\/\/www.gaveanews.com\/#\/schema\/person\/2ec14f73fb96be2caf28f91afb14749d"},"description":"Ap\u00f3s conquistar diversos t\u00edtulos pelo Flamengo, o treinador Jorge Jesus est\u00e1 sendo fortemente monitorado pela diretoria do Benfica, de Portugal.","breadcrumb":{"@id":"https:\/\/www.gaveanews.com\/index.php\/2020\/07\/14\/comentarista-cobra-posicionamento-de-jorge-jesus-sobre-o-benfica\/#breadcrumb"},"inLanguage":"pt-BR","potentialAction":[{"@type":"ReadAction","target":["https:\/\/www.gaveanews.com\/index.php\/2020\/07\/14\/comentarista-cobra-posicionamento-de-jorge-jesus-sobre-o-benfica\/"]}]},{"@type":"ImageObject","inLanguage":"pt-BR","@id":"https:\/\/www.gaveanews.com\/index.php\/2020\/07\/14\/comentarista-cobra-posicionamento-de-jorge-jesus-sobre-o-benfica\/#primaryimage","url":"https:\/\/www.gaveanews.com\/wp-content\/uploads\/Tecnico-Jorge-Jesus-durante-uma-partida-do-Flamengo.webp","contentUrl":"https:\/\/www.gaveanews.com\/wp-content\/uploads\/Tecnico-Jorge-Jesus-durante-uma-partida-do-Flamengo.webp","width":900,"height":600,"caption":"T\u00e9cnico Jorge Jesus durante uma partida do Flamengo (Foto: Reprodu\u00e7\u00e3o\/Flamengo)"},{"@type":"BreadcrumbList","@id":"https:\/\/www.gaveanews.com\/index.php\/2020\/07\/14\/comentarista-cobra-posicionamento-de-jorge-jesus-sobre-o-benfica\/#breadcrumb","itemListElement":[{"@type":"ListItem","position":1,"name":"Home","item":"https:\/\/www.gaveanews.com\/"},{"@type":"ListItem","position":2,"name":"Comentarista cobra posicionamento de Jorge Jesus sobre o Benfica"}]},{"@type":"WebSite","@id":"https:\/\/www.gaveanews.com\/#website","url":"https:\/\/www.gaveanews.com\/","name":"G\u00e1vea News","description":"Veja todas as not\u00edcias sobre o Flamengo: Contrata\u00e7\u00f5es, categorias de base, resultados das partidas, tabela de classifica\u00e7\u00e3o, pr\u00f3ximos jogos!","potentialAction":[{"@type":"SearchAction","target":{"@type":"EntryPoint","urlTemplate":"https:\/\/www.gaveanews.com\/?s={search_term_string}"},"query-input":{"@type":"PropertyValueSpecification","valueRequired":true,"valueName":"search_term_string"}}],"inLanguage":"pt-BR"},{"@type":"Person","@id":"https:\/\/www.gaveanews.com\/#\/schema\/person\/2ec14f73fb96be2caf28f91afb14749d","name":"Equipe G\u00e1vea News","image":{"@type":"ImageObject","inLanguage":"pt-BR","@id":"https:\/\/www.gaveanews.com\/#\/schema\/person\/image\/","url":"https:\/\/secure.gravatar.com\/avatar\/1e1956f1facbffd3f8fa53a326721950116b3b9dc9bd44939c01180fd4a745a9?s=96&d=mm&r=g","contentUrl":"https:\/\/secure.gravatar.com\/avatar\/1e1956f1facbffd3f8fa53a326721950116b3b9dc9bd44939c01180fd4a745a9?s=96&d=mm&r=g","caption":"Equipe G\u00e1vea News"}}]}},"_links":{"self":[{"href":"https:\/\/www.gaveanews.com\/index.php\/wp-json\/wp\/v2\/posts\/43548","targetHints":{"allow":["GET"]}}],"collection":[{"href":"https:\/\/www.gaveanews.com\/index.php\/wp-json\/wp\/v2\/posts"}],"about":[{"href":"https:\/\/www.gaveanews.com\/index.php\/wp-json\/wp\/v2\/types\/post"}],"author":[{"embeddable":true,"href":"https:\/\/www.gaveanews.com\/index.php\/wp-json\/wp\/v2\/users\/1"}],"replies":[{"embeddable":true,"href":"https:\/\/www.gaveanews.com\/index.php\/wp-json\/wp\/v2\/comments?post=43548"}],"version-history":[{"count":0,"href":"https:\/\/www.gaveanews.com\/index.php\/wp-json\/wp\/v2\/posts\/43548\/revisions"}],"wp:featuredmedia":[{"embeddable":true,"href":"https:\/\/www.gaveanews.com\/index.php\/wp-json\/wp\/v2\/media\/28883"}],"wp:attachment":[{"href":"https:\/\/www.gaveanews.com\/index.php\/wp-json\/wp\/v2\/media?parent=43548"}],"wp:term":[{"taxonomy":"category","embeddable":true,"href":"https:\/\/www.gaveanews.com\/index.php\/wp-json\/wp\/v2\/categories?post=43548"},{"taxonomy":"post_tag","embeddable":true,"href":"https:\/\/www.gaveanews.com\/index.php\/wp-json\/wp\/v2\/tags?post=43548"}],"curies":[{"name":"wp","href":"https:\/\/api.w.org\/{rel}","templated":true}]}}