{"id":43566,"date":"2020-07-14T16:15:22","date_gmt":"2020-07-14T19:15:22","guid":{"rendered":"https:\/\/www.gaveanews.com\/?p=43566"},"modified":"2020-07-14T16:15:24","modified_gmt":"2020-07-14T19:15:24","slug":"ex-tecnico-do-flamengo-pede-reparacao-na-justica-contra-bap-e-decide-doar-verba-para-familias-do-ninho","status":"publish","type":"post","link":"https:\/\/www.gaveanews.com\/index.php\/2020\/07\/14\/ex-tecnico-do-flamengo-pede-reparacao-na-justica-contra-bap-e-decide-doar-verba-para-familias-do-ninho\/","title":{"rendered":"Ex-t\u00e9cnico do Flamengo pede repara\u00e7\u00e3o na justi\u00e7a contra BAP e decide doar verba para fam\u00edlias do Ninho"},"content":{"rendered":"\n<p>O t\u00e9cnico Abel Braga assinou nos \u00faltimos dias documentos para passar procura\u00e7\u00e3o a seus advogados em processo que vai mover contra Luiz Eduardo Baptista, BAP, vice-presidente de rela\u00e7\u00f5es externas do Flamengo. O treinador vai pedir indeniza\u00e7\u00e3o por danos morais e materiais e j\u00e1 decidiu que vai doar o valor de eventual ressarcimento \u00e0s fam\u00edlias das v\u00edtimas do Ninho do Urubu.<\/p>\n\n\n\n<p>Abel contratou o escrit\u00f3rio Sergio Bermudes Advogados para represent\u00e1-lo na a\u00e7\u00e3o. O motivo do processo foram as declara\u00e7\u00f5es de BAP em entrevista ao canal &#8220;Ser Flamengo&#8221;, do jornalista Tulio Rodrigues. Ao se referir a entrevistas de Abel, o dirigente disse que &#8220;a gente discutia que ele deveria estar de sacanagem. A gente pensava: &#8216;Ou ele bebeu, ou estava drogado&#8217;.&#8221;<\/p>\n\n\n\n<p>Dias depois, BAP escreveu carta publicada no site oficial do Flamengo. com retrata\u00e7\u00e3o ao antigo treinador rubro-negro. &#8220;Se a maneira como coloquei o meu ponto de vista pareceu ofensiva, penso ser pertinente uma retrata\u00e7\u00e3o p\u00fablica, que ora fa\u00e7o, para que n\u00e3o pairem d\u00favidas sobre a idoneidade e retid\u00e3o de car\u00e1ter do t\u00e9cnico Abel Braga&#8221;, dizia a mensagem de BAP.<\/p>\n\n\n\n<p>O t\u00e9cnico recebeu liga\u00e7\u00f5es de solidariedade de dentro do clube, de ex-colegas de trabalho, e n\u00e3o desistiu do processo. Definiu que vai doar qualquer quantia arrecada para fam\u00edlias que ainda n\u00e3o fizeram acordo com o Rubro-Negro. A diretoria do Flamengo fez acordo com cinco fam\u00edlias desde o tr\u00e1gico inc\u00eandio do Ninho do Urubu, de 8 de fevereiro de 2019.<\/p>\n\n\n\n<p>Abel Braga tem 67 anos e passou pelo Flamengo no in\u00edcio do ano passado. Ele pediu demiss\u00e3o e foi substitu\u00eddo por Jorge Jesus. O t\u00e9cnico est\u00e1 sem clube desde a sa\u00edda do Vasco, em mar\u00e7o deste ano.<\/p>\n\n\n\n<p>Retirado de: Globo Esporte<\/p>\n","protected":false},"excerpt":{"rendered":"<p>O t\u00e9cnico Abel Braga assinou nos \u00faltimos dias documentos para passar procura\u00e7\u00e3o a seus advogados em processo que vai mover contra Luiz Eduardo Baptista, BAP, vice-presidente de rela\u00e7\u00f5es externas do Flamengo. O treinador vai pedir indeniza\u00e7\u00e3o por danos morais e materiais e j\u00e1 decidiu que vai doar o valor de eventual ressarcimento \u00e0s fam\u00edlias das [&hellip;]<\/p>\n","protected":false},"author":1,"featured_media":43567,"comment_status":"open","ping_status":"closed","sticky":false,"template":"","format":"standard","meta":{"footnotes":""},"categories":[1],"tags":[],"class_list":["post-43566","post","type-post","status-publish","format-standard","has-post-thumbnail","hentry","category-flamengo"],"yoast_head":"<!-- This site is optimized with the Yoast SEO Premium plugin v24.2 (Yoast SEO v26.9) - https:\/\/yoast.com\/product\/yoast-seo-premium-wordpress\/ -->\n<title>Ex-t\u00e9cnico do Flamengo pede repara\u00e7\u00e3o na justi\u00e7a contra BAP e decide doar verba para fam\u00edlias do Ninho<\/title>\n<meta name=\"robots\" content=\"index, follow, max-snippet:-1, max-image-preview:large, max-video-preview:-1\" \/>\n<link rel=\"canonical\" href=\"https:\/\/www.gaveanews.com\/index.php\/2020\/07\/14\/ex-tecnico-do-flamengo-pede-reparacao-na-justica-contra-bap-e-decide-doar-verba-para-familias-do-ninho\/\" \/>\n<meta property=\"og:locale\" content=\"pt_BR\" \/>\n<meta property=\"og:type\" content=\"article\" \/>\n<meta property=\"og:title\" content=\"Ex-t\u00e9cnico do Flamengo pede repara\u00e7\u00e3o na justi\u00e7a contra BAP e decide doar verba para fam\u00edlias do Ninho\" \/>\n<meta property=\"og:description\" content=\"O t\u00e9cnico Abel Braga assinou nos \u00faltimos dias documentos para passar procura\u00e7\u00e3o a seus advogados em processo que vai mover contra Luiz Eduardo Baptista, BAP, vice-presidente de rela\u00e7\u00f5es externas do Flamengo. O treinador vai pedir indeniza\u00e7\u00e3o por danos morais e materiais e j\u00e1 decidiu que vai doar o valor de eventual ressarcimento \u00e0s fam\u00edlias das [&hellip;]\" \/>\n<meta property=\"og:url\" content=\"https:\/\/www.gaveanews.com\/index.php\/2020\/07\/14\/ex-tecnico-do-flamengo-pede-reparacao-na-justica-contra-bap-e-decide-doar-verba-para-familias-do-ninho\/\" \/>\n<meta property=\"og:site_name\" content=\"G\u00e1vea News\" \/>\n<meta property=\"article:publisher\" content=\"https:\/\/facebook.com\/gaveaNews\/\" \/>\n<meta property=\"article:published_time\" content=\"2020-07-14T19:15:22+00:00\" \/>\n<meta property=\"article:modified_time\" content=\"2020-07-14T19:15:24+00:00\" \/>\n<meta property=\"og:image\" content=\"https:\/\/www.gaveanews.com\/wp-content\/uploads\/Luiz-Eduardo-Baptista-o-Bap-durante-coletiva-de-imprensa.webp\" \/>\n\t<meta property=\"og:image:width\" content=\"984\" \/>\n\t<meta property=\"og:image:height\" content=\"554\" \/>\n\t<meta property=\"og:image:type\" content=\"image\/jpeg\" \/>\n<meta name=\"author\" content=\"Equipe G\u00e1vea News\" \/>\n<meta name=\"twitter:card\" content=\"summary_large_image\" \/>\n<meta name=\"twitter:label1\" content=\"Escrito por\" \/>\n\t<meta name=\"twitter:data1\" content=\"Equipe G\u00e1vea News\" \/>\n\t<meta name=\"twitter:label2\" content=\"Est. tempo de leitura\" \/>\n\t<meta name=\"twitter:data2\" content=\"2 minutos\" \/>\n<script type=\"application\/ld+json\" class=\"yoast-schema-graph\">{\"@context\":\"https:\/\/schema.org\",\"@graph\":[{\"@type\":\"NewsArticle\",\"@id\":\"https:\/\/www.gaveanews.com\/index.php\/2020\/07\/14\/ex-tecnico-do-flamengo-pede-reparacao-na-justica-contra-bap-e-decide-doar-verba-para-familias-do-ninho\/#article\",\"isPartOf\":{\"@id\":\"https:\/\/www.gaveanews.com\/index.php\/2020\/07\/14\/ex-tecnico-do-flamengo-pede-reparacao-na-justica-contra-bap-e-decide-doar-verba-para-familias-do-ninho\/\"},\"author\":{\"name\":\"Equipe G\u00e1vea News\",\"@id\":\"https:\/\/www.gaveanews.com\/#\/schema\/person\/2ec14f73fb96be2caf28f91afb14749d\"},\"headline\":\"Ex-t\u00e9cnico do Flamengo pede repara\u00e7\u00e3o na justi\u00e7a contra BAP e decide doar verba para fam\u00edlias do Ninho\",\"datePublished\":\"2020-07-14T19:15:22+00:00\",\"dateModified\":\"2020-07-14T19:15:24+00:00\",\"mainEntityOfPage\":{\"@id\":\"https:\/\/www.gaveanews.com\/index.php\/2020\/07\/14\/ex-tecnico-do-flamengo-pede-reparacao-na-justica-contra-bap-e-decide-doar-verba-para-familias-do-ninho\/\"},\"wordCount\":329,\"commentCount\":9,\"image\":{\"@id\":\"https:\/\/www.gaveanews.com\/index.php\/2020\/07\/14\/ex-tecnico-do-flamengo-pede-reparacao-na-justica-contra-bap-e-decide-doar-verba-para-familias-do-ninho\/#primaryimage\"},\"thumbnailUrl\":\"https:\/\/www.gaveanews.com\/wp-content\/uploads\/Luiz-Eduardo-Baptista-o-Bap-durante-coletiva-de-imprensa.webp\",\"articleSection\":[\"Flamengo\"],\"inLanguage\":\"pt-BR\",\"potentialAction\":[{\"@type\":\"CommentAction\",\"name\":\"Comment\",\"target\":[\"https:\/\/www.gaveanews.com\/index.php\/2020\/07\/14\/ex-tecnico-do-flamengo-pede-reparacao-na-justica-contra-bap-e-decide-doar-verba-para-familias-do-ninho\/#respond\"]}],\"copyrightYear\":\"2020\",\"copyrightHolder\":{\"@id\":\"https:\/\/www.gaveanews.com\/#organization\"}},{\"@type\":\"WebPage\",\"@id\":\"https:\/\/www.gaveanews.com\/index.php\/2020\/07\/14\/ex-tecnico-do-flamengo-pede-reparacao-na-justica-contra-bap-e-decide-doar-verba-para-familias-do-ninho\/\",\"url\":\"https:\/\/www.gaveanews.com\/index.php\/2020\/07\/14\/ex-tecnico-do-flamengo-pede-reparacao-na-justica-contra-bap-e-decide-doar-verba-para-familias-do-ninho\/\",\"name\":\"Ex-t\u00e9cnico do Flamengo pede repara\u00e7\u00e3o na justi\u00e7a contra BAP e decide doar verba para fam\u00edlias do Ninho\",\"isPartOf\":{\"@id\":\"https:\/\/www.gaveanews.com\/#website\"},\"primaryImageOfPage\":{\"@id\":\"https:\/\/www.gaveanews.com\/index.php\/2020\/07\/14\/ex-tecnico-do-flamengo-pede-reparacao-na-justica-contra-bap-e-decide-doar-verba-para-familias-do-ninho\/#primaryimage\"},\"image\":{\"@id\":\"https:\/\/www.gaveanews.com\/index.php\/2020\/07\/14\/ex-tecnico-do-flamengo-pede-reparacao-na-justica-contra-bap-e-decide-doar-verba-para-familias-do-ninho\/#primaryimage\"},\"thumbnailUrl\":\"https:\/\/www.gaveanews.com\/wp-content\/uploads\/Luiz-Eduardo-Baptista-o-Bap-durante-coletiva-de-imprensa.webp\",\"datePublished\":\"2020-07-14T19:15:22+00:00\",\"dateModified\":\"2020-07-14T19:15:24+00:00\",\"author\":{\"@id\":\"https:\/\/www.gaveanews.com\/#\/schema\/person\/2ec14f73fb96be2caf28f91afb14749d\"},\"breadcrumb\":{\"@id\":\"https:\/\/www.gaveanews.com\/index.php\/2020\/07\/14\/ex-tecnico-do-flamengo-pede-reparacao-na-justica-contra-bap-e-decide-doar-verba-para-familias-do-ninho\/#breadcrumb\"},\"inLanguage\":\"pt-BR\",\"potentialAction\":[{\"@type\":\"ReadAction\",\"target\":[\"https:\/\/www.gaveanews.com\/index.php\/2020\/07\/14\/ex-tecnico-do-flamengo-pede-reparacao-na-justica-contra-bap-e-decide-doar-verba-para-familias-do-ninho\/\"]}]},{\"@type\":\"ImageObject\",\"inLanguage\":\"pt-BR\",\"@id\":\"https:\/\/www.gaveanews.com\/index.php\/2020\/07\/14\/ex-tecnico-do-flamengo-pede-reparacao-na-justica-contra-bap-e-decide-doar-verba-para-familias-do-ninho\/#primaryimage\",\"url\":\"https:\/\/www.gaveanews.com\/wp-content\/uploads\/Luiz-Eduardo-Baptista-o-Bap-durante-coletiva-de-imprensa.webp\",\"contentUrl\":\"https:\/\/www.gaveanews.com\/wp-content\/uploads\/Luiz-Eduardo-Baptista-o-Bap-durante-coletiva-de-imprensa.webp\",\"width\":984,\"height\":554,\"caption\":\"Luiz Eduardo Baptista, o Bap, durante coletiva de imprensa (Foto: Divulga\u00e7\u00e3o)\"},{\"@type\":\"BreadcrumbList\",\"@id\":\"https:\/\/www.gaveanews.com\/index.php\/2020\/07\/14\/ex-tecnico-do-flamengo-pede-reparacao-na-justica-contra-bap-e-decide-doar-verba-para-familias-do-ninho\/#breadcrumb\",\"itemListElement\":[{\"@type\":\"ListItem\",\"position\":1,\"name\":\"Home\",\"item\":\"https:\/\/www.gaveanews.com\/\"},{\"@type\":\"ListItem\",\"position\":2,\"name\":\"Ex-t\u00e9cnico do Flamengo pede repara\u00e7\u00e3o na justi\u00e7a contra BAP e decide doar verba para fam\u00edlias do Ninho\"}]},{\"@type\":\"WebSite\",\"@id\":\"https:\/\/www.gaveanews.com\/#website\",\"url\":\"https:\/\/www.gaveanews.com\/\",\"name\":\"G\u00e1vea News\",\"description\":\"Veja todas as not\u00edcias sobre o Flamengo: Contrata\u00e7\u00f5es, categorias de base, resultados das partidas, tabela de classifica\u00e7\u00e3o, pr\u00f3ximos jogos!\",\"potentialAction\":[{\"@type\":\"SearchAction\",\"target\":{\"@type\":\"EntryPoint\",\"urlTemplate\":\"https:\/\/www.gaveanews.com\/?s={search_term_string}\"},\"query-input\":{\"@type\":\"PropertyValueSpecification\",\"valueRequired\":true,\"valueName\":\"search_term_string\"}}],\"inLanguage\":\"pt-BR\"},{\"@type\":\"Person\",\"@id\":\"https:\/\/www.gaveanews.com\/#\/schema\/person\/2ec14f73fb96be2caf28f91afb14749d\",\"name\":\"Equipe G\u00e1vea News\",\"image\":{\"@type\":\"ImageObject\",\"inLanguage\":\"pt-BR\",\"@id\":\"https:\/\/www.gaveanews.com\/#\/schema\/person\/image\/\",\"url\":\"https:\/\/secure.gravatar.com\/avatar\/1e1956f1facbffd3f8fa53a326721950116b3b9dc9bd44939c01180fd4a745a9?s=96&d=mm&r=g\",\"contentUrl\":\"https:\/\/secure.gravatar.com\/avatar\/1e1956f1facbffd3f8fa53a326721950116b3b9dc9bd44939c01180fd4a745a9?s=96&d=mm&r=g\",\"caption\":\"Equipe G\u00e1vea News\"}}]}<\/script>\n<!-- \/ Yoast SEO Premium plugin. -->","yoast_head_json":{"title":"Ex-t\u00e9cnico do Flamengo pede repara\u00e7\u00e3o na justi\u00e7a contra BAP e decide doar verba para fam\u00edlias do Ninho","robots":{"index":"index","follow":"follow","max-snippet":"max-snippet:-1","max-image-preview":"max-image-preview:large","max-video-preview":"max-video-preview:-1"},"canonical":"https:\/\/www.gaveanews.com\/index.php\/2020\/07\/14\/ex-tecnico-do-flamengo-pede-reparacao-na-justica-contra-bap-e-decide-doar-verba-para-familias-do-ninho\/","og_locale":"pt_BR","og_type":"article","og_title":"Ex-t\u00e9cnico do Flamengo pede repara\u00e7\u00e3o na justi\u00e7a contra BAP e decide doar verba para fam\u00edlias do Ninho","og_description":"O t\u00e9cnico Abel Braga assinou nos \u00faltimos dias documentos para passar procura\u00e7\u00e3o a seus advogados em processo que vai mover contra Luiz Eduardo Baptista, BAP, vice-presidente de rela\u00e7\u00f5es externas do Flamengo. O treinador vai pedir indeniza\u00e7\u00e3o por danos morais e materiais e j\u00e1 decidiu que vai doar o valor de eventual ressarcimento \u00e0s fam\u00edlias das [&hellip;]","og_url":"https:\/\/www.gaveanews.com\/index.php\/2020\/07\/14\/ex-tecnico-do-flamengo-pede-reparacao-na-justica-contra-bap-e-decide-doar-verba-para-familias-do-ninho\/","og_site_name":"G\u00e1vea News","article_publisher":"https:\/\/facebook.com\/gaveaNews\/","article_published_time":"2020-07-14T19:15:22+00:00","article_modified_time":"2020-07-14T19:15:24+00:00","og_image":[{"width":984,"height":554,"url":"https:\/\/www.gaveanews.com\/wp-content\/uploads\/Luiz-Eduardo-Baptista-o-Bap-durante-coletiva-de-imprensa.webp","type":"image\/jpeg"}],"author":"Equipe G\u00e1vea News","twitter_card":"summary_large_image","twitter_misc":{"Escrito por":"Equipe G\u00e1vea News","Est. tempo de leitura":"2 minutos"},"schema":{"@context":"https:\/\/schema.org","@graph":[{"@type":"NewsArticle","@id":"https:\/\/www.gaveanews.com\/index.php\/2020\/07\/14\/ex-tecnico-do-flamengo-pede-reparacao-na-justica-contra-bap-e-decide-doar-verba-para-familias-do-ninho\/#article","isPartOf":{"@id":"https:\/\/www.gaveanews.com\/index.php\/2020\/07\/14\/ex-tecnico-do-flamengo-pede-reparacao-na-justica-contra-bap-e-decide-doar-verba-para-familias-do-ninho\/"},"author":{"name":"Equipe G\u00e1vea News","@id":"https:\/\/www.gaveanews.com\/#\/schema\/person\/2ec14f73fb96be2caf28f91afb14749d"},"headline":"Ex-t\u00e9cnico do Flamengo pede repara\u00e7\u00e3o na justi\u00e7a contra BAP e decide doar verba para fam\u00edlias do Ninho","datePublished":"2020-07-14T19:15:22+00:00","dateModified":"2020-07-14T19:15:24+00:00","mainEntityOfPage":{"@id":"https:\/\/www.gaveanews.com\/index.php\/2020\/07\/14\/ex-tecnico-do-flamengo-pede-reparacao-na-justica-contra-bap-e-decide-doar-verba-para-familias-do-ninho\/"},"wordCount":329,"commentCount":9,"image":{"@id":"https:\/\/www.gaveanews.com\/index.php\/2020\/07\/14\/ex-tecnico-do-flamengo-pede-reparacao-na-justica-contra-bap-e-decide-doar-verba-para-familias-do-ninho\/#primaryimage"},"thumbnailUrl":"https:\/\/www.gaveanews.com\/wp-content\/uploads\/Luiz-Eduardo-Baptista-o-Bap-durante-coletiva-de-imprensa.webp","articleSection":["Flamengo"],"inLanguage":"pt-BR","potentialAction":[{"@type":"CommentAction","name":"Comment","target":["https:\/\/www.gaveanews.com\/index.php\/2020\/07\/14\/ex-tecnico-do-flamengo-pede-reparacao-na-justica-contra-bap-e-decide-doar-verba-para-familias-do-ninho\/#respond"]}],"copyrightYear":"2020","copyrightHolder":{"@id":"https:\/\/www.gaveanews.com\/#organization"}},{"@type":"WebPage","@id":"https:\/\/www.gaveanews.com\/index.php\/2020\/07\/14\/ex-tecnico-do-flamengo-pede-reparacao-na-justica-contra-bap-e-decide-doar-verba-para-familias-do-ninho\/","url":"https:\/\/www.gaveanews.com\/index.php\/2020\/07\/14\/ex-tecnico-do-flamengo-pede-reparacao-na-justica-contra-bap-e-decide-doar-verba-para-familias-do-ninho\/","name":"Ex-t\u00e9cnico do Flamengo pede repara\u00e7\u00e3o na justi\u00e7a contra BAP e decide doar verba para fam\u00edlias do Ninho","isPartOf":{"@id":"https:\/\/www.gaveanews.com\/#website"},"primaryImageOfPage":{"@id":"https:\/\/www.gaveanews.com\/index.php\/2020\/07\/14\/ex-tecnico-do-flamengo-pede-reparacao-na-justica-contra-bap-e-decide-doar-verba-para-familias-do-ninho\/#primaryimage"},"image":{"@id":"https:\/\/www.gaveanews.com\/index.php\/2020\/07\/14\/ex-tecnico-do-flamengo-pede-reparacao-na-justica-contra-bap-e-decide-doar-verba-para-familias-do-ninho\/#primaryimage"},"thumbnailUrl":"https:\/\/www.gaveanews.com\/wp-content\/uploads\/Luiz-Eduardo-Baptista-o-Bap-durante-coletiva-de-imprensa.webp","datePublished":"2020-07-14T19:15:22+00:00","dateModified":"2020-07-14T19:15:24+00:00","author":{"@id":"https:\/\/www.gaveanews.com\/#\/schema\/person\/2ec14f73fb96be2caf28f91afb14749d"},"breadcrumb":{"@id":"https:\/\/www.gaveanews.com\/index.php\/2020\/07\/14\/ex-tecnico-do-flamengo-pede-reparacao-na-justica-contra-bap-e-decide-doar-verba-para-familias-do-ninho\/#breadcrumb"},"inLanguage":"pt-BR","potentialAction":[{"@type":"ReadAction","target":["https:\/\/www.gaveanews.com\/index.php\/2020\/07\/14\/ex-tecnico-do-flamengo-pede-reparacao-na-justica-contra-bap-e-decide-doar-verba-para-familias-do-ninho\/"]}]},{"@type":"ImageObject","inLanguage":"pt-BR","@id":"https:\/\/www.gaveanews.com\/index.php\/2020\/07\/14\/ex-tecnico-do-flamengo-pede-reparacao-na-justica-contra-bap-e-decide-doar-verba-para-familias-do-ninho\/#primaryimage","url":"https:\/\/www.gaveanews.com\/wp-content\/uploads\/Luiz-Eduardo-Baptista-o-Bap-durante-coletiva-de-imprensa.webp","contentUrl":"https:\/\/www.gaveanews.com\/wp-content\/uploads\/Luiz-Eduardo-Baptista-o-Bap-durante-coletiva-de-imprensa.webp","width":984,"height":554,"caption":"Luiz Eduardo Baptista, o Bap, durante coletiva de imprensa (Foto: Divulga\u00e7\u00e3o)"},{"@type":"BreadcrumbList","@id":"https:\/\/www.gaveanews.com\/index.php\/2020\/07\/14\/ex-tecnico-do-flamengo-pede-reparacao-na-justica-contra-bap-e-decide-doar-verba-para-familias-do-ninho\/#breadcrumb","itemListElement":[{"@type":"ListItem","position":1,"name":"Home","item":"https:\/\/www.gaveanews.com\/"},{"@type":"ListItem","position":2,"name":"Ex-t\u00e9cnico do Flamengo pede repara\u00e7\u00e3o na justi\u00e7a contra BAP e decide doar verba para fam\u00edlias do Ninho"}]},{"@type":"WebSite","@id":"https:\/\/www.gaveanews.com\/#website","url":"https:\/\/www.gaveanews.com\/","name":"G\u00e1vea News","description":"Veja todas as not\u00edcias sobre o Flamengo: Contrata\u00e7\u00f5es, categorias de base, resultados das partidas, tabela de classifica\u00e7\u00e3o, pr\u00f3ximos jogos!","potentialAction":[{"@type":"SearchAction","target":{"@type":"EntryPoint","urlTemplate":"https:\/\/www.gaveanews.com\/?s={search_term_string}"},"query-input":{"@type":"PropertyValueSpecification","valueRequired":true,"valueName":"search_term_string"}}],"inLanguage":"pt-BR"},{"@type":"Person","@id":"https:\/\/www.gaveanews.com\/#\/schema\/person\/2ec14f73fb96be2caf28f91afb14749d","name":"Equipe G\u00e1vea News","image":{"@type":"ImageObject","inLanguage":"pt-BR","@id":"https:\/\/www.gaveanews.com\/#\/schema\/person\/image\/","url":"https:\/\/secure.gravatar.com\/avatar\/1e1956f1facbffd3f8fa53a326721950116b3b9dc9bd44939c01180fd4a745a9?s=96&d=mm&r=g","contentUrl":"https:\/\/secure.gravatar.com\/avatar\/1e1956f1facbffd3f8fa53a326721950116b3b9dc9bd44939c01180fd4a745a9?s=96&d=mm&r=g","caption":"Equipe G\u00e1vea News"}}]}},"_links":{"self":[{"href":"https:\/\/www.gaveanews.com\/index.php\/wp-json\/wp\/v2\/posts\/43566","targetHints":{"allow":["GET"]}}],"collection":[{"href":"https:\/\/www.gaveanews.com\/index.php\/wp-json\/wp\/v2\/posts"}],"about":[{"href":"https:\/\/www.gaveanews.com\/index.php\/wp-json\/wp\/v2\/types\/post"}],"author":[{"embeddable":true,"href":"https:\/\/www.gaveanews.com\/index.php\/wp-json\/wp\/v2\/users\/1"}],"replies":[{"embeddable":true,"href":"https:\/\/www.gaveanews.com\/index.php\/wp-json\/wp\/v2\/comments?post=43566"}],"version-history":[{"count":0,"href":"https:\/\/www.gaveanews.com\/index.php\/wp-json\/wp\/v2\/posts\/43566\/revisions"}],"wp:featuredmedia":[{"embeddable":true,"href":"https:\/\/www.gaveanews.com\/index.php\/wp-json\/wp\/v2\/media\/43567"}],"wp:attachment":[{"href":"https:\/\/www.gaveanews.com\/index.php\/wp-json\/wp\/v2\/media?parent=43566"}],"wp:term":[{"taxonomy":"category","embeddable":true,"href":"https:\/\/www.gaveanews.com\/index.php\/wp-json\/wp\/v2\/categories?post=43566"},{"taxonomy":"post_tag","embeddable":true,"href":"https:\/\/www.gaveanews.com\/index.php\/wp-json\/wp\/v2\/tags?post=43566"}],"curies":[{"name":"wp","href":"https:\/\/api.w.org\/{rel}","templated":true}]}}