{"id":43621,"date":"2020-07-15T11:04:34","date_gmt":"2020-07-15T14:04:34","guid":{"rendered":"https:\/\/www.gaveanews.com\/?p=43621"},"modified":"2020-07-15T11:04:37","modified_gmt":"2020-07-15T14:04:37","slug":"frase-do-mosaico-no-maracana-e-revelada-veja-foto","status":"publish","type":"post","link":"https:\/\/www.gaveanews.com\/index.php\/2020\/07\/15\/frase-do-mosaico-no-maracana-e-revelada-veja-foto\/","title":{"rendered":"Frase do mosaico no Maracan\u00e3 \u00e9 revelada; veja foto"},"content":{"rendered":"\n<p>O Maracan\u00e3 estar\u00e1 colorido de vermelho e preto na noite desta quarta-feira, quando, a partir das 21h, Flamengo e Fluminense decidem o t\u00edtulo do Carioca 2020. <\/p>\n\n\n\n<p>Mandante da partida, a equipe rubro-negra preparou um mosaico com o frase &#8220;42 milh\u00f5es com voc\u00eas&#8221;, al\u00e9m da presen\u00e7a de bandeiras no Setor Norte, onde a torcida costuma ficar nos cl\u00e1ssicos.<\/p>\n\n\n\n<figure class=\"wp-block-image size-large\"><img decoding=\"async\" src=\"https:\/\/s2.glbimg.com\/BBbldSmt5jmJQng4djRUu9kkb98=\/0x0:1280x960\/984x0\/smart\/filters:strip_icc()\/i.s3.glbimg.com\/v1\/AUTH_bc8228b6673f488aa253bbcb03c80ec5\/internal_photos\/bs\/2020\/E\/Y\/7BQtAgTV2VztFMfryFTg\/mosaico-final-carioca.webp\" alt=\"\"\/><figcaption> Mosaico do Flamengo para a final do Carioca (Foto: Twitter\/Na\u00e7\u00e3o Rubro-Negra)<\/figcaption><\/figure>\n\n\n\n<p>No primeiro jogo, vencido pelo Flamengo por 2 a 1, o mandante era o Fluminense, que tamb\u00e9m aproveitou a oportunidade para colorir as arquibancadas e dar incentivo aos atletas tricolores.<\/p>\n\n\n\n<p>O Flamengo tem a vantagem do empate na decis\u00e3o desta quarta-feira para ser o campe\u00e3o estadual de 2020.<\/p>\n\n\n\n<p>Retirado de: Globo Esporte<\/p>\n","protected":false},"excerpt":{"rendered":"<p>O Maracan\u00e3 estar\u00e1 colorido de vermelho e preto na noite desta quarta-feira, quando, a partir das 21h, Flamengo e Fluminense decidem o t\u00edtulo do Carioca 2020. Mandante da partida, a equipe rubro-negra preparou um mosaico com o frase &#8220;42 milh\u00f5es com voc\u00eas&#8221;, al\u00e9m da presen\u00e7a de bandeiras no Setor Norte, onde a torcida costuma ficar [&hellip;]<\/p>\n","protected":false},"author":1,"featured_media":15081,"comment_status":"open","ping_status":"closed","sticky":false,"template":"","format":"standard","meta":{"footnotes":""},"categories":[1],"tags":[],"class_list":["post-43621","post","type-post","status-publish","format-standard","has-post-thumbnail","hentry","category-flamengo"],"yoast_head":"<!-- This site is optimized with the Yoast SEO Premium plugin v24.2 (Yoast SEO v26.9) - https:\/\/yoast.com\/product\/yoast-seo-premium-wordpress\/ -->\n<title>Frase do mosaico no Maracan\u00e3 \u00e9 revelada; veja foto<\/title>\n<meta name=\"description\" content=\"O Maracan\u00e3 estar\u00e1 colorido de vermelho e preto na noite desta quarta-feira, quando, a partir das 21h, Flamengo e Fluminense decidem o t\u00edtulo do Carioca.\" \/>\n<meta name=\"robots\" content=\"index, follow, max-snippet:-1, max-image-preview:large, max-video-preview:-1\" \/>\n<link rel=\"canonical\" href=\"https:\/\/www.gaveanews.com\/index.php\/2020\/07\/15\/frase-do-mosaico-no-maracana-e-revelada-veja-foto\/\" \/>\n<meta property=\"og:locale\" content=\"pt_BR\" \/>\n<meta property=\"og:type\" content=\"article\" \/>\n<meta property=\"og:title\" content=\"Frase do mosaico no Maracan\u00e3 \u00e9 revelada; veja foto\" \/>\n<meta property=\"og:description\" content=\"O Maracan\u00e3 estar\u00e1 colorido de vermelho e preto na noite desta quarta-feira, quando, a partir das 21h, Flamengo e Fluminense decidem o t\u00edtulo do Carioca.\" \/>\n<meta property=\"og:url\" content=\"https:\/\/www.gaveanews.com\/index.php\/2020\/07\/15\/frase-do-mosaico-no-maracana-e-revelada-veja-foto\/\" \/>\n<meta property=\"og:site_name\" content=\"G\u00e1vea News\" \/>\n<meta property=\"article:publisher\" content=\"https:\/\/facebook.com\/gaveaNews\/\" \/>\n<meta property=\"article:published_time\" content=\"2020-07-15T14:04:34+00:00\" \/>\n<meta property=\"article:modified_time\" content=\"2020-07-15T14:04:37+00:00\" \/>\n<meta property=\"og:image\" content=\"https:\/\/www.gaveanews.com\/wp-content\/uploads\/2019\/03\/Escudo-do-Flamengo-e-exposto-proximo-a-um-dos-gols-no-gramado-do-Maracana.webp\" \/>\n\t<meta property=\"og:image:width\" content=\"1\" \/>\n\t<meta property=\"og:image:height\" content=\"1\" \/>\n\t<meta property=\"og:image:type\" content=\"image\/jpeg\" \/>\n<meta name=\"author\" content=\"Equipe G\u00e1vea News\" \/>\n<meta name=\"twitter:card\" content=\"summary_large_image\" \/>\n<meta name=\"twitter:label1\" content=\"Escrito por\" \/>\n\t<meta name=\"twitter:data1\" content=\"Equipe G\u00e1vea News\" \/>\n\t<meta name=\"twitter:label2\" content=\"Est. tempo de leitura\" \/>\n\t<meta name=\"twitter:data2\" content=\"1 minuto\" \/>\n<script type=\"application\/ld+json\" class=\"yoast-schema-graph\">{\"@context\":\"https:\/\/schema.org\",\"@graph\":[{\"@type\":\"NewsArticle\",\"@id\":\"https:\/\/www.gaveanews.com\/index.php\/2020\/07\/15\/frase-do-mosaico-no-maracana-e-revelada-veja-foto\/#article\",\"isPartOf\":{\"@id\":\"https:\/\/www.gaveanews.com\/index.php\/2020\/07\/15\/frase-do-mosaico-no-maracana-e-revelada-veja-foto\/\"},\"author\":{\"name\":\"Equipe G\u00e1vea News\",\"@id\":\"https:\/\/www.gaveanews.com\/#\/schema\/person\/2ec14f73fb96be2caf28f91afb14749d\"},\"headline\":\"Frase do mosaico no Maracan\u00e3 \u00e9 revelada; veja foto\",\"datePublished\":\"2020-07-15T14:04:34+00:00\",\"dateModified\":\"2020-07-15T14:04:37+00:00\",\"mainEntityOfPage\":{\"@id\":\"https:\/\/www.gaveanews.com\/index.php\/2020\/07\/15\/frase-do-mosaico-no-maracana-e-revelada-veja-foto\/\"},\"wordCount\":134,\"commentCount\":22,\"image\":{\"@id\":\"https:\/\/www.gaveanews.com\/index.php\/2020\/07\/15\/frase-do-mosaico-no-maracana-e-revelada-veja-foto\/#primaryimage\"},\"thumbnailUrl\":\"https:\/\/www.gaveanews.com\/wp-content\/uploads\/2019\/03\/Escudo-do-Flamengo-e-exposto-proximo-a-um-dos-gols-no-gramado-do-Maracana.webp\",\"articleSection\":[\"Flamengo\"],\"inLanguage\":\"pt-BR\",\"potentialAction\":[{\"@type\":\"CommentAction\",\"name\":\"Comment\",\"target\":[\"https:\/\/www.gaveanews.com\/index.php\/2020\/07\/15\/frase-do-mosaico-no-maracana-e-revelada-veja-foto\/#respond\"]}],\"copyrightYear\":\"2020\",\"copyrightHolder\":{\"@id\":\"https:\/\/www.gaveanews.com\/#organization\"}},{\"@type\":\"WebPage\",\"@id\":\"https:\/\/www.gaveanews.com\/index.php\/2020\/07\/15\/frase-do-mosaico-no-maracana-e-revelada-veja-foto\/\",\"url\":\"https:\/\/www.gaveanews.com\/index.php\/2020\/07\/15\/frase-do-mosaico-no-maracana-e-revelada-veja-foto\/\",\"name\":\"Frase do mosaico no Maracan\u00e3 \u00e9 revelada; veja foto\",\"isPartOf\":{\"@id\":\"https:\/\/www.gaveanews.com\/#website\"},\"primaryImageOfPage\":{\"@id\":\"https:\/\/www.gaveanews.com\/index.php\/2020\/07\/15\/frase-do-mosaico-no-maracana-e-revelada-veja-foto\/#primaryimage\"},\"image\":{\"@id\":\"https:\/\/www.gaveanews.com\/index.php\/2020\/07\/15\/frase-do-mosaico-no-maracana-e-revelada-veja-foto\/#primaryimage\"},\"thumbnailUrl\":\"https:\/\/www.gaveanews.com\/wp-content\/uploads\/2019\/03\/Escudo-do-Flamengo-e-exposto-proximo-a-um-dos-gols-no-gramado-do-Maracana.webp\",\"datePublished\":\"2020-07-15T14:04:34+00:00\",\"dateModified\":\"2020-07-15T14:04:37+00:00\",\"author\":{\"@id\":\"https:\/\/www.gaveanews.com\/#\/schema\/person\/2ec14f73fb96be2caf28f91afb14749d\"},\"description\":\"O Maracan\u00e3 estar\u00e1 colorido de vermelho e preto na noite desta quarta-feira, quando, a partir das 21h, Flamengo e Fluminense decidem o t\u00edtulo do Carioca.\",\"breadcrumb\":{\"@id\":\"https:\/\/www.gaveanews.com\/index.php\/2020\/07\/15\/frase-do-mosaico-no-maracana-e-revelada-veja-foto\/#breadcrumb\"},\"inLanguage\":\"pt-BR\",\"potentialAction\":[{\"@type\":\"ReadAction\",\"target\":[\"https:\/\/www.gaveanews.com\/index.php\/2020\/07\/15\/frase-do-mosaico-no-maracana-e-revelada-veja-foto\/\"]}]},{\"@type\":\"ImageObject\",\"inLanguage\":\"pt-BR\",\"@id\":\"https:\/\/www.gaveanews.com\/index.php\/2020\/07\/15\/frase-do-mosaico-no-maracana-e-revelada-veja-foto\/#primaryimage\",\"url\":\"https:\/\/www.gaveanews.com\/wp-content\/uploads\/2019\/03\/Escudo-do-Flamengo-e-exposto-proximo-a-um-dos-gols-no-gramado-do-Maracana.webp\",\"contentUrl\":\"https:\/\/www.gaveanews.com\/wp-content\/uploads\/2019\/03\/Escudo-do-Flamengo-e-exposto-proximo-a-um-dos-gols-no-gramado-do-Maracana.webp\",\"caption\":\"Escudo do Flamengo \u00e9 exposto pr\u00f3ximo a um dos gols, no gramado do Maracan\u00e3 (Foto: Daniel Castelo Branco)\"},{\"@type\":\"BreadcrumbList\",\"@id\":\"https:\/\/www.gaveanews.com\/index.php\/2020\/07\/15\/frase-do-mosaico-no-maracana-e-revelada-veja-foto\/#breadcrumb\",\"itemListElement\":[{\"@type\":\"ListItem\",\"position\":1,\"name\":\"Home\",\"item\":\"https:\/\/www.gaveanews.com\/\"},{\"@type\":\"ListItem\",\"position\":2,\"name\":\"Frase do mosaico no Maracan\u00e3 \u00e9 revelada; veja foto\"}]},{\"@type\":\"WebSite\",\"@id\":\"https:\/\/www.gaveanews.com\/#website\",\"url\":\"https:\/\/www.gaveanews.com\/\",\"name\":\"G\u00e1vea News\",\"description\":\"Veja todas as not\u00edcias sobre o Flamengo: Contrata\u00e7\u00f5es, categorias de base, resultados das partidas, tabela de classifica\u00e7\u00e3o, pr\u00f3ximos jogos!\",\"potentialAction\":[{\"@type\":\"SearchAction\",\"target\":{\"@type\":\"EntryPoint\",\"urlTemplate\":\"https:\/\/www.gaveanews.com\/?s={search_term_string}\"},\"query-input\":{\"@type\":\"PropertyValueSpecification\",\"valueRequired\":true,\"valueName\":\"search_term_string\"}}],\"inLanguage\":\"pt-BR\"},{\"@type\":\"Person\",\"@id\":\"https:\/\/www.gaveanews.com\/#\/schema\/person\/2ec14f73fb96be2caf28f91afb14749d\",\"name\":\"Equipe G\u00e1vea News\",\"image\":{\"@type\":\"ImageObject\",\"inLanguage\":\"pt-BR\",\"@id\":\"https:\/\/www.gaveanews.com\/#\/schema\/person\/image\/\",\"url\":\"https:\/\/secure.gravatar.com\/avatar\/1e1956f1facbffd3f8fa53a326721950116b3b9dc9bd44939c01180fd4a745a9?s=96&d=mm&r=g\",\"contentUrl\":\"https:\/\/secure.gravatar.com\/avatar\/1e1956f1facbffd3f8fa53a326721950116b3b9dc9bd44939c01180fd4a745a9?s=96&d=mm&r=g\",\"caption\":\"Equipe G\u00e1vea News\"}}]}<\/script>\n<!-- \/ Yoast SEO Premium plugin. -->","yoast_head_json":{"title":"Frase do mosaico no Maracan\u00e3 \u00e9 revelada; veja foto","description":"O Maracan\u00e3 estar\u00e1 colorido de vermelho e preto na noite desta quarta-feira, quando, a partir das 21h, Flamengo e Fluminense decidem o t\u00edtulo do Carioca.","robots":{"index":"index","follow":"follow","max-snippet":"max-snippet:-1","max-image-preview":"max-image-preview:large","max-video-preview":"max-video-preview:-1"},"canonical":"https:\/\/www.gaveanews.com\/index.php\/2020\/07\/15\/frase-do-mosaico-no-maracana-e-revelada-veja-foto\/","og_locale":"pt_BR","og_type":"article","og_title":"Frase do mosaico no Maracan\u00e3 \u00e9 revelada; veja foto","og_description":"O Maracan\u00e3 estar\u00e1 colorido de vermelho e preto na noite desta quarta-feira, quando, a partir das 21h, Flamengo e Fluminense decidem o t\u00edtulo do Carioca.","og_url":"https:\/\/www.gaveanews.com\/index.php\/2020\/07\/15\/frase-do-mosaico-no-maracana-e-revelada-veja-foto\/","og_site_name":"G\u00e1vea News","article_publisher":"https:\/\/facebook.com\/gaveaNews\/","article_published_time":"2020-07-15T14:04:34+00:00","article_modified_time":"2020-07-15T14:04:37+00:00","og_image":[{"url":"https:\/\/www.gaveanews.com\/wp-content\/uploads\/2019\/03\/Escudo-do-Flamengo-e-exposto-proximo-a-um-dos-gols-no-gramado-do-Maracana.webp","width":1,"height":1,"type":"image\/jpeg"}],"author":"Equipe G\u00e1vea News","twitter_card":"summary_large_image","twitter_misc":{"Escrito por":"Equipe G\u00e1vea News","Est. tempo de leitura":"1 minuto"},"schema":{"@context":"https:\/\/schema.org","@graph":[{"@type":"NewsArticle","@id":"https:\/\/www.gaveanews.com\/index.php\/2020\/07\/15\/frase-do-mosaico-no-maracana-e-revelada-veja-foto\/#article","isPartOf":{"@id":"https:\/\/www.gaveanews.com\/index.php\/2020\/07\/15\/frase-do-mosaico-no-maracana-e-revelada-veja-foto\/"},"author":{"name":"Equipe G\u00e1vea News","@id":"https:\/\/www.gaveanews.com\/#\/schema\/person\/2ec14f73fb96be2caf28f91afb14749d"},"headline":"Frase do mosaico no Maracan\u00e3 \u00e9 revelada; veja foto","datePublished":"2020-07-15T14:04:34+00:00","dateModified":"2020-07-15T14:04:37+00:00","mainEntityOfPage":{"@id":"https:\/\/www.gaveanews.com\/index.php\/2020\/07\/15\/frase-do-mosaico-no-maracana-e-revelada-veja-foto\/"},"wordCount":134,"commentCount":22,"image":{"@id":"https:\/\/www.gaveanews.com\/index.php\/2020\/07\/15\/frase-do-mosaico-no-maracana-e-revelada-veja-foto\/#primaryimage"},"thumbnailUrl":"https:\/\/www.gaveanews.com\/wp-content\/uploads\/2019\/03\/Escudo-do-Flamengo-e-exposto-proximo-a-um-dos-gols-no-gramado-do-Maracana.webp","articleSection":["Flamengo"],"inLanguage":"pt-BR","potentialAction":[{"@type":"CommentAction","name":"Comment","target":["https:\/\/www.gaveanews.com\/index.php\/2020\/07\/15\/frase-do-mosaico-no-maracana-e-revelada-veja-foto\/#respond"]}],"copyrightYear":"2020","copyrightHolder":{"@id":"https:\/\/www.gaveanews.com\/#organization"}},{"@type":"WebPage","@id":"https:\/\/www.gaveanews.com\/index.php\/2020\/07\/15\/frase-do-mosaico-no-maracana-e-revelada-veja-foto\/","url":"https:\/\/www.gaveanews.com\/index.php\/2020\/07\/15\/frase-do-mosaico-no-maracana-e-revelada-veja-foto\/","name":"Frase do mosaico no Maracan\u00e3 \u00e9 revelada; veja foto","isPartOf":{"@id":"https:\/\/www.gaveanews.com\/#website"},"primaryImageOfPage":{"@id":"https:\/\/www.gaveanews.com\/index.php\/2020\/07\/15\/frase-do-mosaico-no-maracana-e-revelada-veja-foto\/#primaryimage"},"image":{"@id":"https:\/\/www.gaveanews.com\/index.php\/2020\/07\/15\/frase-do-mosaico-no-maracana-e-revelada-veja-foto\/#primaryimage"},"thumbnailUrl":"https:\/\/www.gaveanews.com\/wp-content\/uploads\/2019\/03\/Escudo-do-Flamengo-e-exposto-proximo-a-um-dos-gols-no-gramado-do-Maracana.webp","datePublished":"2020-07-15T14:04:34+00:00","dateModified":"2020-07-15T14:04:37+00:00","author":{"@id":"https:\/\/www.gaveanews.com\/#\/schema\/person\/2ec14f73fb96be2caf28f91afb14749d"},"description":"O Maracan\u00e3 estar\u00e1 colorido de vermelho e preto na noite desta quarta-feira, quando, a partir das 21h, Flamengo e Fluminense decidem o t\u00edtulo do Carioca.","breadcrumb":{"@id":"https:\/\/www.gaveanews.com\/index.php\/2020\/07\/15\/frase-do-mosaico-no-maracana-e-revelada-veja-foto\/#breadcrumb"},"inLanguage":"pt-BR","potentialAction":[{"@type":"ReadAction","target":["https:\/\/www.gaveanews.com\/index.php\/2020\/07\/15\/frase-do-mosaico-no-maracana-e-revelada-veja-foto\/"]}]},{"@type":"ImageObject","inLanguage":"pt-BR","@id":"https:\/\/www.gaveanews.com\/index.php\/2020\/07\/15\/frase-do-mosaico-no-maracana-e-revelada-veja-foto\/#primaryimage","url":"https:\/\/www.gaveanews.com\/wp-content\/uploads\/2019\/03\/Escudo-do-Flamengo-e-exposto-proximo-a-um-dos-gols-no-gramado-do-Maracana.webp","contentUrl":"https:\/\/www.gaveanews.com\/wp-content\/uploads\/2019\/03\/Escudo-do-Flamengo-e-exposto-proximo-a-um-dos-gols-no-gramado-do-Maracana.webp","caption":"Escudo do Flamengo \u00e9 exposto pr\u00f3ximo a um dos gols, no gramado do Maracan\u00e3 (Foto: Daniel Castelo Branco)"},{"@type":"BreadcrumbList","@id":"https:\/\/www.gaveanews.com\/index.php\/2020\/07\/15\/frase-do-mosaico-no-maracana-e-revelada-veja-foto\/#breadcrumb","itemListElement":[{"@type":"ListItem","position":1,"name":"Home","item":"https:\/\/www.gaveanews.com\/"},{"@type":"ListItem","position":2,"name":"Frase do mosaico no Maracan\u00e3 \u00e9 revelada; veja foto"}]},{"@type":"WebSite","@id":"https:\/\/www.gaveanews.com\/#website","url":"https:\/\/www.gaveanews.com\/","name":"G\u00e1vea News","description":"Veja todas as not\u00edcias sobre o Flamengo: Contrata\u00e7\u00f5es, categorias de base, resultados das partidas, tabela de classifica\u00e7\u00e3o, pr\u00f3ximos jogos!","potentialAction":[{"@type":"SearchAction","target":{"@type":"EntryPoint","urlTemplate":"https:\/\/www.gaveanews.com\/?s={search_term_string}"},"query-input":{"@type":"PropertyValueSpecification","valueRequired":true,"valueName":"search_term_string"}}],"inLanguage":"pt-BR"},{"@type":"Person","@id":"https:\/\/www.gaveanews.com\/#\/schema\/person\/2ec14f73fb96be2caf28f91afb14749d","name":"Equipe G\u00e1vea News","image":{"@type":"ImageObject","inLanguage":"pt-BR","@id":"https:\/\/www.gaveanews.com\/#\/schema\/person\/image\/","url":"https:\/\/secure.gravatar.com\/avatar\/1e1956f1facbffd3f8fa53a326721950116b3b9dc9bd44939c01180fd4a745a9?s=96&d=mm&r=g","contentUrl":"https:\/\/secure.gravatar.com\/avatar\/1e1956f1facbffd3f8fa53a326721950116b3b9dc9bd44939c01180fd4a745a9?s=96&d=mm&r=g","caption":"Equipe G\u00e1vea News"}}]}},"_links":{"self":[{"href":"https:\/\/www.gaveanews.com\/index.php\/wp-json\/wp\/v2\/posts\/43621","targetHints":{"allow":["GET"]}}],"collection":[{"href":"https:\/\/www.gaveanews.com\/index.php\/wp-json\/wp\/v2\/posts"}],"about":[{"href":"https:\/\/www.gaveanews.com\/index.php\/wp-json\/wp\/v2\/types\/post"}],"author":[{"embeddable":true,"href":"https:\/\/www.gaveanews.com\/index.php\/wp-json\/wp\/v2\/users\/1"}],"replies":[{"embeddable":true,"href":"https:\/\/www.gaveanews.com\/index.php\/wp-json\/wp\/v2\/comments?post=43621"}],"version-history":[{"count":0,"href":"https:\/\/www.gaveanews.com\/index.php\/wp-json\/wp\/v2\/posts\/43621\/revisions"}],"wp:featuredmedia":[{"embeddable":true,"href":"https:\/\/www.gaveanews.com\/index.php\/wp-json\/wp\/v2\/media\/15081"}],"wp:attachment":[{"href":"https:\/\/www.gaveanews.com\/index.php\/wp-json\/wp\/v2\/media?parent=43621"}],"wp:term":[{"taxonomy":"category","embeddable":true,"href":"https:\/\/www.gaveanews.com\/index.php\/wp-json\/wp\/v2\/categories?post=43621"},{"taxonomy":"post_tag","embeddable":true,"href":"https:\/\/www.gaveanews.com\/index.php\/wp-json\/wp\/v2\/tags?post=43621"}],"curies":[{"name":"wp","href":"https:\/\/api.w.org\/{rel}","templated":true}]}}