{"id":43636,"date":"2020-07-15T15:34:24","date_gmt":"2020-07-15T18:34:24","guid":{"rendered":"https:\/\/www.gaveanews.com\/?p=43636"},"modified":"2021-08-12T00:44:40","modified_gmt":"2021-08-12T03:44:40","slug":"atacante-do-flamengo-e-liberado-e-nao-participa-dos-ultimos-treinos-no-ninho-do-urubu","status":"publish","type":"post","link":"https:\/\/www.gaveanews.com\/index.php\/2020\/07\/15\/atacante-do-flamengo-e-liberado-e-nao-participa-dos-ultimos-treinos-no-ninho-do-urubu\/","title":{"rendered":"Atacante do Flamengo \u00e9 liberado, e n\u00e3o participa dos \u00faltimos treinos no Ninho do Urubu"},"content":{"rendered":"\n<p>Conforme publicado no \u00faltimo s\u00e1bado (11 de julho), Orlando <a href=\"https:\/\/www.gaveanews.com\/index.php\/2020\/07\/11\/atacante-do-flamengo-sera-negociado-com-o-emirados-arabes\/\"><strong>Berr\u00edo ser\u00e1 negociado com o futebol dos Emirados \u00c1rabes<\/strong><\/a>. O atacante inclusive, foi liberado pela diretoria rubro-negra para dar sequencia nos tr\u00e2mites burocr\u00e1ticos, e n\u00e3o participou dos \u00faltimos treinamentos realizados no Ninho do Urubu. <\/p>\n\n\n\n<p>A tend\u00eancia \u00e9 de que o colombiano realize exames m\u00e9dicos nos pr\u00f3ximos dias para assinar com o Khor Fakkan. Tais informa\u00e7\u00f5es foram divulgadas pelo jornalista Felipe Schmidt, do portal Globo Esporte.<\/p>\n\n\n\n<p>Sem Berr\u00edo, o Flamengo enfrentar\u00e1 o time do Fluminense, na noite desta quarta-feira (15 de julho), \u00e0s 21 horas (de acordo com o hor\u00e1rio oficial de Bras\u00edlia), no est\u00e1dio do Maracan\u00e3.<\/p>\n\n\n\n<p>Vale destacar que o time da G\u00e1vea poder\u00e1 ser campe\u00e3o da Campeonato Carioca, sem vencer o cl\u00e1ssico. Isso porque, caso o duelo termine empatado, o Mais Querido ir\u00e1 levantar o caneco, devido a vantagem conquistada no \u00faltimo domingo (12 de julho).<\/p>\n","protected":false},"excerpt":{"rendered":"<p>Conforme publicado no \u00faltimo s\u00e1bado (11 de julho), Orlando Berr\u00edo ser\u00e1 negociado com o futebol dos Emirados \u00c1rabes. O atacante inclusive, foi liberado pela diretoria rubro-negra para dar sequencia nos tr\u00e2mites burocr\u00e1ticos, e n\u00e3o participou dos \u00faltimos treinamentos realizados no Ninho do Urubu. A tend\u00eancia \u00e9 de que o colombiano realize exames m\u00e9dicos nos pr\u00f3ximos [&hellip;]<\/p>\n","protected":false},"author":2,"featured_media":28176,"comment_status":"open","ping_status":"closed","sticky":false,"template":"","format":"standard","meta":{"footnotes":""},"categories":[48],"tags":[],"class_list":["post-43636","post","type-post","status-publish","format-standard","has-post-thumbnail","hentry","category-negociacoes"],"yoast_head":"<!-- This site is optimized with the Yoast SEO Premium plugin v24.2 (Yoast SEO v26.9) - https:\/\/yoast.com\/product\/yoast-seo-premium-wordpress\/ -->\n<title>Atacante do Flamengo \u00e9 liberado, e n\u00e3o participa dos \u00faltimos treinos<\/title>\n<meta name=\"description\" content=\"O jogador n\u00e3o ir\u00e1 disputar a final do Campeoanto Carioca e a tend\u00eancia \u00e9 de que ele realize exames m\u00e9dicos nos pr\u00f3ximos dias.\" \/>\n<meta name=\"robots\" content=\"index, follow, max-snippet:-1, max-image-preview:large, max-video-preview:-1\" \/>\n<link rel=\"canonical\" href=\"https:\/\/www.gaveanews.com\/index.php\/2020\/07\/15\/atacante-do-flamengo-e-liberado-e-nao-participa-dos-ultimos-treinos-no-ninho-do-urubu\/\" \/>\n<meta property=\"og:locale\" content=\"pt_BR\" \/>\n<meta property=\"og:type\" content=\"article\" \/>\n<meta property=\"og:title\" content=\"Atacante do Flamengo \u00e9 liberado, e n\u00e3o participa dos \u00faltimos treinos no Ninho do Urubu\" \/>\n<meta property=\"og:description\" content=\"O jogador n\u00e3o ir\u00e1 disputar a final do Campeoanto Carioca e a tend\u00eancia \u00e9 de que ele realize exames m\u00e9dicos nos pr\u00f3ximos dias.\" \/>\n<meta property=\"og:url\" content=\"https:\/\/www.gaveanews.com\/index.php\/2020\/07\/15\/atacante-do-flamengo-e-liberado-e-nao-participa-dos-ultimos-treinos-no-ninho-do-urubu\/\" \/>\n<meta property=\"og:site_name\" content=\"G\u00e1vea News\" \/>\n<meta property=\"article:publisher\" content=\"https:\/\/facebook.com\/gaveaNews\/\" \/>\n<meta property=\"article:published_time\" content=\"2020-07-15T18:34:24+00:00\" \/>\n<meta property=\"article:modified_time\" content=\"2021-08-12T03:44:40+00:00\" \/>\n<meta property=\"og:image\" content=\"https:\/\/www.gaveanews.com\/wp-content\/uploads\/Orlando-Berrio-em-acao-pelo-Flamengo.webp\" \/>\n\t<meta property=\"og:image:width\" content=\"1\" \/>\n\t<meta property=\"og:image:height\" content=\"1\" \/>\n\t<meta property=\"og:image:type\" content=\"image\/jpeg\" \/>\n<meta name=\"author\" content=\"Hugo Nogueira\" \/>\n<meta name=\"twitter:card\" content=\"summary_large_image\" \/>\n<meta name=\"twitter:label1\" content=\"Escrito por\" \/>\n\t<meta name=\"twitter:data1\" content=\"Hugo Nogueira\" \/>\n\t<meta name=\"twitter:label2\" content=\"Est. tempo de leitura\" \/>\n\t<meta name=\"twitter:data2\" content=\"1 minuto\" \/>\n<script type=\"application\/ld+json\" class=\"yoast-schema-graph\">{\"@context\":\"https:\/\/schema.org\",\"@graph\":[{\"@type\":\"NewsArticle\",\"@id\":\"https:\/\/www.gaveanews.com\/index.php\/2020\/07\/15\/atacante-do-flamengo-e-liberado-e-nao-participa-dos-ultimos-treinos-no-ninho-do-urubu\/#article\",\"isPartOf\":{\"@id\":\"https:\/\/www.gaveanews.com\/index.php\/2020\/07\/15\/atacante-do-flamengo-e-liberado-e-nao-participa-dos-ultimos-treinos-no-ninho-do-urubu\/\"},\"author\":{\"name\":\"Hugo Nogueira\",\"@id\":\"https:\/\/www.gaveanews.com\/#\/schema\/person\/3a0372021fabaeec4e7e4242cfa27841\"},\"headline\":\"Atacante do Flamengo \u00e9 liberado, e n\u00e3o participa dos \u00faltimos treinos no Ninho do Urubu\",\"datePublished\":\"2020-07-15T18:34:24+00:00\",\"dateModified\":\"2021-08-12T03:44:40+00:00\",\"mainEntityOfPage\":{\"@id\":\"https:\/\/www.gaveanews.com\/index.php\/2020\/07\/15\/atacante-do-flamengo-e-liberado-e-nao-participa-dos-ultimos-treinos-no-ninho-do-urubu\/\"},\"wordCount\":172,\"commentCount\":10,\"image\":{\"@id\":\"https:\/\/www.gaveanews.com\/index.php\/2020\/07\/15\/atacante-do-flamengo-e-liberado-e-nao-participa-dos-ultimos-treinos-no-ninho-do-urubu\/#primaryimage\"},\"thumbnailUrl\":\"https:\/\/www.gaveanews.com\/wp-content\/uploads\/Orlando-Berrio-em-acao-pelo-Flamengo.webp\",\"articleSection\":[\"Negocia\u00e7\u00f5es\"],\"inLanguage\":\"pt-BR\",\"potentialAction\":[{\"@type\":\"CommentAction\",\"name\":\"Comment\",\"target\":[\"https:\/\/www.gaveanews.com\/index.php\/2020\/07\/15\/atacante-do-flamengo-e-liberado-e-nao-participa-dos-ultimos-treinos-no-ninho-do-urubu\/#respond\"]}],\"copyrightYear\":\"2020\",\"copyrightHolder\":{\"@id\":\"https:\/\/www.gaveanews.com\/#organization\"}},{\"@type\":\"WebPage\",\"@id\":\"https:\/\/www.gaveanews.com\/index.php\/2020\/07\/15\/atacante-do-flamengo-e-liberado-e-nao-participa-dos-ultimos-treinos-no-ninho-do-urubu\/\",\"url\":\"https:\/\/www.gaveanews.com\/index.php\/2020\/07\/15\/atacante-do-flamengo-e-liberado-e-nao-participa-dos-ultimos-treinos-no-ninho-do-urubu\/\",\"name\":\"Atacante do Flamengo \u00e9 liberado, e n\u00e3o participa dos \u00faltimos treinos\",\"isPartOf\":{\"@id\":\"https:\/\/www.gaveanews.com\/#website\"},\"primaryImageOfPage\":{\"@id\":\"https:\/\/www.gaveanews.com\/index.php\/2020\/07\/15\/atacante-do-flamengo-e-liberado-e-nao-participa-dos-ultimos-treinos-no-ninho-do-urubu\/#primaryimage\"},\"image\":{\"@id\":\"https:\/\/www.gaveanews.com\/index.php\/2020\/07\/15\/atacante-do-flamengo-e-liberado-e-nao-participa-dos-ultimos-treinos-no-ninho-do-urubu\/#primaryimage\"},\"thumbnailUrl\":\"https:\/\/www.gaveanews.com\/wp-content\/uploads\/Orlando-Berrio-em-acao-pelo-Flamengo.webp\",\"datePublished\":\"2020-07-15T18:34:24+00:00\",\"dateModified\":\"2021-08-12T03:44:40+00:00\",\"author\":{\"@id\":\"https:\/\/www.gaveanews.com\/#\/schema\/person\/3a0372021fabaeec4e7e4242cfa27841\"},\"description\":\"O jogador n\u00e3o ir\u00e1 disputar a final do Campeoanto Carioca e a tend\u00eancia \u00e9 de que ele realize exames m\u00e9dicos nos pr\u00f3ximos dias.\",\"breadcrumb\":{\"@id\":\"https:\/\/www.gaveanews.com\/index.php\/2020\/07\/15\/atacante-do-flamengo-e-liberado-e-nao-participa-dos-ultimos-treinos-no-ninho-do-urubu\/#breadcrumb\"},\"inLanguage\":\"pt-BR\",\"potentialAction\":[{\"@type\":\"ReadAction\",\"target\":[\"https:\/\/www.gaveanews.com\/index.php\/2020\/07\/15\/atacante-do-flamengo-e-liberado-e-nao-participa-dos-ultimos-treinos-no-ninho-do-urubu\/\"]}]},{\"@type\":\"ImageObject\",\"inLanguage\":\"pt-BR\",\"@id\":\"https:\/\/www.gaveanews.com\/index.php\/2020\/07\/15\/atacante-do-flamengo-e-liberado-e-nao-participa-dos-ultimos-treinos-no-ninho-do-urubu\/#primaryimage\",\"url\":\"https:\/\/www.gaveanews.com\/wp-content\/uploads\/Orlando-Berrio-em-acao-pelo-Flamengo.webp\",\"contentUrl\":\"https:\/\/www.gaveanews.com\/wp-content\/uploads\/Orlando-Berrio-em-acao-pelo-Flamengo.webp\",\"caption\":\"Orlando Berr\u00edo em a\u00e7\u00e3o pelo Flamengo (Foto: Alexandre Vidal\/Flamengo)\"},{\"@type\":\"BreadcrumbList\",\"@id\":\"https:\/\/www.gaveanews.com\/index.php\/2020\/07\/15\/atacante-do-flamengo-e-liberado-e-nao-participa-dos-ultimos-treinos-no-ninho-do-urubu\/#breadcrumb\",\"itemListElement\":[{\"@type\":\"ListItem\",\"position\":1,\"name\":\"Home\",\"item\":\"https:\/\/www.gaveanews.com\/\"},{\"@type\":\"ListItem\",\"position\":2,\"name\":\"Atacante do Flamengo \u00e9 liberado, e n\u00e3o participa dos \u00faltimos treinos no Ninho do Urubu\"}]},{\"@type\":\"WebSite\",\"@id\":\"https:\/\/www.gaveanews.com\/#website\",\"url\":\"https:\/\/www.gaveanews.com\/\",\"name\":\"G\u00e1vea News\",\"description\":\"Veja todas as not\u00edcias sobre o Flamengo: Contrata\u00e7\u00f5es, categorias de base, resultados das partidas, tabela de classifica\u00e7\u00e3o, pr\u00f3ximos jogos!\",\"potentialAction\":[{\"@type\":\"SearchAction\",\"target\":{\"@type\":\"EntryPoint\",\"urlTemplate\":\"https:\/\/www.gaveanews.com\/?s={search_term_string}\"},\"query-input\":{\"@type\":\"PropertyValueSpecification\",\"valueRequired\":true,\"valueName\":\"search_term_string\"}}],\"inLanguage\":\"pt-BR\"},{\"@type\":\"Person\",\"@id\":\"https:\/\/www.gaveanews.com\/#\/schema\/person\/3a0372021fabaeec4e7e4242cfa27841\",\"name\":\"Hugo Nogueira\",\"image\":{\"@type\":\"ImageObject\",\"inLanguage\":\"pt-BR\",\"@id\":\"https:\/\/www.gaveanews.com\/#\/schema\/person\/image\/\",\"url\":\"https:\/\/secure.gravatar.com\/avatar\/0cdd89f3b47bb55926c08eee2db992845cfdd53f84c9fdd47a49d89b3cd40c0a?s=96&d=mm&r=g\",\"contentUrl\":\"https:\/\/secure.gravatar.com\/avatar\/0cdd89f3b47bb55926c08eee2db992845cfdd53f84c9fdd47a49d89b3cd40c0a?s=96&d=mm&r=g\",\"caption\":\"Hugo Nogueira\"}}]}<\/script>\n<!-- \/ Yoast SEO Premium plugin. -->","yoast_head_json":{"title":"Atacante do Flamengo \u00e9 liberado, e n\u00e3o participa dos \u00faltimos treinos","description":"O jogador n\u00e3o ir\u00e1 disputar a final do Campeoanto Carioca e a tend\u00eancia \u00e9 de que ele realize exames m\u00e9dicos nos pr\u00f3ximos dias.","robots":{"index":"index","follow":"follow","max-snippet":"max-snippet:-1","max-image-preview":"max-image-preview:large","max-video-preview":"max-video-preview:-1"},"canonical":"https:\/\/www.gaveanews.com\/index.php\/2020\/07\/15\/atacante-do-flamengo-e-liberado-e-nao-participa-dos-ultimos-treinos-no-ninho-do-urubu\/","og_locale":"pt_BR","og_type":"article","og_title":"Atacante do Flamengo \u00e9 liberado, e n\u00e3o participa dos \u00faltimos treinos no Ninho do Urubu","og_description":"O jogador n\u00e3o ir\u00e1 disputar a final do Campeoanto Carioca e a tend\u00eancia \u00e9 de que ele realize exames m\u00e9dicos nos pr\u00f3ximos dias.","og_url":"https:\/\/www.gaveanews.com\/index.php\/2020\/07\/15\/atacante-do-flamengo-e-liberado-e-nao-participa-dos-ultimos-treinos-no-ninho-do-urubu\/","og_site_name":"G\u00e1vea News","article_publisher":"https:\/\/facebook.com\/gaveaNews\/","article_published_time":"2020-07-15T18:34:24+00:00","article_modified_time":"2021-08-12T03:44:40+00:00","og_image":[{"url":"https:\/\/www.gaveanews.com\/wp-content\/uploads\/Orlando-Berrio-em-acao-pelo-Flamengo.webp","width":1,"height":1,"type":"image\/jpeg"}],"author":"Hugo Nogueira","twitter_card":"summary_large_image","twitter_misc":{"Escrito por":"Hugo Nogueira","Est. tempo de leitura":"1 minuto"},"schema":{"@context":"https:\/\/schema.org","@graph":[{"@type":"NewsArticle","@id":"https:\/\/www.gaveanews.com\/index.php\/2020\/07\/15\/atacante-do-flamengo-e-liberado-e-nao-participa-dos-ultimos-treinos-no-ninho-do-urubu\/#article","isPartOf":{"@id":"https:\/\/www.gaveanews.com\/index.php\/2020\/07\/15\/atacante-do-flamengo-e-liberado-e-nao-participa-dos-ultimos-treinos-no-ninho-do-urubu\/"},"author":{"name":"Hugo Nogueira","@id":"https:\/\/www.gaveanews.com\/#\/schema\/person\/3a0372021fabaeec4e7e4242cfa27841"},"headline":"Atacante do Flamengo \u00e9 liberado, e n\u00e3o participa dos \u00faltimos treinos no Ninho do Urubu","datePublished":"2020-07-15T18:34:24+00:00","dateModified":"2021-08-12T03:44:40+00:00","mainEntityOfPage":{"@id":"https:\/\/www.gaveanews.com\/index.php\/2020\/07\/15\/atacante-do-flamengo-e-liberado-e-nao-participa-dos-ultimos-treinos-no-ninho-do-urubu\/"},"wordCount":172,"commentCount":10,"image":{"@id":"https:\/\/www.gaveanews.com\/index.php\/2020\/07\/15\/atacante-do-flamengo-e-liberado-e-nao-participa-dos-ultimos-treinos-no-ninho-do-urubu\/#primaryimage"},"thumbnailUrl":"https:\/\/www.gaveanews.com\/wp-content\/uploads\/Orlando-Berrio-em-acao-pelo-Flamengo.webp","articleSection":["Negocia\u00e7\u00f5es"],"inLanguage":"pt-BR","potentialAction":[{"@type":"CommentAction","name":"Comment","target":["https:\/\/www.gaveanews.com\/index.php\/2020\/07\/15\/atacante-do-flamengo-e-liberado-e-nao-participa-dos-ultimos-treinos-no-ninho-do-urubu\/#respond"]}],"copyrightYear":"2020","copyrightHolder":{"@id":"https:\/\/www.gaveanews.com\/#organization"}},{"@type":"WebPage","@id":"https:\/\/www.gaveanews.com\/index.php\/2020\/07\/15\/atacante-do-flamengo-e-liberado-e-nao-participa-dos-ultimos-treinos-no-ninho-do-urubu\/","url":"https:\/\/www.gaveanews.com\/index.php\/2020\/07\/15\/atacante-do-flamengo-e-liberado-e-nao-participa-dos-ultimos-treinos-no-ninho-do-urubu\/","name":"Atacante do Flamengo \u00e9 liberado, e n\u00e3o participa dos \u00faltimos treinos","isPartOf":{"@id":"https:\/\/www.gaveanews.com\/#website"},"primaryImageOfPage":{"@id":"https:\/\/www.gaveanews.com\/index.php\/2020\/07\/15\/atacante-do-flamengo-e-liberado-e-nao-participa-dos-ultimos-treinos-no-ninho-do-urubu\/#primaryimage"},"image":{"@id":"https:\/\/www.gaveanews.com\/index.php\/2020\/07\/15\/atacante-do-flamengo-e-liberado-e-nao-participa-dos-ultimos-treinos-no-ninho-do-urubu\/#primaryimage"},"thumbnailUrl":"https:\/\/www.gaveanews.com\/wp-content\/uploads\/Orlando-Berrio-em-acao-pelo-Flamengo.webp","datePublished":"2020-07-15T18:34:24+00:00","dateModified":"2021-08-12T03:44:40+00:00","author":{"@id":"https:\/\/www.gaveanews.com\/#\/schema\/person\/3a0372021fabaeec4e7e4242cfa27841"},"description":"O jogador n\u00e3o ir\u00e1 disputar a final do Campeoanto Carioca e a tend\u00eancia \u00e9 de que ele realize exames m\u00e9dicos nos pr\u00f3ximos dias.","breadcrumb":{"@id":"https:\/\/www.gaveanews.com\/index.php\/2020\/07\/15\/atacante-do-flamengo-e-liberado-e-nao-participa-dos-ultimos-treinos-no-ninho-do-urubu\/#breadcrumb"},"inLanguage":"pt-BR","potentialAction":[{"@type":"ReadAction","target":["https:\/\/www.gaveanews.com\/index.php\/2020\/07\/15\/atacante-do-flamengo-e-liberado-e-nao-participa-dos-ultimos-treinos-no-ninho-do-urubu\/"]}]},{"@type":"ImageObject","inLanguage":"pt-BR","@id":"https:\/\/www.gaveanews.com\/index.php\/2020\/07\/15\/atacante-do-flamengo-e-liberado-e-nao-participa-dos-ultimos-treinos-no-ninho-do-urubu\/#primaryimage","url":"https:\/\/www.gaveanews.com\/wp-content\/uploads\/Orlando-Berrio-em-acao-pelo-Flamengo.webp","contentUrl":"https:\/\/www.gaveanews.com\/wp-content\/uploads\/Orlando-Berrio-em-acao-pelo-Flamengo.webp","caption":"Orlando Berr\u00edo em a\u00e7\u00e3o pelo Flamengo (Foto: Alexandre Vidal\/Flamengo)"},{"@type":"BreadcrumbList","@id":"https:\/\/www.gaveanews.com\/index.php\/2020\/07\/15\/atacante-do-flamengo-e-liberado-e-nao-participa-dos-ultimos-treinos-no-ninho-do-urubu\/#breadcrumb","itemListElement":[{"@type":"ListItem","position":1,"name":"Home","item":"https:\/\/www.gaveanews.com\/"},{"@type":"ListItem","position":2,"name":"Atacante do Flamengo \u00e9 liberado, e n\u00e3o participa dos \u00faltimos treinos no Ninho do Urubu"}]},{"@type":"WebSite","@id":"https:\/\/www.gaveanews.com\/#website","url":"https:\/\/www.gaveanews.com\/","name":"G\u00e1vea News","description":"Veja todas as not\u00edcias sobre o Flamengo: Contrata\u00e7\u00f5es, categorias de base, resultados das partidas, tabela de classifica\u00e7\u00e3o, pr\u00f3ximos jogos!","potentialAction":[{"@type":"SearchAction","target":{"@type":"EntryPoint","urlTemplate":"https:\/\/www.gaveanews.com\/?s={search_term_string}"},"query-input":{"@type":"PropertyValueSpecification","valueRequired":true,"valueName":"search_term_string"}}],"inLanguage":"pt-BR"},{"@type":"Person","@id":"https:\/\/www.gaveanews.com\/#\/schema\/person\/3a0372021fabaeec4e7e4242cfa27841","name":"Hugo Nogueira","image":{"@type":"ImageObject","inLanguage":"pt-BR","@id":"https:\/\/www.gaveanews.com\/#\/schema\/person\/image\/","url":"https:\/\/secure.gravatar.com\/avatar\/0cdd89f3b47bb55926c08eee2db992845cfdd53f84c9fdd47a49d89b3cd40c0a?s=96&d=mm&r=g","contentUrl":"https:\/\/secure.gravatar.com\/avatar\/0cdd89f3b47bb55926c08eee2db992845cfdd53f84c9fdd47a49d89b3cd40c0a?s=96&d=mm&r=g","caption":"Hugo Nogueira"}}]}},"_links":{"self":[{"href":"https:\/\/www.gaveanews.com\/index.php\/wp-json\/wp\/v2\/posts\/43636","targetHints":{"allow":["GET"]}}],"collection":[{"href":"https:\/\/www.gaveanews.com\/index.php\/wp-json\/wp\/v2\/posts"}],"about":[{"href":"https:\/\/www.gaveanews.com\/index.php\/wp-json\/wp\/v2\/types\/post"}],"author":[{"embeddable":true,"href":"https:\/\/www.gaveanews.com\/index.php\/wp-json\/wp\/v2\/users\/2"}],"replies":[{"embeddable":true,"href":"https:\/\/www.gaveanews.com\/index.php\/wp-json\/wp\/v2\/comments?post=43636"}],"version-history":[{"count":0,"href":"https:\/\/www.gaveanews.com\/index.php\/wp-json\/wp\/v2\/posts\/43636\/revisions"}],"wp:featuredmedia":[{"embeddable":true,"href":"https:\/\/www.gaveanews.com\/index.php\/wp-json\/wp\/v2\/media\/28176"}],"wp:attachment":[{"href":"https:\/\/www.gaveanews.com\/index.php\/wp-json\/wp\/v2\/media?parent=43636"}],"wp:term":[{"taxonomy":"category","embeddable":true,"href":"https:\/\/www.gaveanews.com\/index.php\/wp-json\/wp\/v2\/categories?post=43636"},{"taxonomy":"post_tag","embeddable":true,"href":"https:\/\/www.gaveanews.com\/index.php\/wp-json\/wp\/v2\/tags?post=43636"}],"curies":[{"name":"wp","href":"https:\/\/api.w.org\/{rel}","templated":true}]}}