{"id":43642,"date":"2020-07-15T17:35:41","date_gmt":"2020-07-15T20:35:41","guid":{"rendered":"https:\/\/www.gaveanews.com\/?p=43642"},"modified":"2020-07-15T17:35:45","modified_gmt":"2020-07-15T20:35:45","slug":"uniforme-do-flamengo-contara-com-novo-patrocinador-neste-fla-flu-veja-foto","status":"publish","type":"post","link":"https:\/\/www.gaveanews.com\/index.php\/2020\/07\/15\/uniforme-do-flamengo-contara-com-novo-patrocinador-neste-fla-flu-veja-foto\/","title":{"rendered":"Uniforme do Flamengo contar\u00e1 com novo patrocinador neste Fla-Flu; veja foto"},"content":{"rendered":"\n<p>O Flamengo fechou um acordo pontual com a Qualicorp, administradora de planos de sa\u00fade coletivos, para a final do Campeonato Carioca, que acontece hoje (15), contra o Fluminense. A logomarca da empresa estar\u00e1 estampada no cal\u00e7\u00e3o do time rubro-negro.<\/p>\n\n\n\n<p>O jogo ser\u00e1 realizado \u00e0s 21h, no Maracan\u00e3. A equipe comandada por Jorge Jesus pode ser campe\u00e3 com um empate, uma vez que venceu o primeiro jogo, no \u00faltimo domingo, por 2 a 1.<\/p>\n\n\n\n<p><strong>Veja abaixo uma foto compartilhada pelo jornalista Gabriel Reis:<\/strong><\/p>\n\n\n\n<figure class=\"wp-block-image size-large\"><img decoding=\"async\" src=\"http:\/\/3.bp.blogspot.com\/-XcD_Yh-ZDHI\/Xw9oYHNRgHI\/AAAAAAAAdEw\/wrPRSKbfEAgBv2RTXBCPqGpCzdOr9LfvACK4BGAYYCw\/s1600\/Ec_kMVWXYAQ4Tr1.webp\" alt=\"\"\/><\/figure>\n\n\n\n<p>O cal\u00e7\u00e3o do Fla era ocupado pelo Azeite Royal desde o come\u00e7o deste ano. A empresa, por\u00e9m, rompeu contrato de forma unilateral pouco depois da paralisa\u00e7\u00e3o dos campeonatos por conta da pandemia de coronav\u00edrus. A diretoria, inclusive, analisa a possibilidade de acionar a Justi\u00e7a por conta da quebra do v\u00ednculo.<\/p>\n\n\n\n<h2 class=\"wp-block-heading\">Veja nota do Flamengo na \u00edntegra:<\/h2>\n\n\n\n<p><em>&#8220;O Flamengo entrar\u00e1 em campo na noite desta quarta-feira (15), pela final do Campeonato Carioca, contra o Fluminense, com uma novidade no cal\u00e7\u00e3o. O time ter\u00e1 estampada na pe\u00e7a a marca da Qualicorp, administradora de planos de sa\u00fade coletivos, em uma parceria firmada especialmente para esta final, que ser\u00e1 realizada no Maracan\u00e3.<\/em><\/p>\n\n\n\n<p><em>De acordo com Pablo Meneses, vice-presidente da Qualicorp, &#8220;a parceria com o Flamengo marca o primeiro passo da Qualicorp em uma s\u00e9rie de investimentos em patroc\u00ednios que estamos estruturando para apoiar o esporte em nosso pa\u00eds&#8221;.<\/em><\/p>\n\n\n\n<p><em>O Rubro-Negro \u00e9 do Rio de Janeiro, mas \u00e9 considerado o mais nacional dos times brasileiros, com mais de 42 milh\u00f5es de torcedores. E, assim como o Flamengo, a Qualicorp \u00e9 a maior administradora de planos de sa\u00fade do Rio e do Brasil.<\/em><\/p>\n\n\n\n<p><em>A Qualicorp apoia projetos nas \u00e1reas da sa\u00fade, esporte e cultura como mais uma forma de proporcionar bem-estar e qualidade de vida \u00e0 sociedade&#8221;.<\/em><\/p>\n\n\n\n<p>Retirado de: UOL<\/p>\n","protected":false},"excerpt":{"rendered":"<p>O Flamengo fechou um acordo pontual com a Qualicorp, administradora de planos de sa\u00fade coletivos, para a final do Campeonato Carioca, que acontece hoje (15), contra o Fluminense. A logomarca da empresa estar\u00e1 estampada no cal\u00e7\u00e3o do time rubro-negro. O jogo ser\u00e1 realizado \u00e0s 21h, no Maracan\u00e3. A equipe comandada por Jorge Jesus pode ser [&hellip;]<\/p>\n","protected":false},"author":1,"featured_media":15081,"comment_status":"open","ping_status":"closed","sticky":false,"template":"","format":"standard","meta":{"footnotes":""},"categories":[1],"tags":[],"class_list":["post-43642","post","type-post","status-publish","format-standard","has-post-thumbnail","hentry","category-flamengo"],"yoast_head":"<!-- This site is optimized with the Yoast SEO Premium plugin v24.2 (Yoast SEO v26.9) - https:\/\/yoast.com\/product\/yoast-seo-premium-wordpress\/ -->\n<title>Uniforme do Flamengo contar\u00e1 com novo patrocinador neste Fla-Flu<\/title>\n<meta name=\"description\" content=\"Atrav\u00e9s de seu site oficial, a diretoria do Flamengo publicou um comunicado para oficializar o novo parceiro comercial do clube.\" \/>\n<meta name=\"robots\" content=\"index, follow, max-snippet:-1, max-image-preview:large, max-video-preview:-1\" \/>\n<link rel=\"canonical\" href=\"https:\/\/www.gaveanews.com\/index.php\/2020\/07\/15\/uniforme-do-flamengo-contara-com-novo-patrocinador-neste-fla-flu-veja-foto\/\" \/>\n<meta property=\"og:locale\" content=\"pt_BR\" \/>\n<meta property=\"og:type\" content=\"article\" \/>\n<meta property=\"og:title\" content=\"Uniforme do Flamengo contar\u00e1 com novo patrocinador neste Fla-Flu; veja foto\" \/>\n<meta property=\"og:description\" content=\"Atrav\u00e9s de seu site oficial, a diretoria do Flamengo publicou um comunicado para oficializar o novo parceiro comercial do clube.\" \/>\n<meta property=\"og:url\" content=\"https:\/\/www.gaveanews.com\/index.php\/2020\/07\/15\/uniforme-do-flamengo-contara-com-novo-patrocinador-neste-fla-flu-veja-foto\/\" \/>\n<meta property=\"og:site_name\" content=\"G\u00e1vea News\" \/>\n<meta property=\"article:publisher\" content=\"https:\/\/facebook.com\/gaveaNews\/\" \/>\n<meta property=\"article:published_time\" content=\"2020-07-15T20:35:41+00:00\" \/>\n<meta property=\"article:modified_time\" content=\"2020-07-15T20:35:45+00:00\" \/>\n<meta property=\"og:image\" content=\"https:\/\/www.gaveanews.com\/wp-content\/uploads\/2019\/03\/Escudo-do-Flamengo-e-exposto-proximo-a-um-dos-gols-no-gramado-do-Maracana.webp\" \/>\n\t<meta property=\"og:image:width\" content=\"1\" \/>\n\t<meta property=\"og:image:height\" content=\"1\" \/>\n\t<meta property=\"og:image:type\" content=\"image\/jpeg\" \/>\n<meta name=\"author\" content=\"Equipe G\u00e1vea News\" \/>\n<meta name=\"twitter:card\" content=\"summary_large_image\" \/>\n<meta name=\"twitter:label1\" content=\"Escrito por\" \/>\n\t<meta name=\"twitter:data1\" content=\"Equipe G\u00e1vea News\" \/>\n\t<meta name=\"twitter:label2\" content=\"Est. tempo de leitura\" \/>\n\t<meta name=\"twitter:data2\" content=\"2 minutos\" \/>\n<script type=\"application\/ld+json\" class=\"yoast-schema-graph\">{\"@context\":\"https:\/\/schema.org\",\"@graph\":[{\"@type\":\"NewsArticle\",\"@id\":\"https:\/\/www.gaveanews.com\/index.php\/2020\/07\/15\/uniforme-do-flamengo-contara-com-novo-patrocinador-neste-fla-flu-veja-foto\/#article\",\"isPartOf\":{\"@id\":\"https:\/\/www.gaveanews.com\/index.php\/2020\/07\/15\/uniforme-do-flamengo-contara-com-novo-patrocinador-neste-fla-flu-veja-foto\/\"},\"author\":{\"name\":\"Equipe G\u00e1vea News\",\"@id\":\"https:\/\/www.gaveanews.com\/#\/schema\/person\/2ec14f73fb96be2caf28f91afb14749d\"},\"headline\":\"Uniforme do Flamengo contar\u00e1 com novo patrocinador neste Fla-Flu; veja foto\",\"datePublished\":\"2020-07-15T20:35:41+00:00\",\"dateModified\":\"2020-07-15T20:35:45+00:00\",\"mainEntityOfPage\":{\"@id\":\"https:\/\/www.gaveanews.com\/index.php\/2020\/07\/15\/uniforme-do-flamengo-contara-com-novo-patrocinador-neste-fla-flu-veja-foto\/\"},\"wordCount\":316,\"commentCount\":3,\"image\":{\"@id\":\"https:\/\/www.gaveanews.com\/index.php\/2020\/07\/15\/uniforme-do-flamengo-contara-com-novo-patrocinador-neste-fla-flu-veja-foto\/#primaryimage\"},\"thumbnailUrl\":\"https:\/\/www.gaveanews.com\/wp-content\/uploads\/2019\/03\/Escudo-do-Flamengo-e-exposto-proximo-a-um-dos-gols-no-gramado-do-Maracana.webp\",\"articleSection\":[\"Flamengo\"],\"inLanguage\":\"pt-BR\",\"potentialAction\":[{\"@type\":\"CommentAction\",\"name\":\"Comment\",\"target\":[\"https:\/\/www.gaveanews.com\/index.php\/2020\/07\/15\/uniforme-do-flamengo-contara-com-novo-patrocinador-neste-fla-flu-veja-foto\/#respond\"]}],\"copyrightYear\":\"2020\",\"copyrightHolder\":{\"@id\":\"https:\/\/www.gaveanews.com\/#organization\"}},{\"@type\":\"WebPage\",\"@id\":\"https:\/\/www.gaveanews.com\/index.php\/2020\/07\/15\/uniforme-do-flamengo-contara-com-novo-patrocinador-neste-fla-flu-veja-foto\/\",\"url\":\"https:\/\/www.gaveanews.com\/index.php\/2020\/07\/15\/uniforme-do-flamengo-contara-com-novo-patrocinador-neste-fla-flu-veja-foto\/\",\"name\":\"Uniforme do Flamengo contar\u00e1 com novo patrocinador neste Fla-Flu\",\"isPartOf\":{\"@id\":\"https:\/\/www.gaveanews.com\/#website\"},\"primaryImageOfPage\":{\"@id\":\"https:\/\/www.gaveanews.com\/index.php\/2020\/07\/15\/uniforme-do-flamengo-contara-com-novo-patrocinador-neste-fla-flu-veja-foto\/#primaryimage\"},\"image\":{\"@id\":\"https:\/\/www.gaveanews.com\/index.php\/2020\/07\/15\/uniforme-do-flamengo-contara-com-novo-patrocinador-neste-fla-flu-veja-foto\/#primaryimage\"},\"thumbnailUrl\":\"https:\/\/www.gaveanews.com\/wp-content\/uploads\/2019\/03\/Escudo-do-Flamengo-e-exposto-proximo-a-um-dos-gols-no-gramado-do-Maracana.webp\",\"datePublished\":\"2020-07-15T20:35:41+00:00\",\"dateModified\":\"2020-07-15T20:35:45+00:00\",\"author\":{\"@id\":\"https:\/\/www.gaveanews.com\/#\/schema\/person\/2ec14f73fb96be2caf28f91afb14749d\"},\"description\":\"Atrav\u00e9s de seu site oficial, a diretoria do Flamengo publicou um comunicado para oficializar o novo parceiro comercial do clube.\",\"breadcrumb\":{\"@id\":\"https:\/\/www.gaveanews.com\/index.php\/2020\/07\/15\/uniforme-do-flamengo-contara-com-novo-patrocinador-neste-fla-flu-veja-foto\/#breadcrumb\"},\"inLanguage\":\"pt-BR\",\"potentialAction\":[{\"@type\":\"ReadAction\",\"target\":[\"https:\/\/www.gaveanews.com\/index.php\/2020\/07\/15\/uniforme-do-flamengo-contara-com-novo-patrocinador-neste-fla-flu-veja-foto\/\"]}]},{\"@type\":\"ImageObject\",\"inLanguage\":\"pt-BR\",\"@id\":\"https:\/\/www.gaveanews.com\/index.php\/2020\/07\/15\/uniforme-do-flamengo-contara-com-novo-patrocinador-neste-fla-flu-veja-foto\/#primaryimage\",\"url\":\"https:\/\/www.gaveanews.com\/wp-content\/uploads\/2019\/03\/Escudo-do-Flamengo-e-exposto-proximo-a-um-dos-gols-no-gramado-do-Maracana.webp\",\"contentUrl\":\"https:\/\/www.gaveanews.com\/wp-content\/uploads\/2019\/03\/Escudo-do-Flamengo-e-exposto-proximo-a-um-dos-gols-no-gramado-do-Maracana.webp\",\"caption\":\"Escudo do Flamengo \u00e9 exposto pr\u00f3ximo a um dos gols, no gramado do Maracan\u00e3 (Foto: Daniel Castelo Branco)\"},{\"@type\":\"BreadcrumbList\",\"@id\":\"https:\/\/www.gaveanews.com\/index.php\/2020\/07\/15\/uniforme-do-flamengo-contara-com-novo-patrocinador-neste-fla-flu-veja-foto\/#breadcrumb\",\"itemListElement\":[{\"@type\":\"ListItem\",\"position\":1,\"name\":\"Home\",\"item\":\"https:\/\/www.gaveanews.com\/\"},{\"@type\":\"ListItem\",\"position\":2,\"name\":\"Uniforme do Flamengo contar\u00e1 com novo patrocinador neste Fla-Flu; veja foto\"}]},{\"@type\":\"WebSite\",\"@id\":\"https:\/\/www.gaveanews.com\/#website\",\"url\":\"https:\/\/www.gaveanews.com\/\",\"name\":\"G\u00e1vea News\",\"description\":\"Veja todas as not\u00edcias sobre o Flamengo: Contrata\u00e7\u00f5es, categorias de base, resultados das partidas, tabela de classifica\u00e7\u00e3o, pr\u00f3ximos jogos!\",\"potentialAction\":[{\"@type\":\"SearchAction\",\"target\":{\"@type\":\"EntryPoint\",\"urlTemplate\":\"https:\/\/www.gaveanews.com\/?s={search_term_string}\"},\"query-input\":{\"@type\":\"PropertyValueSpecification\",\"valueRequired\":true,\"valueName\":\"search_term_string\"}}],\"inLanguage\":\"pt-BR\"},{\"@type\":\"Person\",\"@id\":\"https:\/\/www.gaveanews.com\/#\/schema\/person\/2ec14f73fb96be2caf28f91afb14749d\",\"name\":\"Equipe G\u00e1vea News\",\"image\":{\"@type\":\"ImageObject\",\"inLanguage\":\"pt-BR\",\"@id\":\"https:\/\/www.gaveanews.com\/#\/schema\/person\/image\/\",\"url\":\"https:\/\/secure.gravatar.com\/avatar\/1e1956f1facbffd3f8fa53a326721950116b3b9dc9bd44939c01180fd4a745a9?s=96&d=mm&r=g\",\"contentUrl\":\"https:\/\/secure.gravatar.com\/avatar\/1e1956f1facbffd3f8fa53a326721950116b3b9dc9bd44939c01180fd4a745a9?s=96&d=mm&r=g\",\"caption\":\"Equipe G\u00e1vea News\"}}]}<\/script>\n<!-- \/ Yoast SEO Premium plugin. -->","yoast_head_json":{"title":"Uniforme do Flamengo contar\u00e1 com novo patrocinador neste Fla-Flu","description":"Atrav\u00e9s de seu site oficial, a diretoria do Flamengo publicou um comunicado para oficializar o novo parceiro comercial do clube.","robots":{"index":"index","follow":"follow","max-snippet":"max-snippet:-1","max-image-preview":"max-image-preview:large","max-video-preview":"max-video-preview:-1"},"canonical":"https:\/\/www.gaveanews.com\/index.php\/2020\/07\/15\/uniforme-do-flamengo-contara-com-novo-patrocinador-neste-fla-flu-veja-foto\/","og_locale":"pt_BR","og_type":"article","og_title":"Uniforme do Flamengo contar\u00e1 com novo patrocinador neste Fla-Flu; veja foto","og_description":"Atrav\u00e9s de seu site oficial, a diretoria do Flamengo publicou um comunicado para oficializar o novo parceiro comercial do clube.","og_url":"https:\/\/www.gaveanews.com\/index.php\/2020\/07\/15\/uniforme-do-flamengo-contara-com-novo-patrocinador-neste-fla-flu-veja-foto\/","og_site_name":"G\u00e1vea News","article_publisher":"https:\/\/facebook.com\/gaveaNews\/","article_published_time":"2020-07-15T20:35:41+00:00","article_modified_time":"2020-07-15T20:35:45+00:00","og_image":[{"url":"https:\/\/www.gaveanews.com\/wp-content\/uploads\/2019\/03\/Escudo-do-Flamengo-e-exposto-proximo-a-um-dos-gols-no-gramado-do-Maracana.webp","width":1,"height":1,"type":"image\/jpeg"}],"author":"Equipe G\u00e1vea News","twitter_card":"summary_large_image","twitter_misc":{"Escrito por":"Equipe G\u00e1vea News","Est. tempo de leitura":"2 minutos"},"schema":{"@context":"https:\/\/schema.org","@graph":[{"@type":"NewsArticle","@id":"https:\/\/www.gaveanews.com\/index.php\/2020\/07\/15\/uniforme-do-flamengo-contara-com-novo-patrocinador-neste-fla-flu-veja-foto\/#article","isPartOf":{"@id":"https:\/\/www.gaveanews.com\/index.php\/2020\/07\/15\/uniforme-do-flamengo-contara-com-novo-patrocinador-neste-fla-flu-veja-foto\/"},"author":{"name":"Equipe G\u00e1vea News","@id":"https:\/\/www.gaveanews.com\/#\/schema\/person\/2ec14f73fb96be2caf28f91afb14749d"},"headline":"Uniforme do Flamengo contar\u00e1 com novo patrocinador neste Fla-Flu; veja foto","datePublished":"2020-07-15T20:35:41+00:00","dateModified":"2020-07-15T20:35:45+00:00","mainEntityOfPage":{"@id":"https:\/\/www.gaveanews.com\/index.php\/2020\/07\/15\/uniforme-do-flamengo-contara-com-novo-patrocinador-neste-fla-flu-veja-foto\/"},"wordCount":316,"commentCount":3,"image":{"@id":"https:\/\/www.gaveanews.com\/index.php\/2020\/07\/15\/uniforme-do-flamengo-contara-com-novo-patrocinador-neste-fla-flu-veja-foto\/#primaryimage"},"thumbnailUrl":"https:\/\/www.gaveanews.com\/wp-content\/uploads\/2019\/03\/Escudo-do-Flamengo-e-exposto-proximo-a-um-dos-gols-no-gramado-do-Maracana.webp","articleSection":["Flamengo"],"inLanguage":"pt-BR","potentialAction":[{"@type":"CommentAction","name":"Comment","target":["https:\/\/www.gaveanews.com\/index.php\/2020\/07\/15\/uniforme-do-flamengo-contara-com-novo-patrocinador-neste-fla-flu-veja-foto\/#respond"]}],"copyrightYear":"2020","copyrightHolder":{"@id":"https:\/\/www.gaveanews.com\/#organization"}},{"@type":"WebPage","@id":"https:\/\/www.gaveanews.com\/index.php\/2020\/07\/15\/uniforme-do-flamengo-contara-com-novo-patrocinador-neste-fla-flu-veja-foto\/","url":"https:\/\/www.gaveanews.com\/index.php\/2020\/07\/15\/uniforme-do-flamengo-contara-com-novo-patrocinador-neste-fla-flu-veja-foto\/","name":"Uniforme do Flamengo contar\u00e1 com novo patrocinador neste Fla-Flu","isPartOf":{"@id":"https:\/\/www.gaveanews.com\/#website"},"primaryImageOfPage":{"@id":"https:\/\/www.gaveanews.com\/index.php\/2020\/07\/15\/uniforme-do-flamengo-contara-com-novo-patrocinador-neste-fla-flu-veja-foto\/#primaryimage"},"image":{"@id":"https:\/\/www.gaveanews.com\/index.php\/2020\/07\/15\/uniforme-do-flamengo-contara-com-novo-patrocinador-neste-fla-flu-veja-foto\/#primaryimage"},"thumbnailUrl":"https:\/\/www.gaveanews.com\/wp-content\/uploads\/2019\/03\/Escudo-do-Flamengo-e-exposto-proximo-a-um-dos-gols-no-gramado-do-Maracana.webp","datePublished":"2020-07-15T20:35:41+00:00","dateModified":"2020-07-15T20:35:45+00:00","author":{"@id":"https:\/\/www.gaveanews.com\/#\/schema\/person\/2ec14f73fb96be2caf28f91afb14749d"},"description":"Atrav\u00e9s de seu site oficial, a diretoria do Flamengo publicou um comunicado para oficializar o novo parceiro comercial do clube.","breadcrumb":{"@id":"https:\/\/www.gaveanews.com\/index.php\/2020\/07\/15\/uniforme-do-flamengo-contara-com-novo-patrocinador-neste-fla-flu-veja-foto\/#breadcrumb"},"inLanguage":"pt-BR","potentialAction":[{"@type":"ReadAction","target":["https:\/\/www.gaveanews.com\/index.php\/2020\/07\/15\/uniforme-do-flamengo-contara-com-novo-patrocinador-neste-fla-flu-veja-foto\/"]}]},{"@type":"ImageObject","inLanguage":"pt-BR","@id":"https:\/\/www.gaveanews.com\/index.php\/2020\/07\/15\/uniforme-do-flamengo-contara-com-novo-patrocinador-neste-fla-flu-veja-foto\/#primaryimage","url":"https:\/\/www.gaveanews.com\/wp-content\/uploads\/2019\/03\/Escudo-do-Flamengo-e-exposto-proximo-a-um-dos-gols-no-gramado-do-Maracana.webp","contentUrl":"https:\/\/www.gaveanews.com\/wp-content\/uploads\/2019\/03\/Escudo-do-Flamengo-e-exposto-proximo-a-um-dos-gols-no-gramado-do-Maracana.webp","caption":"Escudo do Flamengo \u00e9 exposto pr\u00f3ximo a um dos gols, no gramado do Maracan\u00e3 (Foto: Daniel Castelo Branco)"},{"@type":"BreadcrumbList","@id":"https:\/\/www.gaveanews.com\/index.php\/2020\/07\/15\/uniforme-do-flamengo-contara-com-novo-patrocinador-neste-fla-flu-veja-foto\/#breadcrumb","itemListElement":[{"@type":"ListItem","position":1,"name":"Home","item":"https:\/\/www.gaveanews.com\/"},{"@type":"ListItem","position":2,"name":"Uniforme do Flamengo contar\u00e1 com novo patrocinador neste Fla-Flu; veja foto"}]},{"@type":"WebSite","@id":"https:\/\/www.gaveanews.com\/#website","url":"https:\/\/www.gaveanews.com\/","name":"G\u00e1vea News","description":"Veja todas as not\u00edcias sobre o Flamengo: Contrata\u00e7\u00f5es, categorias de base, resultados das partidas, tabela de classifica\u00e7\u00e3o, pr\u00f3ximos jogos!","potentialAction":[{"@type":"SearchAction","target":{"@type":"EntryPoint","urlTemplate":"https:\/\/www.gaveanews.com\/?s={search_term_string}"},"query-input":{"@type":"PropertyValueSpecification","valueRequired":true,"valueName":"search_term_string"}}],"inLanguage":"pt-BR"},{"@type":"Person","@id":"https:\/\/www.gaveanews.com\/#\/schema\/person\/2ec14f73fb96be2caf28f91afb14749d","name":"Equipe G\u00e1vea News","image":{"@type":"ImageObject","inLanguage":"pt-BR","@id":"https:\/\/www.gaveanews.com\/#\/schema\/person\/image\/","url":"https:\/\/secure.gravatar.com\/avatar\/1e1956f1facbffd3f8fa53a326721950116b3b9dc9bd44939c01180fd4a745a9?s=96&d=mm&r=g","contentUrl":"https:\/\/secure.gravatar.com\/avatar\/1e1956f1facbffd3f8fa53a326721950116b3b9dc9bd44939c01180fd4a745a9?s=96&d=mm&r=g","caption":"Equipe G\u00e1vea News"}}]}},"_links":{"self":[{"href":"https:\/\/www.gaveanews.com\/index.php\/wp-json\/wp\/v2\/posts\/43642","targetHints":{"allow":["GET"]}}],"collection":[{"href":"https:\/\/www.gaveanews.com\/index.php\/wp-json\/wp\/v2\/posts"}],"about":[{"href":"https:\/\/www.gaveanews.com\/index.php\/wp-json\/wp\/v2\/types\/post"}],"author":[{"embeddable":true,"href":"https:\/\/www.gaveanews.com\/index.php\/wp-json\/wp\/v2\/users\/1"}],"replies":[{"embeddable":true,"href":"https:\/\/www.gaveanews.com\/index.php\/wp-json\/wp\/v2\/comments?post=43642"}],"version-history":[{"count":0,"href":"https:\/\/www.gaveanews.com\/index.php\/wp-json\/wp\/v2\/posts\/43642\/revisions"}],"wp:featuredmedia":[{"embeddable":true,"href":"https:\/\/www.gaveanews.com\/index.php\/wp-json\/wp\/v2\/media\/15081"}],"wp:attachment":[{"href":"https:\/\/www.gaveanews.com\/index.php\/wp-json\/wp\/v2\/media?parent=43642"}],"wp:term":[{"taxonomy":"category","embeddable":true,"href":"https:\/\/www.gaveanews.com\/index.php\/wp-json\/wp\/v2\/categories?post=43642"},{"taxonomy":"post_tag","embeddable":true,"href":"https:\/\/www.gaveanews.com\/index.php\/wp-json\/wp\/v2\/tags?post=43642"}],"curies":[{"name":"wp","href":"https:\/\/api.w.org\/{rel}","templated":true}]}}