{"id":43715,"date":"2020-07-16T11:32:06","date_gmt":"2020-07-16T14:32:06","guid":{"rendered":"https:\/\/www.gaveanews.com\/?p=43715"},"modified":"2020-07-16T11:32:08","modified_gmt":"2020-07-16T14:32:08","slug":"dirigente-do-flamengo-marcos-braz-ironiza-o-benfica","status":"publish","type":"post","link":"https:\/\/www.gaveanews.com\/index.php\/2020\/07\/16\/dirigente-do-flamengo-marcos-braz-ironiza-o-benfica\/","title":{"rendered":"Dirigente do Flamengo, Marcos Braz ironiza o Benfica"},"content":{"rendered":"\n<p>Em meio aos festejos pelo bicampeonato do Carioca, Marcos Braz, vice-presidente de futebol do Flamengo, ironizou o suposto interesse do Benfica em Bruno Henrique e Gerson.<\/p>\n\n\n\n<p>O dirigente falou sobre as especula\u00e7\u00f5es que vieram no pacote do interesse das \u00c1guias no t\u00e9cnico Jorge Jesus e afirmou que n\u00e3o h\u00e1 nada de concreto.<\/p>\n\n\n\n<p>&#8220;Faz o cheque. S\u00f3 um a\u00ed tem multa de 60 milh\u00f5es de euros. Estou confort\u00e1vel e tranquilo, n\u00e3o chegou nada. Se quiserem, paguem a multa&#8221;, disse ele ao UOL Esporte.<\/p>\n\n\n\n<p>Na realidade, os valores acordados em contratos s\u00e3o ainda maiores. O camisa 8 tem multa de cerca de 75 milh\u00f5es de euros (R$ 457 milh\u00f5es), enquanto a do atacante est\u00e1 na casa dos 30 milh\u00f5es de euros (R$ 182,9 milh\u00f5es).<\/p>\n\n\n\n<p>Braz tamb\u00e9m disse estar tranquilo quanto ao futuro do Mister na G\u00e1vea. Ele ressaltou o v\u00ednculo do treinador com o clube e afirmou estar confiante na perman\u00eancia, embora a indefini\u00e7\u00e3o ainda seja a marca desta novela.<\/p>\n\n\n\n<p>&#8220;O Mister tem contrato. Se tiver uma situa\u00e7\u00e3o diferente, a gente v\u00ea. Ele n\u00e3o falou comigo, eu tamb\u00e9m n\u00e3o&#8221;, completou.<\/p>\n\n\n\n<p>Com a ta\u00e7a na m\u00e3o, o Flamengo ter\u00e1 dias de folga e s\u00f3 volta aos trabalhos na ter\u00e7a-feira. A expectativa \u00e9 que a situa\u00e7\u00e3o de Jesus seja definida neste per\u00edodo.<\/p>\n\n\n\n<p>Retirado de: UOL<\/p>\n","protected":false},"excerpt":{"rendered":"<p>Em meio aos festejos pelo bicampeonato do Carioca, Marcos Braz, vice-presidente de futebol do Flamengo, ironizou o suposto interesse do Benfica em Bruno Henrique e Gerson. O dirigente falou sobre as especula\u00e7\u00f5es que vieram no pacote do interesse das \u00c1guias no t\u00e9cnico Jorge Jesus e afirmou que n\u00e3o h\u00e1 nada de concreto. &#8220;Faz o cheque. [&hellip;]<\/p>\n","protected":false},"author":1,"featured_media":23694,"comment_status":"open","ping_status":"closed","sticky":false,"template":"","format":"standard","meta":{"footnotes":""},"categories":[1],"tags":[],"class_list":["post-43715","post","type-post","status-publish","format-standard","has-post-thumbnail","hentry","category-flamengo"],"yoast_head":"<!-- This site is optimized with the Yoast SEO Premium plugin v24.2 (Yoast SEO v26.9) - https:\/\/yoast.com\/product\/yoast-seo-premium-wordpress\/ -->\n<title>Dirigente do Flamengo, Marcos Braz ironiza o Benfica<\/title>\n<meta name=\"description\" content=\"Em meio aos festejos pelo bicampeonato do Carioca, Marcos Braz, vice-presidente de futebol do Flamengo, ironizou o suposto interesse do Benfica.\" \/>\n<meta name=\"robots\" content=\"index, follow, max-snippet:-1, max-image-preview:large, max-video-preview:-1\" \/>\n<link rel=\"canonical\" href=\"https:\/\/www.gaveanews.com\/index.php\/2020\/07\/16\/dirigente-do-flamengo-marcos-braz-ironiza-o-benfica\/\" \/>\n<meta property=\"og:locale\" content=\"pt_BR\" \/>\n<meta property=\"og:type\" content=\"article\" \/>\n<meta property=\"og:title\" content=\"Dirigente do Flamengo, Marcos Braz ironiza o Benfica\" \/>\n<meta property=\"og:description\" content=\"Em meio aos festejos pelo bicampeonato do Carioca, Marcos Braz, vice-presidente de futebol do Flamengo, ironizou o suposto interesse do Benfica.\" \/>\n<meta property=\"og:url\" content=\"https:\/\/www.gaveanews.com\/index.php\/2020\/07\/16\/dirigente-do-flamengo-marcos-braz-ironiza-o-benfica\/\" \/>\n<meta property=\"og:site_name\" content=\"G\u00e1vea News\" \/>\n<meta property=\"article:publisher\" content=\"https:\/\/facebook.com\/gaveaNews\/\" \/>\n<meta property=\"article:published_time\" content=\"2020-07-16T14:32:06+00:00\" \/>\n<meta property=\"article:modified_time\" content=\"2020-07-16T14:32:08+00:00\" \/>\n<meta property=\"og:image\" content=\"https:\/\/www.gaveanews.com\/wp-content\/uploads\/2019\/07\/Marcos-Braz-durante-coletiva-de-imprensa-no-Ninho-do-Urubu.webp\" \/>\n\t<meta property=\"og:image:width\" content=\"846\" \/>\n\t<meta property=\"og:image:height\" content=\"563\" \/>\n\t<meta property=\"og:image:type\" content=\"image\/jpeg\" \/>\n<meta name=\"author\" content=\"Equipe G\u00e1vea News\" \/>\n<meta name=\"twitter:card\" content=\"summary_large_image\" \/>\n<meta name=\"twitter:label1\" content=\"Escrito por\" \/>\n\t<meta name=\"twitter:data1\" content=\"Equipe G\u00e1vea News\" \/>\n\t<meta name=\"twitter:label2\" content=\"Est. tempo de leitura\" \/>\n\t<meta name=\"twitter:data2\" content=\"1 minuto\" \/>\n<script type=\"application\/ld+json\" class=\"yoast-schema-graph\">{\"@context\":\"https:\/\/schema.org\",\"@graph\":[{\"@type\":\"NewsArticle\",\"@id\":\"https:\/\/www.gaveanews.com\/index.php\/2020\/07\/16\/dirigente-do-flamengo-marcos-braz-ironiza-o-benfica\/#article\",\"isPartOf\":{\"@id\":\"https:\/\/www.gaveanews.com\/index.php\/2020\/07\/16\/dirigente-do-flamengo-marcos-braz-ironiza-o-benfica\/\"},\"author\":{\"name\":\"Equipe G\u00e1vea News\",\"@id\":\"https:\/\/www.gaveanews.com\/#\/schema\/person\/2ec14f73fb96be2caf28f91afb14749d\"},\"headline\":\"Dirigente do Flamengo, Marcos Braz ironiza o Benfica\",\"datePublished\":\"2020-07-16T14:32:06+00:00\",\"dateModified\":\"2020-07-16T14:32:08+00:00\",\"mainEntityOfPage\":{\"@id\":\"https:\/\/www.gaveanews.com\/index.php\/2020\/07\/16\/dirigente-do-flamengo-marcos-braz-ironiza-o-benfica\/\"},\"wordCount\":237,\"commentCount\":28,\"image\":{\"@id\":\"https:\/\/www.gaveanews.com\/index.php\/2020\/07\/16\/dirigente-do-flamengo-marcos-braz-ironiza-o-benfica\/#primaryimage\"},\"thumbnailUrl\":\"https:\/\/www.gaveanews.com\/wp-content\/uploads\/2019\/07\/Marcos-Braz-durante-coletiva-de-imprensa-no-Ninho-do-Urubu.webp\",\"articleSection\":[\"Flamengo\"],\"inLanguage\":\"pt-BR\",\"potentialAction\":[{\"@type\":\"CommentAction\",\"name\":\"Comment\",\"target\":[\"https:\/\/www.gaveanews.com\/index.php\/2020\/07\/16\/dirigente-do-flamengo-marcos-braz-ironiza-o-benfica\/#respond\"]}],\"copyrightYear\":\"2020\",\"copyrightHolder\":{\"@id\":\"https:\/\/www.gaveanews.com\/#organization\"}},{\"@type\":\"WebPage\",\"@id\":\"https:\/\/www.gaveanews.com\/index.php\/2020\/07\/16\/dirigente-do-flamengo-marcos-braz-ironiza-o-benfica\/\",\"url\":\"https:\/\/www.gaveanews.com\/index.php\/2020\/07\/16\/dirigente-do-flamengo-marcos-braz-ironiza-o-benfica\/\",\"name\":\"Dirigente do Flamengo, Marcos Braz ironiza o Benfica\",\"isPartOf\":{\"@id\":\"https:\/\/www.gaveanews.com\/#website\"},\"primaryImageOfPage\":{\"@id\":\"https:\/\/www.gaveanews.com\/index.php\/2020\/07\/16\/dirigente-do-flamengo-marcos-braz-ironiza-o-benfica\/#primaryimage\"},\"image\":{\"@id\":\"https:\/\/www.gaveanews.com\/index.php\/2020\/07\/16\/dirigente-do-flamengo-marcos-braz-ironiza-o-benfica\/#primaryimage\"},\"thumbnailUrl\":\"https:\/\/www.gaveanews.com\/wp-content\/uploads\/2019\/07\/Marcos-Braz-durante-coletiva-de-imprensa-no-Ninho-do-Urubu.webp\",\"datePublished\":\"2020-07-16T14:32:06+00:00\",\"dateModified\":\"2020-07-16T14:32:08+00:00\",\"author\":{\"@id\":\"https:\/\/www.gaveanews.com\/#\/schema\/person\/2ec14f73fb96be2caf28f91afb14749d\"},\"description\":\"Em meio aos festejos pelo bicampeonato do Carioca, Marcos Braz, vice-presidente de futebol do Flamengo, ironizou o suposto interesse do Benfica.\",\"breadcrumb\":{\"@id\":\"https:\/\/www.gaveanews.com\/index.php\/2020\/07\/16\/dirigente-do-flamengo-marcos-braz-ironiza-o-benfica\/#breadcrumb\"},\"inLanguage\":\"pt-BR\",\"potentialAction\":[{\"@type\":\"ReadAction\",\"target\":[\"https:\/\/www.gaveanews.com\/index.php\/2020\/07\/16\/dirigente-do-flamengo-marcos-braz-ironiza-o-benfica\/\"]}]},{\"@type\":\"ImageObject\",\"inLanguage\":\"pt-BR\",\"@id\":\"https:\/\/www.gaveanews.com\/index.php\/2020\/07\/16\/dirigente-do-flamengo-marcos-braz-ironiza-o-benfica\/#primaryimage\",\"url\":\"https:\/\/www.gaveanews.com\/wp-content\/uploads\/2019\/07\/Marcos-Braz-durante-coletiva-de-imprensa-no-Ninho-do-Urubu.webp\",\"contentUrl\":\"https:\/\/www.gaveanews.com\/wp-content\/uploads\/2019\/07\/Marcos-Braz-durante-coletiva-de-imprensa-no-Ninho-do-Urubu.webp\",\"width\":846,\"height\":563,\"caption\":\"Marcos Braz durante coletiva de imprensa no Ninho do Urubu (Foto: Alexandre Vidal\/Flamengo)\"},{\"@type\":\"BreadcrumbList\",\"@id\":\"https:\/\/www.gaveanews.com\/index.php\/2020\/07\/16\/dirigente-do-flamengo-marcos-braz-ironiza-o-benfica\/#breadcrumb\",\"itemListElement\":[{\"@type\":\"ListItem\",\"position\":1,\"name\":\"Home\",\"item\":\"https:\/\/www.gaveanews.com\/\"},{\"@type\":\"ListItem\",\"position\":2,\"name\":\"Dirigente do Flamengo, Marcos Braz ironiza o Benfica\"}]},{\"@type\":\"WebSite\",\"@id\":\"https:\/\/www.gaveanews.com\/#website\",\"url\":\"https:\/\/www.gaveanews.com\/\",\"name\":\"G\u00e1vea News\",\"description\":\"Veja todas as not\u00edcias sobre o Flamengo: Contrata\u00e7\u00f5es, categorias de base, resultados das partidas, tabela de classifica\u00e7\u00e3o, pr\u00f3ximos jogos!\",\"potentialAction\":[{\"@type\":\"SearchAction\",\"target\":{\"@type\":\"EntryPoint\",\"urlTemplate\":\"https:\/\/www.gaveanews.com\/?s={search_term_string}\"},\"query-input\":{\"@type\":\"PropertyValueSpecification\",\"valueRequired\":true,\"valueName\":\"search_term_string\"}}],\"inLanguage\":\"pt-BR\"},{\"@type\":\"Person\",\"@id\":\"https:\/\/www.gaveanews.com\/#\/schema\/person\/2ec14f73fb96be2caf28f91afb14749d\",\"name\":\"Equipe G\u00e1vea News\",\"image\":{\"@type\":\"ImageObject\",\"inLanguage\":\"pt-BR\",\"@id\":\"https:\/\/www.gaveanews.com\/#\/schema\/person\/image\/\",\"url\":\"https:\/\/secure.gravatar.com\/avatar\/1e1956f1facbffd3f8fa53a326721950116b3b9dc9bd44939c01180fd4a745a9?s=96&d=mm&r=g\",\"contentUrl\":\"https:\/\/secure.gravatar.com\/avatar\/1e1956f1facbffd3f8fa53a326721950116b3b9dc9bd44939c01180fd4a745a9?s=96&d=mm&r=g\",\"caption\":\"Equipe G\u00e1vea News\"}}]}<\/script>\n<!-- \/ Yoast SEO Premium plugin. -->","yoast_head_json":{"title":"Dirigente do Flamengo, Marcos Braz ironiza o Benfica","description":"Em meio aos festejos pelo bicampeonato do Carioca, Marcos Braz, vice-presidente de futebol do Flamengo, ironizou o suposto interesse do Benfica.","robots":{"index":"index","follow":"follow","max-snippet":"max-snippet:-1","max-image-preview":"max-image-preview:large","max-video-preview":"max-video-preview:-1"},"canonical":"https:\/\/www.gaveanews.com\/index.php\/2020\/07\/16\/dirigente-do-flamengo-marcos-braz-ironiza-o-benfica\/","og_locale":"pt_BR","og_type":"article","og_title":"Dirigente do Flamengo, Marcos Braz ironiza o Benfica","og_description":"Em meio aos festejos pelo bicampeonato do Carioca, Marcos Braz, vice-presidente de futebol do Flamengo, ironizou o suposto interesse do Benfica.","og_url":"https:\/\/www.gaveanews.com\/index.php\/2020\/07\/16\/dirigente-do-flamengo-marcos-braz-ironiza-o-benfica\/","og_site_name":"G\u00e1vea News","article_publisher":"https:\/\/facebook.com\/gaveaNews\/","article_published_time":"2020-07-16T14:32:06+00:00","article_modified_time":"2020-07-16T14:32:08+00:00","og_image":[{"width":846,"height":563,"url":"https:\/\/www.gaveanews.com\/wp-content\/uploads\/2019\/07\/Marcos-Braz-durante-coletiva-de-imprensa-no-Ninho-do-Urubu.webp","type":"image\/jpeg"}],"author":"Equipe G\u00e1vea News","twitter_card":"summary_large_image","twitter_misc":{"Escrito por":"Equipe G\u00e1vea News","Est. tempo de leitura":"1 minuto"},"schema":{"@context":"https:\/\/schema.org","@graph":[{"@type":"NewsArticle","@id":"https:\/\/www.gaveanews.com\/index.php\/2020\/07\/16\/dirigente-do-flamengo-marcos-braz-ironiza-o-benfica\/#article","isPartOf":{"@id":"https:\/\/www.gaveanews.com\/index.php\/2020\/07\/16\/dirigente-do-flamengo-marcos-braz-ironiza-o-benfica\/"},"author":{"name":"Equipe G\u00e1vea News","@id":"https:\/\/www.gaveanews.com\/#\/schema\/person\/2ec14f73fb96be2caf28f91afb14749d"},"headline":"Dirigente do Flamengo, Marcos Braz ironiza o Benfica","datePublished":"2020-07-16T14:32:06+00:00","dateModified":"2020-07-16T14:32:08+00:00","mainEntityOfPage":{"@id":"https:\/\/www.gaveanews.com\/index.php\/2020\/07\/16\/dirigente-do-flamengo-marcos-braz-ironiza-o-benfica\/"},"wordCount":237,"commentCount":28,"image":{"@id":"https:\/\/www.gaveanews.com\/index.php\/2020\/07\/16\/dirigente-do-flamengo-marcos-braz-ironiza-o-benfica\/#primaryimage"},"thumbnailUrl":"https:\/\/www.gaveanews.com\/wp-content\/uploads\/2019\/07\/Marcos-Braz-durante-coletiva-de-imprensa-no-Ninho-do-Urubu.webp","articleSection":["Flamengo"],"inLanguage":"pt-BR","potentialAction":[{"@type":"CommentAction","name":"Comment","target":["https:\/\/www.gaveanews.com\/index.php\/2020\/07\/16\/dirigente-do-flamengo-marcos-braz-ironiza-o-benfica\/#respond"]}],"copyrightYear":"2020","copyrightHolder":{"@id":"https:\/\/www.gaveanews.com\/#organization"}},{"@type":"WebPage","@id":"https:\/\/www.gaveanews.com\/index.php\/2020\/07\/16\/dirigente-do-flamengo-marcos-braz-ironiza-o-benfica\/","url":"https:\/\/www.gaveanews.com\/index.php\/2020\/07\/16\/dirigente-do-flamengo-marcos-braz-ironiza-o-benfica\/","name":"Dirigente do Flamengo, Marcos Braz ironiza o Benfica","isPartOf":{"@id":"https:\/\/www.gaveanews.com\/#website"},"primaryImageOfPage":{"@id":"https:\/\/www.gaveanews.com\/index.php\/2020\/07\/16\/dirigente-do-flamengo-marcos-braz-ironiza-o-benfica\/#primaryimage"},"image":{"@id":"https:\/\/www.gaveanews.com\/index.php\/2020\/07\/16\/dirigente-do-flamengo-marcos-braz-ironiza-o-benfica\/#primaryimage"},"thumbnailUrl":"https:\/\/www.gaveanews.com\/wp-content\/uploads\/2019\/07\/Marcos-Braz-durante-coletiva-de-imprensa-no-Ninho-do-Urubu.webp","datePublished":"2020-07-16T14:32:06+00:00","dateModified":"2020-07-16T14:32:08+00:00","author":{"@id":"https:\/\/www.gaveanews.com\/#\/schema\/person\/2ec14f73fb96be2caf28f91afb14749d"},"description":"Em meio aos festejos pelo bicampeonato do Carioca, Marcos Braz, vice-presidente de futebol do Flamengo, ironizou o suposto interesse do Benfica.","breadcrumb":{"@id":"https:\/\/www.gaveanews.com\/index.php\/2020\/07\/16\/dirigente-do-flamengo-marcos-braz-ironiza-o-benfica\/#breadcrumb"},"inLanguage":"pt-BR","potentialAction":[{"@type":"ReadAction","target":["https:\/\/www.gaveanews.com\/index.php\/2020\/07\/16\/dirigente-do-flamengo-marcos-braz-ironiza-o-benfica\/"]}]},{"@type":"ImageObject","inLanguage":"pt-BR","@id":"https:\/\/www.gaveanews.com\/index.php\/2020\/07\/16\/dirigente-do-flamengo-marcos-braz-ironiza-o-benfica\/#primaryimage","url":"https:\/\/www.gaveanews.com\/wp-content\/uploads\/2019\/07\/Marcos-Braz-durante-coletiva-de-imprensa-no-Ninho-do-Urubu.webp","contentUrl":"https:\/\/www.gaveanews.com\/wp-content\/uploads\/2019\/07\/Marcos-Braz-durante-coletiva-de-imprensa-no-Ninho-do-Urubu.webp","width":846,"height":563,"caption":"Marcos Braz durante coletiva de imprensa no Ninho do Urubu (Foto: Alexandre Vidal\/Flamengo)"},{"@type":"BreadcrumbList","@id":"https:\/\/www.gaveanews.com\/index.php\/2020\/07\/16\/dirigente-do-flamengo-marcos-braz-ironiza-o-benfica\/#breadcrumb","itemListElement":[{"@type":"ListItem","position":1,"name":"Home","item":"https:\/\/www.gaveanews.com\/"},{"@type":"ListItem","position":2,"name":"Dirigente do Flamengo, Marcos Braz ironiza o Benfica"}]},{"@type":"WebSite","@id":"https:\/\/www.gaveanews.com\/#website","url":"https:\/\/www.gaveanews.com\/","name":"G\u00e1vea News","description":"Veja todas as not\u00edcias sobre o Flamengo: Contrata\u00e7\u00f5es, categorias de base, resultados das partidas, tabela de classifica\u00e7\u00e3o, pr\u00f3ximos jogos!","potentialAction":[{"@type":"SearchAction","target":{"@type":"EntryPoint","urlTemplate":"https:\/\/www.gaveanews.com\/?s={search_term_string}"},"query-input":{"@type":"PropertyValueSpecification","valueRequired":true,"valueName":"search_term_string"}}],"inLanguage":"pt-BR"},{"@type":"Person","@id":"https:\/\/www.gaveanews.com\/#\/schema\/person\/2ec14f73fb96be2caf28f91afb14749d","name":"Equipe G\u00e1vea News","image":{"@type":"ImageObject","inLanguage":"pt-BR","@id":"https:\/\/www.gaveanews.com\/#\/schema\/person\/image\/","url":"https:\/\/secure.gravatar.com\/avatar\/1e1956f1facbffd3f8fa53a326721950116b3b9dc9bd44939c01180fd4a745a9?s=96&d=mm&r=g","contentUrl":"https:\/\/secure.gravatar.com\/avatar\/1e1956f1facbffd3f8fa53a326721950116b3b9dc9bd44939c01180fd4a745a9?s=96&d=mm&r=g","caption":"Equipe G\u00e1vea News"}}]}},"_links":{"self":[{"href":"https:\/\/www.gaveanews.com\/index.php\/wp-json\/wp\/v2\/posts\/43715","targetHints":{"allow":["GET"]}}],"collection":[{"href":"https:\/\/www.gaveanews.com\/index.php\/wp-json\/wp\/v2\/posts"}],"about":[{"href":"https:\/\/www.gaveanews.com\/index.php\/wp-json\/wp\/v2\/types\/post"}],"author":[{"embeddable":true,"href":"https:\/\/www.gaveanews.com\/index.php\/wp-json\/wp\/v2\/users\/1"}],"replies":[{"embeddable":true,"href":"https:\/\/www.gaveanews.com\/index.php\/wp-json\/wp\/v2\/comments?post=43715"}],"version-history":[{"count":0,"href":"https:\/\/www.gaveanews.com\/index.php\/wp-json\/wp\/v2\/posts\/43715\/revisions"}],"wp:featuredmedia":[{"embeddable":true,"href":"https:\/\/www.gaveanews.com\/index.php\/wp-json\/wp\/v2\/media\/23694"}],"wp:attachment":[{"href":"https:\/\/www.gaveanews.com\/index.php\/wp-json\/wp\/v2\/media?parent=43715"}],"wp:term":[{"taxonomy":"category","embeddable":true,"href":"https:\/\/www.gaveanews.com\/index.php\/wp-json\/wp\/v2\/categories?post=43715"},{"taxonomy":"post_tag","embeddable":true,"href":"https:\/\/www.gaveanews.com\/index.php\/wp-json\/wp\/v2\/tags?post=43715"}],"curies":[{"name":"wp","href":"https:\/\/api.w.org\/{rel}","templated":true}]}}