{"id":43717,"date":"2020-07-16T11:53:01","date_gmt":"2020-07-16T14:53:01","guid":{"rendered":"https:\/\/www.gaveanews.com\/?p=43717"},"modified":"2020-07-16T11:53:03","modified_gmt":"2020-07-16T14:53:03","slug":"landim-celebra-transmissao-da-flatv-em-china-e-portugal","status":"publish","type":"post","link":"https:\/\/www.gaveanews.com\/index.php\/2020\/07\/16\/landim-celebra-transmissao-da-flatv-em-china-e-portugal\/","title":{"rendered":"Landim celebra transmiss\u00e3o da FlaTV em China e Portugal"},"content":{"rendered":"\n<p>Al\u00e9m do t\u00edtulo do Flamengo no Campeonato Carioca, Rodolfo Landim tamb\u00e9m se mostrou satisfeito com a transmiss\u00e3o da partida. Sendo assim, o presidente rubro-negro elogiou as possibilidades trazidas pela MP 984, citando que a marca do clube est\u00e1 sendo divulgada fortemente no exterior, algo que pode ser ben\u00e9fico para o futebol brasileiro.<\/p>\n\n\n\n<p>\u201cMuito feliz de ter passado (0 jogo) em TV aberta. Uma chance de democratiza\u00e7\u00e3o, isso que a MP (984) trouxe, essa possibilidade de mais redes de TV passar os jogos\u2026 Mais gente podendo ser empregada e trabalhar nesse neg\u00f3cio de estar por tr\u00e1s das c\u00e2meras. Tudo isso fazendo a festa do futebol para quem est\u00e1 em casa nesse momentos mais dif\u00edcil de coronav\u00edrus. Feliz com duas vit\u00f3rias nas finais, foi determinante pra que essa torcida ficasse feliz\u201d, declarou \u00e0 FlaTV.<\/p>\n\n\n\n<p>\u201cA na\u00e7\u00e3o esteve presente no mundo todo. Tivemos a chance de passar imagem da FlaTV at\u00e9 para China e Portugal. Estamos tentando desbravar outros mercados, come\u00e7ar a mostrar o produto do futebol brasileiro em outros mercados, isso \u00e9 importante n\u00e3o s\u00f3 para o Flamengo, mas para o futebol brasileiro como um todo. Facebook passando pro mundo todo em aberto. Estamos criando uma oportunidade para as pessoas passem o conhecer o Flamengo em todos os quatro cantos do mundo\u201d, completou.<\/p>\n\n\n\n<p>Agora, o Flamengo deve focar na disputa do Brasileir\u00e3o. A competi\u00e7\u00e3o ter\u00e1 in\u00edcio em agosto, e o time busca defender o t\u00edtulo nacional. Por\u00e9m, primeiramente, a situa\u00e7\u00e3o de Jorge Jesus precisar\u00e1 ser definida. Isso porque o treinador n\u00e3o deu um parecer oficial sobre sua perman\u00eancia na G\u00e1vea.<\/p>\n\n\n\n<p>Retirado de: Torcedores<\/p>\n","protected":false},"excerpt":{"rendered":"<p>Al\u00e9m do t\u00edtulo do Flamengo no Campeonato Carioca, Rodolfo Landim tamb\u00e9m se mostrou satisfeito com a transmiss\u00e3o da partida. Sendo assim, o presidente rubro-negro elogiou as possibilidades trazidas pela MP 984, citando que a marca do clube est\u00e1 sendo divulgada fortemente no exterior, algo que pode ser ben\u00e9fico para o futebol brasileiro. \u201cMuito feliz de [&hellip;]<\/p>\n","protected":false},"author":1,"featured_media":15077,"comment_status":"open","ping_status":"closed","sticky":false,"template":"","format":"standard","meta":{"footnotes":""},"categories":[1],"tags":[],"class_list":["post-43717","post","type-post","status-publish","format-standard","has-post-thumbnail","hentry","category-flamengo"],"yoast_head":"<!-- This site is optimized with the Yoast SEO Premium plugin v24.2 (Yoast SEO v26.9) - https:\/\/yoast.com\/product\/yoast-seo-premium-wordpress\/ -->\n<title>Landim celebra transmiss\u00e3o da FlaTV em China e Portugal<\/title>\n<meta name=\"robots\" content=\"index, follow, max-snippet:-1, max-image-preview:large, max-video-preview:-1\" \/>\n<link rel=\"canonical\" href=\"https:\/\/www.gaveanews.com\/index.php\/2020\/07\/16\/landim-celebra-transmissao-da-flatv-em-china-e-portugal\/\" \/>\n<meta property=\"og:locale\" content=\"pt_BR\" \/>\n<meta property=\"og:type\" content=\"article\" \/>\n<meta property=\"og:title\" content=\"Landim celebra transmiss\u00e3o da FlaTV em China e Portugal\" \/>\n<meta property=\"og:description\" content=\"Al\u00e9m do t\u00edtulo do Flamengo no Campeonato Carioca, Rodolfo Landim tamb\u00e9m se mostrou satisfeito com a transmiss\u00e3o da partida. Sendo assim, o presidente rubro-negro elogiou as possibilidades trazidas pela MP 984, citando que a marca do clube est\u00e1 sendo divulgada fortemente no exterior, algo que pode ser ben\u00e9fico para o futebol brasileiro. \u201cMuito feliz de [&hellip;]\" \/>\n<meta property=\"og:url\" content=\"https:\/\/www.gaveanews.com\/index.php\/2020\/07\/16\/landim-celebra-transmissao-da-flatv-em-china-e-portugal\/\" \/>\n<meta property=\"og:site_name\" content=\"G\u00e1vea News\" \/>\n<meta property=\"article:publisher\" content=\"https:\/\/facebook.com\/gaveaNews\/\" \/>\n<meta property=\"article:published_time\" content=\"2020-07-16T14:53:01+00:00\" \/>\n<meta property=\"article:modified_time\" content=\"2020-07-16T14:53:03+00:00\" \/>\n<meta property=\"og:image\" content=\"https:\/\/www.gaveanews.com\/wp-content\/uploads\/2019\/03\/Rodolfo-Landim-durante-entrevista-coletiva-na-Gavea.webp\" \/>\n\t<meta property=\"og:image:width\" content=\"1\" \/>\n\t<meta property=\"og:image:height\" content=\"1\" \/>\n\t<meta property=\"og:image:type\" content=\"image\/jpeg\" \/>\n<meta name=\"author\" content=\"Equipe G\u00e1vea News\" \/>\n<meta name=\"twitter:card\" content=\"summary_large_image\" \/>\n<meta name=\"twitter:label1\" content=\"Escrito por\" \/>\n\t<meta name=\"twitter:data1\" content=\"Equipe G\u00e1vea News\" \/>\n\t<meta name=\"twitter:label2\" content=\"Est. tempo de leitura\" \/>\n\t<meta name=\"twitter:data2\" content=\"1 minuto\" \/>\n<script type=\"application\/ld+json\" class=\"yoast-schema-graph\">{\"@context\":\"https:\/\/schema.org\",\"@graph\":[{\"@type\":\"NewsArticle\",\"@id\":\"https:\/\/www.gaveanews.com\/index.php\/2020\/07\/16\/landim-celebra-transmissao-da-flatv-em-china-e-portugal\/#article\",\"isPartOf\":{\"@id\":\"https:\/\/www.gaveanews.com\/index.php\/2020\/07\/16\/landim-celebra-transmissao-da-flatv-em-china-e-portugal\/\"},\"author\":{\"name\":\"Equipe G\u00e1vea News\",\"@id\":\"https:\/\/www.gaveanews.com\/#\/schema\/person\/2ec14f73fb96be2caf28f91afb14749d\"},\"headline\":\"Landim celebra transmiss\u00e3o da FlaTV em China e Portugal\",\"datePublished\":\"2020-07-16T14:53:01+00:00\",\"dateModified\":\"2020-07-16T14:53:03+00:00\",\"mainEntityOfPage\":{\"@id\":\"https:\/\/www.gaveanews.com\/index.php\/2020\/07\/16\/landim-celebra-transmissao-da-flatv-em-china-e-portugal\/\"},\"wordCount\":290,\"commentCount\":6,\"image\":{\"@id\":\"https:\/\/www.gaveanews.com\/index.php\/2020\/07\/16\/landim-celebra-transmissao-da-flatv-em-china-e-portugal\/#primaryimage\"},\"thumbnailUrl\":\"https:\/\/www.gaveanews.com\/wp-content\/uploads\/2019\/03\/Rodolfo-Landim-durante-entrevista-coletiva-na-Gavea.webp\",\"articleSection\":[\"Flamengo\"],\"inLanguage\":\"pt-BR\",\"potentialAction\":[{\"@type\":\"CommentAction\",\"name\":\"Comment\",\"target\":[\"https:\/\/www.gaveanews.com\/index.php\/2020\/07\/16\/landim-celebra-transmissao-da-flatv-em-china-e-portugal\/#respond\"]}],\"copyrightYear\":\"2020\",\"copyrightHolder\":{\"@id\":\"https:\/\/www.gaveanews.com\/#organization\"}},{\"@type\":\"WebPage\",\"@id\":\"https:\/\/www.gaveanews.com\/index.php\/2020\/07\/16\/landim-celebra-transmissao-da-flatv-em-china-e-portugal\/\",\"url\":\"https:\/\/www.gaveanews.com\/index.php\/2020\/07\/16\/landim-celebra-transmissao-da-flatv-em-china-e-portugal\/\",\"name\":\"Landim celebra transmiss\u00e3o da FlaTV em China e Portugal\",\"isPartOf\":{\"@id\":\"https:\/\/www.gaveanews.com\/#website\"},\"primaryImageOfPage\":{\"@id\":\"https:\/\/www.gaveanews.com\/index.php\/2020\/07\/16\/landim-celebra-transmissao-da-flatv-em-china-e-portugal\/#primaryimage\"},\"image\":{\"@id\":\"https:\/\/www.gaveanews.com\/index.php\/2020\/07\/16\/landim-celebra-transmissao-da-flatv-em-china-e-portugal\/#primaryimage\"},\"thumbnailUrl\":\"https:\/\/www.gaveanews.com\/wp-content\/uploads\/2019\/03\/Rodolfo-Landim-durante-entrevista-coletiva-na-Gavea.webp\",\"datePublished\":\"2020-07-16T14:53:01+00:00\",\"dateModified\":\"2020-07-16T14:53:03+00:00\",\"author\":{\"@id\":\"https:\/\/www.gaveanews.com\/#\/schema\/person\/2ec14f73fb96be2caf28f91afb14749d\"},\"breadcrumb\":{\"@id\":\"https:\/\/www.gaveanews.com\/index.php\/2020\/07\/16\/landim-celebra-transmissao-da-flatv-em-china-e-portugal\/#breadcrumb\"},\"inLanguage\":\"pt-BR\",\"potentialAction\":[{\"@type\":\"ReadAction\",\"target\":[\"https:\/\/www.gaveanews.com\/index.php\/2020\/07\/16\/landim-celebra-transmissao-da-flatv-em-china-e-portugal\/\"]}]},{\"@type\":\"ImageObject\",\"inLanguage\":\"pt-BR\",\"@id\":\"https:\/\/www.gaveanews.com\/index.php\/2020\/07\/16\/landim-celebra-transmissao-da-flatv-em-china-e-portugal\/#primaryimage\",\"url\":\"https:\/\/www.gaveanews.com\/wp-content\/uploads\/2019\/03\/Rodolfo-Landim-durante-entrevista-coletiva-na-Gavea.webp\",\"contentUrl\":\"https:\/\/www.gaveanews.com\/wp-content\/uploads\/2019\/03\/Rodolfo-Landim-durante-entrevista-coletiva-na-Gavea.webp\",\"width\":900,\"height\":599,\"caption\":\"Rodolfo Landim durante entrevista coletiva na G\u00e1vea (Foto: Ag\u00eancia Foto BR)\"},{\"@type\":\"BreadcrumbList\",\"@id\":\"https:\/\/www.gaveanews.com\/index.php\/2020\/07\/16\/landim-celebra-transmissao-da-flatv-em-china-e-portugal\/#breadcrumb\",\"itemListElement\":[{\"@type\":\"ListItem\",\"position\":1,\"name\":\"Home\",\"item\":\"https:\/\/www.gaveanews.com\/\"},{\"@type\":\"ListItem\",\"position\":2,\"name\":\"Landim celebra transmiss\u00e3o da FlaTV em China e Portugal\"}]},{\"@type\":\"WebSite\",\"@id\":\"https:\/\/www.gaveanews.com\/#website\",\"url\":\"https:\/\/www.gaveanews.com\/\",\"name\":\"G\u00e1vea News\",\"description\":\"Veja todas as not\u00edcias sobre o Flamengo: Contrata\u00e7\u00f5es, categorias de base, resultados das partidas, tabela de classifica\u00e7\u00e3o, pr\u00f3ximos jogos!\",\"potentialAction\":[{\"@type\":\"SearchAction\",\"target\":{\"@type\":\"EntryPoint\",\"urlTemplate\":\"https:\/\/www.gaveanews.com\/?s={search_term_string}\"},\"query-input\":{\"@type\":\"PropertyValueSpecification\",\"valueRequired\":true,\"valueName\":\"search_term_string\"}}],\"inLanguage\":\"pt-BR\"},{\"@type\":\"Person\",\"@id\":\"https:\/\/www.gaveanews.com\/#\/schema\/person\/2ec14f73fb96be2caf28f91afb14749d\",\"name\":\"Equipe G\u00e1vea News\",\"image\":{\"@type\":\"ImageObject\",\"inLanguage\":\"pt-BR\",\"@id\":\"https:\/\/www.gaveanews.com\/#\/schema\/person\/image\/\",\"url\":\"https:\/\/secure.gravatar.com\/avatar\/1e1956f1facbffd3f8fa53a326721950116b3b9dc9bd44939c01180fd4a745a9?s=96&d=mm&r=g\",\"contentUrl\":\"https:\/\/secure.gravatar.com\/avatar\/1e1956f1facbffd3f8fa53a326721950116b3b9dc9bd44939c01180fd4a745a9?s=96&d=mm&r=g\",\"caption\":\"Equipe G\u00e1vea News\"}}]}<\/script>\n<!-- \/ Yoast SEO Premium plugin. -->","yoast_head_json":{"title":"Landim celebra transmiss\u00e3o da FlaTV em China e Portugal","robots":{"index":"index","follow":"follow","max-snippet":"max-snippet:-1","max-image-preview":"max-image-preview:large","max-video-preview":"max-video-preview:-1"},"canonical":"https:\/\/www.gaveanews.com\/index.php\/2020\/07\/16\/landim-celebra-transmissao-da-flatv-em-china-e-portugal\/","og_locale":"pt_BR","og_type":"article","og_title":"Landim celebra transmiss\u00e3o da FlaTV em China e Portugal","og_description":"Al\u00e9m do t\u00edtulo do Flamengo no Campeonato Carioca, Rodolfo Landim tamb\u00e9m se mostrou satisfeito com a transmiss\u00e3o da partida. Sendo assim, o presidente rubro-negro elogiou as possibilidades trazidas pela MP 984, citando que a marca do clube est\u00e1 sendo divulgada fortemente no exterior, algo que pode ser ben\u00e9fico para o futebol brasileiro. \u201cMuito feliz de [&hellip;]","og_url":"https:\/\/www.gaveanews.com\/index.php\/2020\/07\/16\/landim-celebra-transmissao-da-flatv-em-china-e-portugal\/","og_site_name":"G\u00e1vea News","article_publisher":"https:\/\/facebook.com\/gaveaNews\/","article_published_time":"2020-07-16T14:53:01+00:00","article_modified_time":"2020-07-16T14:53:03+00:00","og_image":[{"url":"https:\/\/www.gaveanews.com\/wp-content\/uploads\/2019\/03\/Rodolfo-Landim-durante-entrevista-coletiva-na-Gavea.webp","width":1,"height":1,"type":"image\/jpeg"}],"author":"Equipe G\u00e1vea News","twitter_card":"summary_large_image","twitter_misc":{"Escrito por":"Equipe G\u00e1vea News","Est. tempo de leitura":"1 minuto"},"schema":{"@context":"https:\/\/schema.org","@graph":[{"@type":"NewsArticle","@id":"https:\/\/www.gaveanews.com\/index.php\/2020\/07\/16\/landim-celebra-transmissao-da-flatv-em-china-e-portugal\/#article","isPartOf":{"@id":"https:\/\/www.gaveanews.com\/index.php\/2020\/07\/16\/landim-celebra-transmissao-da-flatv-em-china-e-portugal\/"},"author":{"name":"Equipe G\u00e1vea News","@id":"https:\/\/www.gaveanews.com\/#\/schema\/person\/2ec14f73fb96be2caf28f91afb14749d"},"headline":"Landim celebra transmiss\u00e3o da FlaTV em China e Portugal","datePublished":"2020-07-16T14:53:01+00:00","dateModified":"2020-07-16T14:53:03+00:00","mainEntityOfPage":{"@id":"https:\/\/www.gaveanews.com\/index.php\/2020\/07\/16\/landim-celebra-transmissao-da-flatv-em-china-e-portugal\/"},"wordCount":290,"commentCount":6,"image":{"@id":"https:\/\/www.gaveanews.com\/index.php\/2020\/07\/16\/landim-celebra-transmissao-da-flatv-em-china-e-portugal\/#primaryimage"},"thumbnailUrl":"https:\/\/www.gaveanews.com\/wp-content\/uploads\/2019\/03\/Rodolfo-Landim-durante-entrevista-coletiva-na-Gavea.webp","articleSection":["Flamengo"],"inLanguage":"pt-BR","potentialAction":[{"@type":"CommentAction","name":"Comment","target":["https:\/\/www.gaveanews.com\/index.php\/2020\/07\/16\/landim-celebra-transmissao-da-flatv-em-china-e-portugal\/#respond"]}],"copyrightYear":"2020","copyrightHolder":{"@id":"https:\/\/www.gaveanews.com\/#organization"}},{"@type":"WebPage","@id":"https:\/\/www.gaveanews.com\/index.php\/2020\/07\/16\/landim-celebra-transmissao-da-flatv-em-china-e-portugal\/","url":"https:\/\/www.gaveanews.com\/index.php\/2020\/07\/16\/landim-celebra-transmissao-da-flatv-em-china-e-portugal\/","name":"Landim celebra transmiss\u00e3o da FlaTV em China e Portugal","isPartOf":{"@id":"https:\/\/www.gaveanews.com\/#website"},"primaryImageOfPage":{"@id":"https:\/\/www.gaveanews.com\/index.php\/2020\/07\/16\/landim-celebra-transmissao-da-flatv-em-china-e-portugal\/#primaryimage"},"image":{"@id":"https:\/\/www.gaveanews.com\/index.php\/2020\/07\/16\/landim-celebra-transmissao-da-flatv-em-china-e-portugal\/#primaryimage"},"thumbnailUrl":"https:\/\/www.gaveanews.com\/wp-content\/uploads\/2019\/03\/Rodolfo-Landim-durante-entrevista-coletiva-na-Gavea.webp","datePublished":"2020-07-16T14:53:01+00:00","dateModified":"2020-07-16T14:53:03+00:00","author":{"@id":"https:\/\/www.gaveanews.com\/#\/schema\/person\/2ec14f73fb96be2caf28f91afb14749d"},"breadcrumb":{"@id":"https:\/\/www.gaveanews.com\/index.php\/2020\/07\/16\/landim-celebra-transmissao-da-flatv-em-china-e-portugal\/#breadcrumb"},"inLanguage":"pt-BR","potentialAction":[{"@type":"ReadAction","target":["https:\/\/www.gaveanews.com\/index.php\/2020\/07\/16\/landim-celebra-transmissao-da-flatv-em-china-e-portugal\/"]}]},{"@type":"ImageObject","inLanguage":"pt-BR","@id":"https:\/\/www.gaveanews.com\/index.php\/2020\/07\/16\/landim-celebra-transmissao-da-flatv-em-china-e-portugal\/#primaryimage","url":"https:\/\/www.gaveanews.com\/wp-content\/uploads\/2019\/03\/Rodolfo-Landim-durante-entrevista-coletiva-na-Gavea.webp","contentUrl":"https:\/\/www.gaveanews.com\/wp-content\/uploads\/2019\/03\/Rodolfo-Landim-durante-entrevista-coletiva-na-Gavea.webp","width":900,"height":599,"caption":"Rodolfo Landim durante entrevista coletiva na G\u00e1vea (Foto: Ag\u00eancia Foto BR)"},{"@type":"BreadcrumbList","@id":"https:\/\/www.gaveanews.com\/index.php\/2020\/07\/16\/landim-celebra-transmissao-da-flatv-em-china-e-portugal\/#breadcrumb","itemListElement":[{"@type":"ListItem","position":1,"name":"Home","item":"https:\/\/www.gaveanews.com\/"},{"@type":"ListItem","position":2,"name":"Landim celebra transmiss\u00e3o da FlaTV em China e Portugal"}]},{"@type":"WebSite","@id":"https:\/\/www.gaveanews.com\/#website","url":"https:\/\/www.gaveanews.com\/","name":"G\u00e1vea News","description":"Veja todas as not\u00edcias sobre o Flamengo: Contrata\u00e7\u00f5es, categorias de base, resultados das partidas, tabela de classifica\u00e7\u00e3o, pr\u00f3ximos jogos!","potentialAction":[{"@type":"SearchAction","target":{"@type":"EntryPoint","urlTemplate":"https:\/\/www.gaveanews.com\/?s={search_term_string}"},"query-input":{"@type":"PropertyValueSpecification","valueRequired":true,"valueName":"search_term_string"}}],"inLanguage":"pt-BR"},{"@type":"Person","@id":"https:\/\/www.gaveanews.com\/#\/schema\/person\/2ec14f73fb96be2caf28f91afb14749d","name":"Equipe G\u00e1vea News","image":{"@type":"ImageObject","inLanguage":"pt-BR","@id":"https:\/\/www.gaveanews.com\/#\/schema\/person\/image\/","url":"https:\/\/secure.gravatar.com\/avatar\/1e1956f1facbffd3f8fa53a326721950116b3b9dc9bd44939c01180fd4a745a9?s=96&d=mm&r=g","contentUrl":"https:\/\/secure.gravatar.com\/avatar\/1e1956f1facbffd3f8fa53a326721950116b3b9dc9bd44939c01180fd4a745a9?s=96&d=mm&r=g","caption":"Equipe G\u00e1vea News"}}]}},"_links":{"self":[{"href":"https:\/\/www.gaveanews.com\/index.php\/wp-json\/wp\/v2\/posts\/43717","targetHints":{"allow":["GET"]}}],"collection":[{"href":"https:\/\/www.gaveanews.com\/index.php\/wp-json\/wp\/v2\/posts"}],"about":[{"href":"https:\/\/www.gaveanews.com\/index.php\/wp-json\/wp\/v2\/types\/post"}],"author":[{"embeddable":true,"href":"https:\/\/www.gaveanews.com\/index.php\/wp-json\/wp\/v2\/users\/1"}],"replies":[{"embeddable":true,"href":"https:\/\/www.gaveanews.com\/index.php\/wp-json\/wp\/v2\/comments?post=43717"}],"version-history":[{"count":0,"href":"https:\/\/www.gaveanews.com\/index.php\/wp-json\/wp\/v2\/posts\/43717\/revisions"}],"wp:featuredmedia":[{"embeddable":true,"href":"https:\/\/www.gaveanews.com\/index.php\/wp-json\/wp\/v2\/media\/15077"}],"wp:attachment":[{"href":"https:\/\/www.gaveanews.com\/index.php\/wp-json\/wp\/v2\/media?parent=43717"}],"wp:term":[{"taxonomy":"category","embeddable":true,"href":"https:\/\/www.gaveanews.com\/index.php\/wp-json\/wp\/v2\/categories?post=43717"},{"taxonomy":"post_tag","embeddable":true,"href":"https:\/\/www.gaveanews.com\/index.php\/wp-json\/wp\/v2\/tags?post=43717"}],"curies":[{"name":"wp","href":"https:\/\/api.w.org\/{rel}","templated":true}]}}