{"id":43724,"date":"2020-07-16T13:58:34","date_gmt":"2020-07-16T16:58:34","guid":{"rendered":"https:\/\/www.gaveanews.com\/?p=43724"},"modified":"2020-07-16T13:58:37","modified_gmt":"2020-07-16T16:58:37","slug":"treinador-do-flamengo-jorge-jesus-cancela-viagem-para-portugal","status":"publish","type":"post","link":"https:\/\/www.gaveanews.com\/index.php\/2020\/07\/16\/treinador-do-flamengo-jorge-jesus-cancela-viagem-para-portugal\/","title":{"rendered":"Treinador do Flamengo, Jorge Jesus cancela viagem para Portugal"},"content":{"rendered":"\n<p>Ainda n\u00e3o d\u00e1 para dizer com certeza qual ser\u00e1 a decis\u00e3o final de Jorge Jesus, mas o presidente Rodolfo Landim ouviu do treinador que dar\u00e1 o treino na volta da folga, na ter\u00e7a-feira (21). Daqui at\u00e9 l\u00e1, pode haver novas conversas entre seu agente, Bruno Pacheco e o clube portugu\u00eas. Mas quem convive com Jorge Jesus diz que \u00e9 muito dif\u00edcil, n\u00e3o imposs\u00edvel, que v\u00e1 para o Benfica.<\/p>\n\n\n\n<p>O jornal A Bola, em Lisboa, diz em sua edi\u00e7\u00e3o desta quinta-feira que o presidente benfiquista, Luis Filipe Vieira, pensa em aumentar a oferta de 2 milh\u00f5es de euros anuais, <strong><a href=\"https:\/\/www.gaveanews.com\/index.php\/2020\/07\/15\/salario-oferecido-pelo-benfica-a-jesus-e-muito-inferior-ao-salario-pago-pelo-flamengo-veja-valores\/\">inferior ao que o Flamengo paga<\/a><\/strong>. Pode chegar aos 3,5 milh\u00f5es anuais, livres de impostos, mas, neste caso, diminuiria o tempo de contrato. Em vez de quatro anos, o per\u00edodo cairia para tr\u00eas.<\/p>\n\n\n\n<p>Perceba que aquilo que os jornais portugueses davam como sacramentado j\u00e1 n\u00e3o parece t\u00e3o certo. Perto do escrit\u00f3rio de Giuliano Bertolucci, h\u00e1 dois pontos repetidos: 1. a oferta do Benfica deixaria o treinador com garantia de sal\u00e1rio alto at\u00e9 perto dos 70 anos; 2. por outro lado, seguem julgando que \u00e9 muito dif\u00edcil que Jesus deixe o Flamengo.<\/p>\n\n\n\n<p>O jornal <em>A Bola<\/em> tamb\u00e9m afirma que<strong> Jorge Jesus cancelou a viagem que faria a Lisboa depois do t\u00edtulo carioca.<\/strong> Certamente visitaria seu pa\u00eds se o Flamengo ganhasse a Ta\u00e7a Rio, o que anteciparia o trof\u00e9u em uma semana. Com apenas cinco dias de folga, Jorge Jesus prefere ficar no Brasil, \u00e9 o que afirma o di\u00e1rio portugu\u00eas.<\/p>\n\n\n\n<p>N\u00e3o tem voo agendado e s\u00f3 viajar\u00e1 na semana que vem se desvincular-se do Flamengo. At\u00e9 agora, isto n\u00e3o aconteceu. O Benfica tem outros nomes na lista, embora a hip\u00f3tese n\u00famero um siga sendo Jesus. O espanhol Unai Emery, ex-Arsenal, e o portugu\u00eas Marco Silva, ex-Everton, foram mencionados por di\u00e1rios portugueses.<\/p>\n\n\n\n<p>O ingrediente favor\u00e1vel ao retorno \u00e9 a press\u00e3o familiar. Ser\u00e1 um fator a se considerar.<\/p>\n\n\n\n<p>Retirado de: Blog do PVC<\/p>\n","protected":false},"excerpt":{"rendered":"<p>Ainda n\u00e3o d\u00e1 para dizer com certeza qual ser\u00e1 a decis\u00e3o final de Jorge Jesus, mas o presidente Rodolfo Landim ouviu do treinador que dar\u00e1 o treino na volta da folga, na ter\u00e7a-feira (21). Daqui at\u00e9 l\u00e1, pode haver novas conversas entre seu agente, Bruno Pacheco e o clube portugu\u00eas. Mas quem convive com Jorge [&hellip;]<\/p>\n","protected":false},"author":1,"featured_media":28884,"comment_status":"open","ping_status":"closed","sticky":false,"template":"","format":"standard","meta":{"footnotes":""},"categories":[47],"tags":[],"class_list":["post-43724","post","type-post","status-publish","format-standard","has-post-thumbnail","hentry","category-destaques"],"yoast_head":"<!-- This site is optimized with the Yoast SEO Premium plugin v24.2 (Yoast SEO v26.9) - https:\/\/yoast.com\/product\/yoast-seo-premium-wordpress\/ -->\n<title>Treinador do Flamengo, Jorge Jesus cancela viagem para Portugal<\/title>\n<meta name=\"description\" content=\"Com apenas cinco dias de folga, o treinador Jorge Jesus prefere ficar no Brasil, \u00e9 o que afirma o di\u00e1rio portugu\u00ea &#039;A Bola&#039;\" \/>\n<meta name=\"robots\" content=\"index, follow, max-snippet:-1, max-image-preview:large, max-video-preview:-1\" \/>\n<link rel=\"canonical\" href=\"https:\/\/www.gaveanews.com\/index.php\/2020\/07\/16\/treinador-do-flamengo-jorge-jesus-cancela-viagem-para-portugal\/\" \/>\n<meta property=\"og:locale\" content=\"pt_BR\" \/>\n<meta property=\"og:type\" content=\"article\" \/>\n<meta property=\"og:title\" content=\"Treinador do Flamengo, Jorge Jesus cancela viagem para Portugal\" \/>\n<meta property=\"og:description\" content=\"Com apenas cinco dias de folga, o treinador Jorge Jesus prefere ficar no Brasil, \u00e9 o que afirma o di\u00e1rio portugu\u00ea &#039;A Bola&#039;\" \/>\n<meta property=\"og:url\" content=\"https:\/\/www.gaveanews.com\/index.php\/2020\/07\/16\/treinador-do-flamengo-jorge-jesus-cancela-viagem-para-portugal\/\" \/>\n<meta property=\"og:site_name\" content=\"G\u00e1vea News\" \/>\n<meta property=\"article:publisher\" content=\"https:\/\/facebook.com\/gaveaNews\/\" \/>\n<meta property=\"article:published_time\" content=\"2020-07-16T16:58:34+00:00\" \/>\n<meta property=\"article:modified_time\" content=\"2020-07-16T16:58:37+00:00\" \/>\n<meta property=\"og:image\" content=\"https:\/\/www.gaveanews.com\/wp-content\/uploads\/Treinador-Jorge-Jesus-durante-uma-partida-do-Flamengo.webp\" \/>\n\t<meta property=\"og:image:width\" content=\"900\" \/>\n\t<meta property=\"og:image:height\" content=\"600\" \/>\n\t<meta property=\"og:image:type\" content=\"image\/jpeg\" \/>\n<meta name=\"author\" content=\"Equipe G\u00e1vea News\" \/>\n<meta name=\"twitter:card\" content=\"summary_large_image\" \/>\n<meta name=\"twitter:label1\" content=\"Escrito por\" \/>\n\t<meta name=\"twitter:data1\" content=\"Equipe G\u00e1vea News\" \/>\n\t<meta name=\"twitter:label2\" content=\"Est. tempo de leitura\" \/>\n\t<meta name=\"twitter:data2\" content=\"2 minutos\" \/>\n<script type=\"application\/ld+json\" class=\"yoast-schema-graph\">{\"@context\":\"https:\/\/schema.org\",\"@graph\":[{\"@type\":\"NewsArticle\",\"@id\":\"https:\/\/www.gaveanews.com\/index.php\/2020\/07\/16\/treinador-do-flamengo-jorge-jesus-cancela-viagem-para-portugal\/#article\",\"isPartOf\":{\"@id\":\"https:\/\/www.gaveanews.com\/index.php\/2020\/07\/16\/treinador-do-flamengo-jorge-jesus-cancela-viagem-para-portugal\/\"},\"author\":{\"name\":\"Equipe G\u00e1vea News\",\"@id\":\"https:\/\/www.gaveanews.com\/#\/schema\/person\/2ec14f73fb96be2caf28f91afb14749d\"},\"headline\":\"Treinador do Flamengo, Jorge Jesus cancela viagem para Portugal\",\"datePublished\":\"2020-07-16T16:58:34+00:00\",\"dateModified\":\"2020-07-16T16:58:37+00:00\",\"mainEntityOfPage\":{\"@id\":\"https:\/\/www.gaveanews.com\/index.php\/2020\/07\/16\/treinador-do-flamengo-jorge-jesus-cancela-viagem-para-portugal\/\"},\"wordCount\":349,\"commentCount\":18,\"image\":{\"@id\":\"https:\/\/www.gaveanews.com\/index.php\/2020\/07\/16\/treinador-do-flamengo-jorge-jesus-cancela-viagem-para-portugal\/#primaryimage\"},\"thumbnailUrl\":\"https:\/\/www.gaveanews.com\/wp-content\/uploads\/Treinador-Jorge-Jesus-durante-uma-partida-do-Flamengo.webp\",\"articleSection\":[\"Destaques\"],\"inLanguage\":\"pt-BR\",\"potentialAction\":[{\"@type\":\"CommentAction\",\"name\":\"Comment\",\"target\":[\"https:\/\/www.gaveanews.com\/index.php\/2020\/07\/16\/treinador-do-flamengo-jorge-jesus-cancela-viagem-para-portugal\/#respond\"]}],\"copyrightYear\":\"2020\",\"copyrightHolder\":{\"@id\":\"https:\/\/www.gaveanews.com\/#organization\"}},{\"@type\":\"WebPage\",\"@id\":\"https:\/\/www.gaveanews.com\/index.php\/2020\/07\/16\/treinador-do-flamengo-jorge-jesus-cancela-viagem-para-portugal\/\",\"url\":\"https:\/\/www.gaveanews.com\/index.php\/2020\/07\/16\/treinador-do-flamengo-jorge-jesus-cancela-viagem-para-portugal\/\",\"name\":\"Treinador do Flamengo, Jorge Jesus cancela viagem para Portugal\",\"isPartOf\":{\"@id\":\"https:\/\/www.gaveanews.com\/#website\"},\"primaryImageOfPage\":{\"@id\":\"https:\/\/www.gaveanews.com\/index.php\/2020\/07\/16\/treinador-do-flamengo-jorge-jesus-cancela-viagem-para-portugal\/#primaryimage\"},\"image\":{\"@id\":\"https:\/\/www.gaveanews.com\/index.php\/2020\/07\/16\/treinador-do-flamengo-jorge-jesus-cancela-viagem-para-portugal\/#primaryimage\"},\"thumbnailUrl\":\"https:\/\/www.gaveanews.com\/wp-content\/uploads\/Treinador-Jorge-Jesus-durante-uma-partida-do-Flamengo.webp\",\"datePublished\":\"2020-07-16T16:58:34+00:00\",\"dateModified\":\"2020-07-16T16:58:37+00:00\",\"author\":{\"@id\":\"https:\/\/www.gaveanews.com\/#\/schema\/person\/2ec14f73fb96be2caf28f91afb14749d\"},\"description\":\"Com apenas cinco dias de folga, o treinador Jorge Jesus prefere ficar no Brasil, \u00e9 o que afirma o di\u00e1rio portugu\u00ea 'A Bola'\",\"breadcrumb\":{\"@id\":\"https:\/\/www.gaveanews.com\/index.php\/2020\/07\/16\/treinador-do-flamengo-jorge-jesus-cancela-viagem-para-portugal\/#breadcrumb\"},\"inLanguage\":\"pt-BR\",\"potentialAction\":[{\"@type\":\"ReadAction\",\"target\":[\"https:\/\/www.gaveanews.com\/index.php\/2020\/07\/16\/treinador-do-flamengo-jorge-jesus-cancela-viagem-para-portugal\/\"]}]},{\"@type\":\"ImageObject\",\"inLanguage\":\"pt-BR\",\"@id\":\"https:\/\/www.gaveanews.com\/index.php\/2020\/07\/16\/treinador-do-flamengo-jorge-jesus-cancela-viagem-para-portugal\/#primaryimage\",\"url\":\"https:\/\/www.gaveanews.com\/wp-content\/uploads\/Treinador-Jorge-Jesus-durante-uma-partida-do-Flamengo.webp\",\"contentUrl\":\"https:\/\/www.gaveanews.com\/wp-content\/uploads\/Treinador-Jorge-Jesus-durante-uma-partida-do-Flamengo.webp\",\"width\":900,\"height\":600,\"caption\":\"Treinador Jorge Jesus durante uma partida do Flamengo (Foto: Alexandre Vidal\/Flamengo)\"},{\"@type\":\"BreadcrumbList\",\"@id\":\"https:\/\/www.gaveanews.com\/index.php\/2020\/07\/16\/treinador-do-flamengo-jorge-jesus-cancela-viagem-para-portugal\/#breadcrumb\",\"itemListElement\":[{\"@type\":\"ListItem\",\"position\":1,\"name\":\"Home\",\"item\":\"https:\/\/www.gaveanews.com\/\"},{\"@type\":\"ListItem\",\"position\":2,\"name\":\"Treinador do Flamengo, Jorge Jesus cancela viagem para Portugal\"}]},{\"@type\":\"WebSite\",\"@id\":\"https:\/\/www.gaveanews.com\/#website\",\"url\":\"https:\/\/www.gaveanews.com\/\",\"name\":\"G\u00e1vea News\",\"description\":\"Veja todas as not\u00edcias sobre o Flamengo: Contrata\u00e7\u00f5es, categorias de base, resultados das partidas, tabela de classifica\u00e7\u00e3o, pr\u00f3ximos jogos!\",\"potentialAction\":[{\"@type\":\"SearchAction\",\"target\":{\"@type\":\"EntryPoint\",\"urlTemplate\":\"https:\/\/www.gaveanews.com\/?s={search_term_string}\"},\"query-input\":{\"@type\":\"PropertyValueSpecification\",\"valueRequired\":true,\"valueName\":\"search_term_string\"}}],\"inLanguage\":\"pt-BR\"},{\"@type\":\"Person\",\"@id\":\"https:\/\/www.gaveanews.com\/#\/schema\/person\/2ec14f73fb96be2caf28f91afb14749d\",\"name\":\"Equipe G\u00e1vea News\",\"image\":{\"@type\":\"ImageObject\",\"inLanguage\":\"pt-BR\",\"@id\":\"https:\/\/www.gaveanews.com\/#\/schema\/person\/image\/\",\"url\":\"https:\/\/secure.gravatar.com\/avatar\/1e1956f1facbffd3f8fa53a326721950116b3b9dc9bd44939c01180fd4a745a9?s=96&d=mm&r=g\",\"contentUrl\":\"https:\/\/secure.gravatar.com\/avatar\/1e1956f1facbffd3f8fa53a326721950116b3b9dc9bd44939c01180fd4a745a9?s=96&d=mm&r=g\",\"caption\":\"Equipe G\u00e1vea News\"}}]}<\/script>\n<!-- \/ Yoast SEO Premium plugin. -->","yoast_head_json":{"title":"Treinador do Flamengo, Jorge Jesus cancela viagem para Portugal","description":"Com apenas cinco dias de folga, o treinador Jorge Jesus prefere ficar no Brasil, \u00e9 o que afirma o di\u00e1rio portugu\u00ea 'A Bola'","robots":{"index":"index","follow":"follow","max-snippet":"max-snippet:-1","max-image-preview":"max-image-preview:large","max-video-preview":"max-video-preview:-1"},"canonical":"https:\/\/www.gaveanews.com\/index.php\/2020\/07\/16\/treinador-do-flamengo-jorge-jesus-cancela-viagem-para-portugal\/","og_locale":"pt_BR","og_type":"article","og_title":"Treinador do Flamengo, Jorge Jesus cancela viagem para Portugal","og_description":"Com apenas cinco dias de folga, o treinador Jorge Jesus prefere ficar no Brasil, \u00e9 o que afirma o di\u00e1rio portugu\u00ea 'A Bola'","og_url":"https:\/\/www.gaveanews.com\/index.php\/2020\/07\/16\/treinador-do-flamengo-jorge-jesus-cancela-viagem-para-portugal\/","og_site_name":"G\u00e1vea News","article_publisher":"https:\/\/facebook.com\/gaveaNews\/","article_published_time":"2020-07-16T16:58:34+00:00","article_modified_time":"2020-07-16T16:58:37+00:00","og_image":[{"width":900,"height":600,"url":"https:\/\/www.gaveanews.com\/wp-content\/uploads\/Treinador-Jorge-Jesus-durante-uma-partida-do-Flamengo.webp","type":"image\/jpeg"}],"author":"Equipe G\u00e1vea News","twitter_card":"summary_large_image","twitter_misc":{"Escrito por":"Equipe G\u00e1vea News","Est. tempo de leitura":"2 minutos"},"schema":{"@context":"https:\/\/schema.org","@graph":[{"@type":"NewsArticle","@id":"https:\/\/www.gaveanews.com\/index.php\/2020\/07\/16\/treinador-do-flamengo-jorge-jesus-cancela-viagem-para-portugal\/#article","isPartOf":{"@id":"https:\/\/www.gaveanews.com\/index.php\/2020\/07\/16\/treinador-do-flamengo-jorge-jesus-cancela-viagem-para-portugal\/"},"author":{"name":"Equipe G\u00e1vea News","@id":"https:\/\/www.gaveanews.com\/#\/schema\/person\/2ec14f73fb96be2caf28f91afb14749d"},"headline":"Treinador do Flamengo, Jorge Jesus cancela viagem para Portugal","datePublished":"2020-07-16T16:58:34+00:00","dateModified":"2020-07-16T16:58:37+00:00","mainEntityOfPage":{"@id":"https:\/\/www.gaveanews.com\/index.php\/2020\/07\/16\/treinador-do-flamengo-jorge-jesus-cancela-viagem-para-portugal\/"},"wordCount":349,"commentCount":18,"image":{"@id":"https:\/\/www.gaveanews.com\/index.php\/2020\/07\/16\/treinador-do-flamengo-jorge-jesus-cancela-viagem-para-portugal\/#primaryimage"},"thumbnailUrl":"https:\/\/www.gaveanews.com\/wp-content\/uploads\/Treinador-Jorge-Jesus-durante-uma-partida-do-Flamengo.webp","articleSection":["Destaques"],"inLanguage":"pt-BR","potentialAction":[{"@type":"CommentAction","name":"Comment","target":["https:\/\/www.gaveanews.com\/index.php\/2020\/07\/16\/treinador-do-flamengo-jorge-jesus-cancela-viagem-para-portugal\/#respond"]}],"copyrightYear":"2020","copyrightHolder":{"@id":"https:\/\/www.gaveanews.com\/#organization"}},{"@type":"WebPage","@id":"https:\/\/www.gaveanews.com\/index.php\/2020\/07\/16\/treinador-do-flamengo-jorge-jesus-cancela-viagem-para-portugal\/","url":"https:\/\/www.gaveanews.com\/index.php\/2020\/07\/16\/treinador-do-flamengo-jorge-jesus-cancela-viagem-para-portugal\/","name":"Treinador do Flamengo, Jorge Jesus cancela viagem para Portugal","isPartOf":{"@id":"https:\/\/www.gaveanews.com\/#website"},"primaryImageOfPage":{"@id":"https:\/\/www.gaveanews.com\/index.php\/2020\/07\/16\/treinador-do-flamengo-jorge-jesus-cancela-viagem-para-portugal\/#primaryimage"},"image":{"@id":"https:\/\/www.gaveanews.com\/index.php\/2020\/07\/16\/treinador-do-flamengo-jorge-jesus-cancela-viagem-para-portugal\/#primaryimage"},"thumbnailUrl":"https:\/\/www.gaveanews.com\/wp-content\/uploads\/Treinador-Jorge-Jesus-durante-uma-partida-do-Flamengo.webp","datePublished":"2020-07-16T16:58:34+00:00","dateModified":"2020-07-16T16:58:37+00:00","author":{"@id":"https:\/\/www.gaveanews.com\/#\/schema\/person\/2ec14f73fb96be2caf28f91afb14749d"},"description":"Com apenas cinco dias de folga, o treinador Jorge Jesus prefere ficar no Brasil, \u00e9 o que afirma o di\u00e1rio portugu\u00ea 'A Bola'","breadcrumb":{"@id":"https:\/\/www.gaveanews.com\/index.php\/2020\/07\/16\/treinador-do-flamengo-jorge-jesus-cancela-viagem-para-portugal\/#breadcrumb"},"inLanguage":"pt-BR","potentialAction":[{"@type":"ReadAction","target":["https:\/\/www.gaveanews.com\/index.php\/2020\/07\/16\/treinador-do-flamengo-jorge-jesus-cancela-viagem-para-portugal\/"]}]},{"@type":"ImageObject","inLanguage":"pt-BR","@id":"https:\/\/www.gaveanews.com\/index.php\/2020\/07\/16\/treinador-do-flamengo-jorge-jesus-cancela-viagem-para-portugal\/#primaryimage","url":"https:\/\/www.gaveanews.com\/wp-content\/uploads\/Treinador-Jorge-Jesus-durante-uma-partida-do-Flamengo.webp","contentUrl":"https:\/\/www.gaveanews.com\/wp-content\/uploads\/Treinador-Jorge-Jesus-durante-uma-partida-do-Flamengo.webp","width":900,"height":600,"caption":"Treinador Jorge Jesus durante uma partida do Flamengo (Foto: Alexandre Vidal\/Flamengo)"},{"@type":"BreadcrumbList","@id":"https:\/\/www.gaveanews.com\/index.php\/2020\/07\/16\/treinador-do-flamengo-jorge-jesus-cancela-viagem-para-portugal\/#breadcrumb","itemListElement":[{"@type":"ListItem","position":1,"name":"Home","item":"https:\/\/www.gaveanews.com\/"},{"@type":"ListItem","position":2,"name":"Treinador do Flamengo, Jorge Jesus cancela viagem para Portugal"}]},{"@type":"WebSite","@id":"https:\/\/www.gaveanews.com\/#website","url":"https:\/\/www.gaveanews.com\/","name":"G\u00e1vea News","description":"Veja todas as not\u00edcias sobre o Flamengo: Contrata\u00e7\u00f5es, categorias de base, resultados das partidas, tabela de classifica\u00e7\u00e3o, pr\u00f3ximos jogos!","potentialAction":[{"@type":"SearchAction","target":{"@type":"EntryPoint","urlTemplate":"https:\/\/www.gaveanews.com\/?s={search_term_string}"},"query-input":{"@type":"PropertyValueSpecification","valueRequired":true,"valueName":"search_term_string"}}],"inLanguage":"pt-BR"},{"@type":"Person","@id":"https:\/\/www.gaveanews.com\/#\/schema\/person\/2ec14f73fb96be2caf28f91afb14749d","name":"Equipe G\u00e1vea News","image":{"@type":"ImageObject","inLanguage":"pt-BR","@id":"https:\/\/www.gaveanews.com\/#\/schema\/person\/image\/","url":"https:\/\/secure.gravatar.com\/avatar\/1e1956f1facbffd3f8fa53a326721950116b3b9dc9bd44939c01180fd4a745a9?s=96&d=mm&r=g","contentUrl":"https:\/\/secure.gravatar.com\/avatar\/1e1956f1facbffd3f8fa53a326721950116b3b9dc9bd44939c01180fd4a745a9?s=96&d=mm&r=g","caption":"Equipe G\u00e1vea News"}}]}},"_links":{"self":[{"href":"https:\/\/www.gaveanews.com\/index.php\/wp-json\/wp\/v2\/posts\/43724","targetHints":{"allow":["GET"]}}],"collection":[{"href":"https:\/\/www.gaveanews.com\/index.php\/wp-json\/wp\/v2\/posts"}],"about":[{"href":"https:\/\/www.gaveanews.com\/index.php\/wp-json\/wp\/v2\/types\/post"}],"author":[{"embeddable":true,"href":"https:\/\/www.gaveanews.com\/index.php\/wp-json\/wp\/v2\/users\/1"}],"replies":[{"embeddable":true,"href":"https:\/\/www.gaveanews.com\/index.php\/wp-json\/wp\/v2\/comments?post=43724"}],"version-history":[{"count":0,"href":"https:\/\/www.gaveanews.com\/index.php\/wp-json\/wp\/v2\/posts\/43724\/revisions"}],"wp:featuredmedia":[{"embeddable":true,"href":"https:\/\/www.gaveanews.com\/index.php\/wp-json\/wp\/v2\/media\/28884"}],"wp:attachment":[{"href":"https:\/\/www.gaveanews.com\/index.php\/wp-json\/wp\/v2\/media?parent=43724"}],"wp:term":[{"taxonomy":"category","embeddable":true,"href":"https:\/\/www.gaveanews.com\/index.php\/wp-json\/wp\/v2\/categories?post=43724"},{"taxonomy":"post_tag","embeddable":true,"href":"https:\/\/www.gaveanews.com\/index.php\/wp-json\/wp\/v2\/tags?post=43724"}],"curies":[{"name":"wp","href":"https:\/\/api.w.org\/{rel}","templated":true}]}}