{"id":43748,"date":"2020-07-16T18:42:00","date_gmt":"2020-07-16T21:42:00","guid":{"rendered":"https:\/\/www.gaveanews.com\/?p=43748"},"modified":"2020-07-16T18:42:01","modified_gmt":"2020-07-16T21:42:01","slug":"atacante-do-flamengo-vitinho-faz-previsao-sobre-o-futuro-de-jorge-jesus","status":"publish","type":"post","link":"https:\/\/www.gaveanews.com\/index.php\/2020\/07\/16\/atacante-do-flamengo-vitinho-faz-previsao-sobre-o-futuro-de-jorge-jesus\/","title":{"rendered":"Atacante do Flamengo, Vitinho faz previs\u00e3o sobre o futuro de Jorge Jesus"},"content":{"rendered":"\n<p>Autor do gol do t\u00edtulo carioca do Flamengo, ap\u00f3s a vit\u00f3ria por 1 a 0 sobre o Fluminense, quarta-feira, no Maracan\u00e3, Vitinho participou do &#8220;Sele\u00e7\u00e3o SporTV&#8221; desta quinta-feira. Al\u00e9m do seu feito e de mais uma conquista rubro-negra, ele comentou sobre o mist\u00e9rio do futuro do t\u00e9cnico Jorge Jesus.<\/p>\n\n\n\n<p>Vitinho disse ter a sensa\u00e7\u00e3o de que o mister permanecer\u00e1 no Flamengo, e reconheceu que para os jogadores foi complicado conviver com o notici\u00e1rio da poss\u00edvel ida do treinador para o Benfica, de Portugal.<\/p>\n\n\n\n<p>\u2014 Ainda n\u00e3o (conversamos). Eu acredito que ele continua, por tudo que demonstra no dia a dia, o sentimento e carinho que tem por n\u00f3s. Acho que foram dias complicados. Para n\u00f3s tamb\u00e9m foi com esses rumores. N\u00f3s admiramos, adoramos o mister e queremos que ele fiquei. N\u00e3o sabemos o que ele quer, mas tenho para mim que ele segue com a gente e a gente lute por mais t\u00edtulos no Flamengo. Preocupa porque n\u00e3o sabemos o que se passa com ele fora de campo. Tentamos agrad\u00e1-lo para que ele entenda que essa \u00e9 a melhor op\u00e7\u00e3o para ele (permanecer).<\/p>\n\n\n\n<p>Menos ativo na beira de campo nos \u00faltimos jogos, Jorge Jesus mostrou um pouco mais de \u00e2nimo na quarta-feira. Essa foi a sensa\u00e7\u00e3o de Vitinho e de outros atletas que estavam no banco de reservas.<\/p>\n\n\n\n<p>\u2014 Eu, Diego e Ren\u00ea, que est\u00e1vamos mais perto no banco, reparamos que ele estava gesticulando um pouco mais. Nos outros jogos analisou bastante e estava dando as instru\u00e7\u00f5es no intervalo. Nesse jogo ele j\u00e1 estava puxando mais o time. Foi uma demonstra\u00e7\u00e3o de que esteve mais com a gente.<\/p>\n\n\n\n<p>Retirado de: SporTv<\/p>\n","protected":false},"excerpt":{"rendered":"<p>Autor do gol do t\u00edtulo carioca do Flamengo, ap\u00f3s a vit\u00f3ria por 1 a 0 sobre o Fluminense, quarta-feira, no Maracan\u00e3, Vitinho participou do &#8220;Sele\u00e7\u00e3o SporTV&#8221; desta quinta-feira. Al\u00e9m do seu feito e de mais uma conquista rubro-negra, ele comentou sobre o mist\u00e9rio do futuro do t\u00e9cnico Jorge Jesus. Vitinho disse ter a sensa\u00e7\u00e3o de [&hellip;]<\/p>\n","protected":false},"author":1,"featured_media":28954,"comment_status":"open","ping_status":"closed","sticky":false,"template":"","format":"standard","meta":{"footnotes":""},"categories":[47],"tags":[],"class_list":["post-43748","post","type-post","status-publish","format-standard","has-post-thumbnail","hentry","category-destaques"],"yoast_head":"<!-- This site is optimized with the Yoast SEO Premium plugin v24.2 (Yoast SEO v26.9) - https:\/\/yoast.com\/product\/yoast-seo-premium-wordpress\/ -->\n<title>Atacante do Flamengo, Vitinho faz previs\u00e3o sobre o futuro de Jorge Jesus<\/title>\n<meta name=\"description\" content=\"Autor do gol do t\u00edtulo carioca do Flamengo, no est\u00e1dio do Maracan\u00e3, Vitinho participou do &quot;Sele\u00e7\u00e3o SporTV&quot; desta quinta-feira.\" \/>\n<meta name=\"robots\" content=\"index, follow, max-snippet:-1, max-image-preview:large, max-video-preview:-1\" \/>\n<link rel=\"canonical\" href=\"https:\/\/www.gaveanews.com\/index.php\/2020\/07\/16\/atacante-do-flamengo-vitinho-faz-previsao-sobre-o-futuro-de-jorge-jesus\/\" \/>\n<meta property=\"og:locale\" content=\"pt_BR\" \/>\n<meta property=\"og:type\" content=\"article\" \/>\n<meta property=\"og:title\" content=\"Atacante do Flamengo, Vitinho faz previs\u00e3o sobre o futuro de Jorge Jesus\" \/>\n<meta property=\"og:description\" content=\"Autor do gol do t\u00edtulo carioca do Flamengo, no est\u00e1dio do Maracan\u00e3, Vitinho participou do &quot;Sele\u00e7\u00e3o SporTV&quot; desta quinta-feira.\" \/>\n<meta property=\"og:url\" content=\"https:\/\/www.gaveanews.com\/index.php\/2020\/07\/16\/atacante-do-flamengo-vitinho-faz-previsao-sobre-o-futuro-de-jorge-jesus\/\" \/>\n<meta property=\"og:site_name\" content=\"G\u00e1vea News\" \/>\n<meta property=\"article:publisher\" content=\"https:\/\/facebook.com\/gaveaNews\/\" \/>\n<meta property=\"article:published_time\" content=\"2020-07-16T21:42:00+00:00\" \/>\n<meta property=\"article:modified_time\" content=\"2020-07-16T21:42:01+00:00\" \/>\n<meta property=\"og:image\" content=\"https:\/\/www.gaveanews.com\/wp-content\/uploads\/Atacante-Vitinho-em-acao-durante-uma-partida-do-Flamengo.webp\" \/>\n\t<meta property=\"og:image:width\" content=\"1\" \/>\n\t<meta property=\"og:image:height\" content=\"1\" \/>\n\t<meta property=\"og:image:type\" content=\"image\/jpeg\" \/>\n<meta name=\"author\" content=\"Equipe G\u00e1vea News\" \/>\n<meta name=\"twitter:card\" content=\"summary_large_image\" \/>\n<meta name=\"twitter:label1\" content=\"Escrito por\" \/>\n\t<meta name=\"twitter:data1\" content=\"Equipe G\u00e1vea News\" \/>\n\t<meta name=\"twitter:label2\" content=\"Est. tempo de leitura\" \/>\n\t<meta name=\"twitter:data2\" content=\"1 minuto\" \/>\n<script type=\"application\/ld+json\" class=\"yoast-schema-graph\">{\"@context\":\"https:\/\/schema.org\",\"@graph\":[{\"@type\":\"NewsArticle\",\"@id\":\"https:\/\/www.gaveanews.com\/index.php\/2020\/07\/16\/atacante-do-flamengo-vitinho-faz-previsao-sobre-o-futuro-de-jorge-jesus\/#article\",\"isPartOf\":{\"@id\":\"https:\/\/www.gaveanews.com\/index.php\/2020\/07\/16\/atacante-do-flamengo-vitinho-faz-previsao-sobre-o-futuro-de-jorge-jesus\/\"},\"author\":{\"name\":\"Equipe G\u00e1vea News\",\"@id\":\"https:\/\/www.gaveanews.com\/#\/schema\/person\/2ec14f73fb96be2caf28f91afb14749d\"},\"headline\":\"Atacante do Flamengo, Vitinho faz previs\u00e3o sobre o futuro de Jorge Jesus\",\"datePublished\":\"2020-07-16T21:42:00+00:00\",\"dateModified\":\"2020-07-16T21:42:01+00:00\",\"mainEntityOfPage\":{\"@id\":\"https:\/\/www.gaveanews.com\/index.php\/2020\/07\/16\/atacante-do-flamengo-vitinho-faz-previsao-sobre-o-futuro-de-jorge-jesus\/\"},\"wordCount\":303,\"commentCount\":0,\"image\":{\"@id\":\"https:\/\/www.gaveanews.com\/index.php\/2020\/07\/16\/atacante-do-flamengo-vitinho-faz-previsao-sobre-o-futuro-de-jorge-jesus\/#primaryimage\"},\"thumbnailUrl\":\"https:\/\/www.gaveanews.com\/wp-content\/uploads\/Atacante-Vitinho-em-acao-durante-uma-partida-do-Flamengo.webp\",\"articleSection\":[\"Destaques\"],\"inLanguage\":\"pt-BR\",\"potentialAction\":[{\"@type\":\"CommentAction\",\"name\":\"Comment\",\"target\":[\"https:\/\/www.gaveanews.com\/index.php\/2020\/07\/16\/atacante-do-flamengo-vitinho-faz-previsao-sobre-o-futuro-de-jorge-jesus\/#respond\"]}],\"copyrightYear\":\"2020\",\"copyrightHolder\":{\"@id\":\"https:\/\/www.gaveanews.com\/#organization\"}},{\"@type\":\"WebPage\",\"@id\":\"https:\/\/www.gaveanews.com\/index.php\/2020\/07\/16\/atacante-do-flamengo-vitinho-faz-previsao-sobre-o-futuro-de-jorge-jesus\/\",\"url\":\"https:\/\/www.gaveanews.com\/index.php\/2020\/07\/16\/atacante-do-flamengo-vitinho-faz-previsao-sobre-o-futuro-de-jorge-jesus\/\",\"name\":\"Atacante do Flamengo, Vitinho faz previs\u00e3o sobre o futuro de Jorge Jesus\",\"isPartOf\":{\"@id\":\"https:\/\/www.gaveanews.com\/#website\"},\"primaryImageOfPage\":{\"@id\":\"https:\/\/www.gaveanews.com\/index.php\/2020\/07\/16\/atacante-do-flamengo-vitinho-faz-previsao-sobre-o-futuro-de-jorge-jesus\/#primaryimage\"},\"image\":{\"@id\":\"https:\/\/www.gaveanews.com\/index.php\/2020\/07\/16\/atacante-do-flamengo-vitinho-faz-previsao-sobre-o-futuro-de-jorge-jesus\/#primaryimage\"},\"thumbnailUrl\":\"https:\/\/www.gaveanews.com\/wp-content\/uploads\/Atacante-Vitinho-em-acao-durante-uma-partida-do-Flamengo.webp\",\"datePublished\":\"2020-07-16T21:42:00+00:00\",\"dateModified\":\"2020-07-16T21:42:01+00:00\",\"author\":{\"@id\":\"https:\/\/www.gaveanews.com\/#\/schema\/person\/2ec14f73fb96be2caf28f91afb14749d\"},\"description\":\"Autor do gol do t\u00edtulo carioca do Flamengo, no est\u00e1dio do Maracan\u00e3, Vitinho participou do \\\"Sele\u00e7\u00e3o SporTV\\\" desta quinta-feira.\",\"breadcrumb\":{\"@id\":\"https:\/\/www.gaveanews.com\/index.php\/2020\/07\/16\/atacante-do-flamengo-vitinho-faz-previsao-sobre-o-futuro-de-jorge-jesus\/#breadcrumb\"},\"inLanguage\":\"pt-BR\",\"potentialAction\":[{\"@type\":\"ReadAction\",\"target\":[\"https:\/\/www.gaveanews.com\/index.php\/2020\/07\/16\/atacante-do-flamengo-vitinho-faz-previsao-sobre-o-futuro-de-jorge-jesus\/\"]}]},{\"@type\":\"ImageObject\",\"inLanguage\":\"pt-BR\",\"@id\":\"https:\/\/www.gaveanews.com\/index.php\/2020\/07\/16\/atacante-do-flamengo-vitinho-faz-previsao-sobre-o-futuro-de-jorge-jesus\/#primaryimage\",\"url\":\"https:\/\/www.gaveanews.com\/wp-content\/uploads\/Atacante-Vitinho-em-acao-durante-uma-partida-do-Flamengo.webp\",\"contentUrl\":\"https:\/\/www.gaveanews.com\/wp-content\/uploads\/Atacante-Vitinho-em-acao-durante-uma-partida-do-Flamengo.webp\",\"caption\":\"Atacante Vitinho em a\u00e7\u00e3o durante uma partida do Flamengo (Foto: Alexandre Vidal\/Flamengo)\"},{\"@type\":\"BreadcrumbList\",\"@id\":\"https:\/\/www.gaveanews.com\/index.php\/2020\/07\/16\/atacante-do-flamengo-vitinho-faz-previsao-sobre-o-futuro-de-jorge-jesus\/#breadcrumb\",\"itemListElement\":[{\"@type\":\"ListItem\",\"position\":1,\"name\":\"Home\",\"item\":\"https:\/\/www.gaveanews.com\/\"},{\"@type\":\"ListItem\",\"position\":2,\"name\":\"Atacante do Flamengo, Vitinho faz previs\u00e3o sobre o futuro de Jorge Jesus\"}]},{\"@type\":\"WebSite\",\"@id\":\"https:\/\/www.gaveanews.com\/#website\",\"url\":\"https:\/\/www.gaveanews.com\/\",\"name\":\"G\u00e1vea News\",\"description\":\"Veja todas as not\u00edcias sobre o Flamengo: Contrata\u00e7\u00f5es, categorias de base, resultados das partidas, tabela de classifica\u00e7\u00e3o, pr\u00f3ximos jogos!\",\"potentialAction\":[{\"@type\":\"SearchAction\",\"target\":{\"@type\":\"EntryPoint\",\"urlTemplate\":\"https:\/\/www.gaveanews.com\/?s={search_term_string}\"},\"query-input\":{\"@type\":\"PropertyValueSpecification\",\"valueRequired\":true,\"valueName\":\"search_term_string\"}}],\"inLanguage\":\"pt-BR\"},{\"@type\":\"Person\",\"@id\":\"https:\/\/www.gaveanews.com\/#\/schema\/person\/2ec14f73fb96be2caf28f91afb14749d\",\"name\":\"Equipe G\u00e1vea News\",\"image\":{\"@type\":\"ImageObject\",\"inLanguage\":\"pt-BR\",\"@id\":\"https:\/\/www.gaveanews.com\/#\/schema\/person\/image\/\",\"url\":\"https:\/\/secure.gravatar.com\/avatar\/1e1956f1facbffd3f8fa53a326721950116b3b9dc9bd44939c01180fd4a745a9?s=96&d=mm&r=g\",\"contentUrl\":\"https:\/\/secure.gravatar.com\/avatar\/1e1956f1facbffd3f8fa53a326721950116b3b9dc9bd44939c01180fd4a745a9?s=96&d=mm&r=g\",\"caption\":\"Equipe G\u00e1vea News\"}}]}<\/script>\n<!-- \/ Yoast SEO Premium plugin. -->","yoast_head_json":{"title":"Atacante do Flamengo, Vitinho faz previs\u00e3o sobre o futuro de Jorge Jesus","description":"Autor do gol do t\u00edtulo carioca do Flamengo, no est\u00e1dio do Maracan\u00e3, Vitinho participou do \"Sele\u00e7\u00e3o SporTV\" desta quinta-feira.","robots":{"index":"index","follow":"follow","max-snippet":"max-snippet:-1","max-image-preview":"max-image-preview:large","max-video-preview":"max-video-preview:-1"},"canonical":"https:\/\/www.gaveanews.com\/index.php\/2020\/07\/16\/atacante-do-flamengo-vitinho-faz-previsao-sobre-o-futuro-de-jorge-jesus\/","og_locale":"pt_BR","og_type":"article","og_title":"Atacante do Flamengo, Vitinho faz previs\u00e3o sobre o futuro de Jorge Jesus","og_description":"Autor do gol do t\u00edtulo carioca do Flamengo, no est\u00e1dio do Maracan\u00e3, Vitinho participou do \"Sele\u00e7\u00e3o SporTV\" desta quinta-feira.","og_url":"https:\/\/www.gaveanews.com\/index.php\/2020\/07\/16\/atacante-do-flamengo-vitinho-faz-previsao-sobre-o-futuro-de-jorge-jesus\/","og_site_name":"G\u00e1vea News","article_publisher":"https:\/\/facebook.com\/gaveaNews\/","article_published_time":"2020-07-16T21:42:00+00:00","article_modified_time":"2020-07-16T21:42:01+00:00","og_image":[{"url":"https:\/\/www.gaveanews.com\/wp-content\/uploads\/Atacante-Vitinho-em-acao-durante-uma-partida-do-Flamengo.webp","width":1,"height":1,"type":"image\/jpeg"}],"author":"Equipe G\u00e1vea News","twitter_card":"summary_large_image","twitter_misc":{"Escrito por":"Equipe G\u00e1vea News","Est. tempo de leitura":"1 minuto"},"schema":{"@context":"https:\/\/schema.org","@graph":[{"@type":"NewsArticle","@id":"https:\/\/www.gaveanews.com\/index.php\/2020\/07\/16\/atacante-do-flamengo-vitinho-faz-previsao-sobre-o-futuro-de-jorge-jesus\/#article","isPartOf":{"@id":"https:\/\/www.gaveanews.com\/index.php\/2020\/07\/16\/atacante-do-flamengo-vitinho-faz-previsao-sobre-o-futuro-de-jorge-jesus\/"},"author":{"name":"Equipe G\u00e1vea News","@id":"https:\/\/www.gaveanews.com\/#\/schema\/person\/2ec14f73fb96be2caf28f91afb14749d"},"headline":"Atacante do Flamengo, Vitinho faz previs\u00e3o sobre o futuro de Jorge Jesus","datePublished":"2020-07-16T21:42:00+00:00","dateModified":"2020-07-16T21:42:01+00:00","mainEntityOfPage":{"@id":"https:\/\/www.gaveanews.com\/index.php\/2020\/07\/16\/atacante-do-flamengo-vitinho-faz-previsao-sobre-o-futuro-de-jorge-jesus\/"},"wordCount":303,"commentCount":0,"image":{"@id":"https:\/\/www.gaveanews.com\/index.php\/2020\/07\/16\/atacante-do-flamengo-vitinho-faz-previsao-sobre-o-futuro-de-jorge-jesus\/#primaryimage"},"thumbnailUrl":"https:\/\/www.gaveanews.com\/wp-content\/uploads\/Atacante-Vitinho-em-acao-durante-uma-partida-do-Flamengo.webp","articleSection":["Destaques"],"inLanguage":"pt-BR","potentialAction":[{"@type":"CommentAction","name":"Comment","target":["https:\/\/www.gaveanews.com\/index.php\/2020\/07\/16\/atacante-do-flamengo-vitinho-faz-previsao-sobre-o-futuro-de-jorge-jesus\/#respond"]}],"copyrightYear":"2020","copyrightHolder":{"@id":"https:\/\/www.gaveanews.com\/#organization"}},{"@type":"WebPage","@id":"https:\/\/www.gaveanews.com\/index.php\/2020\/07\/16\/atacante-do-flamengo-vitinho-faz-previsao-sobre-o-futuro-de-jorge-jesus\/","url":"https:\/\/www.gaveanews.com\/index.php\/2020\/07\/16\/atacante-do-flamengo-vitinho-faz-previsao-sobre-o-futuro-de-jorge-jesus\/","name":"Atacante do Flamengo, Vitinho faz previs\u00e3o sobre o futuro de Jorge Jesus","isPartOf":{"@id":"https:\/\/www.gaveanews.com\/#website"},"primaryImageOfPage":{"@id":"https:\/\/www.gaveanews.com\/index.php\/2020\/07\/16\/atacante-do-flamengo-vitinho-faz-previsao-sobre-o-futuro-de-jorge-jesus\/#primaryimage"},"image":{"@id":"https:\/\/www.gaveanews.com\/index.php\/2020\/07\/16\/atacante-do-flamengo-vitinho-faz-previsao-sobre-o-futuro-de-jorge-jesus\/#primaryimage"},"thumbnailUrl":"https:\/\/www.gaveanews.com\/wp-content\/uploads\/Atacante-Vitinho-em-acao-durante-uma-partida-do-Flamengo.webp","datePublished":"2020-07-16T21:42:00+00:00","dateModified":"2020-07-16T21:42:01+00:00","author":{"@id":"https:\/\/www.gaveanews.com\/#\/schema\/person\/2ec14f73fb96be2caf28f91afb14749d"},"description":"Autor do gol do t\u00edtulo carioca do Flamengo, no est\u00e1dio do Maracan\u00e3, Vitinho participou do \"Sele\u00e7\u00e3o SporTV\" desta quinta-feira.","breadcrumb":{"@id":"https:\/\/www.gaveanews.com\/index.php\/2020\/07\/16\/atacante-do-flamengo-vitinho-faz-previsao-sobre-o-futuro-de-jorge-jesus\/#breadcrumb"},"inLanguage":"pt-BR","potentialAction":[{"@type":"ReadAction","target":["https:\/\/www.gaveanews.com\/index.php\/2020\/07\/16\/atacante-do-flamengo-vitinho-faz-previsao-sobre-o-futuro-de-jorge-jesus\/"]}]},{"@type":"ImageObject","inLanguage":"pt-BR","@id":"https:\/\/www.gaveanews.com\/index.php\/2020\/07\/16\/atacante-do-flamengo-vitinho-faz-previsao-sobre-o-futuro-de-jorge-jesus\/#primaryimage","url":"https:\/\/www.gaveanews.com\/wp-content\/uploads\/Atacante-Vitinho-em-acao-durante-uma-partida-do-Flamengo.webp","contentUrl":"https:\/\/www.gaveanews.com\/wp-content\/uploads\/Atacante-Vitinho-em-acao-durante-uma-partida-do-Flamengo.webp","caption":"Atacante Vitinho em a\u00e7\u00e3o durante uma partida do Flamengo (Foto: Alexandre Vidal\/Flamengo)"},{"@type":"BreadcrumbList","@id":"https:\/\/www.gaveanews.com\/index.php\/2020\/07\/16\/atacante-do-flamengo-vitinho-faz-previsao-sobre-o-futuro-de-jorge-jesus\/#breadcrumb","itemListElement":[{"@type":"ListItem","position":1,"name":"Home","item":"https:\/\/www.gaveanews.com\/"},{"@type":"ListItem","position":2,"name":"Atacante do Flamengo, Vitinho faz previs\u00e3o sobre o futuro de Jorge Jesus"}]},{"@type":"WebSite","@id":"https:\/\/www.gaveanews.com\/#website","url":"https:\/\/www.gaveanews.com\/","name":"G\u00e1vea News","description":"Veja todas as not\u00edcias sobre o Flamengo: Contrata\u00e7\u00f5es, categorias de base, resultados das partidas, tabela de classifica\u00e7\u00e3o, pr\u00f3ximos jogos!","potentialAction":[{"@type":"SearchAction","target":{"@type":"EntryPoint","urlTemplate":"https:\/\/www.gaveanews.com\/?s={search_term_string}"},"query-input":{"@type":"PropertyValueSpecification","valueRequired":true,"valueName":"search_term_string"}}],"inLanguage":"pt-BR"},{"@type":"Person","@id":"https:\/\/www.gaveanews.com\/#\/schema\/person\/2ec14f73fb96be2caf28f91afb14749d","name":"Equipe G\u00e1vea News","image":{"@type":"ImageObject","inLanguage":"pt-BR","@id":"https:\/\/www.gaveanews.com\/#\/schema\/person\/image\/","url":"https:\/\/secure.gravatar.com\/avatar\/1e1956f1facbffd3f8fa53a326721950116b3b9dc9bd44939c01180fd4a745a9?s=96&d=mm&r=g","contentUrl":"https:\/\/secure.gravatar.com\/avatar\/1e1956f1facbffd3f8fa53a326721950116b3b9dc9bd44939c01180fd4a745a9?s=96&d=mm&r=g","caption":"Equipe G\u00e1vea News"}}]}},"_links":{"self":[{"href":"https:\/\/www.gaveanews.com\/index.php\/wp-json\/wp\/v2\/posts\/43748","targetHints":{"allow":["GET"]}}],"collection":[{"href":"https:\/\/www.gaveanews.com\/index.php\/wp-json\/wp\/v2\/posts"}],"about":[{"href":"https:\/\/www.gaveanews.com\/index.php\/wp-json\/wp\/v2\/types\/post"}],"author":[{"embeddable":true,"href":"https:\/\/www.gaveanews.com\/index.php\/wp-json\/wp\/v2\/users\/1"}],"replies":[{"embeddable":true,"href":"https:\/\/www.gaveanews.com\/index.php\/wp-json\/wp\/v2\/comments?post=43748"}],"version-history":[{"count":0,"href":"https:\/\/www.gaveanews.com\/index.php\/wp-json\/wp\/v2\/posts\/43748\/revisions"}],"wp:featuredmedia":[{"embeddable":true,"href":"https:\/\/www.gaveanews.com\/index.php\/wp-json\/wp\/v2\/media\/28954"}],"wp:attachment":[{"href":"https:\/\/www.gaveanews.com\/index.php\/wp-json\/wp\/v2\/media?parent=43748"}],"wp:term":[{"taxonomy":"category","embeddable":true,"href":"https:\/\/www.gaveanews.com\/index.php\/wp-json\/wp\/v2\/categories?post=43748"},{"taxonomy":"post_tag","embeddable":true,"href":"https:\/\/www.gaveanews.com\/index.php\/wp-json\/wp\/v2\/tags?post=43748"}],"curies":[{"name":"wp","href":"https:\/\/api.w.org\/{rel}","templated":true}]}}