{"id":43752,"date":"2020-07-16T19:42:18","date_gmt":"2020-07-16T22:42:18","guid":{"rendered":"https:\/\/www.gaveanews.com\/?p=43752"},"modified":"2020-07-16T19:42:20","modified_gmt":"2020-07-16T22:42:20","slug":"pedro-revela-porque-escolheu-o-flamengo-na-volta-ao-brasil","status":"publish","type":"post","link":"https:\/\/www.gaveanews.com\/index.php\/2020\/07\/16\/pedro-revela-porque-escolheu-o-flamengo-na-volta-ao-brasil\/","title":{"rendered":"Pedro revela porque escolheu o Flamengo na volta ao Brasil"},"content":{"rendered":"\n<p>Destaque da decis\u00e3o do Campeonato Carioca, em que marcou um gol no jogo de ida, o atacante Pedro, do Flamengo, afirmou que os t\u00edtulos conquistados pelo clube rubro-negro no ano passado foram importantes para que ele escolhesse o time da G\u00e1vea em seu retorno ao Brasil.<\/p>\n\n\n\n<p>&#8220;O elenco do Flamengo foi muito bem no ano passado. E isso pesou muito na hora da decis\u00e3o de voltar ao Brasil. \u00c9 um time que d\u00e1 a chance de brigar por t\u00edtulos sempre&#8221;, declarou o jogador em entrevista ao Sele\u00e7\u00e3o SporTV, hoje.<\/p>\n\n\n\n<p>&#8220;\u00c9 sempre bom fazer parte de um elenco de tanta qualidade, jogar com grandes craques do lado. \u00c9 bom para minha evolu\u00e7\u00e3o, crescimento. todos s\u00e3o importantes, ainda mais no calend\u00e1rio apertado desse ano. Vamos precisar de todos. O Flamengo ganha com isso&#8221;, continuou.<\/p>\n\n\n\n<p>Pedro avaliou que tem evolu\u00eddo como jogador sob o comando de Jorge Jesus. O atacante ressaltou o aprendizado t\u00e1tico com o treinador portugu\u00eas.<\/p>\n\n\n\n<p>&#8220;Eu sempre joguei de piv\u00f4, de costas para o gol. Com o Jorge Jesus, eu tenho crescido muito, estou aprendendo muito taticamente. Estou entendendo mais a minha posi\u00e7\u00e3o de atacante e me sentiria bem jogando pelo lado tamb\u00e9m&#8221;, completou.<\/p>\n\n\n\n<p>Retirado de: UOL<\/p>\n","protected":false},"excerpt":{"rendered":"<p>Destaque da decis\u00e3o do Campeonato Carioca, em que marcou um gol no jogo de ida, o atacante Pedro, do Flamengo, afirmou que os t\u00edtulos conquistados pelo clube rubro-negro no ano passado foram importantes para que ele escolhesse o time da G\u00e1vea em seu retorno ao Brasil. &#8220;O elenco do Flamengo foi muito bem no ano [&hellip;]<\/p>\n","protected":false},"author":1,"featured_media":42698,"comment_status":"open","ping_status":"closed","sticky":false,"template":"","format":"standard","meta":{"footnotes":""},"categories":[1],"tags":[],"class_list":["post-43752","post","type-post","status-publish","format-standard","has-post-thumbnail","hentry","category-flamengo"],"yoast_head":"<!-- This site is optimized with the Yoast SEO Premium plugin v24.2 (Yoast SEO v26.9) - https:\/\/yoast.com\/product\/yoast-seo-premium-wordpress\/ -->\n<title>Pedro revela porque escolheu o Flamengo na volta ao Brasil<\/title>\n<meta name=\"description\" content=\"Pedro avaliou que tem evolu\u00eddo como jogador sob o comando de Jorge Jesus. O atacante ressaltou o aprendizado t\u00e1tico com o treinador portugu\u00eas.\" \/>\n<meta name=\"robots\" content=\"index, follow, max-snippet:-1, max-image-preview:large, max-video-preview:-1\" \/>\n<link rel=\"canonical\" href=\"https:\/\/www.gaveanews.com\/index.php\/2020\/07\/16\/pedro-revela-porque-escolheu-o-flamengo-na-volta-ao-brasil\/\" \/>\n<meta property=\"og:locale\" content=\"pt_BR\" \/>\n<meta property=\"og:type\" content=\"article\" \/>\n<meta property=\"og:title\" content=\"Pedro revela porque escolheu o Flamengo na volta ao Brasil\" \/>\n<meta property=\"og:description\" content=\"Pedro avaliou que tem evolu\u00eddo como jogador sob o comando de Jorge Jesus. O atacante ressaltou o aprendizado t\u00e1tico com o treinador portugu\u00eas.\" \/>\n<meta property=\"og:url\" content=\"https:\/\/www.gaveanews.com\/index.php\/2020\/07\/16\/pedro-revela-porque-escolheu-o-flamengo-na-volta-ao-brasil\/\" \/>\n<meta property=\"og:site_name\" content=\"G\u00e1vea News\" \/>\n<meta property=\"article:publisher\" content=\"https:\/\/facebook.com\/gaveaNews\/\" \/>\n<meta property=\"article:published_time\" content=\"2020-07-16T22:42:18+00:00\" \/>\n<meta property=\"article:modified_time\" content=\"2020-07-16T22:42:20+00:00\" \/>\n<meta property=\"og:image\" content=\"https:\/\/www.gaveanews.com\/wp-content\/uploads\/Pedro-em-acao-pelo-Flamengo.webp\" \/>\n\t<meta property=\"og:image:width\" content=\"1\" \/>\n\t<meta property=\"og:image:height\" content=\"1\" \/>\n\t<meta property=\"og:image:type\" content=\"image\/jpeg\" \/>\n<meta name=\"author\" content=\"Equipe G\u00e1vea News\" \/>\n<meta name=\"twitter:card\" content=\"summary_large_image\" \/>\n<meta name=\"twitter:label1\" content=\"Escrito por\" \/>\n\t<meta name=\"twitter:data1\" content=\"Equipe G\u00e1vea News\" \/>\n\t<meta name=\"twitter:label2\" content=\"Est. tempo de leitura\" \/>\n\t<meta name=\"twitter:data2\" content=\"1 minuto\" \/>\n<script type=\"application\/ld+json\" class=\"yoast-schema-graph\">{\"@context\":\"https:\/\/schema.org\",\"@graph\":[{\"@type\":\"NewsArticle\",\"@id\":\"https:\/\/www.gaveanews.com\/index.php\/2020\/07\/16\/pedro-revela-porque-escolheu-o-flamengo-na-volta-ao-brasil\/#article\",\"isPartOf\":{\"@id\":\"https:\/\/www.gaveanews.com\/index.php\/2020\/07\/16\/pedro-revela-porque-escolheu-o-flamengo-na-volta-ao-brasil\/\"},\"author\":{\"name\":\"Equipe G\u00e1vea News\",\"@id\":\"https:\/\/www.gaveanews.com\/#\/schema\/person\/2ec14f73fb96be2caf28f91afb14749d\"},\"headline\":\"Pedro revela porque escolheu o Flamengo na volta ao Brasil\",\"datePublished\":\"2020-07-16T22:42:18+00:00\",\"dateModified\":\"2020-07-16T22:42:20+00:00\",\"mainEntityOfPage\":{\"@id\":\"https:\/\/www.gaveanews.com\/index.php\/2020\/07\/16\/pedro-revela-porque-escolheu-o-flamengo-na-volta-ao-brasil\/\"},\"wordCount\":218,\"commentCount\":4,\"image\":{\"@id\":\"https:\/\/www.gaveanews.com\/index.php\/2020\/07\/16\/pedro-revela-porque-escolheu-o-flamengo-na-volta-ao-brasil\/#primaryimage\"},\"thumbnailUrl\":\"https:\/\/www.gaveanews.com\/wp-content\/uploads\/Pedro-em-acao-pelo-Flamengo.webp\",\"articleSection\":[\"Flamengo\"],\"inLanguage\":\"pt-BR\",\"potentialAction\":[{\"@type\":\"CommentAction\",\"name\":\"Comment\",\"target\":[\"https:\/\/www.gaveanews.com\/index.php\/2020\/07\/16\/pedro-revela-porque-escolheu-o-flamengo-na-volta-ao-brasil\/#respond\"]}],\"copyrightYear\":\"2020\",\"copyrightHolder\":{\"@id\":\"https:\/\/www.gaveanews.com\/#organization\"}},{\"@type\":\"WebPage\",\"@id\":\"https:\/\/www.gaveanews.com\/index.php\/2020\/07\/16\/pedro-revela-porque-escolheu-o-flamengo-na-volta-ao-brasil\/\",\"url\":\"https:\/\/www.gaveanews.com\/index.php\/2020\/07\/16\/pedro-revela-porque-escolheu-o-flamengo-na-volta-ao-brasil\/\",\"name\":\"Pedro revela porque escolheu o Flamengo na volta ao Brasil\",\"isPartOf\":{\"@id\":\"https:\/\/www.gaveanews.com\/#website\"},\"primaryImageOfPage\":{\"@id\":\"https:\/\/www.gaveanews.com\/index.php\/2020\/07\/16\/pedro-revela-porque-escolheu-o-flamengo-na-volta-ao-brasil\/#primaryimage\"},\"image\":{\"@id\":\"https:\/\/www.gaveanews.com\/index.php\/2020\/07\/16\/pedro-revela-porque-escolheu-o-flamengo-na-volta-ao-brasil\/#primaryimage\"},\"thumbnailUrl\":\"https:\/\/www.gaveanews.com\/wp-content\/uploads\/Pedro-em-acao-pelo-Flamengo.webp\",\"datePublished\":\"2020-07-16T22:42:18+00:00\",\"dateModified\":\"2020-07-16T22:42:20+00:00\",\"author\":{\"@id\":\"https:\/\/www.gaveanews.com\/#\/schema\/person\/2ec14f73fb96be2caf28f91afb14749d\"},\"description\":\"Pedro avaliou que tem evolu\u00eddo como jogador sob o comando de Jorge Jesus. O atacante ressaltou o aprendizado t\u00e1tico com o treinador portugu\u00eas.\",\"breadcrumb\":{\"@id\":\"https:\/\/www.gaveanews.com\/index.php\/2020\/07\/16\/pedro-revela-porque-escolheu-o-flamengo-na-volta-ao-brasil\/#breadcrumb\"},\"inLanguage\":\"pt-BR\",\"potentialAction\":[{\"@type\":\"ReadAction\",\"target\":[\"https:\/\/www.gaveanews.com\/index.php\/2020\/07\/16\/pedro-revela-porque-escolheu-o-flamengo-na-volta-ao-brasil\/\"]}]},{\"@type\":\"ImageObject\",\"inLanguage\":\"pt-BR\",\"@id\":\"https:\/\/www.gaveanews.com\/index.php\/2020\/07\/16\/pedro-revela-porque-escolheu-o-flamengo-na-volta-ao-brasil\/#primaryimage\",\"url\":\"https:\/\/www.gaveanews.com\/wp-content\/uploads\/Pedro-em-acao-pelo-Flamengo.webp\",\"contentUrl\":\"https:\/\/www.gaveanews.com\/wp-content\/uploads\/Pedro-em-acao-pelo-Flamengo.webp\",\"caption\":\"Pedro em a\u00e7\u00e3o pelo Flamengo (Foto: Alexandre Vidal\/Flamengo)\"},{\"@type\":\"BreadcrumbList\",\"@id\":\"https:\/\/www.gaveanews.com\/index.php\/2020\/07\/16\/pedro-revela-porque-escolheu-o-flamengo-na-volta-ao-brasil\/#breadcrumb\",\"itemListElement\":[{\"@type\":\"ListItem\",\"position\":1,\"name\":\"Home\",\"item\":\"https:\/\/www.gaveanews.com\/\"},{\"@type\":\"ListItem\",\"position\":2,\"name\":\"Pedro revela porque escolheu o Flamengo na volta ao Brasil\"}]},{\"@type\":\"WebSite\",\"@id\":\"https:\/\/www.gaveanews.com\/#website\",\"url\":\"https:\/\/www.gaveanews.com\/\",\"name\":\"G\u00e1vea News\",\"description\":\"Veja todas as not\u00edcias sobre o Flamengo: Contrata\u00e7\u00f5es, categorias de base, resultados das partidas, tabela de classifica\u00e7\u00e3o, pr\u00f3ximos jogos!\",\"potentialAction\":[{\"@type\":\"SearchAction\",\"target\":{\"@type\":\"EntryPoint\",\"urlTemplate\":\"https:\/\/www.gaveanews.com\/?s={search_term_string}\"},\"query-input\":{\"@type\":\"PropertyValueSpecification\",\"valueRequired\":true,\"valueName\":\"search_term_string\"}}],\"inLanguage\":\"pt-BR\"},{\"@type\":\"Person\",\"@id\":\"https:\/\/www.gaveanews.com\/#\/schema\/person\/2ec14f73fb96be2caf28f91afb14749d\",\"name\":\"Equipe G\u00e1vea News\",\"image\":{\"@type\":\"ImageObject\",\"inLanguage\":\"pt-BR\",\"@id\":\"https:\/\/www.gaveanews.com\/#\/schema\/person\/image\/\",\"url\":\"https:\/\/secure.gravatar.com\/avatar\/1e1956f1facbffd3f8fa53a326721950116b3b9dc9bd44939c01180fd4a745a9?s=96&d=mm&r=g\",\"contentUrl\":\"https:\/\/secure.gravatar.com\/avatar\/1e1956f1facbffd3f8fa53a326721950116b3b9dc9bd44939c01180fd4a745a9?s=96&d=mm&r=g\",\"caption\":\"Equipe G\u00e1vea News\"}}]}<\/script>\n<!-- \/ Yoast SEO Premium plugin. -->","yoast_head_json":{"title":"Pedro revela porque escolheu o Flamengo na volta ao Brasil","description":"Pedro avaliou que tem evolu\u00eddo como jogador sob o comando de Jorge Jesus. O atacante ressaltou o aprendizado t\u00e1tico com o treinador portugu\u00eas.","robots":{"index":"index","follow":"follow","max-snippet":"max-snippet:-1","max-image-preview":"max-image-preview:large","max-video-preview":"max-video-preview:-1"},"canonical":"https:\/\/www.gaveanews.com\/index.php\/2020\/07\/16\/pedro-revela-porque-escolheu-o-flamengo-na-volta-ao-brasil\/","og_locale":"pt_BR","og_type":"article","og_title":"Pedro revela porque escolheu o Flamengo na volta ao Brasil","og_description":"Pedro avaliou que tem evolu\u00eddo como jogador sob o comando de Jorge Jesus. O atacante ressaltou o aprendizado t\u00e1tico com o treinador portugu\u00eas.","og_url":"https:\/\/www.gaveanews.com\/index.php\/2020\/07\/16\/pedro-revela-porque-escolheu-o-flamengo-na-volta-ao-brasil\/","og_site_name":"G\u00e1vea News","article_publisher":"https:\/\/facebook.com\/gaveaNews\/","article_published_time":"2020-07-16T22:42:18+00:00","article_modified_time":"2020-07-16T22:42:20+00:00","og_image":[{"url":"https:\/\/www.gaveanews.com\/wp-content\/uploads\/Pedro-em-acao-pelo-Flamengo.webp","width":1,"height":1,"type":"image\/jpeg"}],"author":"Equipe G\u00e1vea News","twitter_card":"summary_large_image","twitter_misc":{"Escrito por":"Equipe G\u00e1vea News","Est. tempo de leitura":"1 minuto"},"schema":{"@context":"https:\/\/schema.org","@graph":[{"@type":"NewsArticle","@id":"https:\/\/www.gaveanews.com\/index.php\/2020\/07\/16\/pedro-revela-porque-escolheu-o-flamengo-na-volta-ao-brasil\/#article","isPartOf":{"@id":"https:\/\/www.gaveanews.com\/index.php\/2020\/07\/16\/pedro-revela-porque-escolheu-o-flamengo-na-volta-ao-brasil\/"},"author":{"name":"Equipe G\u00e1vea News","@id":"https:\/\/www.gaveanews.com\/#\/schema\/person\/2ec14f73fb96be2caf28f91afb14749d"},"headline":"Pedro revela porque escolheu o Flamengo na volta ao Brasil","datePublished":"2020-07-16T22:42:18+00:00","dateModified":"2020-07-16T22:42:20+00:00","mainEntityOfPage":{"@id":"https:\/\/www.gaveanews.com\/index.php\/2020\/07\/16\/pedro-revela-porque-escolheu-o-flamengo-na-volta-ao-brasil\/"},"wordCount":218,"commentCount":4,"image":{"@id":"https:\/\/www.gaveanews.com\/index.php\/2020\/07\/16\/pedro-revela-porque-escolheu-o-flamengo-na-volta-ao-brasil\/#primaryimage"},"thumbnailUrl":"https:\/\/www.gaveanews.com\/wp-content\/uploads\/Pedro-em-acao-pelo-Flamengo.webp","articleSection":["Flamengo"],"inLanguage":"pt-BR","potentialAction":[{"@type":"CommentAction","name":"Comment","target":["https:\/\/www.gaveanews.com\/index.php\/2020\/07\/16\/pedro-revela-porque-escolheu-o-flamengo-na-volta-ao-brasil\/#respond"]}],"copyrightYear":"2020","copyrightHolder":{"@id":"https:\/\/www.gaveanews.com\/#organization"}},{"@type":"WebPage","@id":"https:\/\/www.gaveanews.com\/index.php\/2020\/07\/16\/pedro-revela-porque-escolheu-o-flamengo-na-volta-ao-brasil\/","url":"https:\/\/www.gaveanews.com\/index.php\/2020\/07\/16\/pedro-revela-porque-escolheu-o-flamengo-na-volta-ao-brasil\/","name":"Pedro revela porque escolheu o Flamengo na volta ao Brasil","isPartOf":{"@id":"https:\/\/www.gaveanews.com\/#website"},"primaryImageOfPage":{"@id":"https:\/\/www.gaveanews.com\/index.php\/2020\/07\/16\/pedro-revela-porque-escolheu-o-flamengo-na-volta-ao-brasil\/#primaryimage"},"image":{"@id":"https:\/\/www.gaveanews.com\/index.php\/2020\/07\/16\/pedro-revela-porque-escolheu-o-flamengo-na-volta-ao-brasil\/#primaryimage"},"thumbnailUrl":"https:\/\/www.gaveanews.com\/wp-content\/uploads\/Pedro-em-acao-pelo-Flamengo.webp","datePublished":"2020-07-16T22:42:18+00:00","dateModified":"2020-07-16T22:42:20+00:00","author":{"@id":"https:\/\/www.gaveanews.com\/#\/schema\/person\/2ec14f73fb96be2caf28f91afb14749d"},"description":"Pedro avaliou que tem evolu\u00eddo como jogador sob o comando de Jorge Jesus. O atacante ressaltou o aprendizado t\u00e1tico com o treinador portugu\u00eas.","breadcrumb":{"@id":"https:\/\/www.gaveanews.com\/index.php\/2020\/07\/16\/pedro-revela-porque-escolheu-o-flamengo-na-volta-ao-brasil\/#breadcrumb"},"inLanguage":"pt-BR","potentialAction":[{"@type":"ReadAction","target":["https:\/\/www.gaveanews.com\/index.php\/2020\/07\/16\/pedro-revela-porque-escolheu-o-flamengo-na-volta-ao-brasil\/"]}]},{"@type":"ImageObject","inLanguage":"pt-BR","@id":"https:\/\/www.gaveanews.com\/index.php\/2020\/07\/16\/pedro-revela-porque-escolheu-o-flamengo-na-volta-ao-brasil\/#primaryimage","url":"https:\/\/www.gaveanews.com\/wp-content\/uploads\/Pedro-em-acao-pelo-Flamengo.webp","contentUrl":"https:\/\/www.gaveanews.com\/wp-content\/uploads\/Pedro-em-acao-pelo-Flamengo.webp","caption":"Pedro em a\u00e7\u00e3o pelo Flamengo (Foto: Alexandre Vidal\/Flamengo)"},{"@type":"BreadcrumbList","@id":"https:\/\/www.gaveanews.com\/index.php\/2020\/07\/16\/pedro-revela-porque-escolheu-o-flamengo-na-volta-ao-brasil\/#breadcrumb","itemListElement":[{"@type":"ListItem","position":1,"name":"Home","item":"https:\/\/www.gaveanews.com\/"},{"@type":"ListItem","position":2,"name":"Pedro revela porque escolheu o Flamengo na volta ao Brasil"}]},{"@type":"WebSite","@id":"https:\/\/www.gaveanews.com\/#website","url":"https:\/\/www.gaveanews.com\/","name":"G\u00e1vea News","description":"Veja todas as not\u00edcias sobre o Flamengo: Contrata\u00e7\u00f5es, categorias de base, resultados das partidas, tabela de classifica\u00e7\u00e3o, pr\u00f3ximos jogos!","potentialAction":[{"@type":"SearchAction","target":{"@type":"EntryPoint","urlTemplate":"https:\/\/www.gaveanews.com\/?s={search_term_string}"},"query-input":{"@type":"PropertyValueSpecification","valueRequired":true,"valueName":"search_term_string"}}],"inLanguage":"pt-BR"},{"@type":"Person","@id":"https:\/\/www.gaveanews.com\/#\/schema\/person\/2ec14f73fb96be2caf28f91afb14749d","name":"Equipe G\u00e1vea News","image":{"@type":"ImageObject","inLanguage":"pt-BR","@id":"https:\/\/www.gaveanews.com\/#\/schema\/person\/image\/","url":"https:\/\/secure.gravatar.com\/avatar\/1e1956f1facbffd3f8fa53a326721950116b3b9dc9bd44939c01180fd4a745a9?s=96&d=mm&r=g","contentUrl":"https:\/\/secure.gravatar.com\/avatar\/1e1956f1facbffd3f8fa53a326721950116b3b9dc9bd44939c01180fd4a745a9?s=96&d=mm&r=g","caption":"Equipe G\u00e1vea News"}}]}},"_links":{"self":[{"href":"https:\/\/www.gaveanews.com\/index.php\/wp-json\/wp\/v2\/posts\/43752","targetHints":{"allow":["GET"]}}],"collection":[{"href":"https:\/\/www.gaveanews.com\/index.php\/wp-json\/wp\/v2\/posts"}],"about":[{"href":"https:\/\/www.gaveanews.com\/index.php\/wp-json\/wp\/v2\/types\/post"}],"author":[{"embeddable":true,"href":"https:\/\/www.gaveanews.com\/index.php\/wp-json\/wp\/v2\/users\/1"}],"replies":[{"embeddable":true,"href":"https:\/\/www.gaveanews.com\/index.php\/wp-json\/wp\/v2\/comments?post=43752"}],"version-history":[{"count":0,"href":"https:\/\/www.gaveanews.com\/index.php\/wp-json\/wp\/v2\/posts\/43752\/revisions"}],"wp:featuredmedia":[{"embeddable":true,"href":"https:\/\/www.gaveanews.com\/index.php\/wp-json\/wp\/v2\/media\/42698"}],"wp:attachment":[{"href":"https:\/\/www.gaveanews.com\/index.php\/wp-json\/wp\/v2\/media?parent=43752"}],"wp:term":[{"taxonomy":"category","embeddable":true,"href":"https:\/\/www.gaveanews.com\/index.php\/wp-json\/wp\/v2\/categories?post=43752"},{"taxonomy":"post_tag","embeddable":true,"href":"https:\/\/www.gaveanews.com\/index.php\/wp-json\/wp\/v2\/tags?post=43752"}],"curies":[{"name":"wp","href":"https:\/\/api.w.org\/{rel}","templated":true}]}}