{"id":43778,"date":"2020-07-17T00:30:00","date_gmt":"2020-07-17T03:30:00","guid":{"rendered":"https:\/\/www.gaveanews.com\/?p=43778"},"modified":"2020-07-17T00:09:47","modified_gmt":"2020-07-17T03:09:47","slug":"aos-23-anos-gabigol-chega-a-oito-artilharias-na-carreira","status":"publish","type":"post","link":"https:\/\/www.gaveanews.com\/index.php\/2020\/07\/17\/aos-23-anos-gabigol-chega-a-oito-artilharias-na-carreira\/","title":{"rendered":"Aos 23 anos, Gabigol chega a oito artilharias na carreira"},"content":{"rendered":"\n<p>Expulso na ida da final do Campeonato Carioca, Gabigol n\u00e3o p\u00f4de estar em campo na \u00faltima quarta-feira, quando o Flamengo sagrou-se campe\u00e3o estadual ap\u00f3s nova vit\u00f3ria (1 a 0) sobre o Fluminense. Mas o atacante, das arquibancadas do Maracan\u00e3, prestigiou o feito da equipe rubro-negra e n\u00e3o deixou de ser lembrado. Isso porque, terminou o torneio como artilheiro &#8211; com oito gols, ao lado de Jo\u00e3o Carlos, do Volta Redonda.<\/p>\n\n\n\n<p>E a artilharia est\u00e1 longe de ser novidade para Gabigol. Virou rotina\u2026 O atacante de 23 anos, com essa mais recente, acumula agora oito artilharias em sua curta carreira (veja todas abaixo). <\/p>\n\n\n\n<p>\u2014 Oito gols! Mais uma artilharia, obrigado a todos meus companheiros! E feliz tamb\u00e9m pelas oito assist\u00eancias\u2026 Vamos assim, sempre juntos! \u00c9 campe\u00e3o! &#8211; postou o camisa 9, nas redes sociais, com um v\u00eddeo de seus oito gols (marcados em apenas dez jogos pelo Estadual).<\/p>\n\n\n\n<figure class=\"wp-block-embed-twitter wp-block-embed is-type-rich is-provider-twitter\"><div class=\"wp-block-embed__wrapper\">\n<blockquote class=\"twitter-tweet\" data-width=\"550\" data-dnt=\"true\"><p lang=\"pt\" dir=\"ltr\">8 gols!! Mais uma artilharia, obrigado a todos meus companheiros! E feliz tamb\u00e9m pelas 8 assist\u00eancias&#8230; vamos assim, sempre juntos!! \u00c9 CAMPE\u00c3O!! \u2066<a href=\"https:\/\/twitter.com\/Flamengo?ref_src=twsrc%5Etfw\">@Flamengo<\/a>\u2069 <a href=\"https:\/\/twitter.com\/hashtag\/Esse%C3%89ONossoLugar?src=hash&amp;ref_src=twsrc%5Etfw\">#Esse\u00c9ONossoLugar<\/a> <a href=\"https:\/\/twitter.com\/hashtag\/ReiDoRio?src=hash&amp;ref_src=twsrc%5Etfw\">#ReiDoRio<\/a> <a href=\"https:\/\/t.co\/dWujgB8yIb\">pic.twitter.com\/dWujgB8yIb<\/a><\/p>&mdash; Gabriel Barbosa (@gabigol) <a href=\"https:\/\/twitter.com\/gabigol\/status\/1283593957495185408?ref_src=twsrc%5Etfw\">July 16, 2020<\/a><\/blockquote><script async src=\"https:\/\/platform.twitter.com\/widgets.js\" charset=\"utf-8\"><\/script>\n<\/div><\/figure>\n\n\n\n<p>Pelo Flamengo, j\u00e1 s\u00e3o quatro artilharias acumuladas. A primeira se deu na Libertadores do ano passado, conquistada depois dos seus dois gols heroicos na vit\u00f3ria de virada sobre o River Plate (2 a 1). Ele tamb\u00e9m foi o artilheiro do Brasileiro e da Supercopa do Brasil deste ano (com um gol na final \u00fanica e junto a Bruno Henrique e Arracaeta), al\u00e9m do j\u00e1 citado Carioca deste ano. <\/p>\n\n\n\n<p>As outras artilharias ocorreram quando Gabriel defendia o Santos. Foi o maior marcador em tr\u00eas Copas do Brasil (2014, 2015 e 2018), um Brasileiro (2018), sendo ainda o \u00fanico jogador da hist\u00f3ria a ser artilheiro da Copa do Brasil (quatro gols) e do Brasileir\u00e3o (18 gols) no mesmo ano &#8211; o de 2018, o \u00faltimo antes de aterrissar no Ninho do Urubu. <\/p>\n\n\n\n<p>No in\u00edcio desta temporada, Gabriel Barbosa assinou com o Flamengo at\u00e9 dezembro de 2024. Tendo externado as conquistas coletivas como prioridades, o goleador tamb\u00e9m caminha a passos largos para superar a incr\u00edvel marca pessoal de 43 gols em 2019. Ao todo, em 2020, s\u00e3o 11 gols em 14 partidas. Sem contar as assist\u00eancias (nove). E contando\u2026 A Na\u00e7\u00e3o agradece o &#8220;fico&#8221;. <\/p>\n\n\n\n<h2 class=\"wp-block-heading\">Todas as artilharias de Gabigol:<\/h2>\n\n\n\n<ul class=\"wp-block-list\"><li><strong>Pelo Santos:<\/strong><ul><li>Copa do Brasil (3) &#8211;\u00a02014, 2015 e 2018<\/li><li>Campeonato Brasileiro (1) &#8211; 2018<\/li><\/ul><\/li><li><strong>Pelo Flamengo:<\/strong><ul><li>Campeonato Brasileiro (1) &#8211; 2019<\/li><li>Libertadores (1) &#8211; 2019<\/li><\/ul><ul><li>\u200bSupercopa do Brasil (1) &#8211; 2020<\/li><li>\u200bCampeonato Carioca (1) &#8211; 2020 <\/li><\/ul><\/li><\/ul>\n\n\n\n<p>Retirado de: Lance<\/p>\n","protected":false},"excerpt":{"rendered":"<p>Expulso na ida da final do Campeonato Carioca, Gabigol n\u00e3o p\u00f4de estar em campo na \u00faltima quarta-feira, quando o Flamengo sagrou-se campe\u00e3o estadual ap\u00f3s nova vit\u00f3ria (1 a 0) sobre o Fluminense. Mas o atacante, das arquibancadas do Maracan\u00e3, prestigiou o feito da equipe rubro-negra e n\u00e3o deixou de ser lembrado. Isso porque, terminou o [&hellip;]<\/p>\n","protected":false},"author":1,"featured_media":31014,"comment_status":"open","ping_status":"closed","sticky":false,"template":"","format":"standard","meta":{"footnotes":""},"categories":[47],"tags":[],"class_list":["post-43778","post","type-post","status-publish","format-standard","has-post-thumbnail","hentry","category-destaques"],"yoast_head":"<!-- This site is optimized with the Yoast SEO Premium plugin v24.2 (Yoast SEO v26.9) - https:\/\/yoast.com\/product\/yoast-seo-premium-wordpress\/ -->\n<title>Aos 23 anos, Gabigol chega a oito artilharias na carreira<\/title>\n<meta name=\"description\" content=\"Pelo Flamengo, j\u00e1 s\u00e3o quatro artilharias acumuladas. A primeira se deu na Libertadores, conquistada depois dos seus dois gols na vit\u00f3ria sobre o River.\" \/>\n<meta name=\"robots\" content=\"index, follow, max-snippet:-1, max-image-preview:large, max-video-preview:-1\" \/>\n<link rel=\"canonical\" href=\"https:\/\/www.gaveanews.com\/index.php\/2020\/07\/17\/aos-23-anos-gabigol-chega-a-oito-artilharias-na-carreira\/\" \/>\n<meta property=\"og:locale\" content=\"pt_BR\" \/>\n<meta property=\"og:type\" content=\"article\" \/>\n<meta property=\"og:title\" content=\"Aos 23 anos, Gabigol chega a oito artilharias na carreira\" \/>\n<meta property=\"og:description\" content=\"Pelo Flamengo, j\u00e1 s\u00e3o quatro artilharias acumuladas. A primeira se deu na Libertadores, conquistada depois dos seus dois gols na vit\u00f3ria sobre o River.\" \/>\n<meta property=\"og:url\" content=\"https:\/\/www.gaveanews.com\/index.php\/2020\/07\/17\/aos-23-anos-gabigol-chega-a-oito-artilharias-na-carreira\/\" \/>\n<meta property=\"og:site_name\" content=\"G\u00e1vea News\" \/>\n<meta property=\"article:publisher\" content=\"https:\/\/facebook.com\/gaveaNews\/\" \/>\n<meta property=\"article:published_time\" content=\"2020-07-17T03:30:00+00:00\" \/>\n<meta property=\"og:image\" content=\"https:\/\/www.gaveanews.com\/wp-content\/uploads\/Atacante-Gabigol-em-acao-pelo-Flamengo-no-estadio-do-Maracana.webp\" \/>\n\t<meta property=\"og:image:width\" content=\"1\" \/>\n\t<meta property=\"og:image:height\" content=\"1\" \/>\n\t<meta property=\"og:image:type\" content=\"image\/jpeg\" \/>\n<meta name=\"author\" content=\"Equipe G\u00e1vea News\" \/>\n<meta name=\"twitter:card\" content=\"summary_large_image\" \/>\n<meta name=\"twitter:label1\" content=\"Escrito por\" \/>\n\t<meta name=\"twitter:data1\" content=\"Equipe G\u00e1vea News\" \/>\n\t<meta name=\"twitter:label2\" content=\"Est. tempo de leitura\" \/>\n\t<meta name=\"twitter:data2\" content=\"2 minutos\" \/>\n<script type=\"application\/ld+json\" class=\"yoast-schema-graph\">{\"@context\":\"https:\/\/schema.org\",\"@graph\":[{\"@type\":\"NewsArticle\",\"@id\":\"https:\/\/www.gaveanews.com\/index.php\/2020\/07\/17\/aos-23-anos-gabigol-chega-a-oito-artilharias-na-carreira\/#article\",\"isPartOf\":{\"@id\":\"https:\/\/www.gaveanews.com\/index.php\/2020\/07\/17\/aos-23-anos-gabigol-chega-a-oito-artilharias-na-carreira\/\"},\"author\":{\"name\":\"Equipe G\u00e1vea News\",\"@id\":\"https:\/\/www.gaveanews.com\/#\/schema\/person\/2ec14f73fb96be2caf28f91afb14749d\"},\"headline\":\"Aos 23 anos, Gabigol chega a oito artilharias na carreira\",\"datePublished\":\"2020-07-17T03:30:00+00:00\",\"mainEntityOfPage\":{\"@id\":\"https:\/\/www.gaveanews.com\/index.php\/2020\/07\/17\/aos-23-anos-gabigol-chega-a-oito-artilharias-na-carreira\/\"},\"wordCount\":411,\"commentCount\":3,\"image\":{\"@id\":\"https:\/\/www.gaveanews.com\/index.php\/2020\/07\/17\/aos-23-anos-gabigol-chega-a-oito-artilharias-na-carreira\/#primaryimage\"},\"thumbnailUrl\":\"https:\/\/www.gaveanews.com\/wp-content\/uploads\/Atacante-Gabigol-em-acao-pelo-Flamengo-no-estadio-do-Maracana.webp\",\"articleSection\":[\"Destaques\"],\"inLanguage\":\"pt-BR\",\"potentialAction\":[{\"@type\":\"CommentAction\",\"name\":\"Comment\",\"target\":[\"https:\/\/www.gaveanews.com\/index.php\/2020\/07\/17\/aos-23-anos-gabigol-chega-a-oito-artilharias-na-carreira\/#respond\"]}],\"copyrightYear\":\"2020\",\"copyrightHolder\":{\"@id\":\"https:\/\/www.gaveanews.com\/#organization\"}},{\"@type\":\"WebPage\",\"@id\":\"https:\/\/www.gaveanews.com\/index.php\/2020\/07\/17\/aos-23-anos-gabigol-chega-a-oito-artilharias-na-carreira\/\",\"url\":\"https:\/\/www.gaveanews.com\/index.php\/2020\/07\/17\/aos-23-anos-gabigol-chega-a-oito-artilharias-na-carreira\/\",\"name\":\"Aos 23 anos, Gabigol chega a oito artilharias na carreira\",\"isPartOf\":{\"@id\":\"https:\/\/www.gaveanews.com\/#website\"},\"primaryImageOfPage\":{\"@id\":\"https:\/\/www.gaveanews.com\/index.php\/2020\/07\/17\/aos-23-anos-gabigol-chega-a-oito-artilharias-na-carreira\/#primaryimage\"},\"image\":{\"@id\":\"https:\/\/www.gaveanews.com\/index.php\/2020\/07\/17\/aos-23-anos-gabigol-chega-a-oito-artilharias-na-carreira\/#primaryimage\"},\"thumbnailUrl\":\"https:\/\/www.gaveanews.com\/wp-content\/uploads\/Atacante-Gabigol-em-acao-pelo-Flamengo-no-estadio-do-Maracana.webp\",\"datePublished\":\"2020-07-17T03:30:00+00:00\",\"author\":{\"@id\":\"https:\/\/www.gaveanews.com\/#\/schema\/person\/2ec14f73fb96be2caf28f91afb14749d\"},\"description\":\"Pelo Flamengo, j\u00e1 s\u00e3o quatro artilharias acumuladas. A primeira se deu na Libertadores, conquistada depois dos seus dois gols na vit\u00f3ria sobre o River.\",\"breadcrumb\":{\"@id\":\"https:\/\/www.gaveanews.com\/index.php\/2020\/07\/17\/aos-23-anos-gabigol-chega-a-oito-artilharias-na-carreira\/#breadcrumb\"},\"inLanguage\":\"pt-BR\",\"potentialAction\":[{\"@type\":\"ReadAction\",\"target\":[\"https:\/\/www.gaveanews.com\/index.php\/2020\/07\/17\/aos-23-anos-gabigol-chega-a-oito-artilharias-na-carreira\/\"]}]},{\"@type\":\"ImageObject\",\"inLanguage\":\"pt-BR\",\"@id\":\"https:\/\/www.gaveanews.com\/index.php\/2020\/07\/17\/aos-23-anos-gabigol-chega-a-oito-artilharias-na-carreira\/#primaryimage\",\"url\":\"https:\/\/www.gaveanews.com\/wp-content\/uploads\/Atacante-Gabigol-em-acao-pelo-Flamengo-no-estadio-do-Maracana.webp\",\"contentUrl\":\"https:\/\/www.gaveanews.com\/wp-content\/uploads\/Atacante-Gabigol-em-acao-pelo-Flamengo-no-estadio-do-Maracana.webp\",\"caption\":\"Atacante Gabigol em a\u00e7\u00e3o pelo Flamengo no est\u00e1dio do Maracan\u00e3 (Foto: Marcelo Cortes\/Flamengo)\"},{\"@type\":\"BreadcrumbList\",\"@id\":\"https:\/\/www.gaveanews.com\/index.php\/2020\/07\/17\/aos-23-anos-gabigol-chega-a-oito-artilharias-na-carreira\/#breadcrumb\",\"itemListElement\":[{\"@type\":\"ListItem\",\"position\":1,\"name\":\"Home\",\"item\":\"https:\/\/www.gaveanews.com\/\"},{\"@type\":\"ListItem\",\"position\":2,\"name\":\"Aos 23 anos, Gabigol chega a oito artilharias na carreira\"}]},{\"@type\":\"WebSite\",\"@id\":\"https:\/\/www.gaveanews.com\/#website\",\"url\":\"https:\/\/www.gaveanews.com\/\",\"name\":\"G\u00e1vea News\",\"description\":\"Veja todas as not\u00edcias sobre o Flamengo: Contrata\u00e7\u00f5es, categorias de base, resultados das partidas, tabela de classifica\u00e7\u00e3o, pr\u00f3ximos jogos!\",\"potentialAction\":[{\"@type\":\"SearchAction\",\"target\":{\"@type\":\"EntryPoint\",\"urlTemplate\":\"https:\/\/www.gaveanews.com\/?s={search_term_string}\"},\"query-input\":{\"@type\":\"PropertyValueSpecification\",\"valueRequired\":true,\"valueName\":\"search_term_string\"}}],\"inLanguage\":\"pt-BR\"},{\"@type\":\"Person\",\"@id\":\"https:\/\/www.gaveanews.com\/#\/schema\/person\/2ec14f73fb96be2caf28f91afb14749d\",\"name\":\"Equipe G\u00e1vea News\",\"image\":{\"@type\":\"ImageObject\",\"inLanguage\":\"pt-BR\",\"@id\":\"https:\/\/www.gaveanews.com\/#\/schema\/person\/image\/\",\"url\":\"https:\/\/secure.gravatar.com\/avatar\/1e1956f1facbffd3f8fa53a326721950116b3b9dc9bd44939c01180fd4a745a9?s=96&d=mm&r=g\",\"contentUrl\":\"https:\/\/secure.gravatar.com\/avatar\/1e1956f1facbffd3f8fa53a326721950116b3b9dc9bd44939c01180fd4a745a9?s=96&d=mm&r=g\",\"caption\":\"Equipe G\u00e1vea News\"}}]}<\/script>\n<!-- \/ Yoast SEO Premium plugin. -->","yoast_head_json":{"title":"Aos 23 anos, Gabigol chega a oito artilharias na carreira","description":"Pelo Flamengo, j\u00e1 s\u00e3o quatro artilharias acumuladas. A primeira se deu na Libertadores, conquistada depois dos seus dois gols na vit\u00f3ria sobre o River.","robots":{"index":"index","follow":"follow","max-snippet":"max-snippet:-1","max-image-preview":"max-image-preview:large","max-video-preview":"max-video-preview:-1"},"canonical":"https:\/\/www.gaveanews.com\/index.php\/2020\/07\/17\/aos-23-anos-gabigol-chega-a-oito-artilharias-na-carreira\/","og_locale":"pt_BR","og_type":"article","og_title":"Aos 23 anos, Gabigol chega a oito artilharias na carreira","og_description":"Pelo Flamengo, j\u00e1 s\u00e3o quatro artilharias acumuladas. A primeira se deu na Libertadores, conquistada depois dos seus dois gols na vit\u00f3ria sobre o River.","og_url":"https:\/\/www.gaveanews.com\/index.php\/2020\/07\/17\/aos-23-anos-gabigol-chega-a-oito-artilharias-na-carreira\/","og_site_name":"G\u00e1vea News","article_publisher":"https:\/\/facebook.com\/gaveaNews\/","article_published_time":"2020-07-17T03:30:00+00:00","og_image":[{"url":"https:\/\/www.gaveanews.com\/wp-content\/uploads\/Atacante-Gabigol-em-acao-pelo-Flamengo-no-estadio-do-Maracana.webp","width":1,"height":1,"type":"image\/jpeg"}],"author":"Equipe G\u00e1vea News","twitter_card":"summary_large_image","twitter_misc":{"Escrito por":"Equipe G\u00e1vea News","Est. tempo de leitura":"2 minutos"},"schema":{"@context":"https:\/\/schema.org","@graph":[{"@type":"NewsArticle","@id":"https:\/\/www.gaveanews.com\/index.php\/2020\/07\/17\/aos-23-anos-gabigol-chega-a-oito-artilharias-na-carreira\/#article","isPartOf":{"@id":"https:\/\/www.gaveanews.com\/index.php\/2020\/07\/17\/aos-23-anos-gabigol-chega-a-oito-artilharias-na-carreira\/"},"author":{"name":"Equipe G\u00e1vea News","@id":"https:\/\/www.gaveanews.com\/#\/schema\/person\/2ec14f73fb96be2caf28f91afb14749d"},"headline":"Aos 23 anos, Gabigol chega a oito artilharias na carreira","datePublished":"2020-07-17T03:30:00+00:00","mainEntityOfPage":{"@id":"https:\/\/www.gaveanews.com\/index.php\/2020\/07\/17\/aos-23-anos-gabigol-chega-a-oito-artilharias-na-carreira\/"},"wordCount":411,"commentCount":3,"image":{"@id":"https:\/\/www.gaveanews.com\/index.php\/2020\/07\/17\/aos-23-anos-gabigol-chega-a-oito-artilharias-na-carreira\/#primaryimage"},"thumbnailUrl":"https:\/\/www.gaveanews.com\/wp-content\/uploads\/Atacante-Gabigol-em-acao-pelo-Flamengo-no-estadio-do-Maracana.webp","articleSection":["Destaques"],"inLanguage":"pt-BR","potentialAction":[{"@type":"CommentAction","name":"Comment","target":["https:\/\/www.gaveanews.com\/index.php\/2020\/07\/17\/aos-23-anos-gabigol-chega-a-oito-artilharias-na-carreira\/#respond"]}],"copyrightYear":"2020","copyrightHolder":{"@id":"https:\/\/www.gaveanews.com\/#organization"}},{"@type":"WebPage","@id":"https:\/\/www.gaveanews.com\/index.php\/2020\/07\/17\/aos-23-anos-gabigol-chega-a-oito-artilharias-na-carreira\/","url":"https:\/\/www.gaveanews.com\/index.php\/2020\/07\/17\/aos-23-anos-gabigol-chega-a-oito-artilharias-na-carreira\/","name":"Aos 23 anos, Gabigol chega a oito artilharias na carreira","isPartOf":{"@id":"https:\/\/www.gaveanews.com\/#website"},"primaryImageOfPage":{"@id":"https:\/\/www.gaveanews.com\/index.php\/2020\/07\/17\/aos-23-anos-gabigol-chega-a-oito-artilharias-na-carreira\/#primaryimage"},"image":{"@id":"https:\/\/www.gaveanews.com\/index.php\/2020\/07\/17\/aos-23-anos-gabigol-chega-a-oito-artilharias-na-carreira\/#primaryimage"},"thumbnailUrl":"https:\/\/www.gaveanews.com\/wp-content\/uploads\/Atacante-Gabigol-em-acao-pelo-Flamengo-no-estadio-do-Maracana.webp","datePublished":"2020-07-17T03:30:00+00:00","author":{"@id":"https:\/\/www.gaveanews.com\/#\/schema\/person\/2ec14f73fb96be2caf28f91afb14749d"},"description":"Pelo Flamengo, j\u00e1 s\u00e3o quatro artilharias acumuladas. A primeira se deu na Libertadores, conquistada depois dos seus dois gols na vit\u00f3ria sobre o River.","breadcrumb":{"@id":"https:\/\/www.gaveanews.com\/index.php\/2020\/07\/17\/aos-23-anos-gabigol-chega-a-oito-artilharias-na-carreira\/#breadcrumb"},"inLanguage":"pt-BR","potentialAction":[{"@type":"ReadAction","target":["https:\/\/www.gaveanews.com\/index.php\/2020\/07\/17\/aos-23-anos-gabigol-chega-a-oito-artilharias-na-carreira\/"]}]},{"@type":"ImageObject","inLanguage":"pt-BR","@id":"https:\/\/www.gaveanews.com\/index.php\/2020\/07\/17\/aos-23-anos-gabigol-chega-a-oito-artilharias-na-carreira\/#primaryimage","url":"https:\/\/www.gaveanews.com\/wp-content\/uploads\/Atacante-Gabigol-em-acao-pelo-Flamengo-no-estadio-do-Maracana.webp","contentUrl":"https:\/\/www.gaveanews.com\/wp-content\/uploads\/Atacante-Gabigol-em-acao-pelo-Flamengo-no-estadio-do-Maracana.webp","caption":"Atacante Gabigol em a\u00e7\u00e3o pelo Flamengo no est\u00e1dio do Maracan\u00e3 (Foto: Marcelo Cortes\/Flamengo)"},{"@type":"BreadcrumbList","@id":"https:\/\/www.gaveanews.com\/index.php\/2020\/07\/17\/aos-23-anos-gabigol-chega-a-oito-artilharias-na-carreira\/#breadcrumb","itemListElement":[{"@type":"ListItem","position":1,"name":"Home","item":"https:\/\/www.gaveanews.com\/"},{"@type":"ListItem","position":2,"name":"Aos 23 anos, Gabigol chega a oito artilharias na carreira"}]},{"@type":"WebSite","@id":"https:\/\/www.gaveanews.com\/#website","url":"https:\/\/www.gaveanews.com\/","name":"G\u00e1vea News","description":"Veja todas as not\u00edcias sobre o Flamengo: Contrata\u00e7\u00f5es, categorias de base, resultados das partidas, tabela de classifica\u00e7\u00e3o, pr\u00f3ximos jogos!","potentialAction":[{"@type":"SearchAction","target":{"@type":"EntryPoint","urlTemplate":"https:\/\/www.gaveanews.com\/?s={search_term_string}"},"query-input":{"@type":"PropertyValueSpecification","valueRequired":true,"valueName":"search_term_string"}}],"inLanguage":"pt-BR"},{"@type":"Person","@id":"https:\/\/www.gaveanews.com\/#\/schema\/person\/2ec14f73fb96be2caf28f91afb14749d","name":"Equipe G\u00e1vea News","image":{"@type":"ImageObject","inLanguage":"pt-BR","@id":"https:\/\/www.gaveanews.com\/#\/schema\/person\/image\/","url":"https:\/\/secure.gravatar.com\/avatar\/1e1956f1facbffd3f8fa53a326721950116b3b9dc9bd44939c01180fd4a745a9?s=96&d=mm&r=g","contentUrl":"https:\/\/secure.gravatar.com\/avatar\/1e1956f1facbffd3f8fa53a326721950116b3b9dc9bd44939c01180fd4a745a9?s=96&d=mm&r=g","caption":"Equipe G\u00e1vea News"}}]}},"_links":{"self":[{"href":"https:\/\/www.gaveanews.com\/index.php\/wp-json\/wp\/v2\/posts\/43778","targetHints":{"allow":["GET"]}}],"collection":[{"href":"https:\/\/www.gaveanews.com\/index.php\/wp-json\/wp\/v2\/posts"}],"about":[{"href":"https:\/\/www.gaveanews.com\/index.php\/wp-json\/wp\/v2\/types\/post"}],"author":[{"embeddable":true,"href":"https:\/\/www.gaveanews.com\/index.php\/wp-json\/wp\/v2\/users\/1"}],"replies":[{"embeddable":true,"href":"https:\/\/www.gaveanews.com\/index.php\/wp-json\/wp\/v2\/comments?post=43778"}],"version-history":[{"count":0,"href":"https:\/\/www.gaveanews.com\/index.php\/wp-json\/wp\/v2\/posts\/43778\/revisions"}],"wp:featuredmedia":[{"embeddable":true,"href":"https:\/\/www.gaveanews.com\/index.php\/wp-json\/wp\/v2\/media\/31014"}],"wp:attachment":[{"href":"https:\/\/www.gaveanews.com\/index.php\/wp-json\/wp\/v2\/media?parent=43778"}],"wp:term":[{"taxonomy":"category","embeddable":true,"href":"https:\/\/www.gaveanews.com\/index.php\/wp-json\/wp\/v2\/categories?post=43778"},{"taxonomy":"post_tag","embeddable":true,"href":"https:\/\/www.gaveanews.com\/index.php\/wp-json\/wp\/v2\/tags?post=43778"}],"curies":[{"name":"wp","href":"https:\/\/api.w.org\/{rel}","templated":true}]}}