{"id":43781,"date":"2020-07-17T00:16:55","date_gmt":"2020-07-17T03:16:55","guid":{"rendered":"https:\/\/www.gaveanews.com\/?p=43781"},"modified":"2020-07-17T00:19:17","modified_gmt":"2020-07-17T03:19:17","slug":"lembra-dele-ex-volante-do-flamengo-acerta-com-dois-clubes-na-mesma-semana","status":"publish","type":"post","link":"https:\/\/www.gaveanews.com\/index.php\/2020\/07\/17\/lembra-dele-ex-volante-do-flamengo-acerta-com-dois-clubes-na-mesma-semana\/","title":{"rendered":"Lembra dele? Ex-volante do Flamengo &#8220;acerta&#8221; com dois clubes na mesma semana"},"content":{"rendered":"\n<p>Lembra do Willians? Volante estilo &#8220;pitbull&#8221; que foi campe\u00e3o brasileiro pelo Flamengo e tem passagens por Corinthians, Cruzeiro e Internacional? Pois bem. Esta semana ele proporcionou algo, no m\u00ednimo, inusitado para sua carreira: &#8220;acertou&#8221; com dois clubes com diferen\u00e7a de poucos dias.<\/p>\n\n\n\n<p>Na \u00faltima ter\u00e7a-feira, o jogador, de 34 anos, chegou a um acordo com o Porto Velho, de Rond\u00f4nia, e defendeu o time em um jogo-treino contra o Vasco, que foi disputado em S\u00e3o Janu\u00e1rio, ontem (15). Ele foi titular e atuou os 90 minutos no triunfo cruz-maltino por 5 a 0.<\/p>\n\n\n\n<p>Hoje (16), por\u00e9m, o Goytacaz, da Segunda Divis\u00e3o do Rio de Janeiro, anunciou com entusiasmo em suas redes sociais a contrata\u00e7\u00e3o de\u2026.Willians!<\/p>\n\n\n\n<figure class=\"wp-block-embed-twitter wp-block-embed is-type-rich is-provider-twitter\"><div class=\"wp-block-embed__wrapper\">\n<blockquote class=\"twitter-tweet\" data-width=\"550\" data-dnt=\"true\"><p lang=\"pt\" dir=\"ltr\">Com passagens por grandes clubes do futebol brasileiro, Willians \u00e9 o primeiro refor\u00e7o do Goytacaz para a temporada. Vamos <a href=\"https:\/\/twitter.com\/hashtag\/PeloGrandeSonho?src=hash&amp;ref_src=twsrc%5Etfw\">#PeloGrandeSonho<\/a>!<br><br>\u27a1\ufe0f Seja s\u00f3cio, compre sua camisa e fa\u00e7a o <a href=\"https:\/\/twitter.com\/goytacazfc?ref_src=twsrc%5Etfw\">@GoytacazFC<\/a> cada vez mais forte! <a href=\"https:\/\/t.co\/eDQhS9ukGK\">https:\/\/t.co\/eDQhS9ukGK<\/a> <br><br>\ud83d\udd35\u26aa\ufe0f <a href=\"https:\/\/t.co\/tsjlbqUvTR\">pic.twitter.com\/tsjlbqUvTR<\/a><\/p>&mdash; Goytacaz F.C (@goytacazfc) <a href=\"https:\/\/twitter.com\/goytacazfc\/status\/1283831437058334721?ref_src=twsrc%5Etfw\">July 16, 2020<\/a><\/blockquote><script async src=\"https:\/\/platform.twitter.com\/widgets.js\" charset=\"utf-8\"><\/script>\n<\/div><\/figure>\n\n\n\n<p>O&nbsp;UOL Esporte, ent\u00e3o, foi tentar entender esta hist\u00f3ria e conversou com dirigentes do Porto Velho, que esclareceram que o jogador ainda n\u00e3o havia assinado um contrato com o clube.<\/p>\n\n\n\n<p>&#8220;Na verdade, ele fechou conosco s\u00f3 para fazer esse jogo. No meio dessa concentra\u00e7\u00e3o, conversamos sobre uma poss\u00edvel ida [para o Porto Velho]. Ele se mostrou animado e vamos conversar. N\u00f3s vimos com bons olhos esse acerto dele com o Goytacaz. Foi tudo em comum acordo e vamos continuar a negocia\u00e7\u00e3o para enviarmos uma proposta oficial. Nosso Estadual s\u00f3 deve voltar em novembro, ent\u00e3o, as datas [com o Carioca] n\u00e3o coincidem. Caso ele feche conosco, j\u00e1 ter\u00e1 mais ritmo de jogo. Fizemos uma campanha bastante satisfat\u00f3ria e estamos classificados, esperando as finais&#8221;, explicou Igor Cotta, CEO do Porto Velho.<\/p>\n\n\n\n<p>A Segunda Divis\u00e3o carioca (S\u00e9rie B1) se inicia em agosto e termina em outubro, e o Campeonato Rondoniense s\u00f3 ser\u00e1 retomado em novembro. Al\u00e9m disso, o Goytacaz n\u00e3o ter\u00e1 mais compromissos ap\u00f3s a competi\u00e7\u00e3o.<\/p>\n\n\n\n<h2 class=\"wp-block-heading\">Willians animado com chance no Goytacaz<\/h2>\n\n\n\n<p>Experiente, Willians se mostrou animado com a oportunidade de defender o Goytacaz. O clube de Campos dos Goytacazes, cidade do Norte Fluminense, est\u00e1 com um modelo de gerenciamento que tem envolvimento do ex-atacante Bebeto.<\/p>\n\n\n\n<p>&#8220;Muito boa essa chance. Eu j\u00e1 estava conversando com o Goytacaz, mas o campeonato estava parado. Agora, acabou dando tudo certo e estou muito feliz. Feliz por estar indo para l\u00e1 ajudar, por voltar \u00e0 ativa&#8230; Me apresentaram um projeto legal, conversamos, e ficou bom para todo mundo. Agora, o foco \u00e9 em fazer o Goytacaz voltar \u00e0 elite&#8221;, disse Willians, ao&nbsp;UOL Esporte.<\/p>\n\n\n\n<p>O volante, que chegou a ter uma passagem pelo&nbsp;futebol&nbsp;dos Estados Unidos e estava sem clube desde o in\u00edcio do ano, aproveitou para comentar o fato de, um dia antes do an\u00fancio, ter defendido o Porto Velho.<\/p>\n\n\n\n<p>&#8220;[Com o Porto Velho] O que aconteceu foi que me chamaram para fazer apenas esse amistoso. Eu estava s\u00f3 treinando, fazia um tempo que n\u00e3o jogava uma partida completa. Aceitei e foi bacana. Mas, hoje, meu acordo \u00e9 com o Goytacaz&#8221;, completou.<\/p>\n\n\n\n<p>Retirado de: UOL<\/p>\n","protected":false},"excerpt":{"rendered":"<p>Lembra do Willians? Volante estilo &#8220;pitbull&#8221; que foi campe\u00e3o brasileiro pelo Flamengo e tem passagens por Corinthians, Cruzeiro e Internacional? Pois bem. Esta semana ele proporcionou algo, no m\u00ednimo, inusitado para sua carreira: &#8220;acertou&#8221; com dois clubes com diferen\u00e7a de poucos dias. Na \u00faltima ter\u00e7a-feira, o jogador, de 34 anos, chegou a um acordo com [&hellip;]<\/p>\n","protected":false},"author":1,"featured_media":43783,"comment_status":"open","ping_status":"closed","sticky":false,"template":"","format":"standard","meta":{"footnotes":""},"categories":[1],"tags":[],"class_list":["post-43781","post","type-post","status-publish","format-standard","has-post-thumbnail","hentry","category-flamengo"],"yoast_head":"<!-- This site is optimized with the Yoast SEO Premium plugin v24.2 (Yoast SEO v26.9) - https:\/\/yoast.com\/product\/yoast-seo-premium-wordpress\/ -->\n<title>Ex-volante do Flamengo &quot;acerta&quot; com dois clubes na mesma semana<\/title>\n<meta name=\"description\" content=\"Volante estilo &quot;pitbull&quot; foi campe\u00e3o do Campeonato Brasileiro pelo Flamengo e tem passagens por Corinthians, Cruzeiro e Internacional.\" \/>\n<meta name=\"robots\" content=\"index, follow, max-snippet:-1, max-image-preview:large, max-video-preview:-1\" \/>\n<link rel=\"canonical\" href=\"https:\/\/www.gaveanews.com\/index.php\/2020\/07\/17\/lembra-dele-ex-volante-do-flamengo-acerta-com-dois-clubes-na-mesma-semana\/\" \/>\n<meta property=\"og:locale\" content=\"pt_BR\" \/>\n<meta property=\"og:type\" content=\"article\" \/>\n<meta property=\"og:title\" content=\"Lembra dele? Ex-volante do Flamengo &quot;acerta&quot; com dois clubes na mesma semana\" \/>\n<meta property=\"og:description\" content=\"Volante estilo &quot;pitbull&quot; foi campe\u00e3o do Campeonato Brasileiro pelo Flamengo e tem passagens por Corinthians, Cruzeiro e Internacional.\" \/>\n<meta property=\"og:url\" content=\"https:\/\/www.gaveanews.com\/index.php\/2020\/07\/17\/lembra-dele-ex-volante-do-flamengo-acerta-com-dois-clubes-na-mesma-semana\/\" \/>\n<meta property=\"og:site_name\" content=\"G\u00e1vea News\" \/>\n<meta property=\"article:publisher\" content=\"https:\/\/facebook.com\/gaveaNews\/\" \/>\n<meta property=\"article:published_time\" content=\"2020-07-17T03:16:55+00:00\" \/>\n<meta property=\"article:modified_time\" content=\"2020-07-17T03:19:17+00:00\" \/>\n<meta property=\"og:image\" content=\"https:\/\/www.gaveanews.com\/wp-content\/uploads\/Willians-com-o-uniforme-do-Flamengo.webp\" \/>\n\t<meta property=\"og:image:width\" content=\"984\" \/>\n\t<meta property=\"og:image:height\" content=\"622\" \/>\n\t<meta property=\"og:image:type\" content=\"image\/jpeg\" \/>\n<meta name=\"author\" content=\"Equipe G\u00e1vea News\" \/>\n<meta name=\"twitter:card\" content=\"summary_large_image\" \/>\n<meta name=\"twitter:label1\" content=\"Escrito por\" \/>\n\t<meta name=\"twitter:data1\" content=\"Equipe G\u00e1vea News\" \/>\n\t<meta name=\"twitter:label2\" content=\"Est. tempo de leitura\" \/>\n\t<meta name=\"twitter:data2\" content=\"2 minutos\" \/>\n<script type=\"application\/ld+json\" class=\"yoast-schema-graph\">{\"@context\":\"https:\/\/schema.org\",\"@graph\":[{\"@type\":\"NewsArticle\",\"@id\":\"https:\/\/www.gaveanews.com\/index.php\/2020\/07\/17\/lembra-dele-ex-volante-do-flamengo-acerta-com-dois-clubes-na-mesma-semana\/#article\",\"isPartOf\":{\"@id\":\"https:\/\/www.gaveanews.com\/index.php\/2020\/07\/17\/lembra-dele-ex-volante-do-flamengo-acerta-com-dois-clubes-na-mesma-semana\/\"},\"author\":{\"name\":\"Equipe G\u00e1vea News\",\"@id\":\"https:\/\/www.gaveanews.com\/#\/schema\/person\/2ec14f73fb96be2caf28f91afb14749d\"},\"headline\":\"Lembra dele? Ex-volante do Flamengo &#8220;acerta&#8221; com dois clubes na mesma semana\",\"datePublished\":\"2020-07-17T03:16:55+00:00\",\"dateModified\":\"2020-07-17T03:19:17+00:00\",\"mainEntityOfPage\":{\"@id\":\"https:\/\/www.gaveanews.com\/index.php\/2020\/07\/17\/lembra-dele-ex-volante-do-flamengo-acerta-com-dois-clubes-na-mesma-semana\/\"},\"wordCount\":510,\"commentCount\":13,\"image\":{\"@id\":\"https:\/\/www.gaveanews.com\/index.php\/2020\/07\/17\/lembra-dele-ex-volante-do-flamengo-acerta-com-dois-clubes-na-mesma-semana\/#primaryimage\"},\"thumbnailUrl\":\"https:\/\/www.gaveanews.com\/wp-content\/uploads\/Willians-com-o-uniforme-do-Flamengo.webp\",\"articleSection\":[\"Flamengo\"],\"inLanguage\":\"pt-BR\",\"potentialAction\":[{\"@type\":\"CommentAction\",\"name\":\"Comment\",\"target\":[\"https:\/\/www.gaveanews.com\/index.php\/2020\/07\/17\/lembra-dele-ex-volante-do-flamengo-acerta-com-dois-clubes-na-mesma-semana\/#respond\"]}],\"copyrightYear\":\"2020\",\"copyrightHolder\":{\"@id\":\"https:\/\/www.gaveanews.com\/#organization\"}},{\"@type\":\"WebPage\",\"@id\":\"https:\/\/www.gaveanews.com\/index.php\/2020\/07\/17\/lembra-dele-ex-volante-do-flamengo-acerta-com-dois-clubes-na-mesma-semana\/\",\"url\":\"https:\/\/www.gaveanews.com\/index.php\/2020\/07\/17\/lembra-dele-ex-volante-do-flamengo-acerta-com-dois-clubes-na-mesma-semana\/\",\"name\":\"Ex-volante do Flamengo \\\"acerta\\\" com dois clubes na mesma semana\",\"isPartOf\":{\"@id\":\"https:\/\/www.gaveanews.com\/#website\"},\"primaryImageOfPage\":{\"@id\":\"https:\/\/www.gaveanews.com\/index.php\/2020\/07\/17\/lembra-dele-ex-volante-do-flamengo-acerta-com-dois-clubes-na-mesma-semana\/#primaryimage\"},\"image\":{\"@id\":\"https:\/\/www.gaveanews.com\/index.php\/2020\/07\/17\/lembra-dele-ex-volante-do-flamengo-acerta-com-dois-clubes-na-mesma-semana\/#primaryimage\"},\"thumbnailUrl\":\"https:\/\/www.gaveanews.com\/wp-content\/uploads\/Willians-com-o-uniforme-do-Flamengo.webp\",\"datePublished\":\"2020-07-17T03:16:55+00:00\",\"dateModified\":\"2020-07-17T03:19:17+00:00\",\"author\":{\"@id\":\"https:\/\/www.gaveanews.com\/#\/schema\/person\/2ec14f73fb96be2caf28f91afb14749d\"},\"description\":\"Volante estilo \\\"pitbull\\\" foi campe\u00e3o do Campeonato Brasileiro pelo Flamengo e tem passagens por Corinthians, Cruzeiro e Internacional.\",\"breadcrumb\":{\"@id\":\"https:\/\/www.gaveanews.com\/index.php\/2020\/07\/17\/lembra-dele-ex-volante-do-flamengo-acerta-com-dois-clubes-na-mesma-semana\/#breadcrumb\"},\"inLanguage\":\"pt-BR\",\"potentialAction\":[{\"@type\":\"ReadAction\",\"target\":[\"https:\/\/www.gaveanews.com\/index.php\/2020\/07\/17\/lembra-dele-ex-volante-do-flamengo-acerta-com-dois-clubes-na-mesma-semana\/\"]}]},{\"@type\":\"ImageObject\",\"inLanguage\":\"pt-BR\",\"@id\":\"https:\/\/www.gaveanews.com\/index.php\/2020\/07\/17\/lembra-dele-ex-volante-do-flamengo-acerta-com-dois-clubes-na-mesma-semana\/#primaryimage\",\"url\":\"https:\/\/www.gaveanews.com\/wp-content\/uploads\/Willians-com-o-uniforme-do-Flamengo.webp\",\"contentUrl\":\"https:\/\/www.gaveanews.com\/wp-content\/uploads\/Willians-com-o-uniforme-do-Flamengo.webp\",\"width\":984,\"height\":622,\"caption\":\"Willians com o uniforme do Flamengo (Foto: Ruy)\"},{\"@type\":\"BreadcrumbList\",\"@id\":\"https:\/\/www.gaveanews.com\/index.php\/2020\/07\/17\/lembra-dele-ex-volante-do-flamengo-acerta-com-dois-clubes-na-mesma-semana\/#breadcrumb\",\"itemListElement\":[{\"@type\":\"ListItem\",\"position\":1,\"name\":\"Home\",\"item\":\"https:\/\/www.gaveanews.com\/\"},{\"@type\":\"ListItem\",\"position\":2,\"name\":\"Lembra dele? Ex-volante do Flamengo &#8220;acerta&#8221; com dois clubes na mesma semana\"}]},{\"@type\":\"WebSite\",\"@id\":\"https:\/\/www.gaveanews.com\/#website\",\"url\":\"https:\/\/www.gaveanews.com\/\",\"name\":\"G\u00e1vea News\",\"description\":\"Veja todas as not\u00edcias sobre o Flamengo: Contrata\u00e7\u00f5es, categorias de base, resultados das partidas, tabela de classifica\u00e7\u00e3o, pr\u00f3ximos jogos!\",\"potentialAction\":[{\"@type\":\"SearchAction\",\"target\":{\"@type\":\"EntryPoint\",\"urlTemplate\":\"https:\/\/www.gaveanews.com\/?s={search_term_string}\"},\"query-input\":{\"@type\":\"PropertyValueSpecification\",\"valueRequired\":true,\"valueName\":\"search_term_string\"}}],\"inLanguage\":\"pt-BR\"},{\"@type\":\"Person\",\"@id\":\"https:\/\/www.gaveanews.com\/#\/schema\/person\/2ec14f73fb96be2caf28f91afb14749d\",\"name\":\"Equipe G\u00e1vea News\",\"image\":{\"@type\":\"ImageObject\",\"inLanguage\":\"pt-BR\",\"@id\":\"https:\/\/www.gaveanews.com\/#\/schema\/person\/image\/\",\"url\":\"https:\/\/secure.gravatar.com\/avatar\/1e1956f1facbffd3f8fa53a326721950116b3b9dc9bd44939c01180fd4a745a9?s=96&d=mm&r=g\",\"contentUrl\":\"https:\/\/secure.gravatar.com\/avatar\/1e1956f1facbffd3f8fa53a326721950116b3b9dc9bd44939c01180fd4a745a9?s=96&d=mm&r=g\",\"caption\":\"Equipe G\u00e1vea News\"}}]}<\/script>\n<!-- \/ Yoast SEO Premium plugin. -->","yoast_head_json":{"title":"Ex-volante do Flamengo \"acerta\" com dois clubes na mesma semana","description":"Volante estilo \"pitbull\" foi campe\u00e3o do Campeonato Brasileiro pelo Flamengo e tem passagens por Corinthians, Cruzeiro e Internacional.","robots":{"index":"index","follow":"follow","max-snippet":"max-snippet:-1","max-image-preview":"max-image-preview:large","max-video-preview":"max-video-preview:-1"},"canonical":"https:\/\/www.gaveanews.com\/index.php\/2020\/07\/17\/lembra-dele-ex-volante-do-flamengo-acerta-com-dois-clubes-na-mesma-semana\/","og_locale":"pt_BR","og_type":"article","og_title":"Lembra dele? Ex-volante do Flamengo \"acerta\" com dois clubes na mesma semana","og_description":"Volante estilo \"pitbull\" foi campe\u00e3o do Campeonato Brasileiro pelo Flamengo e tem passagens por Corinthians, Cruzeiro e Internacional.","og_url":"https:\/\/www.gaveanews.com\/index.php\/2020\/07\/17\/lembra-dele-ex-volante-do-flamengo-acerta-com-dois-clubes-na-mesma-semana\/","og_site_name":"G\u00e1vea News","article_publisher":"https:\/\/facebook.com\/gaveaNews\/","article_published_time":"2020-07-17T03:16:55+00:00","article_modified_time":"2020-07-17T03:19:17+00:00","og_image":[{"width":984,"height":622,"url":"https:\/\/www.gaveanews.com\/wp-content\/uploads\/Willians-com-o-uniforme-do-Flamengo.webp","type":"image\/jpeg"}],"author":"Equipe G\u00e1vea News","twitter_card":"summary_large_image","twitter_misc":{"Escrito por":"Equipe G\u00e1vea News","Est. tempo de leitura":"2 minutos"},"schema":{"@context":"https:\/\/schema.org","@graph":[{"@type":"NewsArticle","@id":"https:\/\/www.gaveanews.com\/index.php\/2020\/07\/17\/lembra-dele-ex-volante-do-flamengo-acerta-com-dois-clubes-na-mesma-semana\/#article","isPartOf":{"@id":"https:\/\/www.gaveanews.com\/index.php\/2020\/07\/17\/lembra-dele-ex-volante-do-flamengo-acerta-com-dois-clubes-na-mesma-semana\/"},"author":{"name":"Equipe G\u00e1vea News","@id":"https:\/\/www.gaveanews.com\/#\/schema\/person\/2ec14f73fb96be2caf28f91afb14749d"},"headline":"Lembra dele? Ex-volante do Flamengo &#8220;acerta&#8221; com dois clubes na mesma semana","datePublished":"2020-07-17T03:16:55+00:00","dateModified":"2020-07-17T03:19:17+00:00","mainEntityOfPage":{"@id":"https:\/\/www.gaveanews.com\/index.php\/2020\/07\/17\/lembra-dele-ex-volante-do-flamengo-acerta-com-dois-clubes-na-mesma-semana\/"},"wordCount":510,"commentCount":13,"image":{"@id":"https:\/\/www.gaveanews.com\/index.php\/2020\/07\/17\/lembra-dele-ex-volante-do-flamengo-acerta-com-dois-clubes-na-mesma-semana\/#primaryimage"},"thumbnailUrl":"https:\/\/www.gaveanews.com\/wp-content\/uploads\/Willians-com-o-uniforme-do-Flamengo.webp","articleSection":["Flamengo"],"inLanguage":"pt-BR","potentialAction":[{"@type":"CommentAction","name":"Comment","target":["https:\/\/www.gaveanews.com\/index.php\/2020\/07\/17\/lembra-dele-ex-volante-do-flamengo-acerta-com-dois-clubes-na-mesma-semana\/#respond"]}],"copyrightYear":"2020","copyrightHolder":{"@id":"https:\/\/www.gaveanews.com\/#organization"}},{"@type":"WebPage","@id":"https:\/\/www.gaveanews.com\/index.php\/2020\/07\/17\/lembra-dele-ex-volante-do-flamengo-acerta-com-dois-clubes-na-mesma-semana\/","url":"https:\/\/www.gaveanews.com\/index.php\/2020\/07\/17\/lembra-dele-ex-volante-do-flamengo-acerta-com-dois-clubes-na-mesma-semana\/","name":"Ex-volante do Flamengo \"acerta\" com dois clubes na mesma semana","isPartOf":{"@id":"https:\/\/www.gaveanews.com\/#website"},"primaryImageOfPage":{"@id":"https:\/\/www.gaveanews.com\/index.php\/2020\/07\/17\/lembra-dele-ex-volante-do-flamengo-acerta-com-dois-clubes-na-mesma-semana\/#primaryimage"},"image":{"@id":"https:\/\/www.gaveanews.com\/index.php\/2020\/07\/17\/lembra-dele-ex-volante-do-flamengo-acerta-com-dois-clubes-na-mesma-semana\/#primaryimage"},"thumbnailUrl":"https:\/\/www.gaveanews.com\/wp-content\/uploads\/Willians-com-o-uniforme-do-Flamengo.webp","datePublished":"2020-07-17T03:16:55+00:00","dateModified":"2020-07-17T03:19:17+00:00","author":{"@id":"https:\/\/www.gaveanews.com\/#\/schema\/person\/2ec14f73fb96be2caf28f91afb14749d"},"description":"Volante estilo \"pitbull\" foi campe\u00e3o do Campeonato Brasileiro pelo Flamengo e tem passagens por Corinthians, Cruzeiro e Internacional.","breadcrumb":{"@id":"https:\/\/www.gaveanews.com\/index.php\/2020\/07\/17\/lembra-dele-ex-volante-do-flamengo-acerta-com-dois-clubes-na-mesma-semana\/#breadcrumb"},"inLanguage":"pt-BR","potentialAction":[{"@type":"ReadAction","target":["https:\/\/www.gaveanews.com\/index.php\/2020\/07\/17\/lembra-dele-ex-volante-do-flamengo-acerta-com-dois-clubes-na-mesma-semana\/"]}]},{"@type":"ImageObject","inLanguage":"pt-BR","@id":"https:\/\/www.gaveanews.com\/index.php\/2020\/07\/17\/lembra-dele-ex-volante-do-flamengo-acerta-com-dois-clubes-na-mesma-semana\/#primaryimage","url":"https:\/\/www.gaveanews.com\/wp-content\/uploads\/Willians-com-o-uniforme-do-Flamengo.webp","contentUrl":"https:\/\/www.gaveanews.com\/wp-content\/uploads\/Willians-com-o-uniforme-do-Flamengo.webp","width":984,"height":622,"caption":"Willians com o uniforme do Flamengo (Foto: Ruy)"},{"@type":"BreadcrumbList","@id":"https:\/\/www.gaveanews.com\/index.php\/2020\/07\/17\/lembra-dele-ex-volante-do-flamengo-acerta-com-dois-clubes-na-mesma-semana\/#breadcrumb","itemListElement":[{"@type":"ListItem","position":1,"name":"Home","item":"https:\/\/www.gaveanews.com\/"},{"@type":"ListItem","position":2,"name":"Lembra dele? Ex-volante do Flamengo &#8220;acerta&#8221; com dois clubes na mesma semana"}]},{"@type":"WebSite","@id":"https:\/\/www.gaveanews.com\/#website","url":"https:\/\/www.gaveanews.com\/","name":"G\u00e1vea News","description":"Veja todas as not\u00edcias sobre o Flamengo: Contrata\u00e7\u00f5es, categorias de base, resultados das partidas, tabela de classifica\u00e7\u00e3o, pr\u00f3ximos jogos!","potentialAction":[{"@type":"SearchAction","target":{"@type":"EntryPoint","urlTemplate":"https:\/\/www.gaveanews.com\/?s={search_term_string}"},"query-input":{"@type":"PropertyValueSpecification","valueRequired":true,"valueName":"search_term_string"}}],"inLanguage":"pt-BR"},{"@type":"Person","@id":"https:\/\/www.gaveanews.com\/#\/schema\/person\/2ec14f73fb96be2caf28f91afb14749d","name":"Equipe G\u00e1vea News","image":{"@type":"ImageObject","inLanguage":"pt-BR","@id":"https:\/\/www.gaveanews.com\/#\/schema\/person\/image\/","url":"https:\/\/secure.gravatar.com\/avatar\/1e1956f1facbffd3f8fa53a326721950116b3b9dc9bd44939c01180fd4a745a9?s=96&d=mm&r=g","contentUrl":"https:\/\/secure.gravatar.com\/avatar\/1e1956f1facbffd3f8fa53a326721950116b3b9dc9bd44939c01180fd4a745a9?s=96&d=mm&r=g","caption":"Equipe G\u00e1vea News"}}]}},"_links":{"self":[{"href":"https:\/\/www.gaveanews.com\/index.php\/wp-json\/wp\/v2\/posts\/43781","targetHints":{"allow":["GET"]}}],"collection":[{"href":"https:\/\/www.gaveanews.com\/index.php\/wp-json\/wp\/v2\/posts"}],"about":[{"href":"https:\/\/www.gaveanews.com\/index.php\/wp-json\/wp\/v2\/types\/post"}],"author":[{"embeddable":true,"href":"https:\/\/www.gaveanews.com\/index.php\/wp-json\/wp\/v2\/users\/1"}],"replies":[{"embeddable":true,"href":"https:\/\/www.gaveanews.com\/index.php\/wp-json\/wp\/v2\/comments?post=43781"}],"version-history":[{"count":0,"href":"https:\/\/www.gaveanews.com\/index.php\/wp-json\/wp\/v2\/posts\/43781\/revisions"}],"wp:featuredmedia":[{"embeddable":true,"href":"https:\/\/www.gaveanews.com\/index.php\/wp-json\/wp\/v2\/media\/43783"}],"wp:attachment":[{"href":"https:\/\/www.gaveanews.com\/index.php\/wp-json\/wp\/v2\/media?parent=43781"}],"wp:term":[{"taxonomy":"category","embeddable":true,"href":"https:\/\/www.gaveanews.com\/index.php\/wp-json\/wp\/v2\/categories?post=43781"},{"taxonomy":"post_tag","embeddable":true,"href":"https:\/\/www.gaveanews.com\/index.php\/wp-json\/wp\/v2\/tags?post=43781"}],"curies":[{"name":"wp","href":"https:\/\/api.w.org\/{rel}","templated":true}]}}