{"id":43799,"date":"2020-07-17T14:19:58","date_gmt":"2020-07-17T17:19:58","guid":{"rendered":"https:\/\/www.gaveanews.com\/?p=43799"},"modified":"2020-07-17T14:20:22","modified_gmt":"2020-07-17T17:20:22","slug":"flamengo-avalia-tecnicos-europeus-para-substituir-jorge-jesus","status":"publish","type":"post","link":"https:\/\/www.gaveanews.com\/index.php\/2020\/07\/17\/flamengo-avalia-tecnicos-europeus-para-substituir-jorge-jesus\/","title":{"rendered":"Flamengo avalia t\u00e9cnicos europeus para substituir Jorge Jesus"},"content":{"rendered":"\n<p>Pego de surpresa com a sa\u00edda de Jorge Jesus para o Benfica, a diretoria do Flamengo j\u00e1 come\u00e7a a pensar no substituto. A primeira certeza \u00e9 que a prioridade ser\u00e1 um treinador tamb\u00e9m europeu. E os nomes do espanhol Unai Emery, 48, e o portugu\u00eas Leonardo Jardim, 45, s\u00e3o comentados internamente. Ambos est\u00e3o sem clube no momento.<\/p>\n\n\n\n<p>Outro nome que aparece no bastidores do clube e agrada \u00e9 de Miguel \u00c1ngel Ramirez, treinador espanhol de 35 anos, que comanda o Independiente Del Valle, do Equador. A op\u00e7\u00e3o vem da ala da diretoria liderada pelo vice de rela\u00e7\u00f5es externas, Luiz Eduardo Baptista, o Bap. O vice de futebol Marcos Braz gosta do portugu\u00eas Marcos Silva, que era alternativa caso Jesus n\u00e3o renovasse contrato.<\/p>\n\n\n\n<p>Ex-comandante do Arsenal, Emery tamb\u00e9m foi procurado pelo Benfica ap\u00f3s os portugueses receberem respostas negativas de nomes como Mauricio Pochettino, Massimiliano Allegri e Laurent Blanc, e fecharem com Jesus. Al\u00e9m do time ingl\u00eas, o espanhol comandou recentemente o Paris Saint-Germain.<\/p>\n\n\n\n<p>Jardim \u00e9 conhecido por ter revelado o franc\u00eas Mbapp\u00e9 no M\u00f4naco, da Fran\u00e7a, onde estava at\u00e9 o ano passado. Ele tem hist\u00f3rico de v\u00e1rios anos no clube, onde se destacou, mas passou pela Gr\u00e9cia e comandou equipes de Portugal.<\/p>\n\n\n\n<p>Retirado de: O Globo<\/p>\n","protected":false},"excerpt":{"rendered":"<p>Pego de surpresa com a sa\u00edda de Jorge Jesus para o Benfica, a diretoria do Flamengo j\u00e1 come\u00e7a a pensar no substituto. A primeira certeza \u00e9 que a prioridade ser\u00e1 um treinador tamb\u00e9m europeu. E os nomes do espanhol Unai Emery, 48, e o portugu\u00eas Leonardo Jardim, 45, s\u00e3o comentados internamente. Ambos est\u00e3o sem clube [&hellip;]<\/p>\n","protected":false},"author":1,"featured_media":28884,"comment_status":"open","ping_status":"closed","sticky":false,"template":"","format":"standard","meta":{"footnotes":""},"categories":[47],"tags":[],"class_list":["post-43799","post","type-post","status-publish","format-standard","has-post-thumbnail","hentry","category-destaques"],"yoast_head":"<!-- This site is optimized with the Yoast SEO Premium plugin v24.2 (Yoast SEO v26.9) - https:\/\/yoast.com\/product\/yoast-seo-premium-wordpress\/ -->\n<title>Flamengo avalia t\u00e9cnicos europeus para substituir Jesus - G\u00e1vea News<\/title>\n<meta name=\"description\" content=\"Pego de surpresa com a sa\u00edda do treinador Jorge Jesus para o Benfica, a diretoria do Flamengo j\u00e1 come\u00e7a a pensar no substituto.\" \/>\n<meta name=\"robots\" content=\"index, follow, max-snippet:-1, max-image-preview:large, max-video-preview:-1\" \/>\n<link rel=\"canonical\" href=\"https:\/\/www.gaveanews.com\/index.php\/2020\/07\/17\/flamengo-avalia-tecnicos-europeus-para-substituir-jorge-jesus\/\" \/>\n<meta property=\"og:locale\" content=\"pt_BR\" \/>\n<meta property=\"og:type\" content=\"article\" \/>\n<meta property=\"og:title\" content=\"Flamengo avalia t\u00e9cnicos europeus para substituir Jorge Jesus\" \/>\n<meta property=\"og:description\" content=\"Pego de surpresa com a sa\u00edda do treinador Jorge Jesus para o Benfica, a diretoria do Flamengo j\u00e1 come\u00e7a a pensar no substituto.\" \/>\n<meta property=\"og:url\" content=\"https:\/\/www.gaveanews.com\/index.php\/2020\/07\/17\/flamengo-avalia-tecnicos-europeus-para-substituir-jorge-jesus\/\" \/>\n<meta property=\"og:site_name\" content=\"G\u00e1vea News\" \/>\n<meta property=\"article:publisher\" content=\"https:\/\/facebook.com\/gaveaNews\/\" \/>\n<meta property=\"article:published_time\" content=\"2020-07-17T17:19:58+00:00\" \/>\n<meta property=\"article:modified_time\" content=\"2020-07-17T17:20:22+00:00\" \/>\n<meta property=\"og:image\" content=\"https:\/\/www.gaveanews.com\/wp-content\/uploads\/Treinador-Jorge-Jesus-durante-uma-partida-do-Flamengo.webp\" \/>\n\t<meta property=\"og:image:width\" content=\"900\" \/>\n\t<meta property=\"og:image:height\" content=\"600\" \/>\n\t<meta property=\"og:image:type\" content=\"image\/jpeg\" \/>\n<meta name=\"author\" content=\"Equipe G\u00e1vea News\" \/>\n<meta name=\"twitter:card\" content=\"summary_large_image\" \/>\n<meta name=\"twitter:label1\" content=\"Escrito por\" \/>\n\t<meta name=\"twitter:data1\" content=\"Equipe G\u00e1vea News\" \/>\n\t<meta name=\"twitter:label2\" content=\"Est. tempo de leitura\" \/>\n\t<meta name=\"twitter:data2\" content=\"1 minuto\" \/>\n<script type=\"application\/ld+json\" class=\"yoast-schema-graph\">{\"@context\":\"https:\/\/schema.org\",\"@graph\":[{\"@type\":\"NewsArticle\",\"@id\":\"https:\/\/www.gaveanews.com\/index.php\/2020\/07\/17\/flamengo-avalia-tecnicos-europeus-para-substituir-jorge-jesus\/#article\",\"isPartOf\":{\"@id\":\"https:\/\/www.gaveanews.com\/index.php\/2020\/07\/17\/flamengo-avalia-tecnicos-europeus-para-substituir-jorge-jesus\/\"},\"author\":{\"name\":\"Equipe G\u00e1vea News\",\"@id\":\"https:\/\/www.gaveanews.com\/#\/schema\/person\/2ec14f73fb96be2caf28f91afb14749d\"},\"headline\":\"Flamengo avalia t\u00e9cnicos europeus para substituir Jorge Jesus\",\"datePublished\":\"2020-07-17T17:19:58+00:00\",\"dateModified\":\"2020-07-17T17:20:22+00:00\",\"mainEntityOfPage\":{\"@id\":\"https:\/\/www.gaveanews.com\/index.php\/2020\/07\/17\/flamengo-avalia-tecnicos-europeus-para-substituir-jorge-jesus\/\"},\"wordCount\":228,\"commentCount\":27,\"image\":{\"@id\":\"https:\/\/www.gaveanews.com\/index.php\/2020\/07\/17\/flamengo-avalia-tecnicos-europeus-para-substituir-jorge-jesus\/#primaryimage\"},\"thumbnailUrl\":\"https:\/\/www.gaveanews.com\/wp-content\/uploads\/Treinador-Jorge-Jesus-durante-uma-partida-do-Flamengo.webp\",\"articleSection\":[\"Destaques\"],\"inLanguage\":\"pt-BR\",\"potentialAction\":[{\"@type\":\"CommentAction\",\"name\":\"Comment\",\"target\":[\"https:\/\/www.gaveanews.com\/index.php\/2020\/07\/17\/flamengo-avalia-tecnicos-europeus-para-substituir-jorge-jesus\/#respond\"]}],\"copyrightYear\":\"2020\",\"copyrightHolder\":{\"@id\":\"https:\/\/www.gaveanews.com\/#organization\"}},{\"@type\":\"WebPage\",\"@id\":\"https:\/\/www.gaveanews.com\/index.php\/2020\/07\/17\/flamengo-avalia-tecnicos-europeus-para-substituir-jorge-jesus\/\",\"url\":\"https:\/\/www.gaveanews.com\/index.php\/2020\/07\/17\/flamengo-avalia-tecnicos-europeus-para-substituir-jorge-jesus\/\",\"name\":\"Flamengo avalia t\u00e9cnicos europeus para substituir Jesus - G\u00e1vea News\",\"isPartOf\":{\"@id\":\"https:\/\/www.gaveanews.com\/#website\"},\"primaryImageOfPage\":{\"@id\":\"https:\/\/www.gaveanews.com\/index.php\/2020\/07\/17\/flamengo-avalia-tecnicos-europeus-para-substituir-jorge-jesus\/#primaryimage\"},\"image\":{\"@id\":\"https:\/\/www.gaveanews.com\/index.php\/2020\/07\/17\/flamengo-avalia-tecnicos-europeus-para-substituir-jorge-jesus\/#primaryimage\"},\"thumbnailUrl\":\"https:\/\/www.gaveanews.com\/wp-content\/uploads\/Treinador-Jorge-Jesus-durante-uma-partida-do-Flamengo.webp\",\"datePublished\":\"2020-07-17T17:19:58+00:00\",\"dateModified\":\"2020-07-17T17:20:22+00:00\",\"author\":{\"@id\":\"https:\/\/www.gaveanews.com\/#\/schema\/person\/2ec14f73fb96be2caf28f91afb14749d\"},\"description\":\"Pego de surpresa com a sa\u00edda do treinador Jorge Jesus para o Benfica, a diretoria do Flamengo j\u00e1 come\u00e7a a pensar no substituto.\",\"breadcrumb\":{\"@id\":\"https:\/\/www.gaveanews.com\/index.php\/2020\/07\/17\/flamengo-avalia-tecnicos-europeus-para-substituir-jorge-jesus\/#breadcrumb\"},\"inLanguage\":\"pt-BR\",\"potentialAction\":[{\"@type\":\"ReadAction\",\"target\":[\"https:\/\/www.gaveanews.com\/index.php\/2020\/07\/17\/flamengo-avalia-tecnicos-europeus-para-substituir-jorge-jesus\/\"]}]},{\"@type\":\"ImageObject\",\"inLanguage\":\"pt-BR\",\"@id\":\"https:\/\/www.gaveanews.com\/index.php\/2020\/07\/17\/flamengo-avalia-tecnicos-europeus-para-substituir-jorge-jesus\/#primaryimage\",\"url\":\"https:\/\/www.gaveanews.com\/wp-content\/uploads\/Treinador-Jorge-Jesus-durante-uma-partida-do-Flamengo.webp\",\"contentUrl\":\"https:\/\/www.gaveanews.com\/wp-content\/uploads\/Treinador-Jorge-Jesus-durante-uma-partida-do-Flamengo.webp\",\"width\":900,\"height\":600,\"caption\":\"Treinador Jorge Jesus durante uma partida do Flamengo (Foto: Alexandre Vidal\/Flamengo)\"},{\"@type\":\"BreadcrumbList\",\"@id\":\"https:\/\/www.gaveanews.com\/index.php\/2020\/07\/17\/flamengo-avalia-tecnicos-europeus-para-substituir-jorge-jesus\/#breadcrumb\",\"itemListElement\":[{\"@type\":\"ListItem\",\"position\":1,\"name\":\"Home\",\"item\":\"https:\/\/www.gaveanews.com\/\"},{\"@type\":\"ListItem\",\"position\":2,\"name\":\"Flamengo avalia t\u00e9cnicos europeus para substituir Jorge Jesus\"}]},{\"@type\":\"WebSite\",\"@id\":\"https:\/\/www.gaveanews.com\/#website\",\"url\":\"https:\/\/www.gaveanews.com\/\",\"name\":\"G\u00e1vea News\",\"description\":\"Veja todas as not\u00edcias sobre o Flamengo: Contrata\u00e7\u00f5es, categorias de base, resultados das partidas, tabela de classifica\u00e7\u00e3o, pr\u00f3ximos jogos!\",\"potentialAction\":[{\"@type\":\"SearchAction\",\"target\":{\"@type\":\"EntryPoint\",\"urlTemplate\":\"https:\/\/www.gaveanews.com\/?s={search_term_string}\"},\"query-input\":{\"@type\":\"PropertyValueSpecification\",\"valueRequired\":true,\"valueName\":\"search_term_string\"}}],\"inLanguage\":\"pt-BR\"},{\"@type\":\"Person\",\"@id\":\"https:\/\/www.gaveanews.com\/#\/schema\/person\/2ec14f73fb96be2caf28f91afb14749d\",\"name\":\"Equipe G\u00e1vea News\",\"image\":{\"@type\":\"ImageObject\",\"inLanguage\":\"pt-BR\",\"@id\":\"https:\/\/www.gaveanews.com\/#\/schema\/person\/image\/\",\"url\":\"https:\/\/secure.gravatar.com\/avatar\/1e1956f1facbffd3f8fa53a326721950116b3b9dc9bd44939c01180fd4a745a9?s=96&d=mm&r=g\",\"contentUrl\":\"https:\/\/secure.gravatar.com\/avatar\/1e1956f1facbffd3f8fa53a326721950116b3b9dc9bd44939c01180fd4a745a9?s=96&d=mm&r=g\",\"caption\":\"Equipe G\u00e1vea News\"}}]}<\/script>\n<!-- \/ Yoast SEO Premium plugin. -->","yoast_head_json":{"title":"Flamengo avalia t\u00e9cnicos europeus para substituir Jesus - G\u00e1vea News","description":"Pego de surpresa com a sa\u00edda do treinador Jorge Jesus para o Benfica, a diretoria do Flamengo j\u00e1 come\u00e7a a pensar no substituto.","robots":{"index":"index","follow":"follow","max-snippet":"max-snippet:-1","max-image-preview":"max-image-preview:large","max-video-preview":"max-video-preview:-1"},"canonical":"https:\/\/www.gaveanews.com\/index.php\/2020\/07\/17\/flamengo-avalia-tecnicos-europeus-para-substituir-jorge-jesus\/","og_locale":"pt_BR","og_type":"article","og_title":"Flamengo avalia t\u00e9cnicos europeus para substituir Jorge Jesus","og_description":"Pego de surpresa com a sa\u00edda do treinador Jorge Jesus para o Benfica, a diretoria do Flamengo j\u00e1 come\u00e7a a pensar no substituto.","og_url":"https:\/\/www.gaveanews.com\/index.php\/2020\/07\/17\/flamengo-avalia-tecnicos-europeus-para-substituir-jorge-jesus\/","og_site_name":"G\u00e1vea News","article_publisher":"https:\/\/facebook.com\/gaveaNews\/","article_published_time":"2020-07-17T17:19:58+00:00","article_modified_time":"2020-07-17T17:20:22+00:00","og_image":[{"width":900,"height":600,"url":"https:\/\/www.gaveanews.com\/wp-content\/uploads\/Treinador-Jorge-Jesus-durante-uma-partida-do-Flamengo.webp","type":"image\/jpeg"}],"author":"Equipe G\u00e1vea News","twitter_card":"summary_large_image","twitter_misc":{"Escrito por":"Equipe G\u00e1vea News","Est. tempo de leitura":"1 minuto"},"schema":{"@context":"https:\/\/schema.org","@graph":[{"@type":"NewsArticle","@id":"https:\/\/www.gaveanews.com\/index.php\/2020\/07\/17\/flamengo-avalia-tecnicos-europeus-para-substituir-jorge-jesus\/#article","isPartOf":{"@id":"https:\/\/www.gaveanews.com\/index.php\/2020\/07\/17\/flamengo-avalia-tecnicos-europeus-para-substituir-jorge-jesus\/"},"author":{"name":"Equipe G\u00e1vea News","@id":"https:\/\/www.gaveanews.com\/#\/schema\/person\/2ec14f73fb96be2caf28f91afb14749d"},"headline":"Flamengo avalia t\u00e9cnicos europeus para substituir Jorge Jesus","datePublished":"2020-07-17T17:19:58+00:00","dateModified":"2020-07-17T17:20:22+00:00","mainEntityOfPage":{"@id":"https:\/\/www.gaveanews.com\/index.php\/2020\/07\/17\/flamengo-avalia-tecnicos-europeus-para-substituir-jorge-jesus\/"},"wordCount":228,"commentCount":27,"image":{"@id":"https:\/\/www.gaveanews.com\/index.php\/2020\/07\/17\/flamengo-avalia-tecnicos-europeus-para-substituir-jorge-jesus\/#primaryimage"},"thumbnailUrl":"https:\/\/www.gaveanews.com\/wp-content\/uploads\/Treinador-Jorge-Jesus-durante-uma-partida-do-Flamengo.webp","articleSection":["Destaques"],"inLanguage":"pt-BR","potentialAction":[{"@type":"CommentAction","name":"Comment","target":["https:\/\/www.gaveanews.com\/index.php\/2020\/07\/17\/flamengo-avalia-tecnicos-europeus-para-substituir-jorge-jesus\/#respond"]}],"copyrightYear":"2020","copyrightHolder":{"@id":"https:\/\/www.gaveanews.com\/#organization"}},{"@type":"WebPage","@id":"https:\/\/www.gaveanews.com\/index.php\/2020\/07\/17\/flamengo-avalia-tecnicos-europeus-para-substituir-jorge-jesus\/","url":"https:\/\/www.gaveanews.com\/index.php\/2020\/07\/17\/flamengo-avalia-tecnicos-europeus-para-substituir-jorge-jesus\/","name":"Flamengo avalia t\u00e9cnicos europeus para substituir Jesus - G\u00e1vea News","isPartOf":{"@id":"https:\/\/www.gaveanews.com\/#website"},"primaryImageOfPage":{"@id":"https:\/\/www.gaveanews.com\/index.php\/2020\/07\/17\/flamengo-avalia-tecnicos-europeus-para-substituir-jorge-jesus\/#primaryimage"},"image":{"@id":"https:\/\/www.gaveanews.com\/index.php\/2020\/07\/17\/flamengo-avalia-tecnicos-europeus-para-substituir-jorge-jesus\/#primaryimage"},"thumbnailUrl":"https:\/\/www.gaveanews.com\/wp-content\/uploads\/Treinador-Jorge-Jesus-durante-uma-partida-do-Flamengo.webp","datePublished":"2020-07-17T17:19:58+00:00","dateModified":"2020-07-17T17:20:22+00:00","author":{"@id":"https:\/\/www.gaveanews.com\/#\/schema\/person\/2ec14f73fb96be2caf28f91afb14749d"},"description":"Pego de surpresa com a sa\u00edda do treinador Jorge Jesus para o Benfica, a diretoria do Flamengo j\u00e1 come\u00e7a a pensar no substituto.","breadcrumb":{"@id":"https:\/\/www.gaveanews.com\/index.php\/2020\/07\/17\/flamengo-avalia-tecnicos-europeus-para-substituir-jorge-jesus\/#breadcrumb"},"inLanguage":"pt-BR","potentialAction":[{"@type":"ReadAction","target":["https:\/\/www.gaveanews.com\/index.php\/2020\/07\/17\/flamengo-avalia-tecnicos-europeus-para-substituir-jorge-jesus\/"]}]},{"@type":"ImageObject","inLanguage":"pt-BR","@id":"https:\/\/www.gaveanews.com\/index.php\/2020\/07\/17\/flamengo-avalia-tecnicos-europeus-para-substituir-jorge-jesus\/#primaryimage","url":"https:\/\/www.gaveanews.com\/wp-content\/uploads\/Treinador-Jorge-Jesus-durante-uma-partida-do-Flamengo.webp","contentUrl":"https:\/\/www.gaveanews.com\/wp-content\/uploads\/Treinador-Jorge-Jesus-durante-uma-partida-do-Flamengo.webp","width":900,"height":600,"caption":"Treinador Jorge Jesus durante uma partida do Flamengo (Foto: Alexandre Vidal\/Flamengo)"},{"@type":"BreadcrumbList","@id":"https:\/\/www.gaveanews.com\/index.php\/2020\/07\/17\/flamengo-avalia-tecnicos-europeus-para-substituir-jorge-jesus\/#breadcrumb","itemListElement":[{"@type":"ListItem","position":1,"name":"Home","item":"https:\/\/www.gaveanews.com\/"},{"@type":"ListItem","position":2,"name":"Flamengo avalia t\u00e9cnicos europeus para substituir Jorge Jesus"}]},{"@type":"WebSite","@id":"https:\/\/www.gaveanews.com\/#website","url":"https:\/\/www.gaveanews.com\/","name":"G\u00e1vea News","description":"Veja todas as not\u00edcias sobre o Flamengo: Contrata\u00e7\u00f5es, categorias de base, resultados das partidas, tabela de classifica\u00e7\u00e3o, pr\u00f3ximos jogos!","potentialAction":[{"@type":"SearchAction","target":{"@type":"EntryPoint","urlTemplate":"https:\/\/www.gaveanews.com\/?s={search_term_string}"},"query-input":{"@type":"PropertyValueSpecification","valueRequired":true,"valueName":"search_term_string"}}],"inLanguage":"pt-BR"},{"@type":"Person","@id":"https:\/\/www.gaveanews.com\/#\/schema\/person\/2ec14f73fb96be2caf28f91afb14749d","name":"Equipe G\u00e1vea News","image":{"@type":"ImageObject","inLanguage":"pt-BR","@id":"https:\/\/www.gaveanews.com\/#\/schema\/person\/image\/","url":"https:\/\/secure.gravatar.com\/avatar\/1e1956f1facbffd3f8fa53a326721950116b3b9dc9bd44939c01180fd4a745a9?s=96&d=mm&r=g","contentUrl":"https:\/\/secure.gravatar.com\/avatar\/1e1956f1facbffd3f8fa53a326721950116b3b9dc9bd44939c01180fd4a745a9?s=96&d=mm&r=g","caption":"Equipe G\u00e1vea News"}}]}},"_links":{"self":[{"href":"https:\/\/www.gaveanews.com\/index.php\/wp-json\/wp\/v2\/posts\/43799","targetHints":{"allow":["GET"]}}],"collection":[{"href":"https:\/\/www.gaveanews.com\/index.php\/wp-json\/wp\/v2\/posts"}],"about":[{"href":"https:\/\/www.gaveanews.com\/index.php\/wp-json\/wp\/v2\/types\/post"}],"author":[{"embeddable":true,"href":"https:\/\/www.gaveanews.com\/index.php\/wp-json\/wp\/v2\/users\/1"}],"replies":[{"embeddable":true,"href":"https:\/\/www.gaveanews.com\/index.php\/wp-json\/wp\/v2\/comments?post=43799"}],"version-history":[{"count":0,"href":"https:\/\/www.gaveanews.com\/index.php\/wp-json\/wp\/v2\/posts\/43799\/revisions"}],"wp:featuredmedia":[{"embeddable":true,"href":"https:\/\/www.gaveanews.com\/index.php\/wp-json\/wp\/v2\/media\/28884"}],"wp:attachment":[{"href":"https:\/\/www.gaveanews.com\/index.php\/wp-json\/wp\/v2\/media?parent=43799"}],"wp:term":[{"taxonomy":"category","embeddable":true,"href":"https:\/\/www.gaveanews.com\/index.php\/wp-json\/wp\/v2\/categories?post=43799"},{"taxonomy":"post_tag","embeddable":true,"href":"https:\/\/www.gaveanews.com\/index.php\/wp-json\/wp\/v2\/tags?post=43799"}],"curies":[{"name":"wp","href":"https:\/\/api.w.org\/{rel}","templated":true}]}}