{"id":43807,"date":"2020-07-17T15:40:57","date_gmt":"2020-07-17T18:40:57","guid":{"rendered":"https:\/\/www.gaveanews.com\/?p=43807"},"modified":"2020-07-17T15:40:58","modified_gmt":"2020-07-17T18:40:58","slug":"landim-quer-tecnico-argentino-para-o-lugar-de-jorge-jesus-no-flamengo","status":"publish","type":"post","link":"https:\/\/www.gaveanews.com\/index.php\/2020\/07\/17\/landim-quer-tecnico-argentino-para-o-lugar-de-jorge-jesus-no-flamengo\/","title":{"rendered":"Landim quer t\u00e9cnico argentino para o lugar de Jorge Jesus no Flamengo"},"content":{"rendered":"\n<p>O presidente Rodolfo Landim est\u00e1 convicto de que vai contratar um t\u00e9cnico estrangeiro para assumir o Flamengo ap\u00f3s Jorge Jesus aceitar a proposta do Benfica. De acordo com pessoas pr\u00f3ximas do dirigente ouvidas pela coluna, neste momento ele nem cogita ter um brasileiro para comandar o time rubro-negro na sequ\u00eancia da temporada de 2020.<\/p>\n\n\n\n<p>Na vis\u00e3o de Landim, n\u00e3o h\u00e1 um treinador brasileiro capaz de dar sequ\u00eancia ao legado de Jorge Jesus no Flamengo. Cuca, Luiz Felipe Scolari, Mano Menezes e Vanderlei Luxemburgo s\u00e3o cartas fora do baralho. J\u00e1 Renato Portaluppi, que esnobou o clube no ano passado, \u00e9 considerado \u201cpersona non grata\u201d na G\u00e1vea.<\/p>\n\n\n\n<p>Por isso, a obsess\u00e3o de Landim ganhou for\u00e7a internamente. Os dirigentes mais pr\u00f3ximos ao presidente tamb\u00e9m argumentam que os treinadores nascidos no Brasil possuem caracter\u00edsticas totalmente distintas do Mister. O mandat\u00e1rio rubro-negro, antes de mais nada, est\u00e1 confiante em conseguir contratar um treinador vencedor.<\/p>\n\n\n\n<p>Rodolfo Landim autorizou o vice-presidente de futebol Marcos Braz e o diretor executivo Bruno Spindel a iniciar os contatos com o t\u00e9cnico Marcelo Gallardo, do River Plate. O clube, inclusive, cogita outros nomes, mantidos em sigilo por uma quest\u00e3o de estrat\u00e9gia: s\u00e3o dois estrangeiros que estavam trabalhando na Europa.<\/p>\n\n\n\n<p>Gallardo \u00e9, para muitos, o melhor t\u00e9cnico da Am\u00e9rica do Sul. O curr\u00edculo, s\u00f3 para exemplificar, com t\u00edtulos expressivos pelo River Plate \u00e9 um diferencial. Al\u00e9m disso, \u00e9 um treinador que tem muita personalidade para assumir um projeto gigante como o do Flamengo. Em solo argentino, ele sabe que atingiu o auge da carreira. E quer mais.<\/p>\n\n\n\n<p>Cheio de moral no comando do River Plate, Marcelo Gallardo nunca escondeu o desejo de trabalhar no futebol europeu. Ele, inclusive, \u00e9 um dos nomes cotados para comandar o Sevilla na pr\u00f3xima temporada. Afinal, os trabalhos de Diego Simeone e Maur\u00edcio Pochettino abriram a porta para os t\u00e9cnicos argentinos no exterior.<\/p>\n\n\n\n<p>O Flamengo, enquanto isso, adotou o sil\u00eancio e que evitar repercutir a pr\u00f3xima movimenta\u00e7\u00e3o no mercado. A princ\u00edpio, Marcelo Gallardo \u00e9 o principal alvo e praticamente a \u00fanica op\u00e7\u00e3o para substituir Jorge Jesus. Rodolfo Landim quer manter a hegemonia do clube no futebol brasileiro. Por isso, promete abrir os cofres para contratar o argentino custe o que custar.<\/p>\n\n\n\n<p>Retirado de: Esporte News Mundo<\/p>\n","protected":false},"excerpt":{"rendered":"<p>O presidente Rodolfo Landim est\u00e1 convicto de que vai contratar um t\u00e9cnico estrangeiro para assumir o Flamengo ap\u00f3s Jorge Jesus aceitar a proposta do Benfica. De acordo com pessoas pr\u00f3ximas do dirigente ouvidas pela coluna, neste momento ele nem cogita ter um brasileiro para comandar o time rubro-negro na sequ\u00eancia da temporada de 2020. Na [&hellip;]<\/p>\n","protected":false},"author":1,"featured_media":15077,"comment_status":"open","ping_status":"closed","sticky":false,"template":"","format":"standard","meta":{"footnotes":""},"categories":[47],"tags":[],"class_list":["post-43807","post","type-post","status-publish","format-standard","has-post-thumbnail","hentry","category-destaques"],"yoast_head":"<!-- This site is optimized with the Yoast SEO Premium plugin v24.2 (Yoast SEO v26.9) - https:\/\/yoast.com\/product\/yoast-seo-premium-wordpress\/ -->\n<title>Landim quer t\u00e9cnico argentino para o lugar de Jorge Jesus no Flamengo<\/title>\n<meta name=\"description\" content=\"Na vis\u00e3o de Landim, n\u00e3o h\u00e1 um treinador brasileiro capaz de dar sequ\u00eancia ao legado do portugu\u00eas Jorge Jesus no Flamengo.\" \/>\n<meta name=\"robots\" content=\"index, follow, max-snippet:-1, max-image-preview:large, max-video-preview:-1\" \/>\n<link rel=\"canonical\" href=\"https:\/\/www.gaveanews.com\/index.php\/2020\/07\/17\/landim-quer-tecnico-argentino-para-o-lugar-de-jorge-jesus-no-flamengo\/\" \/>\n<meta property=\"og:locale\" content=\"pt_BR\" \/>\n<meta property=\"og:type\" content=\"article\" \/>\n<meta property=\"og:title\" content=\"Landim quer t\u00e9cnico argentino para o lugar de Jorge Jesus no Flamengo\" \/>\n<meta property=\"og:description\" content=\"Na vis\u00e3o de Landim, n\u00e3o h\u00e1 um treinador brasileiro capaz de dar sequ\u00eancia ao legado do portugu\u00eas Jorge Jesus no Flamengo.\" \/>\n<meta property=\"og:url\" content=\"https:\/\/www.gaveanews.com\/index.php\/2020\/07\/17\/landim-quer-tecnico-argentino-para-o-lugar-de-jorge-jesus-no-flamengo\/\" \/>\n<meta property=\"og:site_name\" content=\"G\u00e1vea News\" \/>\n<meta property=\"article:publisher\" content=\"https:\/\/facebook.com\/gaveaNews\/\" \/>\n<meta property=\"article:published_time\" content=\"2020-07-17T18:40:57+00:00\" \/>\n<meta property=\"article:modified_time\" content=\"2020-07-17T18:40:58+00:00\" \/>\n<meta property=\"og:image\" content=\"https:\/\/www.gaveanews.com\/wp-content\/uploads\/2019\/03\/Rodolfo-Landim-durante-entrevista-coletiva-na-Gavea.webp\" \/>\n\t<meta property=\"og:image:width\" content=\"1\" \/>\n\t<meta property=\"og:image:height\" content=\"1\" \/>\n\t<meta property=\"og:image:type\" content=\"image\/jpeg\" \/>\n<meta name=\"author\" content=\"Equipe G\u00e1vea News\" \/>\n<meta name=\"twitter:card\" content=\"summary_large_image\" \/>\n<meta name=\"twitter:label1\" content=\"Escrito por\" \/>\n\t<meta name=\"twitter:data1\" content=\"Equipe G\u00e1vea News\" \/>\n\t<meta name=\"twitter:label2\" content=\"Est. tempo de leitura\" \/>\n\t<meta name=\"twitter:data2\" content=\"2 minutos\" \/>\n<script type=\"application\/ld+json\" class=\"yoast-schema-graph\">{\"@context\":\"https:\/\/schema.org\",\"@graph\":[{\"@type\":\"NewsArticle\",\"@id\":\"https:\/\/www.gaveanews.com\/index.php\/2020\/07\/17\/landim-quer-tecnico-argentino-para-o-lugar-de-jorge-jesus-no-flamengo\/#article\",\"isPartOf\":{\"@id\":\"https:\/\/www.gaveanews.com\/index.php\/2020\/07\/17\/landim-quer-tecnico-argentino-para-o-lugar-de-jorge-jesus-no-flamengo\/\"},\"author\":{\"name\":\"Equipe G\u00e1vea News\",\"@id\":\"https:\/\/www.gaveanews.com\/#\/schema\/person\/2ec14f73fb96be2caf28f91afb14749d\"},\"headline\":\"Landim quer t\u00e9cnico argentino para o lugar de Jorge Jesus no Flamengo\",\"datePublished\":\"2020-07-17T18:40:57+00:00\",\"dateModified\":\"2020-07-17T18:40:58+00:00\",\"mainEntityOfPage\":{\"@id\":\"https:\/\/www.gaveanews.com\/index.php\/2020\/07\/17\/landim-quer-tecnico-argentino-para-o-lugar-de-jorge-jesus-no-flamengo\/\"},\"wordCount\":407,\"commentCount\":60,\"image\":{\"@id\":\"https:\/\/www.gaveanews.com\/index.php\/2020\/07\/17\/landim-quer-tecnico-argentino-para-o-lugar-de-jorge-jesus-no-flamengo\/#primaryimage\"},\"thumbnailUrl\":\"https:\/\/www.gaveanews.com\/wp-content\/uploads\/2019\/03\/Rodolfo-Landim-durante-entrevista-coletiva-na-Gavea.webp\",\"articleSection\":[\"Destaques\"],\"inLanguage\":\"pt-BR\",\"potentialAction\":[{\"@type\":\"CommentAction\",\"name\":\"Comment\",\"target\":[\"https:\/\/www.gaveanews.com\/index.php\/2020\/07\/17\/landim-quer-tecnico-argentino-para-o-lugar-de-jorge-jesus-no-flamengo\/#respond\"]}],\"copyrightYear\":\"2020\",\"copyrightHolder\":{\"@id\":\"https:\/\/www.gaveanews.com\/#organization\"}},{\"@type\":\"WebPage\",\"@id\":\"https:\/\/www.gaveanews.com\/index.php\/2020\/07\/17\/landim-quer-tecnico-argentino-para-o-lugar-de-jorge-jesus-no-flamengo\/\",\"url\":\"https:\/\/www.gaveanews.com\/index.php\/2020\/07\/17\/landim-quer-tecnico-argentino-para-o-lugar-de-jorge-jesus-no-flamengo\/\",\"name\":\"Landim quer t\u00e9cnico argentino para o lugar de Jorge Jesus no Flamengo\",\"isPartOf\":{\"@id\":\"https:\/\/www.gaveanews.com\/#website\"},\"primaryImageOfPage\":{\"@id\":\"https:\/\/www.gaveanews.com\/index.php\/2020\/07\/17\/landim-quer-tecnico-argentino-para-o-lugar-de-jorge-jesus-no-flamengo\/#primaryimage\"},\"image\":{\"@id\":\"https:\/\/www.gaveanews.com\/index.php\/2020\/07\/17\/landim-quer-tecnico-argentino-para-o-lugar-de-jorge-jesus-no-flamengo\/#primaryimage\"},\"thumbnailUrl\":\"https:\/\/www.gaveanews.com\/wp-content\/uploads\/2019\/03\/Rodolfo-Landim-durante-entrevista-coletiva-na-Gavea.webp\",\"datePublished\":\"2020-07-17T18:40:57+00:00\",\"dateModified\":\"2020-07-17T18:40:58+00:00\",\"author\":{\"@id\":\"https:\/\/www.gaveanews.com\/#\/schema\/person\/2ec14f73fb96be2caf28f91afb14749d\"},\"description\":\"Na vis\u00e3o de Landim, n\u00e3o h\u00e1 um treinador brasileiro capaz de dar sequ\u00eancia ao legado do portugu\u00eas Jorge Jesus no Flamengo.\",\"breadcrumb\":{\"@id\":\"https:\/\/www.gaveanews.com\/index.php\/2020\/07\/17\/landim-quer-tecnico-argentino-para-o-lugar-de-jorge-jesus-no-flamengo\/#breadcrumb\"},\"inLanguage\":\"pt-BR\",\"potentialAction\":[{\"@type\":\"ReadAction\",\"target\":[\"https:\/\/www.gaveanews.com\/index.php\/2020\/07\/17\/landim-quer-tecnico-argentino-para-o-lugar-de-jorge-jesus-no-flamengo\/\"]}]},{\"@type\":\"ImageObject\",\"inLanguage\":\"pt-BR\",\"@id\":\"https:\/\/www.gaveanews.com\/index.php\/2020\/07\/17\/landim-quer-tecnico-argentino-para-o-lugar-de-jorge-jesus-no-flamengo\/#primaryimage\",\"url\":\"https:\/\/www.gaveanews.com\/wp-content\/uploads\/2019\/03\/Rodolfo-Landim-durante-entrevista-coletiva-na-Gavea.webp\",\"contentUrl\":\"https:\/\/www.gaveanews.com\/wp-content\/uploads\/2019\/03\/Rodolfo-Landim-durante-entrevista-coletiva-na-Gavea.webp\",\"width\":900,\"height\":599,\"caption\":\"Rodolfo Landim durante entrevista coletiva na G\u00e1vea (Foto: Ag\u00eancia Foto BR)\"},{\"@type\":\"BreadcrumbList\",\"@id\":\"https:\/\/www.gaveanews.com\/index.php\/2020\/07\/17\/landim-quer-tecnico-argentino-para-o-lugar-de-jorge-jesus-no-flamengo\/#breadcrumb\",\"itemListElement\":[{\"@type\":\"ListItem\",\"position\":1,\"name\":\"Home\",\"item\":\"https:\/\/www.gaveanews.com\/\"},{\"@type\":\"ListItem\",\"position\":2,\"name\":\"Landim quer t\u00e9cnico argentino para o lugar de Jorge Jesus no Flamengo\"}]},{\"@type\":\"WebSite\",\"@id\":\"https:\/\/www.gaveanews.com\/#website\",\"url\":\"https:\/\/www.gaveanews.com\/\",\"name\":\"G\u00e1vea News\",\"description\":\"Veja todas as not\u00edcias sobre o Flamengo: Contrata\u00e7\u00f5es, categorias de base, resultados das partidas, tabela de classifica\u00e7\u00e3o, pr\u00f3ximos jogos!\",\"potentialAction\":[{\"@type\":\"SearchAction\",\"target\":{\"@type\":\"EntryPoint\",\"urlTemplate\":\"https:\/\/www.gaveanews.com\/?s={search_term_string}\"},\"query-input\":{\"@type\":\"PropertyValueSpecification\",\"valueRequired\":true,\"valueName\":\"search_term_string\"}}],\"inLanguage\":\"pt-BR\"},{\"@type\":\"Person\",\"@id\":\"https:\/\/www.gaveanews.com\/#\/schema\/person\/2ec14f73fb96be2caf28f91afb14749d\",\"name\":\"Equipe G\u00e1vea News\",\"image\":{\"@type\":\"ImageObject\",\"inLanguage\":\"pt-BR\",\"@id\":\"https:\/\/www.gaveanews.com\/#\/schema\/person\/image\/\",\"url\":\"https:\/\/secure.gravatar.com\/avatar\/1e1956f1facbffd3f8fa53a326721950116b3b9dc9bd44939c01180fd4a745a9?s=96&d=mm&r=g\",\"contentUrl\":\"https:\/\/secure.gravatar.com\/avatar\/1e1956f1facbffd3f8fa53a326721950116b3b9dc9bd44939c01180fd4a745a9?s=96&d=mm&r=g\",\"caption\":\"Equipe G\u00e1vea News\"}}]}<\/script>\n<!-- \/ Yoast SEO Premium plugin. -->","yoast_head_json":{"title":"Landim quer t\u00e9cnico argentino para o lugar de Jorge Jesus no Flamengo","description":"Na vis\u00e3o de Landim, n\u00e3o h\u00e1 um treinador brasileiro capaz de dar sequ\u00eancia ao legado do portugu\u00eas Jorge Jesus no Flamengo.","robots":{"index":"index","follow":"follow","max-snippet":"max-snippet:-1","max-image-preview":"max-image-preview:large","max-video-preview":"max-video-preview:-1"},"canonical":"https:\/\/www.gaveanews.com\/index.php\/2020\/07\/17\/landim-quer-tecnico-argentino-para-o-lugar-de-jorge-jesus-no-flamengo\/","og_locale":"pt_BR","og_type":"article","og_title":"Landim quer t\u00e9cnico argentino para o lugar de Jorge Jesus no Flamengo","og_description":"Na vis\u00e3o de Landim, n\u00e3o h\u00e1 um treinador brasileiro capaz de dar sequ\u00eancia ao legado do portugu\u00eas Jorge Jesus no Flamengo.","og_url":"https:\/\/www.gaveanews.com\/index.php\/2020\/07\/17\/landim-quer-tecnico-argentino-para-o-lugar-de-jorge-jesus-no-flamengo\/","og_site_name":"G\u00e1vea News","article_publisher":"https:\/\/facebook.com\/gaveaNews\/","article_published_time":"2020-07-17T18:40:57+00:00","article_modified_time":"2020-07-17T18:40:58+00:00","og_image":[{"url":"https:\/\/www.gaveanews.com\/wp-content\/uploads\/2019\/03\/Rodolfo-Landim-durante-entrevista-coletiva-na-Gavea.webp","width":1,"height":1,"type":"image\/jpeg"}],"author":"Equipe G\u00e1vea News","twitter_card":"summary_large_image","twitter_misc":{"Escrito por":"Equipe G\u00e1vea News","Est. tempo de leitura":"2 minutos"},"schema":{"@context":"https:\/\/schema.org","@graph":[{"@type":"NewsArticle","@id":"https:\/\/www.gaveanews.com\/index.php\/2020\/07\/17\/landim-quer-tecnico-argentino-para-o-lugar-de-jorge-jesus-no-flamengo\/#article","isPartOf":{"@id":"https:\/\/www.gaveanews.com\/index.php\/2020\/07\/17\/landim-quer-tecnico-argentino-para-o-lugar-de-jorge-jesus-no-flamengo\/"},"author":{"name":"Equipe G\u00e1vea News","@id":"https:\/\/www.gaveanews.com\/#\/schema\/person\/2ec14f73fb96be2caf28f91afb14749d"},"headline":"Landim quer t\u00e9cnico argentino para o lugar de Jorge Jesus no Flamengo","datePublished":"2020-07-17T18:40:57+00:00","dateModified":"2020-07-17T18:40:58+00:00","mainEntityOfPage":{"@id":"https:\/\/www.gaveanews.com\/index.php\/2020\/07\/17\/landim-quer-tecnico-argentino-para-o-lugar-de-jorge-jesus-no-flamengo\/"},"wordCount":407,"commentCount":60,"image":{"@id":"https:\/\/www.gaveanews.com\/index.php\/2020\/07\/17\/landim-quer-tecnico-argentino-para-o-lugar-de-jorge-jesus-no-flamengo\/#primaryimage"},"thumbnailUrl":"https:\/\/www.gaveanews.com\/wp-content\/uploads\/2019\/03\/Rodolfo-Landim-durante-entrevista-coletiva-na-Gavea.webp","articleSection":["Destaques"],"inLanguage":"pt-BR","potentialAction":[{"@type":"CommentAction","name":"Comment","target":["https:\/\/www.gaveanews.com\/index.php\/2020\/07\/17\/landim-quer-tecnico-argentino-para-o-lugar-de-jorge-jesus-no-flamengo\/#respond"]}],"copyrightYear":"2020","copyrightHolder":{"@id":"https:\/\/www.gaveanews.com\/#organization"}},{"@type":"WebPage","@id":"https:\/\/www.gaveanews.com\/index.php\/2020\/07\/17\/landim-quer-tecnico-argentino-para-o-lugar-de-jorge-jesus-no-flamengo\/","url":"https:\/\/www.gaveanews.com\/index.php\/2020\/07\/17\/landim-quer-tecnico-argentino-para-o-lugar-de-jorge-jesus-no-flamengo\/","name":"Landim quer t\u00e9cnico argentino para o lugar de Jorge Jesus no Flamengo","isPartOf":{"@id":"https:\/\/www.gaveanews.com\/#website"},"primaryImageOfPage":{"@id":"https:\/\/www.gaveanews.com\/index.php\/2020\/07\/17\/landim-quer-tecnico-argentino-para-o-lugar-de-jorge-jesus-no-flamengo\/#primaryimage"},"image":{"@id":"https:\/\/www.gaveanews.com\/index.php\/2020\/07\/17\/landim-quer-tecnico-argentino-para-o-lugar-de-jorge-jesus-no-flamengo\/#primaryimage"},"thumbnailUrl":"https:\/\/www.gaveanews.com\/wp-content\/uploads\/2019\/03\/Rodolfo-Landim-durante-entrevista-coletiva-na-Gavea.webp","datePublished":"2020-07-17T18:40:57+00:00","dateModified":"2020-07-17T18:40:58+00:00","author":{"@id":"https:\/\/www.gaveanews.com\/#\/schema\/person\/2ec14f73fb96be2caf28f91afb14749d"},"description":"Na vis\u00e3o de Landim, n\u00e3o h\u00e1 um treinador brasileiro capaz de dar sequ\u00eancia ao legado do portugu\u00eas Jorge Jesus no Flamengo.","breadcrumb":{"@id":"https:\/\/www.gaveanews.com\/index.php\/2020\/07\/17\/landim-quer-tecnico-argentino-para-o-lugar-de-jorge-jesus-no-flamengo\/#breadcrumb"},"inLanguage":"pt-BR","potentialAction":[{"@type":"ReadAction","target":["https:\/\/www.gaveanews.com\/index.php\/2020\/07\/17\/landim-quer-tecnico-argentino-para-o-lugar-de-jorge-jesus-no-flamengo\/"]}]},{"@type":"ImageObject","inLanguage":"pt-BR","@id":"https:\/\/www.gaveanews.com\/index.php\/2020\/07\/17\/landim-quer-tecnico-argentino-para-o-lugar-de-jorge-jesus-no-flamengo\/#primaryimage","url":"https:\/\/www.gaveanews.com\/wp-content\/uploads\/2019\/03\/Rodolfo-Landim-durante-entrevista-coletiva-na-Gavea.webp","contentUrl":"https:\/\/www.gaveanews.com\/wp-content\/uploads\/2019\/03\/Rodolfo-Landim-durante-entrevista-coletiva-na-Gavea.webp","width":900,"height":599,"caption":"Rodolfo Landim durante entrevista coletiva na G\u00e1vea (Foto: Ag\u00eancia Foto BR)"},{"@type":"BreadcrumbList","@id":"https:\/\/www.gaveanews.com\/index.php\/2020\/07\/17\/landim-quer-tecnico-argentino-para-o-lugar-de-jorge-jesus-no-flamengo\/#breadcrumb","itemListElement":[{"@type":"ListItem","position":1,"name":"Home","item":"https:\/\/www.gaveanews.com\/"},{"@type":"ListItem","position":2,"name":"Landim quer t\u00e9cnico argentino para o lugar de Jorge Jesus no Flamengo"}]},{"@type":"WebSite","@id":"https:\/\/www.gaveanews.com\/#website","url":"https:\/\/www.gaveanews.com\/","name":"G\u00e1vea News","description":"Veja todas as not\u00edcias sobre o Flamengo: Contrata\u00e7\u00f5es, categorias de base, resultados das partidas, tabela de classifica\u00e7\u00e3o, pr\u00f3ximos jogos!","potentialAction":[{"@type":"SearchAction","target":{"@type":"EntryPoint","urlTemplate":"https:\/\/www.gaveanews.com\/?s={search_term_string}"},"query-input":{"@type":"PropertyValueSpecification","valueRequired":true,"valueName":"search_term_string"}}],"inLanguage":"pt-BR"},{"@type":"Person","@id":"https:\/\/www.gaveanews.com\/#\/schema\/person\/2ec14f73fb96be2caf28f91afb14749d","name":"Equipe G\u00e1vea News","image":{"@type":"ImageObject","inLanguage":"pt-BR","@id":"https:\/\/www.gaveanews.com\/#\/schema\/person\/image\/","url":"https:\/\/secure.gravatar.com\/avatar\/1e1956f1facbffd3f8fa53a326721950116b3b9dc9bd44939c01180fd4a745a9?s=96&d=mm&r=g","contentUrl":"https:\/\/secure.gravatar.com\/avatar\/1e1956f1facbffd3f8fa53a326721950116b3b9dc9bd44939c01180fd4a745a9?s=96&d=mm&r=g","caption":"Equipe G\u00e1vea News"}}]}},"_links":{"self":[{"href":"https:\/\/www.gaveanews.com\/index.php\/wp-json\/wp\/v2\/posts\/43807","targetHints":{"allow":["GET"]}}],"collection":[{"href":"https:\/\/www.gaveanews.com\/index.php\/wp-json\/wp\/v2\/posts"}],"about":[{"href":"https:\/\/www.gaveanews.com\/index.php\/wp-json\/wp\/v2\/types\/post"}],"author":[{"embeddable":true,"href":"https:\/\/www.gaveanews.com\/index.php\/wp-json\/wp\/v2\/users\/1"}],"replies":[{"embeddable":true,"href":"https:\/\/www.gaveanews.com\/index.php\/wp-json\/wp\/v2\/comments?post=43807"}],"version-history":[{"count":0,"href":"https:\/\/www.gaveanews.com\/index.php\/wp-json\/wp\/v2\/posts\/43807\/revisions"}],"wp:featuredmedia":[{"embeddable":true,"href":"https:\/\/www.gaveanews.com\/index.php\/wp-json\/wp\/v2\/media\/15077"}],"wp:attachment":[{"href":"https:\/\/www.gaveanews.com\/index.php\/wp-json\/wp\/v2\/media?parent=43807"}],"wp:term":[{"taxonomy":"category","embeddable":true,"href":"https:\/\/www.gaveanews.com\/index.php\/wp-json\/wp\/v2\/categories?post=43807"},{"taxonomy":"post_tag","embeddable":true,"href":"https:\/\/www.gaveanews.com\/index.php\/wp-json\/wp\/v2\/tags?post=43807"}],"curies":[{"name":"wp","href":"https:\/\/api.w.org\/{rel}","templated":true}]}}