{"id":43809,"date":"2020-07-17T18:24:59","date_gmt":"2020-07-17T21:24:59","guid":{"rendered":"https:\/\/www.gaveanews.com\/?p=43809"},"modified":"2020-07-17T18:25:08","modified_gmt":"2020-07-17T21:25:08","slug":"flamengo-emite-nota-oficial-sobre-jorge-jesus","status":"publish","type":"post","link":"https:\/\/www.gaveanews.com\/index.php\/2020\/07\/17\/flamengo-emite-nota-oficial-sobre-jorge-jesus\/","title":{"rendered":"Flamengo emite nota oficial sobre Jorge Jesus"},"content":{"rendered":"\n<p>Est\u00e1 oficialmente encerrada a era Jorge Jesus no Flamengo. O clube confirmou a sa\u00edda do treinador, que comunicou \u00e0 diretoria a decis\u00e3o de aceitar a proposta do Benfica. O Mister almo\u00e7ou com o vice-presidente de futebol, Marcos Braz, no restaurante em seu condom\u00ednio, na Barra da Tijuca, Zona Oeste do Rio de Janeiro.<\/p>\n\n\n\n<p>\u2014 O Clube de Regatas do Flamengo informa que, em reuni\u00e3o realizada na tarde desta sexta-feira (17), o t\u00e9cnico Jorge Jesus comunicou que, exercendo seu direito contratual, est\u00e1 se desligando do Clube para voltar para Portugal. Apesar de lamentar a perda de seu vitorioso t\u00e9cnico, o Flamengo respeita esta decis\u00e3o pessoal &#8211; diz a nota oficial divulgada pelo Flamengo.<\/p>\n\n\n\n<p>O pr\u00f3ximo passo para Jesus, agora, \u00e9 redigir e assinar o contrato com o Benfica. O v\u00ednculo ser\u00e1 de tr\u00eas anos, com Jesus recebendo um sal\u00e1rio de 3 milh\u00f5es de euros l\u00edquidos por temporada. Com ele, ir\u00e3o os seis portugueses de sua comiss\u00e3o t\u00e9cnica &#8211; h\u00e1 ainda o convite a Marcio Tannure, chefe do departamento m\u00e9dico rubro-negro.<\/p>\n\n\n\n<p>O Flamengo n\u00e3o vai negociar nada com o Benfica para a sa\u00edda de Jesus. O clube ter\u00e1 direito a receber 1 milh\u00e3o de euros, valor da multa rescis\u00f3ria estipulada com o Mister, quando ele renovou o contrato at\u00e9 junho de 2021.<\/p>\n\n\n\n<p>A not\u00edcia do acordo entre Benfica e Jorge Jesus foi dada pela imprensa portuguesa ainda na manh\u00e3 desta sexta-feira. A esta altura, os dirigentes do Flamengo ainda n\u00e3o tinham sido informados da decis\u00e3o pelo Mister.<\/p>\n\n\n\n<p>Marcos Braz se encontrou com o treinador no restaurante de um clube no condom\u00ednio onde Jesus mora. Eles ficaram numa \u00e1rea reservada e conversaram por longo tempo. Depois disso, Braz se dirigiu a um restaurante pr\u00f3ximo.<\/p>\n\n\n\n<p>Jorge Jesus aceitou a proposta do Benfica dois dias ap\u00f3s conquistar o Campeonato Carioca pelo Flamengo, seu quinto t\u00edtulo com o clube em pouco mais de um ano. Na ocasi\u00e3o, ap\u00f3s a vit\u00f3ria sobre o Fluminense, o presidente Rodolfo Landim afirmou que n\u00e3o havia conversado com o Mister sobre uma poss\u00edvel sa\u00edda. E disse que o t\u00e9cnico estaria presente na reapresenta\u00e7\u00e3o do elenco, na pr\u00f3xima semana.<\/p>\n\n\n\n<p>\u2014 Segunda-feira, ele est\u00e1 treinando o time. \u00c9 isso que est\u00e1 marcado. Todo mundo est\u00e1 liberado hoje (quarta-feira) e todo mundo treina na segunda-feira. N\u00f3s estamos contando com ele l\u00e1 na segunda-feira, foi o que eu falei agora com ele no vesti\u00e1rio. Todo mundo tem direito, n\u00e9, ganharam um t\u00edtulo. Vamos dar uns dias de folga &#8211; disse o presidente.<\/p>\n\n\n\n<p>Nesta sexta, enquanto surgia a not\u00edcia do acerto com o Benfica, Landim esteve na G\u00e1vea para apresentar Bernardinho como novo t\u00e9cnico do time de v\u00f4lei do Flamengo. Em \u00e1udio que vazou durante a transmiss\u00e3o da Fla TV, o presidente disse que contava com o t\u00e9cnico.<\/p>\n\n\n\n<p>\u2014 Acho que sim (fica). Acho que nem est\u00e1 viajando. Eu nem falo nada. Conto com ele.<\/p>\n\n\n\n<h2 class=\"wp-block-heading\"><strong>Confira a \u00edntegra da nota oficial do Flamengo:<\/strong><\/h2>\n\n\n\n<p><em>&#8220;O Clube de Regatas do Flamengo informa que, em reuni\u00e3o realizada na tarde desta sexta-feira (17), o t\u00e9cnico Jorge Jesus comunicou que, exercendo seu direito contratual, est\u00e1 se desligando do Clube para voltar para Portugal. Apesar de lamentar a perda de seu vitorioso t\u00e9cnico, o Flamengo respeita esta decis\u00e3o pessoal.<\/em><\/p>\n\n\n\n<p><em>Nos 13 meses que Jorge Jesus dirigiu nosso time de futebol profissional, o Flamengo teve uma performance espetacular, conquistando a Copa Libertadores (2019), o Campeonato Brasileiro (2019), a Supercopa do Brasil (2020), a Recopa Sul-Americana (2020), a Ta\u00e7a Guanabara (2020) e, na \u00faltima quarta-feira (15), o Campeonato Carioca (2020).<\/em><\/p>\n\n\n\n<p><em>Em nome de toda a diretoria e dos 42 milh\u00f5es de rubro-negros que formam a Maior Torcida do Mundo, o nosso maior agradecimento a ele e toda sua comiss\u00e3o t\u00e9cnica por tudo o que foi feito e o nosso desejo que continuem mantendo o enorme sucesso como tiveram conosco.<\/em><\/p>\n\n\n\n<p><em>O Flamengo, seguindo o que seu hino preconiza &#8211; e que t\u00e3o bem Jorge Jesus representou &#8211; continuar\u00e1 no seu objetivo de sempre: Vencer, vencer, vencer!&#8221;<\/em><\/p>\n\n\n\n<p>Retirado de: Globo Esporte<\/p>\n","protected":false},"excerpt":{"rendered":"<p>Est\u00e1 oficialmente encerrada a era Jorge Jesus no Flamengo. O clube confirmou a sa\u00edda do treinador, que comunicou \u00e0 diretoria a decis\u00e3o de aceitar a proposta do Benfica. O Mister almo\u00e7ou com o vice-presidente de futebol, Marcos Braz, no restaurante em seu condom\u00ednio, na Barra da Tijuca, Zona Oeste do Rio de Janeiro. \u2014 O [&hellip;]<\/p>\n","protected":false},"author":1,"featured_media":28883,"comment_status":"open","ping_status":"closed","sticky":false,"template":"","format":"standard","meta":{"footnotes":""},"categories":[47],"tags":[],"class_list":["post-43809","post","type-post","status-publish","format-standard","has-post-thumbnail","hentry","category-destaques"],"yoast_head":"<!-- This site is optimized with the Yoast SEO Premium plugin v24.2 (Yoast SEO v26.9) - https:\/\/yoast.com\/product\/yoast-seo-premium-wordpress\/ -->\n<title>Flamengo emite nota oficial sobre Jorge Jesus<\/title>\n<meta name=\"description\" content=\"O Mister almo\u00e7ou com o vice-presidente de futebol, Marcos Braz, no restaurante em seu condom\u00ednio, na Barra da Tijuca, Zona Oeste do Rio de Janeiro.\" \/>\n<meta name=\"robots\" content=\"index, follow, max-snippet:-1, max-image-preview:large, max-video-preview:-1\" \/>\n<link rel=\"canonical\" href=\"https:\/\/www.gaveanews.com\/index.php\/2020\/07\/17\/flamengo-emite-nota-oficial-sobre-jorge-jesus\/\" \/>\n<meta property=\"og:locale\" content=\"pt_BR\" \/>\n<meta property=\"og:type\" content=\"article\" \/>\n<meta property=\"og:title\" content=\"Flamengo emite nota oficial sobre Jorge Jesus\" \/>\n<meta property=\"og:description\" content=\"O Mister almo\u00e7ou com o vice-presidente de futebol, Marcos Braz, no restaurante em seu condom\u00ednio, na Barra da Tijuca, Zona Oeste do Rio de Janeiro.\" \/>\n<meta property=\"og:url\" content=\"https:\/\/www.gaveanews.com\/index.php\/2020\/07\/17\/flamengo-emite-nota-oficial-sobre-jorge-jesus\/\" \/>\n<meta property=\"og:site_name\" content=\"G\u00e1vea News\" \/>\n<meta property=\"article:publisher\" content=\"https:\/\/facebook.com\/gaveaNews\/\" \/>\n<meta property=\"article:published_time\" content=\"2020-07-17T21:24:59+00:00\" \/>\n<meta property=\"article:modified_time\" content=\"2020-07-17T21:25:08+00:00\" \/>\n<meta property=\"og:image\" content=\"https:\/\/www.gaveanews.com\/wp-content\/uploads\/Tecnico-Jorge-Jesus-durante-uma-partida-do-Flamengo.webp\" \/>\n\t<meta property=\"og:image:width\" content=\"1\" \/>\n\t<meta property=\"og:image:height\" content=\"1\" \/>\n\t<meta property=\"og:image:type\" content=\"image\/jpeg\" \/>\n<meta name=\"author\" content=\"Equipe G\u00e1vea News\" \/>\n<meta name=\"twitter:card\" content=\"summary_large_image\" \/>\n<meta name=\"twitter:label1\" content=\"Escrito por\" \/>\n\t<meta name=\"twitter:data1\" content=\"Equipe G\u00e1vea News\" \/>\n\t<meta name=\"twitter:label2\" content=\"Est. tempo de leitura\" \/>\n\t<meta name=\"twitter:data2\" content=\"3 minutos\" \/>\n<script type=\"application\/ld+json\" class=\"yoast-schema-graph\">{\"@context\":\"https:\/\/schema.org\",\"@graph\":[{\"@type\":\"NewsArticle\",\"@id\":\"https:\/\/www.gaveanews.com\/index.php\/2020\/07\/17\/flamengo-emite-nota-oficial-sobre-jorge-jesus\/#article\",\"isPartOf\":{\"@id\":\"https:\/\/www.gaveanews.com\/index.php\/2020\/07\/17\/flamengo-emite-nota-oficial-sobre-jorge-jesus\/\"},\"author\":{\"name\":\"Equipe G\u00e1vea News\",\"@id\":\"https:\/\/www.gaveanews.com\/#\/schema\/person\/2ec14f73fb96be2caf28f91afb14749d\"},\"headline\":\"Flamengo emite nota oficial sobre Jorge Jesus\",\"datePublished\":\"2020-07-17T21:24:59+00:00\",\"dateModified\":\"2020-07-17T21:25:08+00:00\",\"mainEntityOfPage\":{\"@id\":\"https:\/\/www.gaveanews.com\/index.php\/2020\/07\/17\/flamengo-emite-nota-oficial-sobre-jorge-jesus\/\"},\"wordCount\":698,\"commentCount\":62,\"image\":{\"@id\":\"https:\/\/www.gaveanews.com\/index.php\/2020\/07\/17\/flamengo-emite-nota-oficial-sobre-jorge-jesus\/#primaryimage\"},\"thumbnailUrl\":\"https:\/\/www.gaveanews.com\/wp-content\/uploads\/Tecnico-Jorge-Jesus-durante-uma-partida-do-Flamengo.webp\",\"articleSection\":[\"Destaques\"],\"inLanguage\":\"pt-BR\",\"potentialAction\":[{\"@type\":\"CommentAction\",\"name\":\"Comment\",\"target\":[\"https:\/\/www.gaveanews.com\/index.php\/2020\/07\/17\/flamengo-emite-nota-oficial-sobre-jorge-jesus\/#respond\"]}],\"copyrightYear\":\"2020\",\"copyrightHolder\":{\"@id\":\"https:\/\/www.gaveanews.com\/#organization\"}},{\"@type\":\"WebPage\",\"@id\":\"https:\/\/www.gaveanews.com\/index.php\/2020\/07\/17\/flamengo-emite-nota-oficial-sobre-jorge-jesus\/\",\"url\":\"https:\/\/www.gaveanews.com\/index.php\/2020\/07\/17\/flamengo-emite-nota-oficial-sobre-jorge-jesus\/\",\"name\":\"Flamengo emite nota oficial sobre Jorge Jesus\",\"isPartOf\":{\"@id\":\"https:\/\/www.gaveanews.com\/#website\"},\"primaryImageOfPage\":{\"@id\":\"https:\/\/www.gaveanews.com\/index.php\/2020\/07\/17\/flamengo-emite-nota-oficial-sobre-jorge-jesus\/#primaryimage\"},\"image\":{\"@id\":\"https:\/\/www.gaveanews.com\/index.php\/2020\/07\/17\/flamengo-emite-nota-oficial-sobre-jorge-jesus\/#primaryimage\"},\"thumbnailUrl\":\"https:\/\/www.gaveanews.com\/wp-content\/uploads\/Tecnico-Jorge-Jesus-durante-uma-partida-do-Flamengo.webp\",\"datePublished\":\"2020-07-17T21:24:59+00:00\",\"dateModified\":\"2020-07-17T21:25:08+00:00\",\"author\":{\"@id\":\"https:\/\/www.gaveanews.com\/#\/schema\/person\/2ec14f73fb96be2caf28f91afb14749d\"},\"description\":\"O Mister almo\u00e7ou com o vice-presidente de futebol, Marcos Braz, no restaurante em seu condom\u00ednio, na Barra da Tijuca, Zona Oeste do Rio de Janeiro.\",\"breadcrumb\":{\"@id\":\"https:\/\/www.gaveanews.com\/index.php\/2020\/07\/17\/flamengo-emite-nota-oficial-sobre-jorge-jesus\/#breadcrumb\"},\"inLanguage\":\"pt-BR\",\"potentialAction\":[{\"@type\":\"ReadAction\",\"target\":[\"https:\/\/www.gaveanews.com\/index.php\/2020\/07\/17\/flamengo-emite-nota-oficial-sobre-jorge-jesus\/\"]}]},{\"@type\":\"ImageObject\",\"inLanguage\":\"pt-BR\",\"@id\":\"https:\/\/www.gaveanews.com\/index.php\/2020\/07\/17\/flamengo-emite-nota-oficial-sobre-jorge-jesus\/#primaryimage\",\"url\":\"https:\/\/www.gaveanews.com\/wp-content\/uploads\/Tecnico-Jorge-Jesus-durante-uma-partida-do-Flamengo.webp\",\"contentUrl\":\"https:\/\/www.gaveanews.com\/wp-content\/uploads\/Tecnico-Jorge-Jesus-durante-uma-partida-do-Flamengo.webp\",\"width\":900,\"height\":600,\"caption\":\"T\u00e9cnico Jorge Jesus durante uma partida do Flamengo (Foto: Reprodu\u00e7\u00e3o\/Flamengo)\"},{\"@type\":\"BreadcrumbList\",\"@id\":\"https:\/\/www.gaveanews.com\/index.php\/2020\/07\/17\/flamengo-emite-nota-oficial-sobre-jorge-jesus\/#breadcrumb\",\"itemListElement\":[{\"@type\":\"ListItem\",\"position\":1,\"name\":\"Home\",\"item\":\"https:\/\/www.gaveanews.com\/\"},{\"@type\":\"ListItem\",\"position\":2,\"name\":\"Flamengo emite nota oficial sobre Jorge Jesus\"}]},{\"@type\":\"WebSite\",\"@id\":\"https:\/\/www.gaveanews.com\/#website\",\"url\":\"https:\/\/www.gaveanews.com\/\",\"name\":\"G\u00e1vea News\",\"description\":\"Veja todas as not\u00edcias sobre o Flamengo: Contrata\u00e7\u00f5es, categorias de base, resultados das partidas, tabela de classifica\u00e7\u00e3o, pr\u00f3ximos jogos!\",\"potentialAction\":[{\"@type\":\"SearchAction\",\"target\":{\"@type\":\"EntryPoint\",\"urlTemplate\":\"https:\/\/www.gaveanews.com\/?s={search_term_string}\"},\"query-input\":{\"@type\":\"PropertyValueSpecification\",\"valueRequired\":true,\"valueName\":\"search_term_string\"}}],\"inLanguage\":\"pt-BR\"},{\"@type\":\"Person\",\"@id\":\"https:\/\/www.gaveanews.com\/#\/schema\/person\/2ec14f73fb96be2caf28f91afb14749d\",\"name\":\"Equipe G\u00e1vea News\",\"image\":{\"@type\":\"ImageObject\",\"inLanguage\":\"pt-BR\",\"@id\":\"https:\/\/www.gaveanews.com\/#\/schema\/person\/image\/\",\"url\":\"https:\/\/secure.gravatar.com\/avatar\/1e1956f1facbffd3f8fa53a326721950116b3b9dc9bd44939c01180fd4a745a9?s=96&d=mm&r=g\",\"contentUrl\":\"https:\/\/secure.gravatar.com\/avatar\/1e1956f1facbffd3f8fa53a326721950116b3b9dc9bd44939c01180fd4a745a9?s=96&d=mm&r=g\",\"caption\":\"Equipe G\u00e1vea News\"}}]}<\/script>\n<!-- \/ Yoast SEO Premium plugin. -->","yoast_head_json":{"title":"Flamengo emite nota oficial sobre Jorge Jesus","description":"O Mister almo\u00e7ou com o vice-presidente de futebol, Marcos Braz, no restaurante em seu condom\u00ednio, na Barra da Tijuca, Zona Oeste do Rio de Janeiro.","robots":{"index":"index","follow":"follow","max-snippet":"max-snippet:-1","max-image-preview":"max-image-preview:large","max-video-preview":"max-video-preview:-1"},"canonical":"https:\/\/www.gaveanews.com\/index.php\/2020\/07\/17\/flamengo-emite-nota-oficial-sobre-jorge-jesus\/","og_locale":"pt_BR","og_type":"article","og_title":"Flamengo emite nota oficial sobre Jorge Jesus","og_description":"O Mister almo\u00e7ou com o vice-presidente de futebol, Marcos Braz, no restaurante em seu condom\u00ednio, na Barra da Tijuca, Zona Oeste do Rio de Janeiro.","og_url":"https:\/\/www.gaveanews.com\/index.php\/2020\/07\/17\/flamengo-emite-nota-oficial-sobre-jorge-jesus\/","og_site_name":"G\u00e1vea News","article_publisher":"https:\/\/facebook.com\/gaveaNews\/","article_published_time":"2020-07-17T21:24:59+00:00","article_modified_time":"2020-07-17T21:25:08+00:00","og_image":[{"url":"https:\/\/www.gaveanews.com\/wp-content\/uploads\/Tecnico-Jorge-Jesus-durante-uma-partida-do-Flamengo.webp","width":1,"height":1,"type":"image\/jpeg"}],"author":"Equipe G\u00e1vea News","twitter_card":"summary_large_image","twitter_misc":{"Escrito por":"Equipe G\u00e1vea News","Est. tempo de leitura":"3 minutos"},"schema":{"@context":"https:\/\/schema.org","@graph":[{"@type":"NewsArticle","@id":"https:\/\/www.gaveanews.com\/index.php\/2020\/07\/17\/flamengo-emite-nota-oficial-sobre-jorge-jesus\/#article","isPartOf":{"@id":"https:\/\/www.gaveanews.com\/index.php\/2020\/07\/17\/flamengo-emite-nota-oficial-sobre-jorge-jesus\/"},"author":{"name":"Equipe G\u00e1vea News","@id":"https:\/\/www.gaveanews.com\/#\/schema\/person\/2ec14f73fb96be2caf28f91afb14749d"},"headline":"Flamengo emite nota oficial sobre Jorge Jesus","datePublished":"2020-07-17T21:24:59+00:00","dateModified":"2020-07-17T21:25:08+00:00","mainEntityOfPage":{"@id":"https:\/\/www.gaveanews.com\/index.php\/2020\/07\/17\/flamengo-emite-nota-oficial-sobre-jorge-jesus\/"},"wordCount":698,"commentCount":62,"image":{"@id":"https:\/\/www.gaveanews.com\/index.php\/2020\/07\/17\/flamengo-emite-nota-oficial-sobre-jorge-jesus\/#primaryimage"},"thumbnailUrl":"https:\/\/www.gaveanews.com\/wp-content\/uploads\/Tecnico-Jorge-Jesus-durante-uma-partida-do-Flamengo.webp","articleSection":["Destaques"],"inLanguage":"pt-BR","potentialAction":[{"@type":"CommentAction","name":"Comment","target":["https:\/\/www.gaveanews.com\/index.php\/2020\/07\/17\/flamengo-emite-nota-oficial-sobre-jorge-jesus\/#respond"]}],"copyrightYear":"2020","copyrightHolder":{"@id":"https:\/\/www.gaveanews.com\/#organization"}},{"@type":"WebPage","@id":"https:\/\/www.gaveanews.com\/index.php\/2020\/07\/17\/flamengo-emite-nota-oficial-sobre-jorge-jesus\/","url":"https:\/\/www.gaveanews.com\/index.php\/2020\/07\/17\/flamengo-emite-nota-oficial-sobre-jorge-jesus\/","name":"Flamengo emite nota oficial sobre Jorge Jesus","isPartOf":{"@id":"https:\/\/www.gaveanews.com\/#website"},"primaryImageOfPage":{"@id":"https:\/\/www.gaveanews.com\/index.php\/2020\/07\/17\/flamengo-emite-nota-oficial-sobre-jorge-jesus\/#primaryimage"},"image":{"@id":"https:\/\/www.gaveanews.com\/index.php\/2020\/07\/17\/flamengo-emite-nota-oficial-sobre-jorge-jesus\/#primaryimage"},"thumbnailUrl":"https:\/\/www.gaveanews.com\/wp-content\/uploads\/Tecnico-Jorge-Jesus-durante-uma-partida-do-Flamengo.webp","datePublished":"2020-07-17T21:24:59+00:00","dateModified":"2020-07-17T21:25:08+00:00","author":{"@id":"https:\/\/www.gaveanews.com\/#\/schema\/person\/2ec14f73fb96be2caf28f91afb14749d"},"description":"O Mister almo\u00e7ou com o vice-presidente de futebol, Marcos Braz, no restaurante em seu condom\u00ednio, na Barra da Tijuca, Zona Oeste do Rio de Janeiro.","breadcrumb":{"@id":"https:\/\/www.gaveanews.com\/index.php\/2020\/07\/17\/flamengo-emite-nota-oficial-sobre-jorge-jesus\/#breadcrumb"},"inLanguage":"pt-BR","potentialAction":[{"@type":"ReadAction","target":["https:\/\/www.gaveanews.com\/index.php\/2020\/07\/17\/flamengo-emite-nota-oficial-sobre-jorge-jesus\/"]}]},{"@type":"ImageObject","inLanguage":"pt-BR","@id":"https:\/\/www.gaveanews.com\/index.php\/2020\/07\/17\/flamengo-emite-nota-oficial-sobre-jorge-jesus\/#primaryimage","url":"https:\/\/www.gaveanews.com\/wp-content\/uploads\/Tecnico-Jorge-Jesus-durante-uma-partida-do-Flamengo.webp","contentUrl":"https:\/\/www.gaveanews.com\/wp-content\/uploads\/Tecnico-Jorge-Jesus-durante-uma-partida-do-Flamengo.webp","width":900,"height":600,"caption":"T\u00e9cnico Jorge Jesus durante uma partida do Flamengo (Foto: Reprodu\u00e7\u00e3o\/Flamengo)"},{"@type":"BreadcrumbList","@id":"https:\/\/www.gaveanews.com\/index.php\/2020\/07\/17\/flamengo-emite-nota-oficial-sobre-jorge-jesus\/#breadcrumb","itemListElement":[{"@type":"ListItem","position":1,"name":"Home","item":"https:\/\/www.gaveanews.com\/"},{"@type":"ListItem","position":2,"name":"Flamengo emite nota oficial sobre Jorge Jesus"}]},{"@type":"WebSite","@id":"https:\/\/www.gaveanews.com\/#website","url":"https:\/\/www.gaveanews.com\/","name":"G\u00e1vea News","description":"Veja todas as not\u00edcias sobre o Flamengo: Contrata\u00e7\u00f5es, categorias de base, resultados das partidas, tabela de classifica\u00e7\u00e3o, pr\u00f3ximos jogos!","potentialAction":[{"@type":"SearchAction","target":{"@type":"EntryPoint","urlTemplate":"https:\/\/www.gaveanews.com\/?s={search_term_string}"},"query-input":{"@type":"PropertyValueSpecification","valueRequired":true,"valueName":"search_term_string"}}],"inLanguage":"pt-BR"},{"@type":"Person","@id":"https:\/\/www.gaveanews.com\/#\/schema\/person\/2ec14f73fb96be2caf28f91afb14749d","name":"Equipe G\u00e1vea News","image":{"@type":"ImageObject","inLanguage":"pt-BR","@id":"https:\/\/www.gaveanews.com\/#\/schema\/person\/image\/","url":"https:\/\/secure.gravatar.com\/avatar\/1e1956f1facbffd3f8fa53a326721950116b3b9dc9bd44939c01180fd4a745a9?s=96&d=mm&r=g","contentUrl":"https:\/\/secure.gravatar.com\/avatar\/1e1956f1facbffd3f8fa53a326721950116b3b9dc9bd44939c01180fd4a745a9?s=96&d=mm&r=g","caption":"Equipe G\u00e1vea News"}}]}},"_links":{"self":[{"href":"https:\/\/www.gaveanews.com\/index.php\/wp-json\/wp\/v2\/posts\/43809","targetHints":{"allow":["GET"]}}],"collection":[{"href":"https:\/\/www.gaveanews.com\/index.php\/wp-json\/wp\/v2\/posts"}],"about":[{"href":"https:\/\/www.gaveanews.com\/index.php\/wp-json\/wp\/v2\/types\/post"}],"author":[{"embeddable":true,"href":"https:\/\/www.gaveanews.com\/index.php\/wp-json\/wp\/v2\/users\/1"}],"replies":[{"embeddable":true,"href":"https:\/\/www.gaveanews.com\/index.php\/wp-json\/wp\/v2\/comments?post=43809"}],"version-history":[{"count":0,"href":"https:\/\/www.gaveanews.com\/index.php\/wp-json\/wp\/v2\/posts\/43809\/revisions"}],"wp:featuredmedia":[{"embeddable":true,"href":"https:\/\/www.gaveanews.com\/index.php\/wp-json\/wp\/v2\/media\/28883"}],"wp:attachment":[{"href":"https:\/\/www.gaveanews.com\/index.php\/wp-json\/wp\/v2\/media?parent=43809"}],"wp:term":[{"taxonomy":"category","embeddable":true,"href":"https:\/\/www.gaveanews.com\/index.php\/wp-json\/wp\/v2\/categories?post=43809"},{"taxonomy":"post_tag","embeddable":true,"href":"https:\/\/www.gaveanews.com\/index.php\/wp-json\/wp\/v2\/tags?post=43809"}],"curies":[{"name":"wp","href":"https:\/\/api.w.org\/{rel}","templated":true}]}}