{"id":43818,"date":"2020-07-17T19:51:59","date_gmt":"2020-07-17T22:51:59","guid":{"rendered":"https:\/\/www.gaveanews.com\/?p=43818"},"modified":"2020-07-17T19:52:01","modified_gmt":"2020-07-17T22:52:01","slug":"apos-convite-de-jorge-jesus-medico-do-flamengo-manda-recado-para-a-torcida","status":"publish","type":"post","link":"https:\/\/www.gaveanews.com\/index.php\/2020\/07\/17\/apos-convite-de-jorge-jesus-medico-do-flamengo-manda-recado-para-a-torcida\/","title":{"rendered":"Ap\u00f3s convite de Jorge Jesus, m\u00e9dico do Flamengo manda recado para a torcida"},"content":{"rendered":"\n<p>Jorge Jesus est\u00e1 de sa\u00edda do Flamengo para comandar o Benfica pelos pr\u00f3ximos tr\u00eas anos. O treinador, inclusive, convidou tr\u00eas funcion\u00e1rios do Rubro-Negro para irem junto com ele para Portugal: o chefe do departamento m\u00e9dico M\u00e1rcio Tannure, o fisioterapeuta Fabiano Bastos e o preparador f\u00edsico Roberto Junior.<\/p>\n\n\n\n<p>Embora n\u00e3o tenha acontecido de maneira oficial, os contatos foram feitos informalmente atrav\u00e9s do aplicativo de conversa &#8216;Whatsapp&#8217;, antes mesmo de o Flamengo e o Benfica anunciarem a negocia\u00e7\u00e3o.<\/p>\n\n\n\n<p>Todavia, M\u00e1rcio Tannure se manifestou publicamente, confirmou sua perman\u00eancia, e mandou um recado para a torcida: &#8220;N\u00e3o tem outro igual&#8221;. Vale destacar que ele foi o respons\u00e1vel pela cria\u00e7\u00e3o do Centro de Excel\u00eancia e Performance do Flamengo, o Cep Fla, e se destacou recentemente pela cria\u00e7\u00e3o de protocolos m\u00e9dicos de retorno a treinamentos e partidas oficiais.<\/p>\n\n\n\n<figure class=\"wp-block-embed-twitter wp-block-embed is-type-rich is-provider-twitter\"><div class=\"wp-block-embed__wrapper\">\nhttps:\/\/twitter.com\/gavea_news\/status\/1284257985938837506\n<\/div><\/figure>\n\n\n\n<p>J\u00e1 Fabiano Bastos, \u00e9 considerado um dos melhores na profiss\u00e3o e j\u00e1 foi sondado por clubes brasileiros. Por fim, mas n\u00e3o menos importante, Roberto Junior, mais conhecido como Betinho, est\u00e1 no Flamengo h\u00e1 anos e ganhou a confian\u00e7a de Jorge Jesus depois de demonstrar conhecimentos diferenciados na opini\u00e3o do portugu\u00eas.<\/p>\n\n\n\n<p>Adaptado de: O Dia<\/p>\n","protected":false},"excerpt":{"rendered":"<p>Jorge Jesus est\u00e1 de sa\u00edda do Flamengo para comandar o Benfica pelos pr\u00f3ximos tr\u00eas anos. O treinador, inclusive, convidou tr\u00eas funcion\u00e1rios do Rubro-Negro para irem junto com ele para Portugal: o chefe do departamento m\u00e9dico M\u00e1rcio Tannure, o fisioterapeuta Fabiano Bastos e o preparador f\u00edsico Roberto Junior. Embora n\u00e3o tenha acontecido de maneira oficial, os [&hellip;]<\/p>\n","protected":false},"author":1,"featured_media":37748,"comment_status":"open","ping_status":"closed","sticky":false,"template":"","format":"standard","meta":{"footnotes":""},"categories":[47],"tags":[],"class_list":["post-43818","post","type-post","status-publish","format-standard","has-post-thumbnail","hentry","category-destaques"],"yoast_head":"<!-- This site is optimized with the Yoast SEO Premium plugin v24.2 (Yoast SEO v26.9) - https:\/\/yoast.com\/product\/yoast-seo-premium-wordpress\/ -->\n<title>Ap\u00f3s convite de Jesus, m\u00e9dico do Flamengo manda recado para a Na\u00e7\u00e3o<\/title>\n<meta name=\"description\" content=\"Jorge Jesus est\u00e1 de sa\u00edda do Flamengo para comandar o Benfica pelos pr\u00f3ximos tr\u00eas anos. O treinador, inclusive, convidou tr\u00eas funcion\u00e1rios do Rubro-Negro.\" \/>\n<meta name=\"robots\" content=\"index, follow, max-snippet:-1, max-image-preview:large, max-video-preview:-1\" \/>\n<link rel=\"canonical\" href=\"https:\/\/www.gaveanews.com\/index.php\/2020\/07\/17\/apos-convite-de-jorge-jesus-medico-do-flamengo-manda-recado-para-a-torcida\/\" \/>\n<meta property=\"og:locale\" content=\"pt_BR\" \/>\n<meta property=\"og:type\" content=\"article\" \/>\n<meta property=\"og:title\" content=\"Ap\u00f3s convite de Jorge Jesus, m\u00e9dico do Flamengo manda recado para a torcida\" \/>\n<meta property=\"og:description\" content=\"Jorge Jesus est\u00e1 de sa\u00edda do Flamengo para comandar o Benfica pelos pr\u00f3ximos tr\u00eas anos. O treinador, inclusive, convidou tr\u00eas funcion\u00e1rios do Rubro-Negro.\" \/>\n<meta property=\"og:url\" content=\"https:\/\/www.gaveanews.com\/index.php\/2020\/07\/17\/apos-convite-de-jorge-jesus-medico-do-flamengo-manda-recado-para-a-torcida\/\" \/>\n<meta property=\"og:site_name\" content=\"G\u00e1vea News\" \/>\n<meta property=\"article:publisher\" content=\"https:\/\/facebook.com\/gaveaNews\/\" \/>\n<meta property=\"article:published_time\" content=\"2020-07-17T22:51:59+00:00\" \/>\n<meta property=\"article:modified_time\" content=\"2020-07-17T22:52:01+00:00\" \/>\n<meta property=\"og:image\" content=\"https:\/\/www.gaveanews.com\/wp-content\/uploads\/Marcio-Tannure-antes-de-uma-partida-da-Copa-Libertadores-2.webp\" \/>\n\t<meta property=\"og:image:width\" content=\"1\" \/>\n\t<meta property=\"og:image:height\" content=\"1\" \/>\n\t<meta property=\"og:image:type\" content=\"image\/jpeg\" \/>\n<meta name=\"author\" content=\"Equipe G\u00e1vea News\" \/>\n<meta name=\"twitter:card\" content=\"summary_large_image\" \/>\n<meta name=\"twitter:label1\" content=\"Escrito por\" \/>\n\t<meta name=\"twitter:data1\" content=\"Equipe G\u00e1vea News\" \/>\n\t<meta name=\"twitter:label2\" content=\"Est. tempo de leitura\" \/>\n\t<meta name=\"twitter:data2\" content=\"1 minuto\" \/>\n<script type=\"application\/ld+json\" class=\"yoast-schema-graph\">{\"@context\":\"https:\/\/schema.org\",\"@graph\":[{\"@type\":\"NewsArticle\",\"@id\":\"https:\/\/www.gaveanews.com\/index.php\/2020\/07\/17\/apos-convite-de-jorge-jesus-medico-do-flamengo-manda-recado-para-a-torcida\/#article\",\"isPartOf\":{\"@id\":\"https:\/\/www.gaveanews.com\/index.php\/2020\/07\/17\/apos-convite-de-jorge-jesus-medico-do-flamengo-manda-recado-para-a-torcida\/\"},\"author\":{\"name\":\"Equipe G\u00e1vea News\",\"@id\":\"https:\/\/www.gaveanews.com\/#\/schema\/person\/2ec14f73fb96be2caf28f91afb14749d\"},\"headline\":\"Ap\u00f3s convite de Jorge Jesus, m\u00e9dico do Flamengo manda recado para a torcida\",\"datePublished\":\"2020-07-17T22:51:59+00:00\",\"dateModified\":\"2020-07-17T22:52:01+00:00\",\"mainEntityOfPage\":{\"@id\":\"https:\/\/www.gaveanews.com\/index.php\/2020\/07\/17\/apos-convite-de-jorge-jesus-medico-do-flamengo-manda-recado-para-a-torcida\/\"},\"wordCount\":230,\"commentCount\":33,\"image\":{\"@id\":\"https:\/\/www.gaveanews.com\/index.php\/2020\/07\/17\/apos-convite-de-jorge-jesus-medico-do-flamengo-manda-recado-para-a-torcida\/#primaryimage\"},\"thumbnailUrl\":\"https:\/\/www.gaveanews.com\/wp-content\/uploads\/Marcio-Tannure-antes-de-uma-partida-da-Copa-Libertadores-2.webp\",\"articleSection\":[\"Destaques\"],\"inLanguage\":\"pt-BR\",\"potentialAction\":[{\"@type\":\"CommentAction\",\"name\":\"Comment\",\"target\":[\"https:\/\/www.gaveanews.com\/index.php\/2020\/07\/17\/apos-convite-de-jorge-jesus-medico-do-flamengo-manda-recado-para-a-torcida\/#respond\"]}],\"copyrightYear\":\"2020\",\"copyrightHolder\":{\"@id\":\"https:\/\/www.gaveanews.com\/#organization\"}},{\"@type\":\"WebPage\",\"@id\":\"https:\/\/www.gaveanews.com\/index.php\/2020\/07\/17\/apos-convite-de-jorge-jesus-medico-do-flamengo-manda-recado-para-a-torcida\/\",\"url\":\"https:\/\/www.gaveanews.com\/index.php\/2020\/07\/17\/apos-convite-de-jorge-jesus-medico-do-flamengo-manda-recado-para-a-torcida\/\",\"name\":\"Ap\u00f3s convite de Jesus, m\u00e9dico do Flamengo manda recado para a Na\u00e7\u00e3o\",\"isPartOf\":{\"@id\":\"https:\/\/www.gaveanews.com\/#website\"},\"primaryImageOfPage\":{\"@id\":\"https:\/\/www.gaveanews.com\/index.php\/2020\/07\/17\/apos-convite-de-jorge-jesus-medico-do-flamengo-manda-recado-para-a-torcida\/#primaryimage\"},\"image\":{\"@id\":\"https:\/\/www.gaveanews.com\/index.php\/2020\/07\/17\/apos-convite-de-jorge-jesus-medico-do-flamengo-manda-recado-para-a-torcida\/#primaryimage\"},\"thumbnailUrl\":\"https:\/\/www.gaveanews.com\/wp-content\/uploads\/Marcio-Tannure-antes-de-uma-partida-da-Copa-Libertadores-2.webp\",\"datePublished\":\"2020-07-17T22:51:59+00:00\",\"dateModified\":\"2020-07-17T22:52:01+00:00\",\"author\":{\"@id\":\"https:\/\/www.gaveanews.com\/#\/schema\/person\/2ec14f73fb96be2caf28f91afb14749d\"},\"description\":\"Jorge Jesus est\u00e1 de sa\u00edda do Flamengo para comandar o Benfica pelos pr\u00f3ximos tr\u00eas anos. O treinador, inclusive, convidou tr\u00eas funcion\u00e1rios do Rubro-Negro.\",\"breadcrumb\":{\"@id\":\"https:\/\/www.gaveanews.com\/index.php\/2020\/07\/17\/apos-convite-de-jorge-jesus-medico-do-flamengo-manda-recado-para-a-torcida\/#breadcrumb\"},\"inLanguage\":\"pt-BR\",\"potentialAction\":[{\"@type\":\"ReadAction\",\"target\":[\"https:\/\/www.gaveanews.com\/index.php\/2020\/07\/17\/apos-convite-de-jorge-jesus-medico-do-flamengo-manda-recado-para-a-torcida\/\"]}]},{\"@type\":\"ImageObject\",\"inLanguage\":\"pt-BR\",\"@id\":\"https:\/\/www.gaveanews.com\/index.php\/2020\/07\/17\/apos-convite-de-jorge-jesus-medico-do-flamengo-manda-recado-para-a-torcida\/#primaryimage\",\"url\":\"https:\/\/www.gaveanews.com\/wp-content\/uploads\/Marcio-Tannure-antes-de-uma-partida-da-Copa-Libertadores-2.webp\",\"contentUrl\":\"https:\/\/www.gaveanews.com\/wp-content\/uploads\/Marcio-Tannure-antes-de-uma-partida-da-Copa-Libertadores-2.webp\"},{\"@type\":\"BreadcrumbList\",\"@id\":\"https:\/\/www.gaveanews.com\/index.php\/2020\/07\/17\/apos-convite-de-jorge-jesus-medico-do-flamengo-manda-recado-para-a-torcida\/#breadcrumb\",\"itemListElement\":[{\"@type\":\"ListItem\",\"position\":1,\"name\":\"Home\",\"item\":\"https:\/\/www.gaveanews.com\/\"},{\"@type\":\"ListItem\",\"position\":2,\"name\":\"Ap\u00f3s convite de Jorge Jesus, m\u00e9dico do Flamengo manda recado para a torcida\"}]},{\"@type\":\"WebSite\",\"@id\":\"https:\/\/www.gaveanews.com\/#website\",\"url\":\"https:\/\/www.gaveanews.com\/\",\"name\":\"G\u00e1vea News\",\"description\":\"Veja todas as not\u00edcias sobre o Flamengo: Contrata\u00e7\u00f5es, categorias de base, resultados das partidas, tabela de classifica\u00e7\u00e3o, pr\u00f3ximos jogos!\",\"potentialAction\":[{\"@type\":\"SearchAction\",\"target\":{\"@type\":\"EntryPoint\",\"urlTemplate\":\"https:\/\/www.gaveanews.com\/?s={search_term_string}\"},\"query-input\":{\"@type\":\"PropertyValueSpecification\",\"valueRequired\":true,\"valueName\":\"search_term_string\"}}],\"inLanguage\":\"pt-BR\"},{\"@type\":\"Person\",\"@id\":\"https:\/\/www.gaveanews.com\/#\/schema\/person\/2ec14f73fb96be2caf28f91afb14749d\",\"name\":\"Equipe G\u00e1vea News\",\"image\":{\"@type\":\"ImageObject\",\"inLanguage\":\"pt-BR\",\"@id\":\"https:\/\/www.gaveanews.com\/#\/schema\/person\/image\/\",\"url\":\"https:\/\/secure.gravatar.com\/avatar\/1e1956f1facbffd3f8fa53a326721950116b3b9dc9bd44939c01180fd4a745a9?s=96&d=mm&r=g\",\"contentUrl\":\"https:\/\/secure.gravatar.com\/avatar\/1e1956f1facbffd3f8fa53a326721950116b3b9dc9bd44939c01180fd4a745a9?s=96&d=mm&r=g\",\"caption\":\"Equipe G\u00e1vea News\"}}]}<\/script>\n<!-- \/ Yoast SEO Premium plugin. -->","yoast_head_json":{"title":"Ap\u00f3s convite de Jesus, m\u00e9dico do Flamengo manda recado para a Na\u00e7\u00e3o","description":"Jorge Jesus est\u00e1 de sa\u00edda do Flamengo para comandar o Benfica pelos pr\u00f3ximos tr\u00eas anos. O treinador, inclusive, convidou tr\u00eas funcion\u00e1rios do Rubro-Negro.","robots":{"index":"index","follow":"follow","max-snippet":"max-snippet:-1","max-image-preview":"max-image-preview:large","max-video-preview":"max-video-preview:-1"},"canonical":"https:\/\/www.gaveanews.com\/index.php\/2020\/07\/17\/apos-convite-de-jorge-jesus-medico-do-flamengo-manda-recado-para-a-torcida\/","og_locale":"pt_BR","og_type":"article","og_title":"Ap\u00f3s convite de Jorge Jesus, m\u00e9dico do Flamengo manda recado para a torcida","og_description":"Jorge Jesus est\u00e1 de sa\u00edda do Flamengo para comandar o Benfica pelos pr\u00f3ximos tr\u00eas anos. O treinador, inclusive, convidou tr\u00eas funcion\u00e1rios do Rubro-Negro.","og_url":"https:\/\/www.gaveanews.com\/index.php\/2020\/07\/17\/apos-convite-de-jorge-jesus-medico-do-flamengo-manda-recado-para-a-torcida\/","og_site_name":"G\u00e1vea News","article_publisher":"https:\/\/facebook.com\/gaveaNews\/","article_published_time":"2020-07-17T22:51:59+00:00","article_modified_time":"2020-07-17T22:52:01+00:00","og_image":[{"url":"https:\/\/www.gaveanews.com\/wp-content\/uploads\/Marcio-Tannure-antes-de-uma-partida-da-Copa-Libertadores-2.webp","width":1,"height":1,"type":"image\/jpeg"}],"author":"Equipe G\u00e1vea News","twitter_card":"summary_large_image","twitter_misc":{"Escrito por":"Equipe G\u00e1vea News","Est. tempo de leitura":"1 minuto"},"schema":{"@context":"https:\/\/schema.org","@graph":[{"@type":"NewsArticle","@id":"https:\/\/www.gaveanews.com\/index.php\/2020\/07\/17\/apos-convite-de-jorge-jesus-medico-do-flamengo-manda-recado-para-a-torcida\/#article","isPartOf":{"@id":"https:\/\/www.gaveanews.com\/index.php\/2020\/07\/17\/apos-convite-de-jorge-jesus-medico-do-flamengo-manda-recado-para-a-torcida\/"},"author":{"name":"Equipe G\u00e1vea News","@id":"https:\/\/www.gaveanews.com\/#\/schema\/person\/2ec14f73fb96be2caf28f91afb14749d"},"headline":"Ap\u00f3s convite de Jorge Jesus, m\u00e9dico do Flamengo manda recado para a torcida","datePublished":"2020-07-17T22:51:59+00:00","dateModified":"2020-07-17T22:52:01+00:00","mainEntityOfPage":{"@id":"https:\/\/www.gaveanews.com\/index.php\/2020\/07\/17\/apos-convite-de-jorge-jesus-medico-do-flamengo-manda-recado-para-a-torcida\/"},"wordCount":230,"commentCount":33,"image":{"@id":"https:\/\/www.gaveanews.com\/index.php\/2020\/07\/17\/apos-convite-de-jorge-jesus-medico-do-flamengo-manda-recado-para-a-torcida\/#primaryimage"},"thumbnailUrl":"https:\/\/www.gaveanews.com\/wp-content\/uploads\/Marcio-Tannure-antes-de-uma-partida-da-Copa-Libertadores-2.webp","articleSection":["Destaques"],"inLanguage":"pt-BR","potentialAction":[{"@type":"CommentAction","name":"Comment","target":["https:\/\/www.gaveanews.com\/index.php\/2020\/07\/17\/apos-convite-de-jorge-jesus-medico-do-flamengo-manda-recado-para-a-torcida\/#respond"]}],"copyrightYear":"2020","copyrightHolder":{"@id":"https:\/\/www.gaveanews.com\/#organization"}},{"@type":"WebPage","@id":"https:\/\/www.gaveanews.com\/index.php\/2020\/07\/17\/apos-convite-de-jorge-jesus-medico-do-flamengo-manda-recado-para-a-torcida\/","url":"https:\/\/www.gaveanews.com\/index.php\/2020\/07\/17\/apos-convite-de-jorge-jesus-medico-do-flamengo-manda-recado-para-a-torcida\/","name":"Ap\u00f3s convite de Jesus, m\u00e9dico do Flamengo manda recado para a Na\u00e7\u00e3o","isPartOf":{"@id":"https:\/\/www.gaveanews.com\/#website"},"primaryImageOfPage":{"@id":"https:\/\/www.gaveanews.com\/index.php\/2020\/07\/17\/apos-convite-de-jorge-jesus-medico-do-flamengo-manda-recado-para-a-torcida\/#primaryimage"},"image":{"@id":"https:\/\/www.gaveanews.com\/index.php\/2020\/07\/17\/apos-convite-de-jorge-jesus-medico-do-flamengo-manda-recado-para-a-torcida\/#primaryimage"},"thumbnailUrl":"https:\/\/www.gaveanews.com\/wp-content\/uploads\/Marcio-Tannure-antes-de-uma-partida-da-Copa-Libertadores-2.webp","datePublished":"2020-07-17T22:51:59+00:00","dateModified":"2020-07-17T22:52:01+00:00","author":{"@id":"https:\/\/www.gaveanews.com\/#\/schema\/person\/2ec14f73fb96be2caf28f91afb14749d"},"description":"Jorge Jesus est\u00e1 de sa\u00edda do Flamengo para comandar o Benfica pelos pr\u00f3ximos tr\u00eas anos. O treinador, inclusive, convidou tr\u00eas funcion\u00e1rios do Rubro-Negro.","breadcrumb":{"@id":"https:\/\/www.gaveanews.com\/index.php\/2020\/07\/17\/apos-convite-de-jorge-jesus-medico-do-flamengo-manda-recado-para-a-torcida\/#breadcrumb"},"inLanguage":"pt-BR","potentialAction":[{"@type":"ReadAction","target":["https:\/\/www.gaveanews.com\/index.php\/2020\/07\/17\/apos-convite-de-jorge-jesus-medico-do-flamengo-manda-recado-para-a-torcida\/"]}]},{"@type":"ImageObject","inLanguage":"pt-BR","@id":"https:\/\/www.gaveanews.com\/index.php\/2020\/07\/17\/apos-convite-de-jorge-jesus-medico-do-flamengo-manda-recado-para-a-torcida\/#primaryimage","url":"https:\/\/www.gaveanews.com\/wp-content\/uploads\/Marcio-Tannure-antes-de-uma-partida-da-Copa-Libertadores-2.webp","contentUrl":"https:\/\/www.gaveanews.com\/wp-content\/uploads\/Marcio-Tannure-antes-de-uma-partida-da-Copa-Libertadores-2.webp"},{"@type":"BreadcrumbList","@id":"https:\/\/www.gaveanews.com\/index.php\/2020\/07\/17\/apos-convite-de-jorge-jesus-medico-do-flamengo-manda-recado-para-a-torcida\/#breadcrumb","itemListElement":[{"@type":"ListItem","position":1,"name":"Home","item":"https:\/\/www.gaveanews.com\/"},{"@type":"ListItem","position":2,"name":"Ap\u00f3s convite de Jorge Jesus, m\u00e9dico do Flamengo manda recado para a torcida"}]},{"@type":"WebSite","@id":"https:\/\/www.gaveanews.com\/#website","url":"https:\/\/www.gaveanews.com\/","name":"G\u00e1vea News","description":"Veja todas as not\u00edcias sobre o Flamengo: Contrata\u00e7\u00f5es, categorias de base, resultados das partidas, tabela de classifica\u00e7\u00e3o, pr\u00f3ximos jogos!","potentialAction":[{"@type":"SearchAction","target":{"@type":"EntryPoint","urlTemplate":"https:\/\/www.gaveanews.com\/?s={search_term_string}"},"query-input":{"@type":"PropertyValueSpecification","valueRequired":true,"valueName":"search_term_string"}}],"inLanguage":"pt-BR"},{"@type":"Person","@id":"https:\/\/www.gaveanews.com\/#\/schema\/person\/2ec14f73fb96be2caf28f91afb14749d","name":"Equipe G\u00e1vea News","image":{"@type":"ImageObject","inLanguage":"pt-BR","@id":"https:\/\/www.gaveanews.com\/#\/schema\/person\/image\/","url":"https:\/\/secure.gravatar.com\/avatar\/1e1956f1facbffd3f8fa53a326721950116b3b9dc9bd44939c01180fd4a745a9?s=96&d=mm&r=g","contentUrl":"https:\/\/secure.gravatar.com\/avatar\/1e1956f1facbffd3f8fa53a326721950116b3b9dc9bd44939c01180fd4a745a9?s=96&d=mm&r=g","caption":"Equipe G\u00e1vea News"}}]}},"_links":{"self":[{"href":"https:\/\/www.gaveanews.com\/index.php\/wp-json\/wp\/v2\/posts\/43818","targetHints":{"allow":["GET"]}}],"collection":[{"href":"https:\/\/www.gaveanews.com\/index.php\/wp-json\/wp\/v2\/posts"}],"about":[{"href":"https:\/\/www.gaveanews.com\/index.php\/wp-json\/wp\/v2\/types\/post"}],"author":[{"embeddable":true,"href":"https:\/\/www.gaveanews.com\/index.php\/wp-json\/wp\/v2\/users\/1"}],"replies":[{"embeddable":true,"href":"https:\/\/www.gaveanews.com\/index.php\/wp-json\/wp\/v2\/comments?post=43818"}],"version-history":[{"count":0,"href":"https:\/\/www.gaveanews.com\/index.php\/wp-json\/wp\/v2\/posts\/43818\/revisions"}],"wp:featuredmedia":[{"embeddable":true,"href":"https:\/\/www.gaveanews.com\/index.php\/wp-json\/wp\/v2\/media\/37748"}],"wp:attachment":[{"href":"https:\/\/www.gaveanews.com\/index.php\/wp-json\/wp\/v2\/media?parent=43818"}],"wp:term":[{"taxonomy":"category","embeddable":true,"href":"https:\/\/www.gaveanews.com\/index.php\/wp-json\/wp\/v2\/categories?post=43818"},{"taxonomy":"post_tag","embeddable":true,"href":"https:\/\/www.gaveanews.com\/index.php\/wp-json\/wp\/v2\/tags?post=43818"}],"curies":[{"name":"wp","href":"https:\/\/api.w.org\/{rel}","templated":true}]}}