{"id":43850,"date":"2020-07-18T18:23:43","date_gmt":"2020-07-18T21:23:43","guid":{"rendered":"https:\/\/www.gaveanews.com\/?p=43850"},"modified":"2020-07-18T18:23:46","modified_gmt":"2020-07-18T21:23:46","slug":"flamenguista-apresentadora-se-emociona-ao-anunciar-saida-de-jesus","status":"publish","type":"post","link":"https:\/\/www.gaveanews.com\/index.php\/2020\/07\/18\/flamenguista-apresentadora-se-emociona-ao-anunciar-saida-de-jesus\/","title":{"rendered":"Flamenguista, apresentadora se emociona ao anunciar sa\u00edda de Jesus"},"content":{"rendered":"\n<p>Apresentadora da CNN Brasil no Rio de Janeiro, Rachel Amorim se emocionou ao noticiar a sa\u00edda de Jorge Jesus do Flamengo. Durante o Expresso CNN desta sexta-feira (17), ela fez express\u00f5es faciais tristes enquanto comentava a not\u00edcia e despertou a curiosidade de Monalisa Perrone e Caio Junqueira, titulares do notici\u00e1rio.<\/p>\n\n\n\n<p>&#8220;Uma not\u00edcia deixou os Rubro-Negros muito tristes. O Flamengo confirmou, agora h\u00e1 pouco, a sa\u00edda do t\u00e9cnico Jorge Jesus depois de 13 meses \u00e0 frente do time, 13 meses vitoriosos&#8221;, afirmou Rachel, com a voz em tom de tristeza antes de chamar a rep\u00f3rter<\/p>\n\n\n\n<p>Ap\u00f3s a participa\u00e7\u00e3o da rep\u00f3rter, Rachel desejou boa sorte para o t\u00e9cnico em sua nova empreitada profissional, no time portugu\u00eas Benfica.<\/p>\n\n\n\n<p>No est\u00fadio em S\u00e3o Paulo, Monalisa Perrone percebeu a emo\u00e7\u00e3o da \u00e2ncora da capital fluminense e a questionou: &#8220;Rachel, n\u00e3o tem como dar boa noite. Na hora que voc\u00ea estava falando e n\u00e3o sei quantos meses, conquistou tudo, voc\u00ea \u00e9 flamenguista?&#8221;.<\/p>\n\n\n\n<p>Aos risos, Rachel confirmou que \u00e9 torcedora do time. Caio Junqueira brincou com a colega: &#8220;T\u00e1 tristinha, n\u00e9?&#8221;, e ela fez um aceno positivo com a cabe\u00e7a. &#8220;Ali\u00e1s, j\u00e1 que voc\u00ea \u00e9 flamenguista dessas que fala com a boca cheia, estavam dizendo que era uma cifra imposs\u00edvel de dizer n\u00e3o. Tens esse n\u00famero que revela o porque da mudan\u00e7a, o tchau do Jorge Jesus?&#8221;, perguntou Monalisa.<\/p>\n\n\n\n<p>&#8220;Olha, esse n\u00famero confirmado eu n\u00e3o tenho. Mas eu sei que \u00e9 menos do que foi estipulado, mas ainda \u00e9 bem maior do que ele ganha do Flamengo. N\u00e3o tinha como manter ele&#8221;, respondeu Rachel, que manifestou torcida para que Jorge Sampaoli, atual t\u00e9cnico do Atl\u00e9tico-MG, seja contratado pelo clube carioca.<\/p>\n\n\n\n<p>Jesus foi contratado pelo Flamengo no ano passado e comandou o time na vit\u00f3ria de cinco torneios esportivos: Campeonato Brasileiro 2019, Copa Libertadores 2019, Recopa Sul-Americana 2020, Supercopa do Brasil 2020 e o Campeonato Carioca 2020 (este na \u00faltima quarta, em jogo transmitido pelo SBT). Sob o seu comando, o Flamengo sofreu s\u00f3 quatro derrotas.<\/p>\n\n\n\n<p>Retirado de: Noticias da TV<\/p>\n","protected":false},"excerpt":{"rendered":"<p>Apresentadora da CNN Brasil no Rio de Janeiro, Rachel Amorim se emocionou ao noticiar a sa\u00edda de Jorge Jesus do Flamengo. Durante o Expresso CNN desta sexta-feira (17), ela fez express\u00f5es faciais tristes enquanto comentava a not\u00edcia e despertou a curiosidade de Monalisa Perrone e Caio Junqueira, titulares do notici\u00e1rio. &#8220;Uma not\u00edcia deixou os Rubro-Negros [&hellip;]<\/p>\n","protected":false},"author":1,"featured_media":28885,"comment_status":"open","ping_status":"closed","sticky":false,"template":"","format":"standard","meta":{"footnotes":""},"categories":[47],"tags":[],"class_list":["post-43850","post","type-post","status-publish","format-standard","has-post-thumbnail","hentry","category-destaques"],"yoast_head":"<!-- This site is optimized with the Yoast SEO Premium plugin v24.2 (Yoast SEO v26.9) - https:\/\/yoast.com\/product\/yoast-seo-premium-wordpress\/ -->\n<title>Flamenguista, apresentadora se emociona ao anunciar sa\u00edda de Jesus<\/title>\n<meta name=\"description\" content=\"Jorge Jesus foi contratado pela diretoria do Flamengo no ano passado e comandou o time na vit\u00f3ria de cinco torneios esportivos.\" \/>\n<meta name=\"robots\" content=\"index, follow, max-snippet:-1, max-image-preview:large, max-video-preview:-1\" \/>\n<link rel=\"canonical\" href=\"https:\/\/www.gaveanews.com\/index.php\/2020\/07\/18\/flamenguista-apresentadora-se-emociona-ao-anunciar-saida-de-jesus\/\" \/>\n<meta property=\"og:locale\" content=\"pt_BR\" \/>\n<meta property=\"og:type\" content=\"article\" \/>\n<meta property=\"og:title\" content=\"Flamenguista, apresentadora se emociona ao anunciar sa\u00edda de Jesus\" \/>\n<meta property=\"og:description\" content=\"Jorge Jesus foi contratado pela diretoria do Flamengo no ano passado e comandou o time na vit\u00f3ria de cinco torneios esportivos.\" \/>\n<meta property=\"og:url\" content=\"https:\/\/www.gaveanews.com\/index.php\/2020\/07\/18\/flamenguista-apresentadora-se-emociona-ao-anunciar-saida-de-jesus\/\" \/>\n<meta property=\"og:site_name\" content=\"G\u00e1vea News\" \/>\n<meta property=\"article:publisher\" content=\"https:\/\/facebook.com\/gaveaNews\/\" \/>\n<meta property=\"article:published_time\" content=\"2020-07-18T21:23:43+00:00\" \/>\n<meta property=\"article:modified_time\" content=\"2020-07-18T21:23:46+00:00\" \/>\n<meta property=\"og:image\" content=\"https:\/\/www.gaveanews.com\/wp-content\/uploads\/Jesus-durante-uma-partida-do-Flamengo.webp\" \/>\n\t<meta property=\"og:image:width\" content=\"900\" \/>\n\t<meta property=\"og:image:height\" content=\"600\" \/>\n\t<meta property=\"og:image:type\" content=\"image\/jpeg\" \/>\n<meta name=\"author\" content=\"Equipe G\u00e1vea News\" \/>\n<meta name=\"twitter:card\" content=\"summary_large_image\" \/>\n<meta name=\"twitter:label1\" content=\"Escrito por\" \/>\n\t<meta name=\"twitter:data1\" content=\"Equipe G\u00e1vea News\" \/>\n\t<meta name=\"twitter:label2\" content=\"Est. tempo de leitura\" \/>\n\t<meta name=\"twitter:data2\" content=\"2 minutos\" \/>\n<script type=\"application\/ld+json\" class=\"yoast-schema-graph\">{\"@context\":\"https:\/\/schema.org\",\"@graph\":[{\"@type\":\"NewsArticle\",\"@id\":\"https:\/\/www.gaveanews.com\/index.php\/2020\/07\/18\/flamenguista-apresentadora-se-emociona-ao-anunciar-saida-de-jesus\/#article\",\"isPartOf\":{\"@id\":\"https:\/\/www.gaveanews.com\/index.php\/2020\/07\/18\/flamenguista-apresentadora-se-emociona-ao-anunciar-saida-de-jesus\/\"},\"author\":{\"name\":\"Equipe G\u00e1vea News\",\"@id\":\"https:\/\/www.gaveanews.com\/#\/schema\/person\/2ec14f73fb96be2caf28f91afb14749d\"},\"headline\":\"Flamenguista, apresentadora se emociona ao anunciar sa\u00edda de Jesus\",\"datePublished\":\"2020-07-18T21:23:43+00:00\",\"dateModified\":\"2020-07-18T21:23:46+00:00\",\"mainEntityOfPage\":{\"@id\":\"https:\/\/www.gaveanews.com\/index.php\/2020\/07\/18\/flamenguista-apresentadora-se-emociona-ao-anunciar-saida-de-jesus\/\"},\"wordCount\":359,\"commentCount\":26,\"image\":{\"@id\":\"https:\/\/www.gaveanews.com\/index.php\/2020\/07\/18\/flamenguista-apresentadora-se-emociona-ao-anunciar-saida-de-jesus\/#primaryimage\"},\"thumbnailUrl\":\"https:\/\/www.gaveanews.com\/wp-content\/uploads\/Jesus-durante-uma-partida-do-Flamengo.webp\",\"articleSection\":[\"Destaques\"],\"inLanguage\":\"pt-BR\",\"potentialAction\":[{\"@type\":\"CommentAction\",\"name\":\"Comment\",\"target\":[\"https:\/\/www.gaveanews.com\/index.php\/2020\/07\/18\/flamenguista-apresentadora-se-emociona-ao-anunciar-saida-de-jesus\/#respond\"]}],\"copyrightYear\":\"2020\",\"copyrightHolder\":{\"@id\":\"https:\/\/www.gaveanews.com\/#organization\"}},{\"@type\":\"WebPage\",\"@id\":\"https:\/\/www.gaveanews.com\/index.php\/2020\/07\/18\/flamenguista-apresentadora-se-emociona-ao-anunciar-saida-de-jesus\/\",\"url\":\"https:\/\/www.gaveanews.com\/index.php\/2020\/07\/18\/flamenguista-apresentadora-se-emociona-ao-anunciar-saida-de-jesus\/\",\"name\":\"Flamenguista, apresentadora se emociona ao anunciar sa\u00edda de Jesus\",\"isPartOf\":{\"@id\":\"https:\/\/www.gaveanews.com\/#website\"},\"primaryImageOfPage\":{\"@id\":\"https:\/\/www.gaveanews.com\/index.php\/2020\/07\/18\/flamenguista-apresentadora-se-emociona-ao-anunciar-saida-de-jesus\/#primaryimage\"},\"image\":{\"@id\":\"https:\/\/www.gaveanews.com\/index.php\/2020\/07\/18\/flamenguista-apresentadora-se-emociona-ao-anunciar-saida-de-jesus\/#primaryimage\"},\"thumbnailUrl\":\"https:\/\/www.gaveanews.com\/wp-content\/uploads\/Jesus-durante-uma-partida-do-Flamengo.webp\",\"datePublished\":\"2020-07-18T21:23:43+00:00\",\"dateModified\":\"2020-07-18T21:23:46+00:00\",\"author\":{\"@id\":\"https:\/\/www.gaveanews.com\/#\/schema\/person\/2ec14f73fb96be2caf28f91afb14749d\"},\"description\":\"Jorge Jesus foi contratado pela diretoria do Flamengo no ano passado e comandou o time na vit\u00f3ria de cinco torneios esportivos.\",\"breadcrumb\":{\"@id\":\"https:\/\/www.gaveanews.com\/index.php\/2020\/07\/18\/flamenguista-apresentadora-se-emociona-ao-anunciar-saida-de-jesus\/#breadcrumb\"},\"inLanguage\":\"pt-BR\",\"potentialAction\":[{\"@type\":\"ReadAction\",\"target\":[\"https:\/\/www.gaveanews.com\/index.php\/2020\/07\/18\/flamenguista-apresentadora-se-emociona-ao-anunciar-saida-de-jesus\/\"]}]},{\"@type\":\"ImageObject\",\"inLanguage\":\"pt-BR\",\"@id\":\"https:\/\/www.gaveanews.com\/index.php\/2020\/07\/18\/flamenguista-apresentadora-se-emociona-ao-anunciar-saida-de-jesus\/#primaryimage\",\"url\":\"https:\/\/www.gaveanews.com\/wp-content\/uploads\/Jesus-durante-uma-partida-do-Flamengo.webp\",\"contentUrl\":\"https:\/\/www.gaveanews.com\/wp-content\/uploads\/Jesus-durante-uma-partida-do-Flamengo.webp\",\"width\":900,\"height\":600,\"caption\":\"Jesus durante uma partida do Flamengo (Foto: Alexandre Vidal\/Flamengo)\"},{\"@type\":\"BreadcrumbList\",\"@id\":\"https:\/\/www.gaveanews.com\/index.php\/2020\/07\/18\/flamenguista-apresentadora-se-emociona-ao-anunciar-saida-de-jesus\/#breadcrumb\",\"itemListElement\":[{\"@type\":\"ListItem\",\"position\":1,\"name\":\"Home\",\"item\":\"https:\/\/www.gaveanews.com\/\"},{\"@type\":\"ListItem\",\"position\":2,\"name\":\"Flamenguista, apresentadora se emociona ao anunciar sa\u00edda de Jesus\"}]},{\"@type\":\"WebSite\",\"@id\":\"https:\/\/www.gaveanews.com\/#website\",\"url\":\"https:\/\/www.gaveanews.com\/\",\"name\":\"G\u00e1vea News\",\"description\":\"Veja todas as not\u00edcias sobre o Flamengo: Contrata\u00e7\u00f5es, categorias de base, resultados das partidas, tabela de classifica\u00e7\u00e3o, pr\u00f3ximos jogos!\",\"potentialAction\":[{\"@type\":\"SearchAction\",\"target\":{\"@type\":\"EntryPoint\",\"urlTemplate\":\"https:\/\/www.gaveanews.com\/?s={search_term_string}\"},\"query-input\":{\"@type\":\"PropertyValueSpecification\",\"valueRequired\":true,\"valueName\":\"search_term_string\"}}],\"inLanguage\":\"pt-BR\"},{\"@type\":\"Person\",\"@id\":\"https:\/\/www.gaveanews.com\/#\/schema\/person\/2ec14f73fb96be2caf28f91afb14749d\",\"name\":\"Equipe G\u00e1vea News\",\"image\":{\"@type\":\"ImageObject\",\"inLanguage\":\"pt-BR\",\"@id\":\"https:\/\/www.gaveanews.com\/#\/schema\/person\/image\/\",\"url\":\"https:\/\/secure.gravatar.com\/avatar\/1e1956f1facbffd3f8fa53a326721950116b3b9dc9bd44939c01180fd4a745a9?s=96&d=mm&r=g\",\"contentUrl\":\"https:\/\/secure.gravatar.com\/avatar\/1e1956f1facbffd3f8fa53a326721950116b3b9dc9bd44939c01180fd4a745a9?s=96&d=mm&r=g\",\"caption\":\"Equipe G\u00e1vea News\"}}]}<\/script>\n<!-- \/ Yoast SEO Premium plugin. -->","yoast_head_json":{"title":"Flamenguista, apresentadora se emociona ao anunciar sa\u00edda de Jesus","description":"Jorge Jesus foi contratado pela diretoria do Flamengo no ano passado e comandou o time na vit\u00f3ria de cinco torneios esportivos.","robots":{"index":"index","follow":"follow","max-snippet":"max-snippet:-1","max-image-preview":"max-image-preview:large","max-video-preview":"max-video-preview:-1"},"canonical":"https:\/\/www.gaveanews.com\/index.php\/2020\/07\/18\/flamenguista-apresentadora-se-emociona-ao-anunciar-saida-de-jesus\/","og_locale":"pt_BR","og_type":"article","og_title":"Flamenguista, apresentadora se emociona ao anunciar sa\u00edda de Jesus","og_description":"Jorge Jesus foi contratado pela diretoria do Flamengo no ano passado e comandou o time na vit\u00f3ria de cinco torneios esportivos.","og_url":"https:\/\/www.gaveanews.com\/index.php\/2020\/07\/18\/flamenguista-apresentadora-se-emociona-ao-anunciar-saida-de-jesus\/","og_site_name":"G\u00e1vea News","article_publisher":"https:\/\/facebook.com\/gaveaNews\/","article_published_time":"2020-07-18T21:23:43+00:00","article_modified_time":"2020-07-18T21:23:46+00:00","og_image":[{"width":900,"height":600,"url":"https:\/\/www.gaveanews.com\/wp-content\/uploads\/Jesus-durante-uma-partida-do-Flamengo.webp","type":"image\/jpeg"}],"author":"Equipe G\u00e1vea News","twitter_card":"summary_large_image","twitter_misc":{"Escrito por":"Equipe G\u00e1vea News","Est. tempo de leitura":"2 minutos"},"schema":{"@context":"https:\/\/schema.org","@graph":[{"@type":"NewsArticle","@id":"https:\/\/www.gaveanews.com\/index.php\/2020\/07\/18\/flamenguista-apresentadora-se-emociona-ao-anunciar-saida-de-jesus\/#article","isPartOf":{"@id":"https:\/\/www.gaveanews.com\/index.php\/2020\/07\/18\/flamenguista-apresentadora-se-emociona-ao-anunciar-saida-de-jesus\/"},"author":{"name":"Equipe G\u00e1vea News","@id":"https:\/\/www.gaveanews.com\/#\/schema\/person\/2ec14f73fb96be2caf28f91afb14749d"},"headline":"Flamenguista, apresentadora se emociona ao anunciar sa\u00edda de Jesus","datePublished":"2020-07-18T21:23:43+00:00","dateModified":"2020-07-18T21:23:46+00:00","mainEntityOfPage":{"@id":"https:\/\/www.gaveanews.com\/index.php\/2020\/07\/18\/flamenguista-apresentadora-se-emociona-ao-anunciar-saida-de-jesus\/"},"wordCount":359,"commentCount":26,"image":{"@id":"https:\/\/www.gaveanews.com\/index.php\/2020\/07\/18\/flamenguista-apresentadora-se-emociona-ao-anunciar-saida-de-jesus\/#primaryimage"},"thumbnailUrl":"https:\/\/www.gaveanews.com\/wp-content\/uploads\/Jesus-durante-uma-partida-do-Flamengo.webp","articleSection":["Destaques"],"inLanguage":"pt-BR","potentialAction":[{"@type":"CommentAction","name":"Comment","target":["https:\/\/www.gaveanews.com\/index.php\/2020\/07\/18\/flamenguista-apresentadora-se-emociona-ao-anunciar-saida-de-jesus\/#respond"]}],"copyrightYear":"2020","copyrightHolder":{"@id":"https:\/\/www.gaveanews.com\/#organization"}},{"@type":"WebPage","@id":"https:\/\/www.gaveanews.com\/index.php\/2020\/07\/18\/flamenguista-apresentadora-se-emociona-ao-anunciar-saida-de-jesus\/","url":"https:\/\/www.gaveanews.com\/index.php\/2020\/07\/18\/flamenguista-apresentadora-se-emociona-ao-anunciar-saida-de-jesus\/","name":"Flamenguista, apresentadora se emociona ao anunciar sa\u00edda de Jesus","isPartOf":{"@id":"https:\/\/www.gaveanews.com\/#website"},"primaryImageOfPage":{"@id":"https:\/\/www.gaveanews.com\/index.php\/2020\/07\/18\/flamenguista-apresentadora-se-emociona-ao-anunciar-saida-de-jesus\/#primaryimage"},"image":{"@id":"https:\/\/www.gaveanews.com\/index.php\/2020\/07\/18\/flamenguista-apresentadora-se-emociona-ao-anunciar-saida-de-jesus\/#primaryimage"},"thumbnailUrl":"https:\/\/www.gaveanews.com\/wp-content\/uploads\/Jesus-durante-uma-partida-do-Flamengo.webp","datePublished":"2020-07-18T21:23:43+00:00","dateModified":"2020-07-18T21:23:46+00:00","author":{"@id":"https:\/\/www.gaveanews.com\/#\/schema\/person\/2ec14f73fb96be2caf28f91afb14749d"},"description":"Jorge Jesus foi contratado pela diretoria do Flamengo no ano passado e comandou o time na vit\u00f3ria de cinco torneios esportivos.","breadcrumb":{"@id":"https:\/\/www.gaveanews.com\/index.php\/2020\/07\/18\/flamenguista-apresentadora-se-emociona-ao-anunciar-saida-de-jesus\/#breadcrumb"},"inLanguage":"pt-BR","potentialAction":[{"@type":"ReadAction","target":["https:\/\/www.gaveanews.com\/index.php\/2020\/07\/18\/flamenguista-apresentadora-se-emociona-ao-anunciar-saida-de-jesus\/"]}]},{"@type":"ImageObject","inLanguage":"pt-BR","@id":"https:\/\/www.gaveanews.com\/index.php\/2020\/07\/18\/flamenguista-apresentadora-se-emociona-ao-anunciar-saida-de-jesus\/#primaryimage","url":"https:\/\/www.gaveanews.com\/wp-content\/uploads\/Jesus-durante-uma-partida-do-Flamengo.webp","contentUrl":"https:\/\/www.gaveanews.com\/wp-content\/uploads\/Jesus-durante-uma-partida-do-Flamengo.webp","width":900,"height":600,"caption":"Jesus durante uma partida do Flamengo (Foto: Alexandre Vidal\/Flamengo)"},{"@type":"BreadcrumbList","@id":"https:\/\/www.gaveanews.com\/index.php\/2020\/07\/18\/flamenguista-apresentadora-se-emociona-ao-anunciar-saida-de-jesus\/#breadcrumb","itemListElement":[{"@type":"ListItem","position":1,"name":"Home","item":"https:\/\/www.gaveanews.com\/"},{"@type":"ListItem","position":2,"name":"Flamenguista, apresentadora se emociona ao anunciar sa\u00edda de Jesus"}]},{"@type":"WebSite","@id":"https:\/\/www.gaveanews.com\/#website","url":"https:\/\/www.gaveanews.com\/","name":"G\u00e1vea News","description":"Veja todas as not\u00edcias sobre o Flamengo: Contrata\u00e7\u00f5es, categorias de base, resultados das partidas, tabela de classifica\u00e7\u00e3o, pr\u00f3ximos jogos!","potentialAction":[{"@type":"SearchAction","target":{"@type":"EntryPoint","urlTemplate":"https:\/\/www.gaveanews.com\/?s={search_term_string}"},"query-input":{"@type":"PropertyValueSpecification","valueRequired":true,"valueName":"search_term_string"}}],"inLanguage":"pt-BR"},{"@type":"Person","@id":"https:\/\/www.gaveanews.com\/#\/schema\/person\/2ec14f73fb96be2caf28f91afb14749d","name":"Equipe G\u00e1vea News","image":{"@type":"ImageObject","inLanguage":"pt-BR","@id":"https:\/\/www.gaveanews.com\/#\/schema\/person\/image\/","url":"https:\/\/secure.gravatar.com\/avatar\/1e1956f1facbffd3f8fa53a326721950116b3b9dc9bd44939c01180fd4a745a9?s=96&d=mm&r=g","contentUrl":"https:\/\/secure.gravatar.com\/avatar\/1e1956f1facbffd3f8fa53a326721950116b3b9dc9bd44939c01180fd4a745a9?s=96&d=mm&r=g","caption":"Equipe G\u00e1vea News"}}]}},"_links":{"self":[{"href":"https:\/\/www.gaveanews.com\/index.php\/wp-json\/wp\/v2\/posts\/43850","targetHints":{"allow":["GET"]}}],"collection":[{"href":"https:\/\/www.gaveanews.com\/index.php\/wp-json\/wp\/v2\/posts"}],"about":[{"href":"https:\/\/www.gaveanews.com\/index.php\/wp-json\/wp\/v2\/types\/post"}],"author":[{"embeddable":true,"href":"https:\/\/www.gaveanews.com\/index.php\/wp-json\/wp\/v2\/users\/1"}],"replies":[{"embeddable":true,"href":"https:\/\/www.gaveanews.com\/index.php\/wp-json\/wp\/v2\/comments?post=43850"}],"version-history":[{"count":0,"href":"https:\/\/www.gaveanews.com\/index.php\/wp-json\/wp\/v2\/posts\/43850\/revisions"}],"wp:featuredmedia":[{"embeddable":true,"href":"https:\/\/www.gaveanews.com\/index.php\/wp-json\/wp\/v2\/media\/28885"}],"wp:attachment":[{"href":"https:\/\/www.gaveanews.com\/index.php\/wp-json\/wp\/v2\/media?parent=43850"}],"wp:term":[{"taxonomy":"category","embeddable":true,"href":"https:\/\/www.gaveanews.com\/index.php\/wp-json\/wp\/v2\/categories?post=43850"},{"taxonomy":"post_tag","embeddable":true,"href":"https:\/\/www.gaveanews.com\/index.php\/wp-json\/wp\/v2\/tags?post=43850"}],"curies":[{"name":"wp","href":"https:\/\/api.w.org\/{rel}","templated":true}]}}