{"id":43852,"date":"2020-07-18T18:30:55","date_gmt":"2020-07-18T21:30:55","guid":{"rendered":"https:\/\/www.gaveanews.com\/?p=43852"},"modified":"2020-07-18T18:30:57","modified_gmt":"2020-07-18T21:30:57","slug":"flamengo-realiza-sondagem-por-tecnico-do-olympiacos","status":"publish","type":"post","link":"https:\/\/www.gaveanews.com\/index.php\/2020\/07\/18\/flamengo-realiza-sondagem-por-tecnico-do-olympiacos\/","title":{"rendered":"Flamengo realiza sondagem por t\u00e9cnico do Olympiacos"},"content":{"rendered":"\n<p>Segundo o jornal \u201cO Jogo\u201d, Pedro Martins recebeu uma consulta do Flamengo. Ap\u00f3s a sa\u00edda de Jorge Jesus, a diretoria deve avaliar nomes para substituir o antigo t\u00e9cnico, que acabou acertando com o Benfica. Sendo assim, o comandante do Olympiacos foi contatado pelo Rubro-Negro e as primeiras conversas, em tom de sondagem, tiveram in\u00edcio.<\/p>\n\n\n\n<p>O di\u00e1rio conta que o nome do portugu\u00eas, que faz um \u00f3timo trabalho em solo grego, \u00e9 um dos favoritos nos bastidores. Na atual temporada, ele faturou o t\u00edtulo nacional e ainda tem chances de conquistar a Copa da Gr\u00e9cia. Al\u00e9m disso, ainda tem chances de garantir uma vaga nas quartas de final da Liga Europa, sendo necess\u00e1rio eliminar o Wolverhampton.<\/p>\n\n\n\n<p>Sendo assim, a publica\u00e7\u00e3o cita que a miss\u00e3o de tirar Pedro Martins do atual time n\u00e3o \u00e9 nada f\u00e1cil. Isso porque, al\u00e9m de estar desenvolvendo um \u00f3timo trabalho, seu v\u00ednculo foi renovado at\u00e9 2022. Portanto, apenas uma proposta considerada irrecus\u00e1vel faria com que o profissional aceitasse uma mudan\u00e7a.<\/p>\n\n\n\n<figure class=\"wp-block-image size-large\"><img decoding=\"async\" src=\"https:\/\/static-wp-tor15-prd.torcedores.com\/wp-content\/uploads\/2020\/07\/pedro-1.webp\" alt=\"\"\/><figcaption>Pedro Martins durante um treinamento do Olympiacos (Foto: Divulga\u00e7\u00e3o\/Olympiacos)<\/figcaption><\/figure>\n\n\n\n<p>Por fim, o ve\u00edculo afirma que Marco Silva, ex-Everton, tamb\u00e9m segue no radar do Flamengo. Livre no mercado, o t\u00e9cnico tamb\u00e9m foi alvo de uma consulta do Rubro-Negro, antes da sa\u00edda de Jorge Jesus ser comunicada. Agora, resta saber qual ser\u00e1 a postura do clube carioca na busca por um substituto \u00e0 altura do \u2018Mister\u2019.<\/p>\n\n\n\n<p>Retirado de: Torcedores<\/p>\n","protected":false},"excerpt":{"rendered":"<p>Segundo o jornal \u201cO Jogo\u201d, Pedro Martins recebeu uma consulta do Flamengo. Ap\u00f3s a sa\u00edda de Jorge Jesus, a diretoria deve avaliar nomes para substituir o antigo t\u00e9cnico, que acabou acertando com o Benfica. Sendo assim, o comandante do Olympiacos foi contatado pelo Rubro-Negro e as primeiras conversas, em tom de sondagem, tiveram in\u00edcio. O [&hellip;]<\/p>\n","protected":false},"author":1,"featured_media":15077,"comment_status":"open","ping_status":"closed","sticky":false,"template":"","format":"standard","meta":{"footnotes":""},"categories":[47],"tags":[],"class_list":["post-43852","post","type-post","status-publish","format-standard","has-post-thumbnail","hentry","category-destaques"],"yoast_head":"<!-- This site is optimized with the Yoast SEO Premium plugin v24.2 (Yoast SEO v26.9) - https:\/\/yoast.com\/product\/yoast-seo-premium-wordpress\/ -->\n<title>Flamengo realiza sondagem por t\u00e9cnico do Olympiacos<\/title>\n<meta name=\"description\" content=\"Ap\u00f3s a sa\u00edda de Jorge Jesus, a diretoria deve avaliar nomes para substituir o antigo t\u00e9cnico, que acabou acertando com o Benfica.\" \/>\n<meta name=\"robots\" content=\"index, follow, max-snippet:-1, max-image-preview:large, max-video-preview:-1\" \/>\n<link rel=\"canonical\" href=\"https:\/\/www.gaveanews.com\/index.php\/2020\/07\/18\/flamengo-realiza-sondagem-por-tecnico-do-olympiacos\/\" \/>\n<meta property=\"og:locale\" content=\"pt_BR\" \/>\n<meta property=\"og:type\" content=\"article\" \/>\n<meta property=\"og:title\" content=\"Flamengo realiza sondagem por t\u00e9cnico do Olympiacos\" \/>\n<meta property=\"og:description\" content=\"Ap\u00f3s a sa\u00edda de Jorge Jesus, a diretoria deve avaliar nomes para substituir o antigo t\u00e9cnico, que acabou acertando com o Benfica.\" \/>\n<meta property=\"og:url\" content=\"https:\/\/www.gaveanews.com\/index.php\/2020\/07\/18\/flamengo-realiza-sondagem-por-tecnico-do-olympiacos\/\" \/>\n<meta property=\"og:site_name\" content=\"G\u00e1vea News\" \/>\n<meta property=\"article:publisher\" content=\"https:\/\/facebook.com\/gaveaNews\/\" \/>\n<meta property=\"article:published_time\" content=\"2020-07-18T21:30:55+00:00\" \/>\n<meta property=\"article:modified_time\" content=\"2020-07-18T21:30:57+00:00\" \/>\n<meta property=\"og:image\" content=\"https:\/\/www.gaveanews.com\/wp-content\/uploads\/2019\/03\/Rodolfo-Landim-durante-entrevista-coletiva-na-Gavea.webp\" \/>\n\t<meta property=\"og:image:width\" content=\"1\" \/>\n\t<meta property=\"og:image:height\" content=\"1\" \/>\n\t<meta property=\"og:image:type\" content=\"image\/jpeg\" \/>\n<meta name=\"author\" content=\"Equipe G\u00e1vea News\" \/>\n<meta name=\"twitter:card\" content=\"summary_large_image\" \/>\n<meta name=\"twitter:label1\" content=\"Escrito por\" \/>\n\t<meta name=\"twitter:data1\" content=\"Equipe G\u00e1vea News\" \/>\n\t<meta name=\"twitter:label2\" content=\"Est. tempo de leitura\" \/>\n\t<meta name=\"twitter:data2\" content=\"1 minuto\" \/>\n<script type=\"application\/ld+json\" class=\"yoast-schema-graph\">{\"@context\":\"https:\/\/schema.org\",\"@graph\":[{\"@type\":\"NewsArticle\",\"@id\":\"https:\/\/www.gaveanews.com\/index.php\/2020\/07\/18\/flamengo-realiza-sondagem-por-tecnico-do-olympiacos\/#article\",\"isPartOf\":{\"@id\":\"https:\/\/www.gaveanews.com\/index.php\/2020\/07\/18\/flamengo-realiza-sondagem-por-tecnico-do-olympiacos\/\"},\"author\":{\"name\":\"Equipe G\u00e1vea News\",\"@id\":\"https:\/\/www.gaveanews.com\/#\/schema\/person\/2ec14f73fb96be2caf28f91afb14749d\"},\"headline\":\"Flamengo realiza sondagem por t\u00e9cnico do Olympiacos\",\"datePublished\":\"2020-07-18T21:30:55+00:00\",\"dateModified\":\"2020-07-18T21:30:57+00:00\",\"mainEntityOfPage\":{\"@id\":\"https:\/\/www.gaveanews.com\/index.php\/2020\/07\/18\/flamengo-realiza-sondagem-por-tecnico-do-olympiacos\/\"},\"wordCount\":259,\"commentCount\":18,\"image\":{\"@id\":\"https:\/\/www.gaveanews.com\/index.php\/2020\/07\/18\/flamengo-realiza-sondagem-por-tecnico-do-olympiacos\/#primaryimage\"},\"thumbnailUrl\":\"https:\/\/www.gaveanews.com\/wp-content\/uploads\/2019\/03\/Rodolfo-Landim-durante-entrevista-coletiva-na-Gavea.webp\",\"articleSection\":[\"Destaques\"],\"inLanguage\":\"pt-BR\",\"potentialAction\":[{\"@type\":\"CommentAction\",\"name\":\"Comment\",\"target\":[\"https:\/\/www.gaveanews.com\/index.php\/2020\/07\/18\/flamengo-realiza-sondagem-por-tecnico-do-olympiacos\/#respond\"]}],\"copyrightYear\":\"2020\",\"copyrightHolder\":{\"@id\":\"https:\/\/www.gaveanews.com\/#organization\"}},{\"@type\":\"WebPage\",\"@id\":\"https:\/\/www.gaveanews.com\/index.php\/2020\/07\/18\/flamengo-realiza-sondagem-por-tecnico-do-olympiacos\/\",\"url\":\"https:\/\/www.gaveanews.com\/index.php\/2020\/07\/18\/flamengo-realiza-sondagem-por-tecnico-do-olympiacos\/\",\"name\":\"Flamengo realiza sondagem por t\u00e9cnico do Olympiacos\",\"isPartOf\":{\"@id\":\"https:\/\/www.gaveanews.com\/#website\"},\"primaryImageOfPage\":{\"@id\":\"https:\/\/www.gaveanews.com\/index.php\/2020\/07\/18\/flamengo-realiza-sondagem-por-tecnico-do-olympiacos\/#primaryimage\"},\"image\":{\"@id\":\"https:\/\/www.gaveanews.com\/index.php\/2020\/07\/18\/flamengo-realiza-sondagem-por-tecnico-do-olympiacos\/#primaryimage\"},\"thumbnailUrl\":\"https:\/\/www.gaveanews.com\/wp-content\/uploads\/2019\/03\/Rodolfo-Landim-durante-entrevista-coletiva-na-Gavea.webp\",\"datePublished\":\"2020-07-18T21:30:55+00:00\",\"dateModified\":\"2020-07-18T21:30:57+00:00\",\"author\":{\"@id\":\"https:\/\/www.gaveanews.com\/#\/schema\/person\/2ec14f73fb96be2caf28f91afb14749d\"},\"description\":\"Ap\u00f3s a sa\u00edda de Jorge Jesus, a diretoria deve avaliar nomes para substituir o antigo t\u00e9cnico, que acabou acertando com o Benfica.\",\"breadcrumb\":{\"@id\":\"https:\/\/www.gaveanews.com\/index.php\/2020\/07\/18\/flamengo-realiza-sondagem-por-tecnico-do-olympiacos\/#breadcrumb\"},\"inLanguage\":\"pt-BR\",\"potentialAction\":[{\"@type\":\"ReadAction\",\"target\":[\"https:\/\/www.gaveanews.com\/index.php\/2020\/07\/18\/flamengo-realiza-sondagem-por-tecnico-do-olympiacos\/\"]}]},{\"@type\":\"ImageObject\",\"inLanguage\":\"pt-BR\",\"@id\":\"https:\/\/www.gaveanews.com\/index.php\/2020\/07\/18\/flamengo-realiza-sondagem-por-tecnico-do-olympiacos\/#primaryimage\",\"url\":\"https:\/\/www.gaveanews.com\/wp-content\/uploads\/2019\/03\/Rodolfo-Landim-durante-entrevista-coletiva-na-Gavea.webp\",\"contentUrl\":\"https:\/\/www.gaveanews.com\/wp-content\/uploads\/2019\/03\/Rodolfo-Landim-durante-entrevista-coletiva-na-Gavea.webp\",\"width\":900,\"height\":599,\"caption\":\"Rodolfo Landim durante entrevista coletiva na G\u00e1vea (Foto: Ag\u00eancia Foto BR)\"},{\"@type\":\"BreadcrumbList\",\"@id\":\"https:\/\/www.gaveanews.com\/index.php\/2020\/07\/18\/flamengo-realiza-sondagem-por-tecnico-do-olympiacos\/#breadcrumb\",\"itemListElement\":[{\"@type\":\"ListItem\",\"position\":1,\"name\":\"Home\",\"item\":\"https:\/\/www.gaveanews.com\/\"},{\"@type\":\"ListItem\",\"position\":2,\"name\":\"Flamengo realiza sondagem por t\u00e9cnico do Olympiacos\"}]},{\"@type\":\"WebSite\",\"@id\":\"https:\/\/www.gaveanews.com\/#website\",\"url\":\"https:\/\/www.gaveanews.com\/\",\"name\":\"G\u00e1vea News\",\"description\":\"Veja todas as not\u00edcias sobre o Flamengo: Contrata\u00e7\u00f5es, categorias de base, resultados das partidas, tabela de classifica\u00e7\u00e3o, pr\u00f3ximos jogos!\",\"potentialAction\":[{\"@type\":\"SearchAction\",\"target\":{\"@type\":\"EntryPoint\",\"urlTemplate\":\"https:\/\/www.gaveanews.com\/?s={search_term_string}\"},\"query-input\":{\"@type\":\"PropertyValueSpecification\",\"valueRequired\":true,\"valueName\":\"search_term_string\"}}],\"inLanguage\":\"pt-BR\"},{\"@type\":\"Person\",\"@id\":\"https:\/\/www.gaveanews.com\/#\/schema\/person\/2ec14f73fb96be2caf28f91afb14749d\",\"name\":\"Equipe G\u00e1vea News\",\"image\":{\"@type\":\"ImageObject\",\"inLanguage\":\"pt-BR\",\"@id\":\"https:\/\/www.gaveanews.com\/#\/schema\/person\/image\/\",\"url\":\"https:\/\/secure.gravatar.com\/avatar\/1e1956f1facbffd3f8fa53a326721950116b3b9dc9bd44939c01180fd4a745a9?s=96&d=mm&r=g\",\"contentUrl\":\"https:\/\/secure.gravatar.com\/avatar\/1e1956f1facbffd3f8fa53a326721950116b3b9dc9bd44939c01180fd4a745a9?s=96&d=mm&r=g\",\"caption\":\"Equipe G\u00e1vea News\"}}]}<\/script>\n<!-- \/ Yoast SEO Premium plugin. -->","yoast_head_json":{"title":"Flamengo realiza sondagem por t\u00e9cnico do Olympiacos","description":"Ap\u00f3s a sa\u00edda de Jorge Jesus, a diretoria deve avaliar nomes para substituir o antigo t\u00e9cnico, que acabou acertando com o Benfica.","robots":{"index":"index","follow":"follow","max-snippet":"max-snippet:-1","max-image-preview":"max-image-preview:large","max-video-preview":"max-video-preview:-1"},"canonical":"https:\/\/www.gaveanews.com\/index.php\/2020\/07\/18\/flamengo-realiza-sondagem-por-tecnico-do-olympiacos\/","og_locale":"pt_BR","og_type":"article","og_title":"Flamengo realiza sondagem por t\u00e9cnico do Olympiacos","og_description":"Ap\u00f3s a sa\u00edda de Jorge Jesus, a diretoria deve avaliar nomes para substituir o antigo t\u00e9cnico, que acabou acertando com o Benfica.","og_url":"https:\/\/www.gaveanews.com\/index.php\/2020\/07\/18\/flamengo-realiza-sondagem-por-tecnico-do-olympiacos\/","og_site_name":"G\u00e1vea News","article_publisher":"https:\/\/facebook.com\/gaveaNews\/","article_published_time":"2020-07-18T21:30:55+00:00","article_modified_time":"2020-07-18T21:30:57+00:00","og_image":[{"url":"https:\/\/www.gaveanews.com\/wp-content\/uploads\/2019\/03\/Rodolfo-Landim-durante-entrevista-coletiva-na-Gavea.webp","width":1,"height":1,"type":"image\/jpeg"}],"author":"Equipe G\u00e1vea News","twitter_card":"summary_large_image","twitter_misc":{"Escrito por":"Equipe G\u00e1vea News","Est. tempo de leitura":"1 minuto"},"schema":{"@context":"https:\/\/schema.org","@graph":[{"@type":"NewsArticle","@id":"https:\/\/www.gaveanews.com\/index.php\/2020\/07\/18\/flamengo-realiza-sondagem-por-tecnico-do-olympiacos\/#article","isPartOf":{"@id":"https:\/\/www.gaveanews.com\/index.php\/2020\/07\/18\/flamengo-realiza-sondagem-por-tecnico-do-olympiacos\/"},"author":{"name":"Equipe G\u00e1vea News","@id":"https:\/\/www.gaveanews.com\/#\/schema\/person\/2ec14f73fb96be2caf28f91afb14749d"},"headline":"Flamengo realiza sondagem por t\u00e9cnico do Olympiacos","datePublished":"2020-07-18T21:30:55+00:00","dateModified":"2020-07-18T21:30:57+00:00","mainEntityOfPage":{"@id":"https:\/\/www.gaveanews.com\/index.php\/2020\/07\/18\/flamengo-realiza-sondagem-por-tecnico-do-olympiacos\/"},"wordCount":259,"commentCount":18,"image":{"@id":"https:\/\/www.gaveanews.com\/index.php\/2020\/07\/18\/flamengo-realiza-sondagem-por-tecnico-do-olympiacos\/#primaryimage"},"thumbnailUrl":"https:\/\/www.gaveanews.com\/wp-content\/uploads\/2019\/03\/Rodolfo-Landim-durante-entrevista-coletiva-na-Gavea.webp","articleSection":["Destaques"],"inLanguage":"pt-BR","potentialAction":[{"@type":"CommentAction","name":"Comment","target":["https:\/\/www.gaveanews.com\/index.php\/2020\/07\/18\/flamengo-realiza-sondagem-por-tecnico-do-olympiacos\/#respond"]}],"copyrightYear":"2020","copyrightHolder":{"@id":"https:\/\/www.gaveanews.com\/#organization"}},{"@type":"WebPage","@id":"https:\/\/www.gaveanews.com\/index.php\/2020\/07\/18\/flamengo-realiza-sondagem-por-tecnico-do-olympiacos\/","url":"https:\/\/www.gaveanews.com\/index.php\/2020\/07\/18\/flamengo-realiza-sondagem-por-tecnico-do-olympiacos\/","name":"Flamengo realiza sondagem por t\u00e9cnico do Olympiacos","isPartOf":{"@id":"https:\/\/www.gaveanews.com\/#website"},"primaryImageOfPage":{"@id":"https:\/\/www.gaveanews.com\/index.php\/2020\/07\/18\/flamengo-realiza-sondagem-por-tecnico-do-olympiacos\/#primaryimage"},"image":{"@id":"https:\/\/www.gaveanews.com\/index.php\/2020\/07\/18\/flamengo-realiza-sondagem-por-tecnico-do-olympiacos\/#primaryimage"},"thumbnailUrl":"https:\/\/www.gaveanews.com\/wp-content\/uploads\/2019\/03\/Rodolfo-Landim-durante-entrevista-coletiva-na-Gavea.webp","datePublished":"2020-07-18T21:30:55+00:00","dateModified":"2020-07-18T21:30:57+00:00","author":{"@id":"https:\/\/www.gaveanews.com\/#\/schema\/person\/2ec14f73fb96be2caf28f91afb14749d"},"description":"Ap\u00f3s a sa\u00edda de Jorge Jesus, a diretoria deve avaliar nomes para substituir o antigo t\u00e9cnico, que acabou acertando com o Benfica.","breadcrumb":{"@id":"https:\/\/www.gaveanews.com\/index.php\/2020\/07\/18\/flamengo-realiza-sondagem-por-tecnico-do-olympiacos\/#breadcrumb"},"inLanguage":"pt-BR","potentialAction":[{"@type":"ReadAction","target":["https:\/\/www.gaveanews.com\/index.php\/2020\/07\/18\/flamengo-realiza-sondagem-por-tecnico-do-olympiacos\/"]}]},{"@type":"ImageObject","inLanguage":"pt-BR","@id":"https:\/\/www.gaveanews.com\/index.php\/2020\/07\/18\/flamengo-realiza-sondagem-por-tecnico-do-olympiacos\/#primaryimage","url":"https:\/\/www.gaveanews.com\/wp-content\/uploads\/2019\/03\/Rodolfo-Landim-durante-entrevista-coletiva-na-Gavea.webp","contentUrl":"https:\/\/www.gaveanews.com\/wp-content\/uploads\/2019\/03\/Rodolfo-Landim-durante-entrevista-coletiva-na-Gavea.webp","width":900,"height":599,"caption":"Rodolfo Landim durante entrevista coletiva na G\u00e1vea (Foto: Ag\u00eancia Foto BR)"},{"@type":"BreadcrumbList","@id":"https:\/\/www.gaveanews.com\/index.php\/2020\/07\/18\/flamengo-realiza-sondagem-por-tecnico-do-olympiacos\/#breadcrumb","itemListElement":[{"@type":"ListItem","position":1,"name":"Home","item":"https:\/\/www.gaveanews.com\/"},{"@type":"ListItem","position":2,"name":"Flamengo realiza sondagem por t\u00e9cnico do Olympiacos"}]},{"@type":"WebSite","@id":"https:\/\/www.gaveanews.com\/#website","url":"https:\/\/www.gaveanews.com\/","name":"G\u00e1vea News","description":"Veja todas as not\u00edcias sobre o Flamengo: Contrata\u00e7\u00f5es, categorias de base, resultados das partidas, tabela de classifica\u00e7\u00e3o, pr\u00f3ximos jogos!","potentialAction":[{"@type":"SearchAction","target":{"@type":"EntryPoint","urlTemplate":"https:\/\/www.gaveanews.com\/?s={search_term_string}"},"query-input":{"@type":"PropertyValueSpecification","valueRequired":true,"valueName":"search_term_string"}}],"inLanguage":"pt-BR"},{"@type":"Person","@id":"https:\/\/www.gaveanews.com\/#\/schema\/person\/2ec14f73fb96be2caf28f91afb14749d","name":"Equipe G\u00e1vea News","image":{"@type":"ImageObject","inLanguage":"pt-BR","@id":"https:\/\/www.gaveanews.com\/#\/schema\/person\/image\/","url":"https:\/\/secure.gravatar.com\/avatar\/1e1956f1facbffd3f8fa53a326721950116b3b9dc9bd44939c01180fd4a745a9?s=96&d=mm&r=g","contentUrl":"https:\/\/secure.gravatar.com\/avatar\/1e1956f1facbffd3f8fa53a326721950116b3b9dc9bd44939c01180fd4a745a9?s=96&d=mm&r=g","caption":"Equipe G\u00e1vea News"}}]}},"_links":{"self":[{"href":"https:\/\/www.gaveanews.com\/index.php\/wp-json\/wp\/v2\/posts\/43852","targetHints":{"allow":["GET"]}}],"collection":[{"href":"https:\/\/www.gaveanews.com\/index.php\/wp-json\/wp\/v2\/posts"}],"about":[{"href":"https:\/\/www.gaveanews.com\/index.php\/wp-json\/wp\/v2\/types\/post"}],"author":[{"embeddable":true,"href":"https:\/\/www.gaveanews.com\/index.php\/wp-json\/wp\/v2\/users\/1"}],"replies":[{"embeddable":true,"href":"https:\/\/www.gaveanews.com\/index.php\/wp-json\/wp\/v2\/comments?post=43852"}],"version-history":[{"count":0,"href":"https:\/\/www.gaveanews.com\/index.php\/wp-json\/wp\/v2\/posts\/43852\/revisions"}],"wp:featuredmedia":[{"embeddable":true,"href":"https:\/\/www.gaveanews.com\/index.php\/wp-json\/wp\/v2\/media\/15077"}],"wp:attachment":[{"href":"https:\/\/www.gaveanews.com\/index.php\/wp-json\/wp\/v2\/media?parent=43852"}],"wp:term":[{"taxonomy":"category","embeddable":true,"href":"https:\/\/www.gaveanews.com\/index.php\/wp-json\/wp\/v2\/categories?post=43852"},{"taxonomy":"post_tag","embeddable":true,"href":"https:\/\/www.gaveanews.com\/index.php\/wp-json\/wp\/v2\/tags?post=43852"}],"curies":[{"name":"wp","href":"https:\/\/api.w.org\/{rel}","templated":true}]}}