{"id":43859,"date":"2020-07-18T23:11:00","date_gmt":"2020-07-19T02:11:00","guid":{"rendered":"https:\/\/www.gaveanews.com\/?p=43859"},"modified":"2020-07-18T23:11:38","modified_gmt":"2020-07-19T02:11:38","slug":"jesus-indica-e-lateral-do-flamengo-pode-se-transferir-para-o-benfica","status":"publish","type":"post","link":"https:\/\/www.gaveanews.com\/index.php\/2020\/07\/18\/jesus-indica-e-lateral-do-flamengo-pode-se-transferir-para-o-benfica\/","title":{"rendered":"Jesus indica, e lateral do Flamengo pode se transferir para o Benfica"},"content":{"rendered":"\n<p>O t\u00e9cnico Jorge Jesus encerrou ontem (17 de julho) sua gloriosa passagem pelo Flamengo. Ap\u00f3s o t\u00edtulo do Campeonato Carioca, conquistado no meio de semana diante do Fluminense, o Mister confirmou seu retorno para o Benfica. O portugu\u00eas ainda \u00e9 aguardado para assinar seu contrato com os Encarnados, mas j\u00e1 trabalha nos bastidores. <\/p>\n\n\n\n<p>Em meio \u00e0s especula\u00e7\u00f5es envolvendo a volta de Jorge Jesus para o Benfica, alguns destaques do Mais Querido foram apontados como alvos dos portugueses no mercado. Entre os nomes citados estiveram o meia Gerson e o atacante Bruno Henrique, mas o pr\u00f3prio t\u00e9cnico minimizou a de ambos serem adquiridos pelo Benfica.<\/p>\n\n\n\n<p>&#8220;Equipes portuguesas n\u00e3o pagam cl\u00e1usulas (rescis\u00f3rias) do valor dos jogadores do Flamengo&#8221;, afirmou o t\u00e9cnico \u00e0 reportagem do jornal <em>A Bola<\/em>. No entanto, a declara\u00e7\u00e3o pode ter sido apenas um blefe, tendo em vista que Jorge Jesus n\u00e3o desistiu de contar com um dos principais nomes do Rubro-Negro.<\/p>\n\n\n\n<p>De acordo com o jornalista Napole\u00e3o de Almeida, do <em>Bandsports<\/em>, o t\u00e9cnico, que conhecia bem as quest\u00f5es internas do Flamengo, indicou o lateral-direito Rafinha ao Benfica, buscando se aproveitar de uma &#8220;brecha&#8221; no contrato. Segundo a reportagem da ESPN, o v\u00ednculo do medalh\u00e3o tem uma cl\u00e1usula que permite a sa\u00edda sem \u00f4nus para a Europa.<\/p>\n\n\n\n<p>Alvo de sondagens de clubes do Velho Continente, Rafinha tem contrato com o Flamengo at\u00e9 a metade de 2021. Esta condi\u00e7\u00e3o foi estabelecida pelo jogador para aceitar retornar ao futebol brasileiro ap\u00f3s passagens por Schalke 04 (ALE), Genoa (ITA) e Bayern de Munique (ALE).<\/p>\n\n\n\n<p>Retirado de: Bola Vip<\/p>\n","protected":false},"excerpt":{"rendered":"<p>O t\u00e9cnico Jorge Jesus encerrou ontem (17 de julho) sua gloriosa passagem pelo Flamengo. Ap\u00f3s o t\u00edtulo do Campeonato Carioca, conquistado no meio de semana diante do Fluminense, o Mister confirmou seu retorno para o Benfica. O portugu\u00eas ainda \u00e9 aguardado para assinar seu contrato com os Encarnados, mas j\u00e1 trabalha nos bastidores. Em meio [&hellip;]<\/p>\n","protected":false},"author":1,"featured_media":28616,"comment_status":"open","ping_status":"closed","sticky":false,"template":"","format":"standard","meta":{"footnotes":""},"categories":[47],"tags":[],"class_list":["post-43859","post","type-post","status-publish","format-standard","has-post-thumbnail","hentry","category-destaques"],"yoast_head":"<!-- This site is optimized with the Yoast SEO Premium plugin v24.2 (Yoast SEO v26.9) - https:\/\/yoast.com\/product\/yoast-seo-premium-wordpress\/ -->\n<title>Jesus indica, e lateral do Flamengo pode se transferir para o Benfica<\/title>\n<meta name=\"description\" content=\"O treinador portugu\u00eas ainda \u00e9 aguardado para assinar seu contrato com os Encarnados, mas j\u00e1 trabalha nos bastidores visando a montagem do elenco.\" \/>\n<meta name=\"robots\" content=\"index, follow, max-snippet:-1, max-image-preview:large, max-video-preview:-1\" \/>\n<link rel=\"canonical\" href=\"https:\/\/www.gaveanews.com\/index.php\/2020\/07\/18\/jesus-indica-e-lateral-do-flamengo-pode-se-transferir-para-o-benfica\/\" \/>\n<meta property=\"og:locale\" content=\"pt_BR\" \/>\n<meta property=\"og:type\" content=\"article\" \/>\n<meta property=\"og:title\" content=\"Jesus indica, e lateral do Flamengo pode se transferir para o Benfica\" \/>\n<meta property=\"og:description\" content=\"O treinador portugu\u00eas ainda \u00e9 aguardado para assinar seu contrato com os Encarnados, mas j\u00e1 trabalha nos bastidores visando a montagem do elenco.\" \/>\n<meta property=\"og:url\" content=\"https:\/\/www.gaveanews.com\/index.php\/2020\/07\/18\/jesus-indica-e-lateral-do-flamengo-pode-se-transferir-para-o-benfica\/\" \/>\n<meta property=\"og:site_name\" content=\"G\u00e1vea News\" \/>\n<meta property=\"article:publisher\" content=\"https:\/\/facebook.com\/gaveaNews\/\" \/>\n<meta property=\"article:published_time\" content=\"2020-07-19T02:11:00+00:00\" \/>\n<meta property=\"article:modified_time\" content=\"2020-07-19T02:11:38+00:00\" \/>\n<meta property=\"og:image\" content=\"https:\/\/www.gaveanews.com\/wp-content\/uploads\/Jorge-Jesus-durante-partida-do-Flamengo-no-estadio-do-Maracana.webp\" \/>\n\t<meta property=\"og:image:width\" content=\"1\" \/>\n\t<meta property=\"og:image:height\" content=\"1\" \/>\n\t<meta property=\"og:image:type\" content=\"image\/jpeg\" \/>\n<meta name=\"author\" content=\"Equipe G\u00e1vea News\" \/>\n<meta name=\"twitter:card\" content=\"summary_large_image\" \/>\n<meta name=\"twitter:label1\" content=\"Escrito por\" \/>\n\t<meta name=\"twitter:data1\" content=\"Equipe G\u00e1vea News\" \/>\n\t<meta name=\"twitter:label2\" content=\"Est. tempo de leitura\" \/>\n\t<meta name=\"twitter:data2\" content=\"1 minuto\" \/>\n<script type=\"application\/ld+json\" class=\"yoast-schema-graph\">{\"@context\":\"https:\/\/schema.org\",\"@graph\":[{\"@type\":\"NewsArticle\",\"@id\":\"https:\/\/www.gaveanews.com\/index.php\/2020\/07\/18\/jesus-indica-e-lateral-do-flamengo-pode-se-transferir-para-o-benfica\/#article\",\"isPartOf\":{\"@id\":\"https:\/\/www.gaveanews.com\/index.php\/2020\/07\/18\/jesus-indica-e-lateral-do-flamengo-pode-se-transferir-para-o-benfica\/\"},\"author\":{\"name\":\"Equipe G\u00e1vea News\",\"@id\":\"https:\/\/www.gaveanews.com\/#\/schema\/person\/2ec14f73fb96be2caf28f91afb14749d\"},\"headline\":\"Jesus indica, e lateral do Flamengo pode se transferir para o Benfica\",\"datePublished\":\"2020-07-19T02:11:00+00:00\",\"dateModified\":\"2020-07-19T02:11:38+00:00\",\"mainEntityOfPage\":{\"@id\":\"https:\/\/www.gaveanews.com\/index.php\/2020\/07\/18\/jesus-indica-e-lateral-do-flamengo-pode-se-transferir-para-o-benfica\/\"},\"wordCount\":284,\"commentCount\":19,\"image\":{\"@id\":\"https:\/\/www.gaveanews.com\/index.php\/2020\/07\/18\/jesus-indica-e-lateral-do-flamengo-pode-se-transferir-para-o-benfica\/#primaryimage\"},\"thumbnailUrl\":\"https:\/\/www.gaveanews.com\/wp-content\/uploads\/Jorge-Jesus-durante-partida-do-Flamengo-no-estadio-do-Maracana.webp\",\"articleSection\":[\"Destaques\"],\"inLanguage\":\"pt-BR\",\"potentialAction\":[{\"@type\":\"CommentAction\",\"name\":\"Comment\",\"target\":[\"https:\/\/www.gaveanews.com\/index.php\/2020\/07\/18\/jesus-indica-e-lateral-do-flamengo-pode-se-transferir-para-o-benfica\/#respond\"]}],\"copyrightYear\":\"2020\",\"copyrightHolder\":{\"@id\":\"https:\/\/www.gaveanews.com\/#organization\"}},{\"@type\":\"WebPage\",\"@id\":\"https:\/\/www.gaveanews.com\/index.php\/2020\/07\/18\/jesus-indica-e-lateral-do-flamengo-pode-se-transferir-para-o-benfica\/\",\"url\":\"https:\/\/www.gaveanews.com\/index.php\/2020\/07\/18\/jesus-indica-e-lateral-do-flamengo-pode-se-transferir-para-o-benfica\/\",\"name\":\"Jesus indica, e lateral do Flamengo pode se transferir para o Benfica\",\"isPartOf\":{\"@id\":\"https:\/\/www.gaveanews.com\/#website\"},\"primaryImageOfPage\":{\"@id\":\"https:\/\/www.gaveanews.com\/index.php\/2020\/07\/18\/jesus-indica-e-lateral-do-flamengo-pode-se-transferir-para-o-benfica\/#primaryimage\"},\"image\":{\"@id\":\"https:\/\/www.gaveanews.com\/index.php\/2020\/07\/18\/jesus-indica-e-lateral-do-flamengo-pode-se-transferir-para-o-benfica\/#primaryimage\"},\"thumbnailUrl\":\"https:\/\/www.gaveanews.com\/wp-content\/uploads\/Jorge-Jesus-durante-partida-do-Flamengo-no-estadio-do-Maracana.webp\",\"datePublished\":\"2020-07-19T02:11:00+00:00\",\"dateModified\":\"2020-07-19T02:11:38+00:00\",\"author\":{\"@id\":\"https:\/\/www.gaveanews.com\/#\/schema\/person\/2ec14f73fb96be2caf28f91afb14749d\"},\"description\":\"O treinador portugu\u00eas ainda \u00e9 aguardado para assinar seu contrato com os Encarnados, mas j\u00e1 trabalha nos bastidores visando a montagem do elenco.\",\"breadcrumb\":{\"@id\":\"https:\/\/www.gaveanews.com\/index.php\/2020\/07\/18\/jesus-indica-e-lateral-do-flamengo-pode-se-transferir-para-o-benfica\/#breadcrumb\"},\"inLanguage\":\"pt-BR\",\"potentialAction\":[{\"@type\":\"ReadAction\",\"target\":[\"https:\/\/www.gaveanews.com\/index.php\/2020\/07\/18\/jesus-indica-e-lateral-do-flamengo-pode-se-transferir-para-o-benfica\/\"]}]},{\"@type\":\"ImageObject\",\"inLanguage\":\"pt-BR\",\"@id\":\"https:\/\/www.gaveanews.com\/index.php\/2020\/07\/18\/jesus-indica-e-lateral-do-flamengo-pode-se-transferir-para-o-benfica\/#primaryimage\",\"url\":\"https:\/\/www.gaveanews.com\/wp-content\/uploads\/Jorge-Jesus-durante-partida-do-Flamengo-no-estadio-do-Maracana.webp\",\"contentUrl\":\"https:\/\/www.gaveanews.com\/wp-content\/uploads\/Jorge-Jesus-durante-partida-do-Flamengo-no-estadio-do-Maracana.webp\",\"caption\":\"Jorge Jesus durante partida do Flamengo no est\u00e1dio do Maracan\u00e3 (Foto: Alexandre Vidal\/Flamengo)\"},{\"@type\":\"BreadcrumbList\",\"@id\":\"https:\/\/www.gaveanews.com\/index.php\/2020\/07\/18\/jesus-indica-e-lateral-do-flamengo-pode-se-transferir-para-o-benfica\/#breadcrumb\",\"itemListElement\":[{\"@type\":\"ListItem\",\"position\":1,\"name\":\"Home\",\"item\":\"https:\/\/www.gaveanews.com\/\"},{\"@type\":\"ListItem\",\"position\":2,\"name\":\"Jesus indica, e lateral do Flamengo pode se transferir para o Benfica\"}]},{\"@type\":\"WebSite\",\"@id\":\"https:\/\/www.gaveanews.com\/#website\",\"url\":\"https:\/\/www.gaveanews.com\/\",\"name\":\"G\u00e1vea News\",\"description\":\"Veja todas as not\u00edcias sobre o Flamengo: Contrata\u00e7\u00f5es, categorias de base, resultados das partidas, tabela de classifica\u00e7\u00e3o, pr\u00f3ximos jogos!\",\"potentialAction\":[{\"@type\":\"SearchAction\",\"target\":{\"@type\":\"EntryPoint\",\"urlTemplate\":\"https:\/\/www.gaveanews.com\/?s={search_term_string}\"},\"query-input\":{\"@type\":\"PropertyValueSpecification\",\"valueRequired\":true,\"valueName\":\"search_term_string\"}}],\"inLanguage\":\"pt-BR\"},{\"@type\":\"Person\",\"@id\":\"https:\/\/www.gaveanews.com\/#\/schema\/person\/2ec14f73fb96be2caf28f91afb14749d\",\"name\":\"Equipe G\u00e1vea News\",\"image\":{\"@type\":\"ImageObject\",\"inLanguage\":\"pt-BR\",\"@id\":\"https:\/\/www.gaveanews.com\/#\/schema\/person\/image\/\",\"url\":\"https:\/\/secure.gravatar.com\/avatar\/1e1956f1facbffd3f8fa53a326721950116b3b9dc9bd44939c01180fd4a745a9?s=96&d=mm&r=g\",\"contentUrl\":\"https:\/\/secure.gravatar.com\/avatar\/1e1956f1facbffd3f8fa53a326721950116b3b9dc9bd44939c01180fd4a745a9?s=96&d=mm&r=g\",\"caption\":\"Equipe G\u00e1vea News\"}}]}<\/script>\n<!-- \/ Yoast SEO Premium plugin. -->","yoast_head_json":{"title":"Jesus indica, e lateral do Flamengo pode se transferir para o Benfica","description":"O treinador portugu\u00eas ainda \u00e9 aguardado para assinar seu contrato com os Encarnados, mas j\u00e1 trabalha nos bastidores visando a montagem do elenco.","robots":{"index":"index","follow":"follow","max-snippet":"max-snippet:-1","max-image-preview":"max-image-preview:large","max-video-preview":"max-video-preview:-1"},"canonical":"https:\/\/www.gaveanews.com\/index.php\/2020\/07\/18\/jesus-indica-e-lateral-do-flamengo-pode-se-transferir-para-o-benfica\/","og_locale":"pt_BR","og_type":"article","og_title":"Jesus indica, e lateral do Flamengo pode se transferir para o Benfica","og_description":"O treinador portugu\u00eas ainda \u00e9 aguardado para assinar seu contrato com os Encarnados, mas j\u00e1 trabalha nos bastidores visando a montagem do elenco.","og_url":"https:\/\/www.gaveanews.com\/index.php\/2020\/07\/18\/jesus-indica-e-lateral-do-flamengo-pode-se-transferir-para-o-benfica\/","og_site_name":"G\u00e1vea News","article_publisher":"https:\/\/facebook.com\/gaveaNews\/","article_published_time":"2020-07-19T02:11:00+00:00","article_modified_time":"2020-07-19T02:11:38+00:00","og_image":[{"url":"https:\/\/www.gaveanews.com\/wp-content\/uploads\/Jorge-Jesus-durante-partida-do-Flamengo-no-estadio-do-Maracana.webp","width":1,"height":1,"type":"image\/jpeg"}],"author":"Equipe G\u00e1vea News","twitter_card":"summary_large_image","twitter_misc":{"Escrito por":"Equipe G\u00e1vea News","Est. tempo de leitura":"1 minuto"},"schema":{"@context":"https:\/\/schema.org","@graph":[{"@type":"NewsArticle","@id":"https:\/\/www.gaveanews.com\/index.php\/2020\/07\/18\/jesus-indica-e-lateral-do-flamengo-pode-se-transferir-para-o-benfica\/#article","isPartOf":{"@id":"https:\/\/www.gaveanews.com\/index.php\/2020\/07\/18\/jesus-indica-e-lateral-do-flamengo-pode-se-transferir-para-o-benfica\/"},"author":{"name":"Equipe G\u00e1vea News","@id":"https:\/\/www.gaveanews.com\/#\/schema\/person\/2ec14f73fb96be2caf28f91afb14749d"},"headline":"Jesus indica, e lateral do Flamengo pode se transferir para o Benfica","datePublished":"2020-07-19T02:11:00+00:00","dateModified":"2020-07-19T02:11:38+00:00","mainEntityOfPage":{"@id":"https:\/\/www.gaveanews.com\/index.php\/2020\/07\/18\/jesus-indica-e-lateral-do-flamengo-pode-se-transferir-para-o-benfica\/"},"wordCount":284,"commentCount":19,"image":{"@id":"https:\/\/www.gaveanews.com\/index.php\/2020\/07\/18\/jesus-indica-e-lateral-do-flamengo-pode-se-transferir-para-o-benfica\/#primaryimage"},"thumbnailUrl":"https:\/\/www.gaveanews.com\/wp-content\/uploads\/Jorge-Jesus-durante-partida-do-Flamengo-no-estadio-do-Maracana.webp","articleSection":["Destaques"],"inLanguage":"pt-BR","potentialAction":[{"@type":"CommentAction","name":"Comment","target":["https:\/\/www.gaveanews.com\/index.php\/2020\/07\/18\/jesus-indica-e-lateral-do-flamengo-pode-se-transferir-para-o-benfica\/#respond"]}],"copyrightYear":"2020","copyrightHolder":{"@id":"https:\/\/www.gaveanews.com\/#organization"}},{"@type":"WebPage","@id":"https:\/\/www.gaveanews.com\/index.php\/2020\/07\/18\/jesus-indica-e-lateral-do-flamengo-pode-se-transferir-para-o-benfica\/","url":"https:\/\/www.gaveanews.com\/index.php\/2020\/07\/18\/jesus-indica-e-lateral-do-flamengo-pode-se-transferir-para-o-benfica\/","name":"Jesus indica, e lateral do Flamengo pode se transferir para o Benfica","isPartOf":{"@id":"https:\/\/www.gaveanews.com\/#website"},"primaryImageOfPage":{"@id":"https:\/\/www.gaveanews.com\/index.php\/2020\/07\/18\/jesus-indica-e-lateral-do-flamengo-pode-se-transferir-para-o-benfica\/#primaryimage"},"image":{"@id":"https:\/\/www.gaveanews.com\/index.php\/2020\/07\/18\/jesus-indica-e-lateral-do-flamengo-pode-se-transferir-para-o-benfica\/#primaryimage"},"thumbnailUrl":"https:\/\/www.gaveanews.com\/wp-content\/uploads\/Jorge-Jesus-durante-partida-do-Flamengo-no-estadio-do-Maracana.webp","datePublished":"2020-07-19T02:11:00+00:00","dateModified":"2020-07-19T02:11:38+00:00","author":{"@id":"https:\/\/www.gaveanews.com\/#\/schema\/person\/2ec14f73fb96be2caf28f91afb14749d"},"description":"O treinador portugu\u00eas ainda \u00e9 aguardado para assinar seu contrato com os Encarnados, mas j\u00e1 trabalha nos bastidores visando a montagem do elenco.","breadcrumb":{"@id":"https:\/\/www.gaveanews.com\/index.php\/2020\/07\/18\/jesus-indica-e-lateral-do-flamengo-pode-se-transferir-para-o-benfica\/#breadcrumb"},"inLanguage":"pt-BR","potentialAction":[{"@type":"ReadAction","target":["https:\/\/www.gaveanews.com\/index.php\/2020\/07\/18\/jesus-indica-e-lateral-do-flamengo-pode-se-transferir-para-o-benfica\/"]}]},{"@type":"ImageObject","inLanguage":"pt-BR","@id":"https:\/\/www.gaveanews.com\/index.php\/2020\/07\/18\/jesus-indica-e-lateral-do-flamengo-pode-se-transferir-para-o-benfica\/#primaryimage","url":"https:\/\/www.gaveanews.com\/wp-content\/uploads\/Jorge-Jesus-durante-partida-do-Flamengo-no-estadio-do-Maracana.webp","contentUrl":"https:\/\/www.gaveanews.com\/wp-content\/uploads\/Jorge-Jesus-durante-partida-do-Flamengo-no-estadio-do-Maracana.webp","caption":"Jorge Jesus durante partida do Flamengo no est\u00e1dio do Maracan\u00e3 (Foto: Alexandre Vidal\/Flamengo)"},{"@type":"BreadcrumbList","@id":"https:\/\/www.gaveanews.com\/index.php\/2020\/07\/18\/jesus-indica-e-lateral-do-flamengo-pode-se-transferir-para-o-benfica\/#breadcrumb","itemListElement":[{"@type":"ListItem","position":1,"name":"Home","item":"https:\/\/www.gaveanews.com\/"},{"@type":"ListItem","position":2,"name":"Jesus indica, e lateral do Flamengo pode se transferir para o Benfica"}]},{"@type":"WebSite","@id":"https:\/\/www.gaveanews.com\/#website","url":"https:\/\/www.gaveanews.com\/","name":"G\u00e1vea News","description":"Veja todas as not\u00edcias sobre o Flamengo: Contrata\u00e7\u00f5es, categorias de base, resultados das partidas, tabela de classifica\u00e7\u00e3o, pr\u00f3ximos jogos!","potentialAction":[{"@type":"SearchAction","target":{"@type":"EntryPoint","urlTemplate":"https:\/\/www.gaveanews.com\/?s={search_term_string}"},"query-input":{"@type":"PropertyValueSpecification","valueRequired":true,"valueName":"search_term_string"}}],"inLanguage":"pt-BR"},{"@type":"Person","@id":"https:\/\/www.gaveanews.com\/#\/schema\/person\/2ec14f73fb96be2caf28f91afb14749d","name":"Equipe G\u00e1vea News","image":{"@type":"ImageObject","inLanguage":"pt-BR","@id":"https:\/\/www.gaveanews.com\/#\/schema\/person\/image\/","url":"https:\/\/secure.gravatar.com\/avatar\/1e1956f1facbffd3f8fa53a326721950116b3b9dc9bd44939c01180fd4a745a9?s=96&d=mm&r=g","contentUrl":"https:\/\/secure.gravatar.com\/avatar\/1e1956f1facbffd3f8fa53a326721950116b3b9dc9bd44939c01180fd4a745a9?s=96&d=mm&r=g","caption":"Equipe G\u00e1vea News"}}]}},"_links":{"self":[{"href":"https:\/\/www.gaveanews.com\/index.php\/wp-json\/wp\/v2\/posts\/43859","targetHints":{"allow":["GET"]}}],"collection":[{"href":"https:\/\/www.gaveanews.com\/index.php\/wp-json\/wp\/v2\/posts"}],"about":[{"href":"https:\/\/www.gaveanews.com\/index.php\/wp-json\/wp\/v2\/types\/post"}],"author":[{"embeddable":true,"href":"https:\/\/www.gaveanews.com\/index.php\/wp-json\/wp\/v2\/users\/1"}],"replies":[{"embeddable":true,"href":"https:\/\/www.gaveanews.com\/index.php\/wp-json\/wp\/v2\/comments?post=43859"}],"version-history":[{"count":0,"href":"https:\/\/www.gaveanews.com\/index.php\/wp-json\/wp\/v2\/posts\/43859\/revisions"}],"wp:featuredmedia":[{"embeddable":true,"href":"https:\/\/www.gaveanews.com\/index.php\/wp-json\/wp\/v2\/media\/28616"}],"wp:attachment":[{"href":"https:\/\/www.gaveanews.com\/index.php\/wp-json\/wp\/v2\/media?parent=43859"}],"wp:term":[{"taxonomy":"category","embeddable":true,"href":"https:\/\/www.gaveanews.com\/index.php\/wp-json\/wp\/v2\/categories?post=43859"},{"taxonomy":"post_tag","embeddable":true,"href":"https:\/\/www.gaveanews.com\/index.php\/wp-json\/wp\/v2\/tags?post=43859"}],"curies":[{"name":"wp","href":"https:\/\/api.w.org\/{rel}","templated":true}]}}