{"id":43866,"date":"2020-07-18T22:07:25","date_gmt":"2020-07-19T01:07:25","guid":{"rendered":"https:\/\/www.gaveanews.com\/?p=43866"},"modified":"2020-07-18T22:07:28","modified_gmt":"2020-07-19T01:07:28","slug":"de-olho-em-toquio-daniele-hypolito-retorna-ao-flamengo","status":"publish","type":"post","link":"https:\/\/www.gaveanews.com\/index.php\/2020\/07\/18\/de-olho-em-toquio-daniele-hypolito-retorna-ao-flamengo\/","title":{"rendered":"De olho em T\u00f3quio, Daniele Hypolito retorna ao Flamengo"},"content":{"rendered":"\n<p>Daniele Hypolito come\u00e7ou no Sesi de Santo Andr\u00e9-SP, mas logo foi contratada pelo Flamengo e chegou em seguida a sele\u00e7\u00e3o brasileira de gin\u00e1stica art\u00edstica. Depois de tr\u00eas anos longe da G\u00e1vea, a ginasta foi anunciada pelo clube carioca neste s\u00e1bado (18 de julho).<\/p>\n\n\n\n<p>Primeira brasileira a conquistar medalha no Mundial de Gin\u00e1stica, Daniele sonha com uma vaga entre as selecionadas para T\u00f3quio-2021. Aos 35 anos, a paulista representou o Brasil em todas as edi\u00e7\u00f5es ol\u00edmpicas desde Sidney-2000.<\/p>\n\n\n\n<p>De forma gradual, as modalidades ol\u00edmpicas do Rubro-Negro come\u00e7aram a retornar \u00e0s atividades. Todos os atletas e demais profissionais passaram por testes antes de iniciar a rotina de treinamentos, adotando as medidas de seguran\u00e7a necess\u00e1rias para se precaver do novo coronav\u00edrus.<\/p>\n\n\n\n<figure class=\"wp-block-image size-large\"><img decoding=\"async\" src=\"https:\/\/static-wp-tor15-prd.torcedores.com\/wp-content\/uploads\/2020\/07\/dani-hypolito-flamengo.webp\" alt=\"\"\/><figcaption>Daniele Hypolito (Foto: Marcelo Cortes\/CRF)<\/figcaption><\/figure>\n\n\n\n<p>Um dos principais nomes da modalidade e veterana do Flamengo, Jade Barbosa comemorou o retorno, mas se mostrou cautelosa quanto a pandemia.<\/p>\n\n\n\n<p>\u201cA gente est\u00e1 muito feliz com esse retorno, a gin\u00e1stica em peso estava muito ansiosa para que isso acontecesse o mais r\u00e1pido poss\u00edvel. Mas est\u00e1vamos realmente preocupadas com a sa\u00fade de todos e n\u00e3o dava para voltar se n\u00e3o tiv\u00e9ssemos como manter o protocolo de seguran\u00e7a\u201d, comentou.<\/p>\n\n\n\n<h2 class=\"wp-block-heading\">Daniele Hypolito volta ao Flamengo ap\u00f3s tr\u00eas anos fora:<\/h2>\n\n\n\n<p>\u201cUma vez Flamengo, sempre Flamengo! Um dos principais nomes da histo\u0301ria da gina\u0301stica arti\u0301stica nacional, Daniele Hyp\u00f3lito est\u00e1 de volta ao Flamengo! Com cinco Olimpi\u0301adas no curri\u0301culo, a rubro-negra representara\u0301 o Menga\u0303o mais uma vez nos tablados. Seja bem-vinda, Dany!\u201d, celebrou o retorno da ginasta \u00e0 G\u00e1vea.<\/p>\n\n\n\n<p>Retirado de: Torcedores<\/p>\n","protected":false},"excerpt":{"rendered":"<p>Daniele Hypolito come\u00e7ou no Sesi de Santo Andr\u00e9-SP, mas logo foi contratada pelo Flamengo e chegou em seguida a sele\u00e7\u00e3o brasileira de gin\u00e1stica art\u00edstica. Depois de tr\u00eas anos longe da G\u00e1vea, a ginasta foi anunciada pelo clube carioca neste s\u00e1bado (18 de julho). Primeira brasileira a conquistar medalha no Mundial de Gin\u00e1stica, Daniele sonha com [&hellip;]<\/p>\n","protected":false},"author":1,"featured_media":15081,"comment_status":"open","ping_status":"closed","sticky":false,"template":"","format":"standard","meta":{"footnotes":""},"categories":[47],"tags":[],"class_list":["post-43866","post","type-post","status-publish","format-standard","has-post-thumbnail","hentry","category-destaques"],"yoast_head":"<!-- This site is optimized with the Yoast SEO Premium plugin v24.2 (Yoast SEO v26.9) - https:\/\/yoast.com\/product\/yoast-seo-premium-wordpress\/ -->\n<title>De olho em T\u00f3quio, Daniele Hypolito retorna ao Flamengo<\/title>\n<meta name=\"description\" content=\"Um dos principais nomes da modalidade e veterana do Flamengo, Jade Barbosa comemorou o retorno, mas se mostrou cautelosa quanto a pandemia.\" \/>\n<meta name=\"robots\" content=\"index, follow, max-snippet:-1, max-image-preview:large, max-video-preview:-1\" \/>\n<link rel=\"canonical\" href=\"https:\/\/www.gaveanews.com\/index.php\/2020\/07\/18\/de-olho-em-toquio-daniele-hypolito-retorna-ao-flamengo\/\" \/>\n<meta property=\"og:locale\" content=\"pt_BR\" \/>\n<meta property=\"og:type\" content=\"article\" \/>\n<meta property=\"og:title\" content=\"De olho em T\u00f3quio, Daniele Hypolito retorna ao Flamengo\" \/>\n<meta property=\"og:description\" content=\"Um dos principais nomes da modalidade e veterana do Flamengo, Jade Barbosa comemorou o retorno, mas se mostrou cautelosa quanto a pandemia.\" \/>\n<meta property=\"og:url\" content=\"https:\/\/www.gaveanews.com\/index.php\/2020\/07\/18\/de-olho-em-toquio-daniele-hypolito-retorna-ao-flamengo\/\" \/>\n<meta property=\"og:site_name\" content=\"G\u00e1vea News\" \/>\n<meta property=\"article:publisher\" content=\"https:\/\/facebook.com\/gaveaNews\/\" \/>\n<meta property=\"article:published_time\" content=\"2020-07-19T01:07:25+00:00\" \/>\n<meta property=\"article:modified_time\" content=\"2020-07-19T01:07:28+00:00\" \/>\n<meta property=\"og:image\" content=\"https:\/\/www.gaveanews.com\/wp-content\/uploads\/2019\/03\/Escudo-do-Flamengo-e-exposto-proximo-a-um-dos-gols-no-gramado-do-Maracana.webp\" \/>\n\t<meta property=\"og:image:width\" content=\"1\" \/>\n\t<meta property=\"og:image:height\" content=\"1\" \/>\n\t<meta property=\"og:image:type\" content=\"image\/jpeg\" \/>\n<meta name=\"author\" content=\"Equipe G\u00e1vea News\" \/>\n<meta name=\"twitter:card\" content=\"summary_large_image\" \/>\n<meta name=\"twitter:label1\" content=\"Escrito por\" \/>\n\t<meta name=\"twitter:data1\" content=\"Equipe G\u00e1vea News\" \/>\n\t<meta name=\"twitter:label2\" content=\"Est. tempo de leitura\" \/>\n\t<meta name=\"twitter:data2\" content=\"1 minuto\" \/>\n<script type=\"application\/ld+json\" class=\"yoast-schema-graph\">{\"@context\":\"https:\/\/schema.org\",\"@graph\":[{\"@type\":\"NewsArticle\",\"@id\":\"https:\/\/www.gaveanews.com\/index.php\/2020\/07\/18\/de-olho-em-toquio-daniele-hypolito-retorna-ao-flamengo\/#article\",\"isPartOf\":{\"@id\":\"https:\/\/www.gaveanews.com\/index.php\/2020\/07\/18\/de-olho-em-toquio-daniele-hypolito-retorna-ao-flamengo\/\"},\"author\":{\"name\":\"Equipe G\u00e1vea News\",\"@id\":\"https:\/\/www.gaveanews.com\/#\/schema\/person\/2ec14f73fb96be2caf28f91afb14749d\"},\"headline\":\"De olho em T\u00f3quio, Daniele Hypolito retorna ao Flamengo\",\"datePublished\":\"2020-07-19T01:07:25+00:00\",\"dateModified\":\"2020-07-19T01:07:28+00:00\",\"mainEntityOfPage\":{\"@id\":\"https:\/\/www.gaveanews.com\/index.php\/2020\/07\/18\/de-olho-em-toquio-daniele-hypolito-retorna-ao-flamengo\/\"},\"wordCount\":295,\"commentCount\":3,\"image\":{\"@id\":\"https:\/\/www.gaveanews.com\/index.php\/2020\/07\/18\/de-olho-em-toquio-daniele-hypolito-retorna-ao-flamengo\/#primaryimage\"},\"thumbnailUrl\":\"https:\/\/www.gaveanews.com\/wp-content\/uploads\/2019\/03\/Escudo-do-Flamengo-e-exposto-proximo-a-um-dos-gols-no-gramado-do-Maracana.webp\",\"articleSection\":[\"Destaques\"],\"inLanguage\":\"pt-BR\",\"potentialAction\":[{\"@type\":\"CommentAction\",\"name\":\"Comment\",\"target\":[\"https:\/\/www.gaveanews.com\/index.php\/2020\/07\/18\/de-olho-em-toquio-daniele-hypolito-retorna-ao-flamengo\/#respond\"]}],\"copyrightYear\":\"2020\",\"copyrightHolder\":{\"@id\":\"https:\/\/www.gaveanews.com\/#organization\"}},{\"@type\":\"WebPage\",\"@id\":\"https:\/\/www.gaveanews.com\/index.php\/2020\/07\/18\/de-olho-em-toquio-daniele-hypolito-retorna-ao-flamengo\/\",\"url\":\"https:\/\/www.gaveanews.com\/index.php\/2020\/07\/18\/de-olho-em-toquio-daniele-hypolito-retorna-ao-flamengo\/\",\"name\":\"De olho em T\u00f3quio, Daniele Hypolito retorna ao Flamengo\",\"isPartOf\":{\"@id\":\"https:\/\/www.gaveanews.com\/#website\"},\"primaryImageOfPage\":{\"@id\":\"https:\/\/www.gaveanews.com\/index.php\/2020\/07\/18\/de-olho-em-toquio-daniele-hypolito-retorna-ao-flamengo\/#primaryimage\"},\"image\":{\"@id\":\"https:\/\/www.gaveanews.com\/index.php\/2020\/07\/18\/de-olho-em-toquio-daniele-hypolito-retorna-ao-flamengo\/#primaryimage\"},\"thumbnailUrl\":\"https:\/\/www.gaveanews.com\/wp-content\/uploads\/2019\/03\/Escudo-do-Flamengo-e-exposto-proximo-a-um-dos-gols-no-gramado-do-Maracana.webp\",\"datePublished\":\"2020-07-19T01:07:25+00:00\",\"dateModified\":\"2020-07-19T01:07:28+00:00\",\"author\":{\"@id\":\"https:\/\/www.gaveanews.com\/#\/schema\/person\/2ec14f73fb96be2caf28f91afb14749d\"},\"description\":\"Um dos principais nomes da modalidade e veterana do Flamengo, Jade Barbosa comemorou o retorno, mas se mostrou cautelosa quanto a pandemia.\",\"breadcrumb\":{\"@id\":\"https:\/\/www.gaveanews.com\/index.php\/2020\/07\/18\/de-olho-em-toquio-daniele-hypolito-retorna-ao-flamengo\/#breadcrumb\"},\"inLanguage\":\"pt-BR\",\"potentialAction\":[{\"@type\":\"ReadAction\",\"target\":[\"https:\/\/www.gaveanews.com\/index.php\/2020\/07\/18\/de-olho-em-toquio-daniele-hypolito-retorna-ao-flamengo\/\"]}]},{\"@type\":\"ImageObject\",\"inLanguage\":\"pt-BR\",\"@id\":\"https:\/\/www.gaveanews.com\/index.php\/2020\/07\/18\/de-olho-em-toquio-daniele-hypolito-retorna-ao-flamengo\/#primaryimage\",\"url\":\"https:\/\/www.gaveanews.com\/wp-content\/uploads\/2019\/03\/Escudo-do-Flamengo-e-exposto-proximo-a-um-dos-gols-no-gramado-do-Maracana.webp\",\"contentUrl\":\"https:\/\/www.gaveanews.com\/wp-content\/uploads\/2019\/03\/Escudo-do-Flamengo-e-exposto-proximo-a-um-dos-gols-no-gramado-do-Maracana.webp\",\"caption\":\"Escudo do Flamengo \u00e9 exposto pr\u00f3ximo a um dos gols, no gramado do Maracan\u00e3 (Foto: Daniel Castelo Branco)\"},{\"@type\":\"BreadcrumbList\",\"@id\":\"https:\/\/www.gaveanews.com\/index.php\/2020\/07\/18\/de-olho-em-toquio-daniele-hypolito-retorna-ao-flamengo\/#breadcrumb\",\"itemListElement\":[{\"@type\":\"ListItem\",\"position\":1,\"name\":\"Home\",\"item\":\"https:\/\/www.gaveanews.com\/\"},{\"@type\":\"ListItem\",\"position\":2,\"name\":\"De olho em T\u00f3quio, Daniele Hypolito retorna ao Flamengo\"}]},{\"@type\":\"WebSite\",\"@id\":\"https:\/\/www.gaveanews.com\/#website\",\"url\":\"https:\/\/www.gaveanews.com\/\",\"name\":\"G\u00e1vea News\",\"description\":\"Veja todas as not\u00edcias sobre o Flamengo: Contrata\u00e7\u00f5es, categorias de base, resultados das partidas, tabela de classifica\u00e7\u00e3o, pr\u00f3ximos jogos!\",\"potentialAction\":[{\"@type\":\"SearchAction\",\"target\":{\"@type\":\"EntryPoint\",\"urlTemplate\":\"https:\/\/www.gaveanews.com\/?s={search_term_string}\"},\"query-input\":{\"@type\":\"PropertyValueSpecification\",\"valueRequired\":true,\"valueName\":\"search_term_string\"}}],\"inLanguage\":\"pt-BR\"},{\"@type\":\"Person\",\"@id\":\"https:\/\/www.gaveanews.com\/#\/schema\/person\/2ec14f73fb96be2caf28f91afb14749d\",\"name\":\"Equipe G\u00e1vea News\",\"image\":{\"@type\":\"ImageObject\",\"inLanguage\":\"pt-BR\",\"@id\":\"https:\/\/www.gaveanews.com\/#\/schema\/person\/image\/\",\"url\":\"https:\/\/secure.gravatar.com\/avatar\/1e1956f1facbffd3f8fa53a326721950116b3b9dc9bd44939c01180fd4a745a9?s=96&d=mm&r=g\",\"contentUrl\":\"https:\/\/secure.gravatar.com\/avatar\/1e1956f1facbffd3f8fa53a326721950116b3b9dc9bd44939c01180fd4a745a9?s=96&d=mm&r=g\",\"caption\":\"Equipe G\u00e1vea News\"}}]}<\/script>\n<!-- \/ Yoast SEO Premium plugin. -->","yoast_head_json":{"title":"De olho em T\u00f3quio, Daniele Hypolito retorna ao Flamengo","description":"Um dos principais nomes da modalidade e veterana do Flamengo, Jade Barbosa comemorou o retorno, mas se mostrou cautelosa quanto a pandemia.","robots":{"index":"index","follow":"follow","max-snippet":"max-snippet:-1","max-image-preview":"max-image-preview:large","max-video-preview":"max-video-preview:-1"},"canonical":"https:\/\/www.gaveanews.com\/index.php\/2020\/07\/18\/de-olho-em-toquio-daniele-hypolito-retorna-ao-flamengo\/","og_locale":"pt_BR","og_type":"article","og_title":"De olho em T\u00f3quio, Daniele Hypolito retorna ao Flamengo","og_description":"Um dos principais nomes da modalidade e veterana do Flamengo, Jade Barbosa comemorou o retorno, mas se mostrou cautelosa quanto a pandemia.","og_url":"https:\/\/www.gaveanews.com\/index.php\/2020\/07\/18\/de-olho-em-toquio-daniele-hypolito-retorna-ao-flamengo\/","og_site_name":"G\u00e1vea News","article_publisher":"https:\/\/facebook.com\/gaveaNews\/","article_published_time":"2020-07-19T01:07:25+00:00","article_modified_time":"2020-07-19T01:07:28+00:00","og_image":[{"url":"https:\/\/www.gaveanews.com\/wp-content\/uploads\/2019\/03\/Escudo-do-Flamengo-e-exposto-proximo-a-um-dos-gols-no-gramado-do-Maracana.webp","width":1,"height":1,"type":"image\/jpeg"}],"author":"Equipe G\u00e1vea News","twitter_card":"summary_large_image","twitter_misc":{"Escrito por":"Equipe G\u00e1vea News","Est. tempo de leitura":"1 minuto"},"schema":{"@context":"https:\/\/schema.org","@graph":[{"@type":"NewsArticle","@id":"https:\/\/www.gaveanews.com\/index.php\/2020\/07\/18\/de-olho-em-toquio-daniele-hypolito-retorna-ao-flamengo\/#article","isPartOf":{"@id":"https:\/\/www.gaveanews.com\/index.php\/2020\/07\/18\/de-olho-em-toquio-daniele-hypolito-retorna-ao-flamengo\/"},"author":{"name":"Equipe G\u00e1vea News","@id":"https:\/\/www.gaveanews.com\/#\/schema\/person\/2ec14f73fb96be2caf28f91afb14749d"},"headline":"De olho em T\u00f3quio, Daniele Hypolito retorna ao Flamengo","datePublished":"2020-07-19T01:07:25+00:00","dateModified":"2020-07-19T01:07:28+00:00","mainEntityOfPage":{"@id":"https:\/\/www.gaveanews.com\/index.php\/2020\/07\/18\/de-olho-em-toquio-daniele-hypolito-retorna-ao-flamengo\/"},"wordCount":295,"commentCount":3,"image":{"@id":"https:\/\/www.gaveanews.com\/index.php\/2020\/07\/18\/de-olho-em-toquio-daniele-hypolito-retorna-ao-flamengo\/#primaryimage"},"thumbnailUrl":"https:\/\/www.gaveanews.com\/wp-content\/uploads\/2019\/03\/Escudo-do-Flamengo-e-exposto-proximo-a-um-dos-gols-no-gramado-do-Maracana.webp","articleSection":["Destaques"],"inLanguage":"pt-BR","potentialAction":[{"@type":"CommentAction","name":"Comment","target":["https:\/\/www.gaveanews.com\/index.php\/2020\/07\/18\/de-olho-em-toquio-daniele-hypolito-retorna-ao-flamengo\/#respond"]}],"copyrightYear":"2020","copyrightHolder":{"@id":"https:\/\/www.gaveanews.com\/#organization"}},{"@type":"WebPage","@id":"https:\/\/www.gaveanews.com\/index.php\/2020\/07\/18\/de-olho-em-toquio-daniele-hypolito-retorna-ao-flamengo\/","url":"https:\/\/www.gaveanews.com\/index.php\/2020\/07\/18\/de-olho-em-toquio-daniele-hypolito-retorna-ao-flamengo\/","name":"De olho em T\u00f3quio, Daniele Hypolito retorna ao Flamengo","isPartOf":{"@id":"https:\/\/www.gaveanews.com\/#website"},"primaryImageOfPage":{"@id":"https:\/\/www.gaveanews.com\/index.php\/2020\/07\/18\/de-olho-em-toquio-daniele-hypolito-retorna-ao-flamengo\/#primaryimage"},"image":{"@id":"https:\/\/www.gaveanews.com\/index.php\/2020\/07\/18\/de-olho-em-toquio-daniele-hypolito-retorna-ao-flamengo\/#primaryimage"},"thumbnailUrl":"https:\/\/www.gaveanews.com\/wp-content\/uploads\/2019\/03\/Escudo-do-Flamengo-e-exposto-proximo-a-um-dos-gols-no-gramado-do-Maracana.webp","datePublished":"2020-07-19T01:07:25+00:00","dateModified":"2020-07-19T01:07:28+00:00","author":{"@id":"https:\/\/www.gaveanews.com\/#\/schema\/person\/2ec14f73fb96be2caf28f91afb14749d"},"description":"Um dos principais nomes da modalidade e veterana do Flamengo, Jade Barbosa comemorou o retorno, mas se mostrou cautelosa quanto a pandemia.","breadcrumb":{"@id":"https:\/\/www.gaveanews.com\/index.php\/2020\/07\/18\/de-olho-em-toquio-daniele-hypolito-retorna-ao-flamengo\/#breadcrumb"},"inLanguage":"pt-BR","potentialAction":[{"@type":"ReadAction","target":["https:\/\/www.gaveanews.com\/index.php\/2020\/07\/18\/de-olho-em-toquio-daniele-hypolito-retorna-ao-flamengo\/"]}]},{"@type":"ImageObject","inLanguage":"pt-BR","@id":"https:\/\/www.gaveanews.com\/index.php\/2020\/07\/18\/de-olho-em-toquio-daniele-hypolito-retorna-ao-flamengo\/#primaryimage","url":"https:\/\/www.gaveanews.com\/wp-content\/uploads\/2019\/03\/Escudo-do-Flamengo-e-exposto-proximo-a-um-dos-gols-no-gramado-do-Maracana.webp","contentUrl":"https:\/\/www.gaveanews.com\/wp-content\/uploads\/2019\/03\/Escudo-do-Flamengo-e-exposto-proximo-a-um-dos-gols-no-gramado-do-Maracana.webp","caption":"Escudo do Flamengo \u00e9 exposto pr\u00f3ximo a um dos gols, no gramado do Maracan\u00e3 (Foto: Daniel Castelo Branco)"},{"@type":"BreadcrumbList","@id":"https:\/\/www.gaveanews.com\/index.php\/2020\/07\/18\/de-olho-em-toquio-daniele-hypolito-retorna-ao-flamengo\/#breadcrumb","itemListElement":[{"@type":"ListItem","position":1,"name":"Home","item":"https:\/\/www.gaveanews.com\/"},{"@type":"ListItem","position":2,"name":"De olho em T\u00f3quio, Daniele Hypolito retorna ao Flamengo"}]},{"@type":"WebSite","@id":"https:\/\/www.gaveanews.com\/#website","url":"https:\/\/www.gaveanews.com\/","name":"G\u00e1vea News","description":"Veja todas as not\u00edcias sobre o Flamengo: Contrata\u00e7\u00f5es, categorias de base, resultados das partidas, tabela de classifica\u00e7\u00e3o, pr\u00f3ximos jogos!","potentialAction":[{"@type":"SearchAction","target":{"@type":"EntryPoint","urlTemplate":"https:\/\/www.gaveanews.com\/?s={search_term_string}"},"query-input":{"@type":"PropertyValueSpecification","valueRequired":true,"valueName":"search_term_string"}}],"inLanguage":"pt-BR"},{"@type":"Person","@id":"https:\/\/www.gaveanews.com\/#\/schema\/person\/2ec14f73fb96be2caf28f91afb14749d","name":"Equipe G\u00e1vea News","image":{"@type":"ImageObject","inLanguage":"pt-BR","@id":"https:\/\/www.gaveanews.com\/#\/schema\/person\/image\/","url":"https:\/\/secure.gravatar.com\/avatar\/1e1956f1facbffd3f8fa53a326721950116b3b9dc9bd44939c01180fd4a745a9?s=96&d=mm&r=g","contentUrl":"https:\/\/secure.gravatar.com\/avatar\/1e1956f1facbffd3f8fa53a326721950116b3b9dc9bd44939c01180fd4a745a9?s=96&d=mm&r=g","caption":"Equipe G\u00e1vea News"}}]}},"_links":{"self":[{"href":"https:\/\/www.gaveanews.com\/index.php\/wp-json\/wp\/v2\/posts\/43866","targetHints":{"allow":["GET"]}}],"collection":[{"href":"https:\/\/www.gaveanews.com\/index.php\/wp-json\/wp\/v2\/posts"}],"about":[{"href":"https:\/\/www.gaveanews.com\/index.php\/wp-json\/wp\/v2\/types\/post"}],"author":[{"embeddable":true,"href":"https:\/\/www.gaveanews.com\/index.php\/wp-json\/wp\/v2\/users\/1"}],"replies":[{"embeddable":true,"href":"https:\/\/www.gaveanews.com\/index.php\/wp-json\/wp\/v2\/comments?post=43866"}],"version-history":[{"count":0,"href":"https:\/\/www.gaveanews.com\/index.php\/wp-json\/wp\/v2\/posts\/43866\/revisions"}],"wp:featuredmedia":[{"embeddable":true,"href":"https:\/\/www.gaveanews.com\/index.php\/wp-json\/wp\/v2\/media\/15081"}],"wp:attachment":[{"href":"https:\/\/www.gaveanews.com\/index.php\/wp-json\/wp\/v2\/media?parent=43866"}],"wp:term":[{"taxonomy":"category","embeddable":true,"href":"https:\/\/www.gaveanews.com\/index.php\/wp-json\/wp\/v2\/categories?post=43866"},{"taxonomy":"post_tag","embeddable":true,"href":"https:\/\/www.gaveanews.com\/index.php\/wp-json\/wp\/v2\/tags?post=43866"}],"curies":[{"name":"wp","href":"https:\/\/api.w.org\/{rel}","templated":true}]}}