{"id":43873,"date":"2020-07-18T23:09:19","date_gmt":"2020-07-19T02:09:19","guid":{"rendered":"https:\/\/www.gaveanews.com\/?p=43873"},"modified":"2020-07-18T23:09:23","modified_gmt":"2020-07-19T02:09:23","slug":"marco-silva-e-leonardo-jardim-compare-o-curriculo-dos-dois-portugueses-que-estao-na-mira-do-flamengo","status":"publish","type":"post","link":"https:\/\/www.gaveanews.com\/index.php\/2020\/07\/18\/marco-silva-e-leonardo-jardim-compare-o-curriculo-dos-dois-portugueses-que-estao-na-mira-do-flamengo\/","title":{"rendered":"Marco Silva e Leonardo Jardim: compare o curr\u00edculo dos dois portugueses que est\u00e3o na mira do Flamengo"},"content":{"rendered":"\n<p>Marcos Braz e Bruno Spindel, vice-presidente e diretor de futebol do Flamengo, v\u00e3o \u00e0 Europa em busca de um novo treinador, depois da sa\u00edda confirmada de Jorge Jesus rumo ao Benfica. Outros dois portugueses est\u00e3o na pauta da viagem: Marco Silva e Leonardo Jardim.<\/p>\n\n\n\n<p>O primeiro teve seu trabalho mais recente no Everton, da Inglaterra, e deixou o clube em dezembro de 2019. Nessa mesma \u00e9poca, j\u00e1 foi alvo de especula\u00e7\u00f5es no Ninho do Urubu, em meio a rumores de que Jesus poderia sair. O Flamengo nega que j\u00e1 o tenha procurado.<\/p>\n\n\n\n<p>Jardim, por sua vez, tamb\u00e9m est\u00e1 desempregado desde o final do ano passado, quando foi demitido de sua segunda passagem consecutiva pelo Monaco, na Fran\u00e7a, seu \u00faltimo trabalho.<\/p>\n\n\n\n<p>No Flamengo, Marco Silva \u00e9 visto como uma contrata\u00e7\u00e3o dif\u00edcil. O fator financeiro, claro, pesa, mas a sa\u00edda recente de um campeonato como a Premier League fortalece seu mercado na Europa. Jardim, por sua vez, agrada pelas caracter\u00edsticas, consideradas pr\u00f3ximas a de Jesus.<\/p>\n\n\n\n<p>Em n\u00fameros de conquistas, tanto Silva, quanto Jardim ainda n\u00e3o tem, por exemplo, o mesmo n\u00famero de trof\u00e9us que Jesus conquistou apenas no Flamengo, cinco. O mais vitorioso, o ex-Monaco, tem dois t\u00edtulos e participa\u00e7\u00e3o em mais dois; enquanto o ex-Everton tem tr\u00eas ta\u00e7as.<\/p>\n\n\n\n<p>Jardim faturou seu primeiro t\u00edtulo na temporada 2009\/10, com o Beira-Mar, garantindo a conquista da segunda divis\u00e3o do Campeonato Portugu\u00eas. Antes disso, ele havia iniciado a carreira em clubes menores como assistente, at\u00e9 assumir o Camacha e depois o Chaves.<\/p>\n\n\n\n<p>Do Beira-Mar, clube que ficou at\u00e9 2011, Jardim seguiu para o Braga, ficando por uma temporada \u2013 conseguiu um terceiro lugar no Portugu\u00eas. Em 2012, assumiu o Olympiacos, substituindo Ernesto Valverde (ex-Barcelona) e participou da campanha de mais dois t\u00edtulos.<\/p>\n\n\n\n<p>Participou da campanha por que n\u00e3o foi o treinador que concluiu os t\u00edtulos: acabou demitido em janeiro de 2013, quando seu time liderava o Campeonato Grego com dez pontos de vantagem e j\u00e1 havia constru\u00eddo vantagem nas oitavas de final da Copa da Gr\u00e9cia. J\u00e1 sem Jardim no banco de reservas, o Olympiacos confirmou as duas conquistas.<\/p>\n\n\n\n<p>Ele, ent\u00e3o, retornou para Portugal e ficou no Sporting entre 2013 e 2014, trabalho que antecedeu aquele que \u00e9 o seu de maior sucesso: o Monaco, com o qual seria campe\u00e3o do Campeonato Franc\u00eas em 2016\/17 e chegaria \u00e0s semifinais da Champions League.<\/p>\n\n\n\n<p>Com um time com nomes como Kylian Mbapp\u00e9, hoje no PSG, e Bernardo Silva, do Manchester City, Jardim tamb\u00e9m foi vice da Copa da Liga Francesa e semifinalista da Copa da Fran\u00e7a. Foi demitido em outubro de 2018, mas retornou pouco depois, em janeiro de 2019, ap\u00f3s uma breve passagem de Thierry Henry \u2013 acabaria demitido, por\u00e9m, novamente em dezembro.<\/p>\n\n\n\n<p>Marco Silva tem dois clubes em comum com Jardim: o Sporting e o Olympiacos. Antes deles, por\u00e9m, treinou o Estoril no in\u00edcio de carreira, entre 2011 e 2014, e soube o que era ser campe\u00e3o pela primeira vez: venceu tamb\u00e9m a segunda divis\u00e3o de Portugal em 2011\/12.<\/p>\n\n\n\n<p>Em 2014, chegou ao Sporting justamente para substituir Jardim. Na primeira temporada completa que fez, Silva foi campe\u00e3o da Ta\u00e7a de Portugal, mas acabou demitido dias depois, pelo que o clube alegou ser \u201cjusta causa\u201d \u2013 entre os motivos noticiados na \u00e9poca, uma falta a uma reuni\u00e3o, um jogo sem o uniforme oficial do clube e uma ordem do presidente ignorada.<\/p>\n\n\n\n<p>Do Sporting, o portugu\u00eas assumiu o Olympiacos e conquistou o Grego de 2015\/16. Pouco depois, alegou motivos pessoais e deixou o clube. Voltou a trabalhar em 2017, j\u00e1 na Inglaterra.<\/p>\n\n\n\n<p>Seu primeiro clube na Premier League foi o Hull City, mas Silva durou poucos meses. Assumiu em janeiro, com o time na lanterna, e saiu em mar\u00e7o, ap\u00f3s a confirma\u00e7\u00e3o do rebaixamento \u2013 apesar de ter conseguido importantes vit\u00f3rias contra Manchester United e Liverpool.<\/p>\n\n\n\n<p>Ainda em 2017, em maio, Silva assumiu o Watford e comandou a equipe at\u00e9 janeiro de 2018, quando o clube anunciou sua demiss\u00e3o acusando o Everton de o ter procurado \u2013 em maio daquele ano, o clube de Liverpool anunciaria, de fato, o treinador portugu\u00eas. Nos Toffees, o t\u00e9cnico ficou at\u00e9 dezembro de 2019, demitido ap\u00f3s ser goleado no cl\u00e1ssico contra os Reds.<\/p>\n\n\n\n<p>Retirado de: ESPN<\/p>\n","protected":false},"excerpt":{"rendered":"<p>Marcos Braz e Bruno Spindel, vice-presidente e diretor de futebol do Flamengo, v\u00e3o \u00e0 Europa em busca de um novo treinador, depois da sa\u00edda confirmada de Jorge Jesus rumo ao Benfica. Outros dois portugueses est\u00e3o na pauta da viagem: Marco Silva e Leonardo Jardim. O primeiro teve seu trabalho mais recente no Everton, da Inglaterra, [&hellip;]<\/p>\n","protected":false},"author":1,"featured_media":23694,"comment_status":"open","ping_status":"closed","sticky":false,"template":"","format":"standard","meta":{"footnotes":""},"categories":[47],"tags":[],"class_list":["post-43873","post","type-post","status-publish","format-standard","has-post-thumbnail","hentry","category-destaques"],"yoast_head":"<!-- This site is optimized with the Yoast SEO Premium plugin v24.2 (Yoast SEO v26.9) - https:\/\/yoast.com\/product\/yoast-seo-premium-wordpress\/ -->\n<title>Compare o curr\u00edculo dos dois portugueses que est\u00e3o na mira do Flamengo<\/title>\n<meta name=\"description\" content=\"Marcos Braz e Bruno Spindel v\u00e3o \u00e0 Europa em busca de um novo treinador, depois da sa\u00edda confirmada de Jorge Jesus rumo ao Benfica.\" \/>\n<meta name=\"robots\" content=\"index, follow, max-snippet:-1, max-image-preview:large, max-video-preview:-1\" \/>\n<link rel=\"canonical\" href=\"https:\/\/www.gaveanews.com\/index.php\/2020\/07\/18\/marco-silva-e-leonardo-jardim-compare-o-curriculo-dos-dois-portugueses-que-estao-na-mira-do-flamengo\/\" \/>\n<meta property=\"og:locale\" content=\"pt_BR\" \/>\n<meta property=\"og:type\" content=\"article\" \/>\n<meta property=\"og:title\" content=\"Marco Silva e Leonardo Jardim: compare o curr\u00edculo dos dois portugueses que est\u00e3o na mira do Flamengo\" \/>\n<meta property=\"og:description\" content=\"Marcos Braz e Bruno Spindel v\u00e3o \u00e0 Europa em busca de um novo treinador, depois da sa\u00edda confirmada de Jorge Jesus rumo ao Benfica.\" \/>\n<meta property=\"og:url\" content=\"https:\/\/www.gaveanews.com\/index.php\/2020\/07\/18\/marco-silva-e-leonardo-jardim-compare-o-curriculo-dos-dois-portugueses-que-estao-na-mira-do-flamengo\/\" \/>\n<meta property=\"og:site_name\" content=\"G\u00e1vea News\" \/>\n<meta property=\"article:publisher\" content=\"https:\/\/facebook.com\/gaveaNews\/\" \/>\n<meta property=\"article:published_time\" content=\"2020-07-19T02:09:19+00:00\" \/>\n<meta property=\"article:modified_time\" content=\"2020-07-19T02:09:23+00:00\" \/>\n<meta property=\"og:image\" content=\"https:\/\/www.gaveanews.com\/wp-content\/uploads\/2019\/07\/Marcos-Braz-durante-coletiva-de-imprensa-no-Ninho-do-Urubu.webp\" \/>\n\t<meta property=\"og:image:width\" content=\"846\" \/>\n\t<meta property=\"og:image:height\" content=\"563\" \/>\n\t<meta property=\"og:image:type\" content=\"image\/jpeg\" \/>\n<meta name=\"author\" content=\"Equipe G\u00e1vea News\" \/>\n<meta name=\"twitter:card\" content=\"summary_large_image\" \/>\n<meta name=\"twitter:label1\" content=\"Escrito por\" \/>\n\t<meta name=\"twitter:data1\" content=\"Equipe G\u00e1vea News\" \/>\n\t<meta name=\"twitter:label2\" content=\"Est. tempo de leitura\" \/>\n\t<meta name=\"twitter:data2\" content=\"4 minutos\" \/>\n<script type=\"application\/ld+json\" class=\"yoast-schema-graph\">{\"@context\":\"https:\/\/schema.org\",\"@graph\":[{\"@type\":\"NewsArticle\",\"@id\":\"https:\/\/www.gaveanews.com\/index.php\/2020\/07\/18\/marco-silva-e-leonardo-jardim-compare-o-curriculo-dos-dois-portugueses-que-estao-na-mira-do-flamengo\/#article\",\"isPartOf\":{\"@id\":\"https:\/\/www.gaveanews.com\/index.php\/2020\/07\/18\/marco-silva-e-leonardo-jardim-compare-o-curriculo-dos-dois-portugueses-que-estao-na-mira-do-flamengo\/\"},\"author\":{\"name\":\"Equipe G\u00e1vea News\",\"@id\":\"https:\/\/www.gaveanews.com\/#\/schema\/person\/2ec14f73fb96be2caf28f91afb14749d\"},\"headline\":\"Marco Silva e Leonardo Jardim: compare o curr\u00edculo dos dois portugueses que est\u00e3o na mira do Flamengo\",\"datePublished\":\"2020-07-19T02:09:19+00:00\",\"dateModified\":\"2020-07-19T02:09:23+00:00\",\"mainEntityOfPage\":{\"@id\":\"https:\/\/www.gaveanews.com\/index.php\/2020\/07\/18\/marco-silva-e-leonardo-jardim-compare-o-curriculo-dos-dois-portugueses-que-estao-na-mira-do-flamengo\/\"},\"wordCount\":740,\"commentCount\":4,\"image\":{\"@id\":\"https:\/\/www.gaveanews.com\/index.php\/2020\/07\/18\/marco-silva-e-leonardo-jardim-compare-o-curriculo-dos-dois-portugueses-que-estao-na-mira-do-flamengo\/#primaryimage\"},\"thumbnailUrl\":\"https:\/\/www.gaveanews.com\/wp-content\/uploads\/2019\/07\/Marcos-Braz-durante-coletiva-de-imprensa-no-Ninho-do-Urubu.webp\",\"articleSection\":[\"Destaques\"],\"inLanguage\":\"pt-BR\",\"potentialAction\":[{\"@type\":\"CommentAction\",\"name\":\"Comment\",\"target\":[\"https:\/\/www.gaveanews.com\/index.php\/2020\/07\/18\/marco-silva-e-leonardo-jardim-compare-o-curriculo-dos-dois-portugueses-que-estao-na-mira-do-flamengo\/#respond\"]}],\"copyrightYear\":\"2020\",\"copyrightHolder\":{\"@id\":\"https:\/\/www.gaveanews.com\/#organization\"}},{\"@type\":\"WebPage\",\"@id\":\"https:\/\/www.gaveanews.com\/index.php\/2020\/07\/18\/marco-silva-e-leonardo-jardim-compare-o-curriculo-dos-dois-portugueses-que-estao-na-mira-do-flamengo\/\",\"url\":\"https:\/\/www.gaveanews.com\/index.php\/2020\/07\/18\/marco-silva-e-leonardo-jardim-compare-o-curriculo-dos-dois-portugueses-que-estao-na-mira-do-flamengo\/\",\"name\":\"Compare o curr\u00edculo dos dois portugueses que est\u00e3o na mira do Flamengo\",\"isPartOf\":{\"@id\":\"https:\/\/www.gaveanews.com\/#website\"},\"primaryImageOfPage\":{\"@id\":\"https:\/\/www.gaveanews.com\/index.php\/2020\/07\/18\/marco-silva-e-leonardo-jardim-compare-o-curriculo-dos-dois-portugueses-que-estao-na-mira-do-flamengo\/#primaryimage\"},\"image\":{\"@id\":\"https:\/\/www.gaveanews.com\/index.php\/2020\/07\/18\/marco-silva-e-leonardo-jardim-compare-o-curriculo-dos-dois-portugueses-que-estao-na-mira-do-flamengo\/#primaryimage\"},\"thumbnailUrl\":\"https:\/\/www.gaveanews.com\/wp-content\/uploads\/2019\/07\/Marcos-Braz-durante-coletiva-de-imprensa-no-Ninho-do-Urubu.webp\",\"datePublished\":\"2020-07-19T02:09:19+00:00\",\"dateModified\":\"2020-07-19T02:09:23+00:00\",\"author\":{\"@id\":\"https:\/\/www.gaveanews.com\/#\/schema\/person\/2ec14f73fb96be2caf28f91afb14749d\"},\"description\":\"Marcos Braz e Bruno Spindel v\u00e3o \u00e0 Europa em busca de um novo treinador, depois da sa\u00edda confirmada de Jorge Jesus rumo ao Benfica.\",\"breadcrumb\":{\"@id\":\"https:\/\/www.gaveanews.com\/index.php\/2020\/07\/18\/marco-silva-e-leonardo-jardim-compare-o-curriculo-dos-dois-portugueses-que-estao-na-mira-do-flamengo\/#breadcrumb\"},\"inLanguage\":\"pt-BR\",\"potentialAction\":[{\"@type\":\"ReadAction\",\"target\":[\"https:\/\/www.gaveanews.com\/index.php\/2020\/07\/18\/marco-silva-e-leonardo-jardim-compare-o-curriculo-dos-dois-portugueses-que-estao-na-mira-do-flamengo\/\"]}]},{\"@type\":\"ImageObject\",\"inLanguage\":\"pt-BR\",\"@id\":\"https:\/\/www.gaveanews.com\/index.php\/2020\/07\/18\/marco-silva-e-leonardo-jardim-compare-o-curriculo-dos-dois-portugueses-que-estao-na-mira-do-flamengo\/#primaryimage\",\"url\":\"https:\/\/www.gaveanews.com\/wp-content\/uploads\/2019\/07\/Marcos-Braz-durante-coletiva-de-imprensa-no-Ninho-do-Urubu.webp\",\"contentUrl\":\"https:\/\/www.gaveanews.com\/wp-content\/uploads\/2019\/07\/Marcos-Braz-durante-coletiva-de-imprensa-no-Ninho-do-Urubu.webp\",\"width\":846,\"height\":563,\"caption\":\"Marcos Braz durante coletiva de imprensa no Ninho do Urubu (Foto: Alexandre Vidal\/Flamengo)\"},{\"@type\":\"BreadcrumbList\",\"@id\":\"https:\/\/www.gaveanews.com\/index.php\/2020\/07\/18\/marco-silva-e-leonardo-jardim-compare-o-curriculo-dos-dois-portugueses-que-estao-na-mira-do-flamengo\/#breadcrumb\",\"itemListElement\":[{\"@type\":\"ListItem\",\"position\":1,\"name\":\"Home\",\"item\":\"https:\/\/www.gaveanews.com\/\"},{\"@type\":\"ListItem\",\"position\":2,\"name\":\"Marco Silva e Leonardo Jardim: compare o curr\u00edculo dos dois portugueses que est\u00e3o na mira do Flamengo\"}]},{\"@type\":\"WebSite\",\"@id\":\"https:\/\/www.gaveanews.com\/#website\",\"url\":\"https:\/\/www.gaveanews.com\/\",\"name\":\"G\u00e1vea News\",\"description\":\"Veja todas as not\u00edcias sobre o Flamengo: Contrata\u00e7\u00f5es, categorias de base, resultados das partidas, tabela de classifica\u00e7\u00e3o, pr\u00f3ximos jogos!\",\"potentialAction\":[{\"@type\":\"SearchAction\",\"target\":{\"@type\":\"EntryPoint\",\"urlTemplate\":\"https:\/\/www.gaveanews.com\/?s={search_term_string}\"},\"query-input\":{\"@type\":\"PropertyValueSpecification\",\"valueRequired\":true,\"valueName\":\"search_term_string\"}}],\"inLanguage\":\"pt-BR\"},{\"@type\":\"Person\",\"@id\":\"https:\/\/www.gaveanews.com\/#\/schema\/person\/2ec14f73fb96be2caf28f91afb14749d\",\"name\":\"Equipe G\u00e1vea News\",\"image\":{\"@type\":\"ImageObject\",\"inLanguage\":\"pt-BR\",\"@id\":\"https:\/\/www.gaveanews.com\/#\/schema\/person\/image\/\",\"url\":\"https:\/\/secure.gravatar.com\/avatar\/1e1956f1facbffd3f8fa53a326721950116b3b9dc9bd44939c01180fd4a745a9?s=96&d=mm&r=g\",\"contentUrl\":\"https:\/\/secure.gravatar.com\/avatar\/1e1956f1facbffd3f8fa53a326721950116b3b9dc9bd44939c01180fd4a745a9?s=96&d=mm&r=g\",\"caption\":\"Equipe G\u00e1vea News\"}}]}<\/script>\n<!-- \/ Yoast SEO Premium plugin. -->","yoast_head_json":{"title":"Compare o curr\u00edculo dos dois portugueses que est\u00e3o na mira do Flamengo","description":"Marcos Braz e Bruno Spindel v\u00e3o \u00e0 Europa em busca de um novo treinador, depois da sa\u00edda confirmada de Jorge Jesus rumo ao Benfica.","robots":{"index":"index","follow":"follow","max-snippet":"max-snippet:-1","max-image-preview":"max-image-preview:large","max-video-preview":"max-video-preview:-1"},"canonical":"https:\/\/www.gaveanews.com\/index.php\/2020\/07\/18\/marco-silva-e-leonardo-jardim-compare-o-curriculo-dos-dois-portugueses-que-estao-na-mira-do-flamengo\/","og_locale":"pt_BR","og_type":"article","og_title":"Marco Silva e Leonardo Jardim: compare o curr\u00edculo dos dois portugueses que est\u00e3o na mira do Flamengo","og_description":"Marcos Braz e Bruno Spindel v\u00e3o \u00e0 Europa em busca de um novo treinador, depois da sa\u00edda confirmada de Jorge Jesus rumo ao Benfica.","og_url":"https:\/\/www.gaveanews.com\/index.php\/2020\/07\/18\/marco-silva-e-leonardo-jardim-compare-o-curriculo-dos-dois-portugueses-que-estao-na-mira-do-flamengo\/","og_site_name":"G\u00e1vea News","article_publisher":"https:\/\/facebook.com\/gaveaNews\/","article_published_time":"2020-07-19T02:09:19+00:00","article_modified_time":"2020-07-19T02:09:23+00:00","og_image":[{"width":846,"height":563,"url":"https:\/\/www.gaveanews.com\/wp-content\/uploads\/2019\/07\/Marcos-Braz-durante-coletiva-de-imprensa-no-Ninho-do-Urubu.webp","type":"image\/jpeg"}],"author":"Equipe G\u00e1vea News","twitter_card":"summary_large_image","twitter_misc":{"Escrito por":"Equipe G\u00e1vea News","Est. tempo de leitura":"4 minutos"},"schema":{"@context":"https:\/\/schema.org","@graph":[{"@type":"NewsArticle","@id":"https:\/\/www.gaveanews.com\/index.php\/2020\/07\/18\/marco-silva-e-leonardo-jardim-compare-o-curriculo-dos-dois-portugueses-que-estao-na-mira-do-flamengo\/#article","isPartOf":{"@id":"https:\/\/www.gaveanews.com\/index.php\/2020\/07\/18\/marco-silva-e-leonardo-jardim-compare-o-curriculo-dos-dois-portugueses-que-estao-na-mira-do-flamengo\/"},"author":{"name":"Equipe G\u00e1vea News","@id":"https:\/\/www.gaveanews.com\/#\/schema\/person\/2ec14f73fb96be2caf28f91afb14749d"},"headline":"Marco Silva e Leonardo Jardim: compare o curr\u00edculo dos dois portugueses que est\u00e3o na mira do Flamengo","datePublished":"2020-07-19T02:09:19+00:00","dateModified":"2020-07-19T02:09:23+00:00","mainEntityOfPage":{"@id":"https:\/\/www.gaveanews.com\/index.php\/2020\/07\/18\/marco-silva-e-leonardo-jardim-compare-o-curriculo-dos-dois-portugueses-que-estao-na-mira-do-flamengo\/"},"wordCount":740,"commentCount":4,"image":{"@id":"https:\/\/www.gaveanews.com\/index.php\/2020\/07\/18\/marco-silva-e-leonardo-jardim-compare-o-curriculo-dos-dois-portugueses-que-estao-na-mira-do-flamengo\/#primaryimage"},"thumbnailUrl":"https:\/\/www.gaveanews.com\/wp-content\/uploads\/2019\/07\/Marcos-Braz-durante-coletiva-de-imprensa-no-Ninho-do-Urubu.webp","articleSection":["Destaques"],"inLanguage":"pt-BR","potentialAction":[{"@type":"CommentAction","name":"Comment","target":["https:\/\/www.gaveanews.com\/index.php\/2020\/07\/18\/marco-silva-e-leonardo-jardim-compare-o-curriculo-dos-dois-portugueses-que-estao-na-mira-do-flamengo\/#respond"]}],"copyrightYear":"2020","copyrightHolder":{"@id":"https:\/\/www.gaveanews.com\/#organization"}},{"@type":"WebPage","@id":"https:\/\/www.gaveanews.com\/index.php\/2020\/07\/18\/marco-silva-e-leonardo-jardim-compare-o-curriculo-dos-dois-portugueses-que-estao-na-mira-do-flamengo\/","url":"https:\/\/www.gaveanews.com\/index.php\/2020\/07\/18\/marco-silva-e-leonardo-jardim-compare-o-curriculo-dos-dois-portugueses-que-estao-na-mira-do-flamengo\/","name":"Compare o curr\u00edculo dos dois portugueses que est\u00e3o na mira do Flamengo","isPartOf":{"@id":"https:\/\/www.gaveanews.com\/#website"},"primaryImageOfPage":{"@id":"https:\/\/www.gaveanews.com\/index.php\/2020\/07\/18\/marco-silva-e-leonardo-jardim-compare-o-curriculo-dos-dois-portugueses-que-estao-na-mira-do-flamengo\/#primaryimage"},"image":{"@id":"https:\/\/www.gaveanews.com\/index.php\/2020\/07\/18\/marco-silva-e-leonardo-jardim-compare-o-curriculo-dos-dois-portugueses-que-estao-na-mira-do-flamengo\/#primaryimage"},"thumbnailUrl":"https:\/\/www.gaveanews.com\/wp-content\/uploads\/2019\/07\/Marcos-Braz-durante-coletiva-de-imprensa-no-Ninho-do-Urubu.webp","datePublished":"2020-07-19T02:09:19+00:00","dateModified":"2020-07-19T02:09:23+00:00","author":{"@id":"https:\/\/www.gaveanews.com\/#\/schema\/person\/2ec14f73fb96be2caf28f91afb14749d"},"description":"Marcos Braz e Bruno Spindel v\u00e3o \u00e0 Europa em busca de um novo treinador, depois da sa\u00edda confirmada de Jorge Jesus rumo ao Benfica.","breadcrumb":{"@id":"https:\/\/www.gaveanews.com\/index.php\/2020\/07\/18\/marco-silva-e-leonardo-jardim-compare-o-curriculo-dos-dois-portugueses-que-estao-na-mira-do-flamengo\/#breadcrumb"},"inLanguage":"pt-BR","potentialAction":[{"@type":"ReadAction","target":["https:\/\/www.gaveanews.com\/index.php\/2020\/07\/18\/marco-silva-e-leonardo-jardim-compare-o-curriculo-dos-dois-portugueses-que-estao-na-mira-do-flamengo\/"]}]},{"@type":"ImageObject","inLanguage":"pt-BR","@id":"https:\/\/www.gaveanews.com\/index.php\/2020\/07\/18\/marco-silva-e-leonardo-jardim-compare-o-curriculo-dos-dois-portugueses-que-estao-na-mira-do-flamengo\/#primaryimage","url":"https:\/\/www.gaveanews.com\/wp-content\/uploads\/2019\/07\/Marcos-Braz-durante-coletiva-de-imprensa-no-Ninho-do-Urubu.webp","contentUrl":"https:\/\/www.gaveanews.com\/wp-content\/uploads\/2019\/07\/Marcos-Braz-durante-coletiva-de-imprensa-no-Ninho-do-Urubu.webp","width":846,"height":563,"caption":"Marcos Braz durante coletiva de imprensa no Ninho do Urubu (Foto: Alexandre Vidal\/Flamengo)"},{"@type":"BreadcrumbList","@id":"https:\/\/www.gaveanews.com\/index.php\/2020\/07\/18\/marco-silva-e-leonardo-jardim-compare-o-curriculo-dos-dois-portugueses-que-estao-na-mira-do-flamengo\/#breadcrumb","itemListElement":[{"@type":"ListItem","position":1,"name":"Home","item":"https:\/\/www.gaveanews.com\/"},{"@type":"ListItem","position":2,"name":"Marco Silva e Leonardo Jardim: compare o curr\u00edculo dos dois portugueses que est\u00e3o na mira do Flamengo"}]},{"@type":"WebSite","@id":"https:\/\/www.gaveanews.com\/#website","url":"https:\/\/www.gaveanews.com\/","name":"G\u00e1vea News","description":"Veja todas as not\u00edcias sobre o Flamengo: Contrata\u00e7\u00f5es, categorias de base, resultados das partidas, tabela de classifica\u00e7\u00e3o, pr\u00f3ximos jogos!","potentialAction":[{"@type":"SearchAction","target":{"@type":"EntryPoint","urlTemplate":"https:\/\/www.gaveanews.com\/?s={search_term_string}"},"query-input":{"@type":"PropertyValueSpecification","valueRequired":true,"valueName":"search_term_string"}}],"inLanguage":"pt-BR"},{"@type":"Person","@id":"https:\/\/www.gaveanews.com\/#\/schema\/person\/2ec14f73fb96be2caf28f91afb14749d","name":"Equipe G\u00e1vea News","image":{"@type":"ImageObject","inLanguage":"pt-BR","@id":"https:\/\/www.gaveanews.com\/#\/schema\/person\/image\/","url":"https:\/\/secure.gravatar.com\/avatar\/1e1956f1facbffd3f8fa53a326721950116b3b9dc9bd44939c01180fd4a745a9?s=96&d=mm&r=g","contentUrl":"https:\/\/secure.gravatar.com\/avatar\/1e1956f1facbffd3f8fa53a326721950116b3b9dc9bd44939c01180fd4a745a9?s=96&d=mm&r=g","caption":"Equipe G\u00e1vea News"}}]}},"_links":{"self":[{"href":"https:\/\/www.gaveanews.com\/index.php\/wp-json\/wp\/v2\/posts\/43873","targetHints":{"allow":["GET"]}}],"collection":[{"href":"https:\/\/www.gaveanews.com\/index.php\/wp-json\/wp\/v2\/posts"}],"about":[{"href":"https:\/\/www.gaveanews.com\/index.php\/wp-json\/wp\/v2\/types\/post"}],"author":[{"embeddable":true,"href":"https:\/\/www.gaveanews.com\/index.php\/wp-json\/wp\/v2\/users\/1"}],"replies":[{"embeddable":true,"href":"https:\/\/www.gaveanews.com\/index.php\/wp-json\/wp\/v2\/comments?post=43873"}],"version-history":[{"count":0,"href":"https:\/\/www.gaveanews.com\/index.php\/wp-json\/wp\/v2\/posts\/43873\/revisions"}],"wp:featuredmedia":[{"embeddable":true,"href":"https:\/\/www.gaveanews.com\/index.php\/wp-json\/wp\/v2\/media\/23694"}],"wp:attachment":[{"href":"https:\/\/www.gaveanews.com\/index.php\/wp-json\/wp\/v2\/media?parent=43873"}],"wp:term":[{"taxonomy":"category","embeddable":true,"href":"https:\/\/www.gaveanews.com\/index.php\/wp-json\/wp\/v2\/categories?post=43873"},{"taxonomy":"post_tag","embeddable":true,"href":"https:\/\/www.gaveanews.com\/index.php\/wp-json\/wp\/v2\/tags?post=43873"}],"curies":[{"name":"wp","href":"https:\/\/api.w.org\/{rel}","templated":true}]}}