{"id":43921,"date":"2020-07-19T22:10:32","date_gmt":"2020-07-20T01:10:32","guid":{"rendered":"https:\/\/www.gaveanews.com\/?p=43921"},"modified":"2020-07-19T22:10:33","modified_gmt":"2020-07-20T01:10:33","slug":"presidente-do-flamengo-pede-desculpas-por-torneio-cancelado-coisas-se-complicaram-aqui-um-pouco","status":"publish","type":"post","link":"https:\/\/www.gaveanews.com\/index.php\/2020\/07\/19\/presidente-do-flamengo-pede-desculpas-por-torneio-cancelado-coisas-se-complicaram-aqui-um-pouco\/","title":{"rendered":"Presidente do Flamengo pede desculpas por torneio cancelado: &#8216;Coisas se complicaram aqui um pouco&#8217;"},"content":{"rendered":"\n<p>Presidente do Flamengo, Rodolfo Landim enviou v\u00eddeo a Adson Batista, dirigente do Atl\u00e9tico-GO, para se desculpar pelo cancelamento do torneio previsto para acontecer entre as equipes \u2013 tamb\u00e9m com Vasco, Goi\u00e1s e Gama \u2013 em Bras\u00edlia, antes do Campeonato Brasileiro.<\/p>\n\n\n\n<p>O cartola rubro-negro atribuiu a impossibilidade de a disputa amistosa acontecer \u00e0 sa\u00edda do t\u00e9cnico Jorge Jesus, algo que o presidente disse \u201cn\u00e3o estar contando\u201d.<\/p>\n\n\n\n<p><em>\u2014 Com essa sa\u00edda do Jesus do Flamengo, algo que a gente n\u00e3o estava contando, as coisas se complicaram aqui um pouco. Tinha te feito esse convite, e tamb\u00e9m ao Marcelo (Almeida, presidente), do Goi\u00e1s, e pedi que fosse meu interlocutor, para participa\u00e7\u00e3o de um torneio em Bras\u00edlia.<\/em><\/p>\n\n\n\n<p><em>\u2014 A verdade \u00e9 que agora a coisa se complicou aqui, na medida que a gente n\u00e3o sabe quando vai poder contar com a chegada de um novo t\u00e9cnico e como ele vai querer usar esse tempo que vamos ter at\u00e9 o Campeonato Brasileiro.<\/em><\/p>\n\n\n\n<p><em>\u2014 Assumir esse compromisso agora poderia at\u00e9 atrapalhar quem a gente est\u00e1 potencialmente selecionando nesse processo de escolha de novo t\u00e9cnico. Queria te pedir muitas desculpas e que voc\u00ea entendesse esse problema que a gente est\u00e1 passando, mas realmente ficou complicado para a gente poder manter isso, esses amistosos antes do Brasileiro.<\/em><\/p>\n\n\n\n<p>O Flamengo j\u00e1 iniciou a busca por um novo treinador e deve ter dirigentes na Europa nos pr\u00f3ximos dias na busca por um substituto, depois da sa\u00edda confirmada de Jesus na sexta-feira.<\/p>\n\n\n\n<p>Adson Batista agradeceu a Landim pela mensagem:<\/p>\n\n\n\n<p><em>\u2014 Agrade\u00e7o a grandeza do presidente do Flamengo, Rodolfo Landim, um amigo, pessoa de bem e refer\u00eancia no futebol brasileiro. Agrade\u00e7o a cordialidade e a forma como conduziu as negocia\u00e7\u00f5es para o torneio e quero deixar o Atl\u00e9tico Goianiense \u00e0 disposi\u00e7\u00e3o para futuras parcerias.<\/em><\/p>\n\n\n\n<p>Retirado de: ESPN<\/p>\n","protected":false},"excerpt":{"rendered":"<p>Presidente do Flamengo, Rodolfo Landim enviou v\u00eddeo a Adson Batista, dirigente do Atl\u00e9tico-GO, para se desculpar pelo cancelamento do torneio previsto para acontecer entre as equipes \u2013 tamb\u00e9m com Vasco, Goi\u00e1s e Gama \u2013 em Bras\u00edlia, antes do Campeonato Brasileiro. O cartola rubro-negro atribuiu a impossibilidade de a disputa amistosa acontecer \u00e0 sa\u00edda do t\u00e9cnico [&hellip;]<\/p>\n","protected":false},"author":1,"featured_media":15077,"comment_status":"open","ping_status":"closed","sticky":false,"template":"","format":"standard","meta":{"footnotes":""},"categories":[47],"tags":[],"class_list":["post-43921","post","type-post","status-publish","format-standard","has-post-thumbnail","hentry","category-destaques"],"yoast_head":"<!-- This site is optimized with the Yoast SEO Premium plugin v24.2 (Yoast SEO v26.9) - https:\/\/yoast.com\/product\/yoast-seo-premium-wordpress\/ -->\n<title>Presidente do Flamengo pede desculpas por torneio cancelado<\/title>\n<meta name=\"description\" content=\"O cartola rubro-negro atribuiu a impossibilidade de a disputa amistosa acontecer \u00e0 sa\u00edda do t\u00e9cnico Jorge Jesus, para comandar o Benfica.\" \/>\n<meta name=\"robots\" content=\"index, follow, max-snippet:-1, max-image-preview:large, max-video-preview:-1\" \/>\n<link rel=\"canonical\" href=\"https:\/\/www.gaveanews.com\/index.php\/2020\/07\/19\/presidente-do-flamengo-pede-desculpas-por-torneio-cancelado-coisas-se-complicaram-aqui-um-pouco\/\" \/>\n<meta property=\"og:locale\" content=\"pt_BR\" \/>\n<meta property=\"og:type\" content=\"article\" \/>\n<meta property=\"og:title\" content=\"Presidente do Flamengo pede desculpas por torneio cancelado: &#039;Coisas se complicaram aqui um pouco&#039;\" \/>\n<meta property=\"og:description\" content=\"O cartola rubro-negro atribuiu a impossibilidade de a disputa amistosa acontecer \u00e0 sa\u00edda do t\u00e9cnico Jorge Jesus, para comandar o Benfica.\" \/>\n<meta property=\"og:url\" content=\"https:\/\/www.gaveanews.com\/index.php\/2020\/07\/19\/presidente-do-flamengo-pede-desculpas-por-torneio-cancelado-coisas-se-complicaram-aqui-um-pouco\/\" \/>\n<meta property=\"og:site_name\" content=\"G\u00e1vea News\" \/>\n<meta property=\"article:publisher\" content=\"https:\/\/facebook.com\/gaveaNews\/\" \/>\n<meta property=\"article:published_time\" content=\"2020-07-20T01:10:32+00:00\" \/>\n<meta property=\"article:modified_time\" content=\"2020-07-20T01:10:33+00:00\" \/>\n<meta property=\"og:image\" content=\"https:\/\/www.gaveanews.com\/wp-content\/uploads\/2019\/03\/Rodolfo-Landim-durante-entrevista-coletiva-na-Gavea.webp\" \/>\n\t<meta property=\"og:image:width\" content=\"1\" \/>\n\t<meta property=\"og:image:height\" content=\"1\" \/>\n\t<meta property=\"og:image:type\" content=\"image\/jpeg\" \/>\n<meta name=\"author\" content=\"Equipe G\u00e1vea News\" \/>\n<meta name=\"twitter:card\" content=\"summary_large_image\" \/>\n<meta name=\"twitter:label1\" content=\"Escrito por\" \/>\n\t<meta name=\"twitter:data1\" content=\"Equipe G\u00e1vea News\" \/>\n\t<meta name=\"twitter:label2\" content=\"Est. tempo de leitura\" \/>\n\t<meta name=\"twitter:data2\" content=\"2 minutos\" \/>\n<script type=\"application\/ld+json\" class=\"yoast-schema-graph\">{\"@context\":\"https:\/\/schema.org\",\"@graph\":[{\"@type\":\"NewsArticle\",\"@id\":\"https:\/\/www.gaveanews.com\/index.php\/2020\/07\/19\/presidente-do-flamengo-pede-desculpas-por-torneio-cancelado-coisas-se-complicaram-aqui-um-pouco\/#article\",\"isPartOf\":{\"@id\":\"https:\/\/www.gaveanews.com\/index.php\/2020\/07\/19\/presidente-do-flamengo-pede-desculpas-por-torneio-cancelado-coisas-se-complicaram-aqui-um-pouco\/\"},\"author\":{\"name\":\"Equipe G\u00e1vea News\",\"@id\":\"https:\/\/www.gaveanews.com\/#\/schema\/person\/2ec14f73fb96be2caf28f91afb14749d\"},\"headline\":\"Presidente do Flamengo pede desculpas por torneio cancelado: &#8216;Coisas se complicaram aqui um pouco&#8217;\",\"datePublished\":\"2020-07-20T01:10:32+00:00\",\"dateModified\":\"2020-07-20T01:10:33+00:00\",\"mainEntityOfPage\":{\"@id\":\"https:\/\/www.gaveanews.com\/index.php\/2020\/07\/19\/presidente-do-flamengo-pede-desculpas-por-torneio-cancelado-coisas-se-complicaram-aqui-um-pouco\/\"},\"wordCount\":325,\"commentCount\":3,\"image\":{\"@id\":\"https:\/\/www.gaveanews.com\/index.php\/2020\/07\/19\/presidente-do-flamengo-pede-desculpas-por-torneio-cancelado-coisas-se-complicaram-aqui-um-pouco\/#primaryimage\"},\"thumbnailUrl\":\"https:\/\/www.gaveanews.com\/wp-content\/uploads\/2019\/03\/Rodolfo-Landim-durante-entrevista-coletiva-na-Gavea.webp\",\"articleSection\":[\"Destaques\"],\"inLanguage\":\"pt-BR\",\"potentialAction\":[{\"@type\":\"CommentAction\",\"name\":\"Comment\",\"target\":[\"https:\/\/www.gaveanews.com\/index.php\/2020\/07\/19\/presidente-do-flamengo-pede-desculpas-por-torneio-cancelado-coisas-se-complicaram-aqui-um-pouco\/#respond\"]}],\"copyrightYear\":\"2020\",\"copyrightHolder\":{\"@id\":\"https:\/\/www.gaveanews.com\/#organization\"}},{\"@type\":\"WebPage\",\"@id\":\"https:\/\/www.gaveanews.com\/index.php\/2020\/07\/19\/presidente-do-flamengo-pede-desculpas-por-torneio-cancelado-coisas-se-complicaram-aqui-um-pouco\/\",\"url\":\"https:\/\/www.gaveanews.com\/index.php\/2020\/07\/19\/presidente-do-flamengo-pede-desculpas-por-torneio-cancelado-coisas-se-complicaram-aqui-um-pouco\/\",\"name\":\"Presidente do Flamengo pede desculpas por torneio cancelado\",\"isPartOf\":{\"@id\":\"https:\/\/www.gaveanews.com\/#website\"},\"primaryImageOfPage\":{\"@id\":\"https:\/\/www.gaveanews.com\/index.php\/2020\/07\/19\/presidente-do-flamengo-pede-desculpas-por-torneio-cancelado-coisas-se-complicaram-aqui-um-pouco\/#primaryimage\"},\"image\":{\"@id\":\"https:\/\/www.gaveanews.com\/index.php\/2020\/07\/19\/presidente-do-flamengo-pede-desculpas-por-torneio-cancelado-coisas-se-complicaram-aqui-um-pouco\/#primaryimage\"},\"thumbnailUrl\":\"https:\/\/www.gaveanews.com\/wp-content\/uploads\/2019\/03\/Rodolfo-Landim-durante-entrevista-coletiva-na-Gavea.webp\",\"datePublished\":\"2020-07-20T01:10:32+00:00\",\"dateModified\":\"2020-07-20T01:10:33+00:00\",\"author\":{\"@id\":\"https:\/\/www.gaveanews.com\/#\/schema\/person\/2ec14f73fb96be2caf28f91afb14749d\"},\"description\":\"O cartola rubro-negro atribuiu a impossibilidade de a disputa amistosa acontecer \u00e0 sa\u00edda do t\u00e9cnico Jorge Jesus, para comandar o Benfica.\",\"breadcrumb\":{\"@id\":\"https:\/\/www.gaveanews.com\/index.php\/2020\/07\/19\/presidente-do-flamengo-pede-desculpas-por-torneio-cancelado-coisas-se-complicaram-aqui-um-pouco\/#breadcrumb\"},\"inLanguage\":\"pt-BR\",\"potentialAction\":[{\"@type\":\"ReadAction\",\"target\":[\"https:\/\/www.gaveanews.com\/index.php\/2020\/07\/19\/presidente-do-flamengo-pede-desculpas-por-torneio-cancelado-coisas-se-complicaram-aqui-um-pouco\/\"]}]},{\"@type\":\"ImageObject\",\"inLanguage\":\"pt-BR\",\"@id\":\"https:\/\/www.gaveanews.com\/index.php\/2020\/07\/19\/presidente-do-flamengo-pede-desculpas-por-torneio-cancelado-coisas-se-complicaram-aqui-um-pouco\/#primaryimage\",\"url\":\"https:\/\/www.gaveanews.com\/wp-content\/uploads\/2019\/03\/Rodolfo-Landim-durante-entrevista-coletiva-na-Gavea.webp\",\"contentUrl\":\"https:\/\/www.gaveanews.com\/wp-content\/uploads\/2019\/03\/Rodolfo-Landim-durante-entrevista-coletiva-na-Gavea.webp\",\"width\":900,\"height\":599,\"caption\":\"Rodolfo Landim durante entrevista coletiva na G\u00e1vea (Foto: Ag\u00eancia Foto BR)\"},{\"@type\":\"BreadcrumbList\",\"@id\":\"https:\/\/www.gaveanews.com\/index.php\/2020\/07\/19\/presidente-do-flamengo-pede-desculpas-por-torneio-cancelado-coisas-se-complicaram-aqui-um-pouco\/#breadcrumb\",\"itemListElement\":[{\"@type\":\"ListItem\",\"position\":1,\"name\":\"Home\",\"item\":\"https:\/\/www.gaveanews.com\/\"},{\"@type\":\"ListItem\",\"position\":2,\"name\":\"Presidente do Flamengo pede desculpas por torneio cancelado: &#8216;Coisas se complicaram aqui um pouco&#8217;\"}]},{\"@type\":\"WebSite\",\"@id\":\"https:\/\/www.gaveanews.com\/#website\",\"url\":\"https:\/\/www.gaveanews.com\/\",\"name\":\"G\u00e1vea News\",\"description\":\"Veja todas as not\u00edcias sobre o Flamengo: Contrata\u00e7\u00f5es, categorias de base, resultados das partidas, tabela de classifica\u00e7\u00e3o, pr\u00f3ximos jogos!\",\"potentialAction\":[{\"@type\":\"SearchAction\",\"target\":{\"@type\":\"EntryPoint\",\"urlTemplate\":\"https:\/\/www.gaveanews.com\/?s={search_term_string}\"},\"query-input\":{\"@type\":\"PropertyValueSpecification\",\"valueRequired\":true,\"valueName\":\"search_term_string\"}}],\"inLanguage\":\"pt-BR\"},{\"@type\":\"Person\",\"@id\":\"https:\/\/www.gaveanews.com\/#\/schema\/person\/2ec14f73fb96be2caf28f91afb14749d\",\"name\":\"Equipe G\u00e1vea News\",\"image\":{\"@type\":\"ImageObject\",\"inLanguage\":\"pt-BR\",\"@id\":\"https:\/\/www.gaveanews.com\/#\/schema\/person\/image\/\",\"url\":\"https:\/\/secure.gravatar.com\/avatar\/1e1956f1facbffd3f8fa53a326721950116b3b9dc9bd44939c01180fd4a745a9?s=96&d=mm&r=g\",\"contentUrl\":\"https:\/\/secure.gravatar.com\/avatar\/1e1956f1facbffd3f8fa53a326721950116b3b9dc9bd44939c01180fd4a745a9?s=96&d=mm&r=g\",\"caption\":\"Equipe G\u00e1vea News\"}}]}<\/script>\n<!-- \/ Yoast SEO Premium plugin. -->","yoast_head_json":{"title":"Presidente do Flamengo pede desculpas por torneio cancelado","description":"O cartola rubro-negro atribuiu a impossibilidade de a disputa amistosa acontecer \u00e0 sa\u00edda do t\u00e9cnico Jorge Jesus, para comandar o Benfica.","robots":{"index":"index","follow":"follow","max-snippet":"max-snippet:-1","max-image-preview":"max-image-preview:large","max-video-preview":"max-video-preview:-1"},"canonical":"https:\/\/www.gaveanews.com\/index.php\/2020\/07\/19\/presidente-do-flamengo-pede-desculpas-por-torneio-cancelado-coisas-se-complicaram-aqui-um-pouco\/","og_locale":"pt_BR","og_type":"article","og_title":"Presidente do Flamengo pede desculpas por torneio cancelado: 'Coisas se complicaram aqui um pouco'","og_description":"O cartola rubro-negro atribuiu a impossibilidade de a disputa amistosa acontecer \u00e0 sa\u00edda do t\u00e9cnico Jorge Jesus, para comandar o Benfica.","og_url":"https:\/\/www.gaveanews.com\/index.php\/2020\/07\/19\/presidente-do-flamengo-pede-desculpas-por-torneio-cancelado-coisas-se-complicaram-aqui-um-pouco\/","og_site_name":"G\u00e1vea News","article_publisher":"https:\/\/facebook.com\/gaveaNews\/","article_published_time":"2020-07-20T01:10:32+00:00","article_modified_time":"2020-07-20T01:10:33+00:00","og_image":[{"url":"https:\/\/www.gaveanews.com\/wp-content\/uploads\/2019\/03\/Rodolfo-Landim-durante-entrevista-coletiva-na-Gavea.webp","width":1,"height":1,"type":"image\/jpeg"}],"author":"Equipe G\u00e1vea News","twitter_card":"summary_large_image","twitter_misc":{"Escrito por":"Equipe G\u00e1vea News","Est. tempo de leitura":"2 minutos"},"schema":{"@context":"https:\/\/schema.org","@graph":[{"@type":"NewsArticle","@id":"https:\/\/www.gaveanews.com\/index.php\/2020\/07\/19\/presidente-do-flamengo-pede-desculpas-por-torneio-cancelado-coisas-se-complicaram-aqui-um-pouco\/#article","isPartOf":{"@id":"https:\/\/www.gaveanews.com\/index.php\/2020\/07\/19\/presidente-do-flamengo-pede-desculpas-por-torneio-cancelado-coisas-se-complicaram-aqui-um-pouco\/"},"author":{"name":"Equipe G\u00e1vea News","@id":"https:\/\/www.gaveanews.com\/#\/schema\/person\/2ec14f73fb96be2caf28f91afb14749d"},"headline":"Presidente do Flamengo pede desculpas por torneio cancelado: &#8216;Coisas se complicaram aqui um pouco&#8217;","datePublished":"2020-07-20T01:10:32+00:00","dateModified":"2020-07-20T01:10:33+00:00","mainEntityOfPage":{"@id":"https:\/\/www.gaveanews.com\/index.php\/2020\/07\/19\/presidente-do-flamengo-pede-desculpas-por-torneio-cancelado-coisas-se-complicaram-aqui-um-pouco\/"},"wordCount":325,"commentCount":3,"image":{"@id":"https:\/\/www.gaveanews.com\/index.php\/2020\/07\/19\/presidente-do-flamengo-pede-desculpas-por-torneio-cancelado-coisas-se-complicaram-aqui-um-pouco\/#primaryimage"},"thumbnailUrl":"https:\/\/www.gaveanews.com\/wp-content\/uploads\/2019\/03\/Rodolfo-Landim-durante-entrevista-coletiva-na-Gavea.webp","articleSection":["Destaques"],"inLanguage":"pt-BR","potentialAction":[{"@type":"CommentAction","name":"Comment","target":["https:\/\/www.gaveanews.com\/index.php\/2020\/07\/19\/presidente-do-flamengo-pede-desculpas-por-torneio-cancelado-coisas-se-complicaram-aqui-um-pouco\/#respond"]}],"copyrightYear":"2020","copyrightHolder":{"@id":"https:\/\/www.gaveanews.com\/#organization"}},{"@type":"WebPage","@id":"https:\/\/www.gaveanews.com\/index.php\/2020\/07\/19\/presidente-do-flamengo-pede-desculpas-por-torneio-cancelado-coisas-se-complicaram-aqui-um-pouco\/","url":"https:\/\/www.gaveanews.com\/index.php\/2020\/07\/19\/presidente-do-flamengo-pede-desculpas-por-torneio-cancelado-coisas-se-complicaram-aqui-um-pouco\/","name":"Presidente do Flamengo pede desculpas por torneio cancelado","isPartOf":{"@id":"https:\/\/www.gaveanews.com\/#website"},"primaryImageOfPage":{"@id":"https:\/\/www.gaveanews.com\/index.php\/2020\/07\/19\/presidente-do-flamengo-pede-desculpas-por-torneio-cancelado-coisas-se-complicaram-aqui-um-pouco\/#primaryimage"},"image":{"@id":"https:\/\/www.gaveanews.com\/index.php\/2020\/07\/19\/presidente-do-flamengo-pede-desculpas-por-torneio-cancelado-coisas-se-complicaram-aqui-um-pouco\/#primaryimage"},"thumbnailUrl":"https:\/\/www.gaveanews.com\/wp-content\/uploads\/2019\/03\/Rodolfo-Landim-durante-entrevista-coletiva-na-Gavea.webp","datePublished":"2020-07-20T01:10:32+00:00","dateModified":"2020-07-20T01:10:33+00:00","author":{"@id":"https:\/\/www.gaveanews.com\/#\/schema\/person\/2ec14f73fb96be2caf28f91afb14749d"},"description":"O cartola rubro-negro atribuiu a impossibilidade de a disputa amistosa acontecer \u00e0 sa\u00edda do t\u00e9cnico Jorge Jesus, para comandar o Benfica.","breadcrumb":{"@id":"https:\/\/www.gaveanews.com\/index.php\/2020\/07\/19\/presidente-do-flamengo-pede-desculpas-por-torneio-cancelado-coisas-se-complicaram-aqui-um-pouco\/#breadcrumb"},"inLanguage":"pt-BR","potentialAction":[{"@type":"ReadAction","target":["https:\/\/www.gaveanews.com\/index.php\/2020\/07\/19\/presidente-do-flamengo-pede-desculpas-por-torneio-cancelado-coisas-se-complicaram-aqui-um-pouco\/"]}]},{"@type":"ImageObject","inLanguage":"pt-BR","@id":"https:\/\/www.gaveanews.com\/index.php\/2020\/07\/19\/presidente-do-flamengo-pede-desculpas-por-torneio-cancelado-coisas-se-complicaram-aqui-um-pouco\/#primaryimage","url":"https:\/\/www.gaveanews.com\/wp-content\/uploads\/2019\/03\/Rodolfo-Landim-durante-entrevista-coletiva-na-Gavea.webp","contentUrl":"https:\/\/www.gaveanews.com\/wp-content\/uploads\/2019\/03\/Rodolfo-Landim-durante-entrevista-coletiva-na-Gavea.webp","width":900,"height":599,"caption":"Rodolfo Landim durante entrevista coletiva na G\u00e1vea (Foto: Ag\u00eancia Foto BR)"},{"@type":"BreadcrumbList","@id":"https:\/\/www.gaveanews.com\/index.php\/2020\/07\/19\/presidente-do-flamengo-pede-desculpas-por-torneio-cancelado-coisas-se-complicaram-aqui-um-pouco\/#breadcrumb","itemListElement":[{"@type":"ListItem","position":1,"name":"Home","item":"https:\/\/www.gaveanews.com\/"},{"@type":"ListItem","position":2,"name":"Presidente do Flamengo pede desculpas por torneio cancelado: &#8216;Coisas se complicaram aqui um pouco&#8217;"}]},{"@type":"WebSite","@id":"https:\/\/www.gaveanews.com\/#website","url":"https:\/\/www.gaveanews.com\/","name":"G\u00e1vea News","description":"Veja todas as not\u00edcias sobre o Flamengo: Contrata\u00e7\u00f5es, categorias de base, resultados das partidas, tabela de classifica\u00e7\u00e3o, pr\u00f3ximos jogos!","potentialAction":[{"@type":"SearchAction","target":{"@type":"EntryPoint","urlTemplate":"https:\/\/www.gaveanews.com\/?s={search_term_string}"},"query-input":{"@type":"PropertyValueSpecification","valueRequired":true,"valueName":"search_term_string"}}],"inLanguage":"pt-BR"},{"@type":"Person","@id":"https:\/\/www.gaveanews.com\/#\/schema\/person\/2ec14f73fb96be2caf28f91afb14749d","name":"Equipe G\u00e1vea News","image":{"@type":"ImageObject","inLanguage":"pt-BR","@id":"https:\/\/www.gaveanews.com\/#\/schema\/person\/image\/","url":"https:\/\/secure.gravatar.com\/avatar\/1e1956f1facbffd3f8fa53a326721950116b3b9dc9bd44939c01180fd4a745a9?s=96&d=mm&r=g","contentUrl":"https:\/\/secure.gravatar.com\/avatar\/1e1956f1facbffd3f8fa53a326721950116b3b9dc9bd44939c01180fd4a745a9?s=96&d=mm&r=g","caption":"Equipe G\u00e1vea News"}}]}},"_links":{"self":[{"href":"https:\/\/www.gaveanews.com\/index.php\/wp-json\/wp\/v2\/posts\/43921","targetHints":{"allow":["GET"]}}],"collection":[{"href":"https:\/\/www.gaveanews.com\/index.php\/wp-json\/wp\/v2\/posts"}],"about":[{"href":"https:\/\/www.gaveanews.com\/index.php\/wp-json\/wp\/v2\/types\/post"}],"author":[{"embeddable":true,"href":"https:\/\/www.gaveanews.com\/index.php\/wp-json\/wp\/v2\/users\/1"}],"replies":[{"embeddable":true,"href":"https:\/\/www.gaveanews.com\/index.php\/wp-json\/wp\/v2\/comments?post=43921"}],"version-history":[{"count":0,"href":"https:\/\/www.gaveanews.com\/index.php\/wp-json\/wp\/v2\/posts\/43921\/revisions"}],"wp:featuredmedia":[{"embeddable":true,"href":"https:\/\/www.gaveanews.com\/index.php\/wp-json\/wp\/v2\/media\/15077"}],"wp:attachment":[{"href":"https:\/\/www.gaveanews.com\/index.php\/wp-json\/wp\/v2\/media?parent=43921"}],"wp:term":[{"taxonomy":"category","embeddable":true,"href":"https:\/\/www.gaveanews.com\/index.php\/wp-json\/wp\/v2\/categories?post=43921"},{"taxonomy":"post_tag","embeddable":true,"href":"https:\/\/www.gaveanews.com\/index.php\/wp-json\/wp\/v2\/tags?post=43921"}],"curies":[{"name":"wp","href":"https:\/\/api.w.org\/{rel}","templated":true}]}}