{"id":43928,"date":"2020-07-19T23:49:37","date_gmt":"2020-07-20T02:49:37","guid":{"rendered":"https:\/\/www.gaveanews.com\/?p=43928"},"modified":"2020-07-19T23:57:57","modified_gmt":"2020-07-20T02:57:57","slug":"curto-e-grosso-marcos-braz-manda-recado-para-o-benfica-sobre-especulacoes-envolvendo-alguns-jogadores","status":"publish","type":"post","link":"https:\/\/www.gaveanews.com\/index.php\/2020\/07\/19\/curto-e-grosso-marcos-braz-manda-recado-para-o-benfica-sobre-especulacoes-envolvendo-alguns-jogadores\/","title":{"rendered":"Curto e grosso! Marcos Braz manda recado para o Benfica sobre especula\u00e7\u00f5es envolvendo alguns jogadores"},"content":{"rendered":"\n<p>Ap\u00f3s o an\u00fancio da sa\u00edda de Jorge Jesus do Flamengo para o Benfica, de Portugal, o t\u00e9cnico e o vice-presidente de futebol do clube da G\u00e1vea jantaram na noite deste domingo em um restaurante na Barra da Tijuca, Zona Oeste do Rio de Janeiro. Havia expectativa pela presen\u00e7a de Filipe Lu\u00eds Vieira, presidente do Benfica, que desembarcou na cidade no fim da tarde. Mas ele n\u00e3o apareceu.<\/p>\n\n\n\n<p>Na sa\u00edda, Braz falou com a reportagem do Globo Esporte. Afirmou que o clube portugu\u00eas ainda precisa quitar a multa rescis\u00f3ria de um milh\u00e3o de euros (R$ 6,1 milh\u00f5es):<\/p>\n\n\n\n<p>\u2014 O Benfica precisa pagar a multa rescis\u00f3ria, mas j\u00e1 posicionou e acho que n\u00e3o vai ter problema nenhum. O Jorge Jesus n\u00e3o \u00e9 mais nosso problema, agora \u00e9 problema do Benfica.<\/p>\n\n\n\n<p>Sobre a possibilidade de interesse do clube portugu\u00eas em jogadores do Flamengo, Braz afirmou que s\u00f3 ir\u00e1 negociar algum jogador se a multa rescis\u00f3ria for paga:<\/p>\n\n\n\n<p>\u2014 Todo o elenco do Flamengo interessa, mas n\u00e3o tem ningu\u00e9m \u00e0 venda. N\u00e3o tem qualquer tipo de interesse oficial por jogador nosso e se tiver tamb\u00e9m, para ser educado, eu vou falar que vai ser dif\u00edcil sair, para n\u00e3o falar de outra maneira. Se quiser levar jogador do Flamengo vai l\u00e1 e paga a multa rescis\u00f3ria, n\u00e3o \u00e9 pouca. Acho pouco prov\u00e1vel um time ter essa condi\u00e7\u00e3o hoje.<\/p>\n\n\n\n<p>O vice de futebol rubro-negro tamb\u00e9m comentou o momento de press\u00e3o para que o clube encontre um substituto:<\/p>\n\n\n\n<p>\u2014 Melhor tomar press\u00e3o da imprensa e dos torcedores e escolher com calma do que errar na escolha ou ser menos atento e daqui a quatro ou cinco meses dar algum problema no meio do Campeonato Brasileiro, da Copa do Brasil ou da Libertadores.<\/p>\n\n\n\n<p>Est\u00e1 programada uma despedida de Jorge Jesus no Ninho do Urubu nesta segunda-feira. O departamento de futebol oferecer\u00e1 um almo\u00e7o de despedida no Ninho do Urubu ao t\u00e9cnico e seus auxiliares. Jogadores, funcion\u00e1rios do departamento, Braz, e o presidente do clube, Rodolfo Landim, s\u00e3o esperados.<\/p>\n\n\n\n<p>Por ora, Mauricio Souza, t\u00e9cnico do Sub-20, fica no comando das atividades do elenco profissional. A reapresenta\u00e7\u00e3o est\u00e1 marcada para quarta-feira.<\/p>\n\n\n\n<p>Retirado de: Globo Esporte<\/p>\n","protected":false},"excerpt":{"rendered":"<p>Ap\u00f3s o an\u00fancio da sa\u00edda de Jorge Jesus do Flamengo para o Benfica, de Portugal, o t\u00e9cnico e o vice-presidente de futebol do clube da G\u00e1vea jantaram na noite deste domingo em um restaurante na Barra da Tijuca, Zona Oeste do Rio de Janeiro. Havia expectativa pela presen\u00e7a de Filipe Lu\u00eds Vieira, presidente do Benfica, [&hellip;]<\/p>\n","protected":false},"author":1,"featured_media":23694,"comment_status":"open","ping_status":"closed","sticky":false,"template":"","format":"standard","meta":{"footnotes":""},"categories":[1],"tags":[],"class_list":["post-43928","post","type-post","status-publish","format-standard","has-post-thumbnail","hentry","category-flamengo"],"yoast_head":"<!-- This site is optimized with the Yoast SEO Premium plugin v24.2 (Yoast SEO v26.9) - https:\/\/yoast.com\/product\/yoast-seo-premium-wordpress\/ -->\n<title>Braz manda recado para o Benfica sobre especula\u00e7\u00f5es alguns jogadores<\/title>\n<meta name=\"description\" content=\"O vice-presidente de futebol do time rubro-negro tamb\u00e9m comentou o momento de press\u00e3o para que o clube encontre um substituto.\" \/>\n<meta name=\"robots\" content=\"index, follow, max-snippet:-1, max-image-preview:large, max-video-preview:-1\" \/>\n<link rel=\"canonical\" href=\"https:\/\/www.gaveanews.com\/index.php\/2020\/07\/19\/curto-e-grosso-marcos-braz-manda-recado-para-o-benfica-sobre-especulacoes-envolvendo-alguns-jogadores\/\" \/>\n<meta property=\"og:locale\" content=\"pt_BR\" \/>\n<meta property=\"og:type\" content=\"article\" \/>\n<meta property=\"og:title\" content=\"Curto e grosso! Marcos Braz manda recado para o Benfica sobre especula\u00e7\u00f5es envolvendo alguns jogadores\" \/>\n<meta property=\"og:description\" content=\"O vice-presidente de futebol do time rubro-negro tamb\u00e9m comentou o momento de press\u00e3o para que o clube encontre um substituto.\" \/>\n<meta property=\"og:url\" content=\"https:\/\/www.gaveanews.com\/index.php\/2020\/07\/19\/curto-e-grosso-marcos-braz-manda-recado-para-o-benfica-sobre-especulacoes-envolvendo-alguns-jogadores\/\" \/>\n<meta property=\"og:site_name\" content=\"G\u00e1vea News\" \/>\n<meta property=\"article:publisher\" content=\"https:\/\/facebook.com\/gaveaNews\/\" \/>\n<meta property=\"article:published_time\" content=\"2020-07-20T02:49:37+00:00\" \/>\n<meta property=\"article:modified_time\" content=\"2020-07-20T02:57:57+00:00\" \/>\n<meta property=\"og:image\" content=\"https:\/\/www.gaveanews.com\/wp-content\/uploads\/2019\/07\/Marcos-Braz-durante-coletiva-de-imprensa-no-Ninho-do-Urubu.webp\" \/>\n\t<meta property=\"og:image:width\" content=\"846\" \/>\n\t<meta property=\"og:image:height\" content=\"563\" \/>\n\t<meta property=\"og:image:type\" content=\"image\/jpeg\" \/>\n<meta name=\"author\" content=\"Equipe G\u00e1vea News\" \/>\n<meta name=\"twitter:card\" content=\"summary_large_image\" \/>\n<meta name=\"twitter:label1\" content=\"Escrito por\" \/>\n\t<meta name=\"twitter:data1\" content=\"Equipe G\u00e1vea News\" \/>\n\t<meta name=\"twitter:label2\" content=\"Est. tempo de leitura\" \/>\n\t<meta name=\"twitter:data2\" content=\"2 minutos\" \/>\n<script type=\"application\/ld+json\" class=\"yoast-schema-graph\">{\"@context\":\"https:\/\/schema.org\",\"@graph\":[{\"@type\":\"NewsArticle\",\"@id\":\"https:\/\/www.gaveanews.com\/index.php\/2020\/07\/19\/curto-e-grosso-marcos-braz-manda-recado-para-o-benfica-sobre-especulacoes-envolvendo-alguns-jogadores\/#article\",\"isPartOf\":{\"@id\":\"https:\/\/www.gaveanews.com\/index.php\/2020\/07\/19\/curto-e-grosso-marcos-braz-manda-recado-para-o-benfica-sobre-especulacoes-envolvendo-alguns-jogadores\/\"},\"author\":{\"name\":\"Equipe G\u00e1vea News\",\"@id\":\"https:\/\/www.gaveanews.com\/#\/schema\/person\/2ec14f73fb96be2caf28f91afb14749d\"},\"headline\":\"Curto e grosso! Marcos Braz manda recado para o Benfica sobre especula\u00e7\u00f5es envolvendo alguns jogadores\",\"datePublished\":\"2020-07-20T02:49:37+00:00\",\"dateModified\":\"2020-07-20T02:57:57+00:00\",\"mainEntityOfPage\":{\"@id\":\"https:\/\/www.gaveanews.com\/index.php\/2020\/07\/19\/curto-e-grosso-marcos-braz-manda-recado-para-o-benfica-sobre-especulacoes-envolvendo-alguns-jogadores\/\"},\"wordCount\":400,\"commentCount\":25,\"image\":{\"@id\":\"https:\/\/www.gaveanews.com\/index.php\/2020\/07\/19\/curto-e-grosso-marcos-braz-manda-recado-para-o-benfica-sobre-especulacoes-envolvendo-alguns-jogadores\/#primaryimage\"},\"thumbnailUrl\":\"https:\/\/www.gaveanews.com\/wp-content\/uploads\/2019\/07\/Marcos-Braz-durante-coletiva-de-imprensa-no-Ninho-do-Urubu.webp\",\"articleSection\":[\"Flamengo\"],\"inLanguage\":\"pt-BR\",\"potentialAction\":[{\"@type\":\"CommentAction\",\"name\":\"Comment\",\"target\":[\"https:\/\/www.gaveanews.com\/index.php\/2020\/07\/19\/curto-e-grosso-marcos-braz-manda-recado-para-o-benfica-sobre-especulacoes-envolvendo-alguns-jogadores\/#respond\"]}],\"copyrightYear\":\"2020\",\"copyrightHolder\":{\"@id\":\"https:\/\/www.gaveanews.com\/#organization\"}},{\"@type\":\"WebPage\",\"@id\":\"https:\/\/www.gaveanews.com\/index.php\/2020\/07\/19\/curto-e-grosso-marcos-braz-manda-recado-para-o-benfica-sobre-especulacoes-envolvendo-alguns-jogadores\/\",\"url\":\"https:\/\/www.gaveanews.com\/index.php\/2020\/07\/19\/curto-e-grosso-marcos-braz-manda-recado-para-o-benfica-sobre-especulacoes-envolvendo-alguns-jogadores\/\",\"name\":\"Braz manda recado para o Benfica sobre especula\u00e7\u00f5es alguns jogadores\",\"isPartOf\":{\"@id\":\"https:\/\/www.gaveanews.com\/#website\"},\"primaryImageOfPage\":{\"@id\":\"https:\/\/www.gaveanews.com\/index.php\/2020\/07\/19\/curto-e-grosso-marcos-braz-manda-recado-para-o-benfica-sobre-especulacoes-envolvendo-alguns-jogadores\/#primaryimage\"},\"image\":{\"@id\":\"https:\/\/www.gaveanews.com\/index.php\/2020\/07\/19\/curto-e-grosso-marcos-braz-manda-recado-para-o-benfica-sobre-especulacoes-envolvendo-alguns-jogadores\/#primaryimage\"},\"thumbnailUrl\":\"https:\/\/www.gaveanews.com\/wp-content\/uploads\/2019\/07\/Marcos-Braz-durante-coletiva-de-imprensa-no-Ninho-do-Urubu.webp\",\"datePublished\":\"2020-07-20T02:49:37+00:00\",\"dateModified\":\"2020-07-20T02:57:57+00:00\",\"author\":{\"@id\":\"https:\/\/www.gaveanews.com\/#\/schema\/person\/2ec14f73fb96be2caf28f91afb14749d\"},\"description\":\"O vice-presidente de futebol do time rubro-negro tamb\u00e9m comentou o momento de press\u00e3o para que o clube encontre um substituto.\",\"breadcrumb\":{\"@id\":\"https:\/\/www.gaveanews.com\/index.php\/2020\/07\/19\/curto-e-grosso-marcos-braz-manda-recado-para-o-benfica-sobre-especulacoes-envolvendo-alguns-jogadores\/#breadcrumb\"},\"inLanguage\":\"pt-BR\",\"potentialAction\":[{\"@type\":\"ReadAction\",\"target\":[\"https:\/\/www.gaveanews.com\/index.php\/2020\/07\/19\/curto-e-grosso-marcos-braz-manda-recado-para-o-benfica-sobre-especulacoes-envolvendo-alguns-jogadores\/\"]}]},{\"@type\":\"ImageObject\",\"inLanguage\":\"pt-BR\",\"@id\":\"https:\/\/www.gaveanews.com\/index.php\/2020\/07\/19\/curto-e-grosso-marcos-braz-manda-recado-para-o-benfica-sobre-especulacoes-envolvendo-alguns-jogadores\/#primaryimage\",\"url\":\"https:\/\/www.gaveanews.com\/wp-content\/uploads\/2019\/07\/Marcos-Braz-durante-coletiva-de-imprensa-no-Ninho-do-Urubu.webp\",\"contentUrl\":\"https:\/\/www.gaveanews.com\/wp-content\/uploads\/2019\/07\/Marcos-Braz-durante-coletiva-de-imprensa-no-Ninho-do-Urubu.webp\",\"width\":846,\"height\":563,\"caption\":\"Marcos Braz durante coletiva de imprensa no Ninho do Urubu (Foto: Alexandre Vidal\/Flamengo)\"},{\"@type\":\"BreadcrumbList\",\"@id\":\"https:\/\/www.gaveanews.com\/index.php\/2020\/07\/19\/curto-e-grosso-marcos-braz-manda-recado-para-o-benfica-sobre-especulacoes-envolvendo-alguns-jogadores\/#breadcrumb\",\"itemListElement\":[{\"@type\":\"ListItem\",\"position\":1,\"name\":\"Home\",\"item\":\"https:\/\/www.gaveanews.com\/\"},{\"@type\":\"ListItem\",\"position\":2,\"name\":\"Curto e grosso! Marcos Braz manda recado para o Benfica sobre especula\u00e7\u00f5es envolvendo alguns jogadores\"}]},{\"@type\":\"WebSite\",\"@id\":\"https:\/\/www.gaveanews.com\/#website\",\"url\":\"https:\/\/www.gaveanews.com\/\",\"name\":\"G\u00e1vea News\",\"description\":\"Veja todas as not\u00edcias sobre o Flamengo: Contrata\u00e7\u00f5es, categorias de base, resultados das partidas, tabela de classifica\u00e7\u00e3o, pr\u00f3ximos jogos!\",\"potentialAction\":[{\"@type\":\"SearchAction\",\"target\":{\"@type\":\"EntryPoint\",\"urlTemplate\":\"https:\/\/www.gaveanews.com\/?s={search_term_string}\"},\"query-input\":{\"@type\":\"PropertyValueSpecification\",\"valueRequired\":true,\"valueName\":\"search_term_string\"}}],\"inLanguage\":\"pt-BR\"},{\"@type\":\"Person\",\"@id\":\"https:\/\/www.gaveanews.com\/#\/schema\/person\/2ec14f73fb96be2caf28f91afb14749d\",\"name\":\"Equipe G\u00e1vea News\",\"image\":{\"@type\":\"ImageObject\",\"inLanguage\":\"pt-BR\",\"@id\":\"https:\/\/www.gaveanews.com\/#\/schema\/person\/image\/\",\"url\":\"https:\/\/secure.gravatar.com\/avatar\/1e1956f1facbffd3f8fa53a326721950116b3b9dc9bd44939c01180fd4a745a9?s=96&d=mm&r=g\",\"contentUrl\":\"https:\/\/secure.gravatar.com\/avatar\/1e1956f1facbffd3f8fa53a326721950116b3b9dc9bd44939c01180fd4a745a9?s=96&d=mm&r=g\",\"caption\":\"Equipe G\u00e1vea News\"}}]}<\/script>\n<!-- \/ Yoast SEO Premium plugin. -->","yoast_head_json":{"title":"Braz manda recado para o Benfica sobre especula\u00e7\u00f5es alguns jogadores","description":"O vice-presidente de futebol do time rubro-negro tamb\u00e9m comentou o momento de press\u00e3o para que o clube encontre um substituto.","robots":{"index":"index","follow":"follow","max-snippet":"max-snippet:-1","max-image-preview":"max-image-preview:large","max-video-preview":"max-video-preview:-1"},"canonical":"https:\/\/www.gaveanews.com\/index.php\/2020\/07\/19\/curto-e-grosso-marcos-braz-manda-recado-para-o-benfica-sobre-especulacoes-envolvendo-alguns-jogadores\/","og_locale":"pt_BR","og_type":"article","og_title":"Curto e grosso! Marcos Braz manda recado para o Benfica sobre especula\u00e7\u00f5es envolvendo alguns jogadores","og_description":"O vice-presidente de futebol do time rubro-negro tamb\u00e9m comentou o momento de press\u00e3o para que o clube encontre um substituto.","og_url":"https:\/\/www.gaveanews.com\/index.php\/2020\/07\/19\/curto-e-grosso-marcos-braz-manda-recado-para-o-benfica-sobre-especulacoes-envolvendo-alguns-jogadores\/","og_site_name":"G\u00e1vea News","article_publisher":"https:\/\/facebook.com\/gaveaNews\/","article_published_time":"2020-07-20T02:49:37+00:00","article_modified_time":"2020-07-20T02:57:57+00:00","og_image":[{"width":846,"height":563,"url":"https:\/\/www.gaveanews.com\/wp-content\/uploads\/2019\/07\/Marcos-Braz-durante-coletiva-de-imprensa-no-Ninho-do-Urubu.webp","type":"image\/jpeg"}],"author":"Equipe G\u00e1vea News","twitter_card":"summary_large_image","twitter_misc":{"Escrito por":"Equipe G\u00e1vea News","Est. tempo de leitura":"2 minutos"},"schema":{"@context":"https:\/\/schema.org","@graph":[{"@type":"NewsArticle","@id":"https:\/\/www.gaveanews.com\/index.php\/2020\/07\/19\/curto-e-grosso-marcos-braz-manda-recado-para-o-benfica-sobre-especulacoes-envolvendo-alguns-jogadores\/#article","isPartOf":{"@id":"https:\/\/www.gaveanews.com\/index.php\/2020\/07\/19\/curto-e-grosso-marcos-braz-manda-recado-para-o-benfica-sobre-especulacoes-envolvendo-alguns-jogadores\/"},"author":{"name":"Equipe G\u00e1vea News","@id":"https:\/\/www.gaveanews.com\/#\/schema\/person\/2ec14f73fb96be2caf28f91afb14749d"},"headline":"Curto e grosso! Marcos Braz manda recado para o Benfica sobre especula\u00e7\u00f5es envolvendo alguns jogadores","datePublished":"2020-07-20T02:49:37+00:00","dateModified":"2020-07-20T02:57:57+00:00","mainEntityOfPage":{"@id":"https:\/\/www.gaveanews.com\/index.php\/2020\/07\/19\/curto-e-grosso-marcos-braz-manda-recado-para-o-benfica-sobre-especulacoes-envolvendo-alguns-jogadores\/"},"wordCount":400,"commentCount":25,"image":{"@id":"https:\/\/www.gaveanews.com\/index.php\/2020\/07\/19\/curto-e-grosso-marcos-braz-manda-recado-para-o-benfica-sobre-especulacoes-envolvendo-alguns-jogadores\/#primaryimage"},"thumbnailUrl":"https:\/\/www.gaveanews.com\/wp-content\/uploads\/2019\/07\/Marcos-Braz-durante-coletiva-de-imprensa-no-Ninho-do-Urubu.webp","articleSection":["Flamengo"],"inLanguage":"pt-BR","potentialAction":[{"@type":"CommentAction","name":"Comment","target":["https:\/\/www.gaveanews.com\/index.php\/2020\/07\/19\/curto-e-grosso-marcos-braz-manda-recado-para-o-benfica-sobre-especulacoes-envolvendo-alguns-jogadores\/#respond"]}],"copyrightYear":"2020","copyrightHolder":{"@id":"https:\/\/www.gaveanews.com\/#organization"}},{"@type":"WebPage","@id":"https:\/\/www.gaveanews.com\/index.php\/2020\/07\/19\/curto-e-grosso-marcos-braz-manda-recado-para-o-benfica-sobre-especulacoes-envolvendo-alguns-jogadores\/","url":"https:\/\/www.gaveanews.com\/index.php\/2020\/07\/19\/curto-e-grosso-marcos-braz-manda-recado-para-o-benfica-sobre-especulacoes-envolvendo-alguns-jogadores\/","name":"Braz manda recado para o Benfica sobre especula\u00e7\u00f5es alguns jogadores","isPartOf":{"@id":"https:\/\/www.gaveanews.com\/#website"},"primaryImageOfPage":{"@id":"https:\/\/www.gaveanews.com\/index.php\/2020\/07\/19\/curto-e-grosso-marcos-braz-manda-recado-para-o-benfica-sobre-especulacoes-envolvendo-alguns-jogadores\/#primaryimage"},"image":{"@id":"https:\/\/www.gaveanews.com\/index.php\/2020\/07\/19\/curto-e-grosso-marcos-braz-manda-recado-para-o-benfica-sobre-especulacoes-envolvendo-alguns-jogadores\/#primaryimage"},"thumbnailUrl":"https:\/\/www.gaveanews.com\/wp-content\/uploads\/2019\/07\/Marcos-Braz-durante-coletiva-de-imprensa-no-Ninho-do-Urubu.webp","datePublished":"2020-07-20T02:49:37+00:00","dateModified":"2020-07-20T02:57:57+00:00","author":{"@id":"https:\/\/www.gaveanews.com\/#\/schema\/person\/2ec14f73fb96be2caf28f91afb14749d"},"description":"O vice-presidente de futebol do time rubro-negro tamb\u00e9m comentou o momento de press\u00e3o para que o clube encontre um substituto.","breadcrumb":{"@id":"https:\/\/www.gaveanews.com\/index.php\/2020\/07\/19\/curto-e-grosso-marcos-braz-manda-recado-para-o-benfica-sobre-especulacoes-envolvendo-alguns-jogadores\/#breadcrumb"},"inLanguage":"pt-BR","potentialAction":[{"@type":"ReadAction","target":["https:\/\/www.gaveanews.com\/index.php\/2020\/07\/19\/curto-e-grosso-marcos-braz-manda-recado-para-o-benfica-sobre-especulacoes-envolvendo-alguns-jogadores\/"]}]},{"@type":"ImageObject","inLanguage":"pt-BR","@id":"https:\/\/www.gaveanews.com\/index.php\/2020\/07\/19\/curto-e-grosso-marcos-braz-manda-recado-para-o-benfica-sobre-especulacoes-envolvendo-alguns-jogadores\/#primaryimage","url":"https:\/\/www.gaveanews.com\/wp-content\/uploads\/2019\/07\/Marcos-Braz-durante-coletiva-de-imprensa-no-Ninho-do-Urubu.webp","contentUrl":"https:\/\/www.gaveanews.com\/wp-content\/uploads\/2019\/07\/Marcos-Braz-durante-coletiva-de-imprensa-no-Ninho-do-Urubu.webp","width":846,"height":563,"caption":"Marcos Braz durante coletiva de imprensa no Ninho do Urubu (Foto: Alexandre Vidal\/Flamengo)"},{"@type":"BreadcrumbList","@id":"https:\/\/www.gaveanews.com\/index.php\/2020\/07\/19\/curto-e-grosso-marcos-braz-manda-recado-para-o-benfica-sobre-especulacoes-envolvendo-alguns-jogadores\/#breadcrumb","itemListElement":[{"@type":"ListItem","position":1,"name":"Home","item":"https:\/\/www.gaveanews.com\/"},{"@type":"ListItem","position":2,"name":"Curto e grosso! Marcos Braz manda recado para o Benfica sobre especula\u00e7\u00f5es envolvendo alguns jogadores"}]},{"@type":"WebSite","@id":"https:\/\/www.gaveanews.com\/#website","url":"https:\/\/www.gaveanews.com\/","name":"G\u00e1vea News","description":"Veja todas as not\u00edcias sobre o Flamengo: Contrata\u00e7\u00f5es, categorias de base, resultados das partidas, tabela de classifica\u00e7\u00e3o, pr\u00f3ximos jogos!","potentialAction":[{"@type":"SearchAction","target":{"@type":"EntryPoint","urlTemplate":"https:\/\/www.gaveanews.com\/?s={search_term_string}"},"query-input":{"@type":"PropertyValueSpecification","valueRequired":true,"valueName":"search_term_string"}}],"inLanguage":"pt-BR"},{"@type":"Person","@id":"https:\/\/www.gaveanews.com\/#\/schema\/person\/2ec14f73fb96be2caf28f91afb14749d","name":"Equipe G\u00e1vea News","image":{"@type":"ImageObject","inLanguage":"pt-BR","@id":"https:\/\/www.gaveanews.com\/#\/schema\/person\/image\/","url":"https:\/\/secure.gravatar.com\/avatar\/1e1956f1facbffd3f8fa53a326721950116b3b9dc9bd44939c01180fd4a745a9?s=96&d=mm&r=g","contentUrl":"https:\/\/secure.gravatar.com\/avatar\/1e1956f1facbffd3f8fa53a326721950116b3b9dc9bd44939c01180fd4a745a9?s=96&d=mm&r=g","caption":"Equipe G\u00e1vea News"}}]}},"_links":{"self":[{"href":"https:\/\/www.gaveanews.com\/index.php\/wp-json\/wp\/v2\/posts\/43928","targetHints":{"allow":["GET"]}}],"collection":[{"href":"https:\/\/www.gaveanews.com\/index.php\/wp-json\/wp\/v2\/posts"}],"about":[{"href":"https:\/\/www.gaveanews.com\/index.php\/wp-json\/wp\/v2\/types\/post"}],"author":[{"embeddable":true,"href":"https:\/\/www.gaveanews.com\/index.php\/wp-json\/wp\/v2\/users\/1"}],"replies":[{"embeddable":true,"href":"https:\/\/www.gaveanews.com\/index.php\/wp-json\/wp\/v2\/comments?post=43928"}],"version-history":[{"count":0,"href":"https:\/\/www.gaveanews.com\/index.php\/wp-json\/wp\/v2\/posts\/43928\/revisions"}],"wp:featuredmedia":[{"embeddable":true,"href":"https:\/\/www.gaveanews.com\/index.php\/wp-json\/wp\/v2\/media\/23694"}],"wp:attachment":[{"href":"https:\/\/www.gaveanews.com\/index.php\/wp-json\/wp\/v2\/media?parent=43928"}],"wp:term":[{"taxonomy":"category","embeddable":true,"href":"https:\/\/www.gaveanews.com\/index.php\/wp-json\/wp\/v2\/categories?post=43928"},{"taxonomy":"post_tag","embeddable":true,"href":"https:\/\/www.gaveanews.com\/index.php\/wp-json\/wp\/v2\/tags?post=43928"}],"curies":[{"name":"wp","href":"https:\/\/api.w.org\/{rel}","templated":true}]}}