{"id":43943,"date":"2020-07-20T09:30:00","date_gmt":"2020-07-20T12:30:00","guid":{"rendered":"https:\/\/www.gaveanews.com\/?p=43943"},"modified":"2020-07-20T01:02:31","modified_gmt":"2020-07-20T04:02:31","slug":"nove-treinadores-estrangeiros-de-1o-escalao-que-estao-sem-clube","status":"publish","type":"post","link":"https:\/\/www.gaveanews.com\/index.php\/2020\/07\/20\/nove-treinadores-estrangeiros-de-1o-escalao-que-estao-sem-clube\/","title":{"rendered":"Nove treinadores estrangeiros de 1\u00ba escal\u00e3o que est\u00e3o sem clube"},"content":{"rendered":"\n<p>O que ser\u00e1 do Flamengo sem o t\u00e9cnico Jorge Jesus? A c\u00fapula rubro-negra est\u00e1 contatos constantes para definir qual ser\u00e1 o novo treinador para dar a sequ\u00eancia ao trabalho do Mister e manter o clube em \u2018outro patamar\u2019 em rela\u00e7\u00e3o aos concorrentes do futebol sul-americano. Agora, a pergunta que fica \u00e9: \u2018quem s\u00e3o as op\u00e7\u00f5es livres no mercado?\u2019.<\/p>\n\n\n\n<p>\u00c9 quase certo apontar que o novo comandante do Meng\u00e3o n\u00e3o ser\u00e1 um brasileiro. H\u00e1 o entendimento de que os nomes estrangeiros, como Jesus, est\u00e3o mais \u2018atualizados\u2019 e podem manter o Flamengo como uma refer\u00eancia dentro e fora de campo.<\/p>\n\n\n\n<p>Pensando em ajudar o Meng\u00e3o, o portal &#8216;#Rubro-Negro&#8217; levantou os nomes de treinadores do primeiro escala\u00e7\u00e3o que est\u00e3o dispon\u00edveis para negociar de imediato sem a necessidade de pagamento de multa para liber\u00e1-los de seus clubes.<\/p>\n\n\n\n<h2 class=\"wp-block-heading\"><strong>Leonardo Jardim<\/strong><\/h2>\n\n\n\n<div class=\"wp-block-image\"><figure class=\"aligncenter size-large\"><img decoding=\"async\" src=\"https:\/\/images-cdn.impresa.pt\/caras\/2018-05-21-6-Leonardo-Jardim.webp?mw=820\" alt=\"\"\/><\/figure><\/div>\n\n\n\n<p>Principal nome indicado como favorito a vaga de Jorge Jesus, Jardim est\u00e1 sem clube desde a demiss\u00e3o do Monaco no fim de 2019.<\/p>\n\n\n\n<p>Seu grande feito foi fazer o Monaco derrubar o poderoso PSG na briga pelo t\u00edtulo franc\u00eas da temporada de 2016\/2017 e chegar \u00e0s semifinais da Liga dos Campe\u00f5es deixando para tr\u00e1s o Manchester City de Pep Guardiola.<\/p>\n\n\n\n<h2 class=\"wp-block-heading\">Marco Silva<\/h2>\n\n\n\n<div class=\"wp-block-image\"><figure class=\"aligncenter size-large\"><img decoding=\"async\" src=\"https:\/\/www3.pictures.zimbio.com\/gi\/Hull+City+v+AFC+Bournemouth+Premier+League+HzanaFT3ghAx.webp\" alt=\"\"\/><\/figure><\/div>\n\n\n\n<p>Sem clube desde a sa\u00edda do Everton, em dezembro do ano passado, Marco Silva tem tido o nome apontado como alvo do Flamengo desde quando surgiram boatos de que Jesus poderia retornar ao Benfica.<\/p>\n\n\n\n<p>O treinador portugu\u00eas \u00e9 visto no mercado como t\u00e9cnico bom de grupo e estilo de jogo agressivo. Ele possui os t\u00edtulos de campe\u00e3o da Ta\u00e7a de Portugal pelo Sporting, em 2014\/2015 e campe\u00e3o grego pelo Olympiacos, em 2015\/2016, como seus maiores feitos.<\/p>\n\n\n\n<h2 class=\"wp-block-heading\">Mauricio Pochettino<\/h2>\n\n\n\n<div class=\"wp-block-image\"><figure class=\"aligncenter size-large\"><img decoding=\"async\" src=\"https:\/\/www2.pictures.zimbio.com\/gi\/Stoke+City+v+Southampton+Premier+League+cfPGgGTfHjxx.webp\" alt=\"\"\/><\/figure><\/div>\n\n\n\n<p>Demitido do Tottenham ap\u00f3s cinco temporadas intensas de crescimento com os Spurs, Pochettino \u00e9 apontado como nome ideal at\u00e9 para a sele\u00e7\u00e3o da Argentina, mas se mant\u00e9m na Inglaterra com a meta a fisgar um espa\u00e7o em algum gigante para seguir na Premier League.<\/p>\n\n\n\n<p>Al\u00e9m de ajudar o clube de Londres a entrar na elite do futebol ingl\u00eas, o t\u00e9cnico argentino levou os Spurs ao vice-campeonato da Liga dos Campe\u00f5es 2018\/2019.<\/p>\n\n\n\n<h2 class=\"wp-block-heading\">Massimiliano Allegri<\/h2>\n\n\n\n<div class=\"wp-block-image\"><figure class=\"aligncenter size-large\"><img decoding=\"async\" src=\"https:\/\/www3.pictures.zimbio.com\/gi\/Juventus+FC+v+Udinese+Calcio+Serie+kmI8MYAU3gnx.webp\" alt=\"\"\/><\/figure><\/div>\n\n\n\n<p>Campe\u00e3o de seis das \u00faltimas 10 edi\u00e7\u00f5es do Campeonato Italiano, o treinador deixou a Juventus em 2019 por n\u00e3o conseguir fazer o clube chegar ao t\u00edtulo da Liga dos Campe\u00f5es \u2013 bateu na trave em 2014\/2015 e 2016\/2017.<\/p>\n\n\n\n<p>Seu nome tem sido especulado em clubes de Espanha, Inglaterra e It\u00e1lia para a temporada de 2020\/2021 e n\u00e3o deve permanecer por mais tempo desempregado.<\/p>\n\n\n\n<h2 class=\"wp-block-heading\">Unai Emery<\/h2>\n\n\n\n<div class=\"wp-block-image\"><figure class=\"aligncenter size-large\"><img decoding=\"async\" src=\"https:\/\/upload.wikimedia.org\/wikipedia\/commons\/b\/bf\/Zenit-Sevilla_%286%29.webp\" alt=\"\"\/><\/figure><\/div>\n\n\n\n<p>Conhecido por ser especialista em t\u00edtulos da Liga Europa, o comandante espanhol n\u00e3o viveu uma boa temporada 2019\/2020 pelo Arsenal, da Inglaterra, e foi demitido.<\/p>\n\n\n\n<p>Seu nome, inclusive, era cogitado no Benfica, de Portugal, caso Jorge Jesus n\u00e3o deixasse o Flamengo.<\/p>\n\n\n\n<h2 class=\"wp-block-heading\">Ars\u00e8ne Wenger<\/h2>\n\n\n\n<div class=\"wp-block-image\"><figure class=\"aligncenter size-large\"><img decoding=\"async\" src=\"https:\/\/th.bing.com\/th\/id\/OIP.mNd85cjOf-0KTc5N2GpunQHaK3?pid=Api&amp;rs=1\" alt=\"\"\/><\/figure><\/div>\n\n\n\n<p>O t\u00e9cnico franc\u00eas fez hist\u00f3ria ao comandante o Arsenal por 22 temporadas ininterruptas e havia decidiu se aposentar dos gramados em abril de 2018.<\/p>\n\n\n\n<p>Entretanto, um ano e meio ap\u00f3s o sumi\u00e7o do futebol, Wenger anunciou estar aberto a novas propostas para voltar a trabalhar e aguarda ofertas para analisar se voltar\u00e1 ao posto de treinador ou diretor de futebol.<\/p>\n\n\n\n<h2 class=\"wp-block-heading\">Luciano Spaletti<\/h2>\n\n\n\n<div class=\"wp-block-image\"><figure class=\"aligncenter size-large\"><img decoding=\"async\" src=\"https:\/\/th.bing.com\/th\/id\/OIP.zjtRclonB52ckf_J7yrD7gHaJg?pid=Api&amp;rs=1\" alt=\"\"\/><\/figure><\/div>\n\n\n\n<p>O italiano est\u00e1 sem clube ap\u00f3s ter passagem apagada pela Inter de Mil\u00e3o \u2013 levou o clube a modesta quarto lugar no Campeonato Italiano dos anos de 2017\/2018 e 2018\/2019.<\/p>\n\n\n\n<p>O comandante coleciona passagens marcantes e com t\u00edtulos por Roma, da It\u00e1lia, e Zenit, da R\u00fassia.<\/p>\n\n\n\n<h2 class=\"wp-block-heading\">Alejandro Sabella<\/h2>\n\n\n\n<div class=\"wp-block-image\"><figure class=\"aligncenter size-large\"><img decoding=\"async\" src=\"https:\/\/www1.pictures.zimbio.com\/gi\/Argentina+v+Bosnia+Herzegovina+Group+F+2014+_V8O34RedPEx.webp\" alt=\"\"\/><\/figure><\/div>\n\n\n\n<p>Respons\u00e1vel por levar a Argentina ao vice-campeonato mundial de 2014, Sabella ficou sumido do cen\u00e1rio da bola nos \u00faltimos anos devido a batalha contra problemas de sa\u00fade (card\u00edacos e c\u00e2ncer na laringe).<\/p>\n\n\n\n<p>Ele, atualmente, espera nova chance para voltar \u00e0 beira dos gramados.<\/p>\n\n\n\n<h2 class=\"wp-block-heading\">Ernesto Valverde<\/h2>\n\n\n\n<div class=\"wp-block-image\"><figure class=\"aligncenter size-large\"><img decoding=\"async\" src=\"https:\/\/images2.minutemediacdn.com\/image\/fetch\/w_2000,h_2000,c_fit\/https%3A%2F%2Feverythingbarca.com%2Fwp-content%2Fuploads%2Fgetty-images%2F2018%2F08%2F1084905006.webp\" alt=\"\"\/><\/figure><\/div>\n\n\n\n<p>Demitido do Barcelona em janeiro passado, Valverde precisou passar por uma mudan\u00e7a de filosofia de futebol ao ter de se enquadrar ao padr\u00e3o \u201cMessi e Su\u00e1rez\u201d.<\/p>\n\n\n\n<p>O treinador levou o clube catal\u00e3o as conquistas de duas edi\u00e7\u00f5es do Campeonato Espanhol (2017\/2018) e (2018\/2019), Copa do Rei (2017\/2018) e Supercopa da Espanha (2018).<\/p>\n\n\n\n<p>Retirado de: Hashtag Rubro-Negro<\/p>\n","protected":false},"excerpt":{"rendered":"<p>O que ser\u00e1 do Flamengo sem o t\u00e9cnico Jorge Jesus? A c\u00fapula rubro-negra est\u00e1 contatos constantes para definir qual ser\u00e1 o novo treinador para dar a sequ\u00eancia ao trabalho do Mister e manter o clube em \u2018outro patamar\u2019 em rela\u00e7\u00e3o aos concorrentes do futebol sul-americano. Agora, a pergunta que fica \u00e9: \u2018quem s\u00e3o as op\u00e7\u00f5es [&hellip;]<\/p>\n","protected":false},"author":1,"featured_media":15077,"comment_status":"open","ping_status":"closed","sticky":false,"template":"","format":"standard","meta":{"footnotes":""},"categories":[47],"tags":[],"class_list":["post-43943","post","type-post","status-publish","format-standard","has-post-thumbnail","hentry","category-destaques"],"yoast_head":"<!-- This site is optimized with the Yoast SEO Premium plugin v24.2 (Yoast SEO v26.9) - https:\/\/yoast.com\/product\/yoast-seo-premium-wordpress\/ -->\n<title>Nove treinadores estrangeiros de 1\u00ba escal\u00e3o que est\u00e3o sem clube<\/title>\n<meta name=\"description\" content=\"C\u00fapula rubro-negra est\u00e1 contatos constantes para definir qual ser\u00e1 o novo treinador para dar a sequ\u00eancia ao trabalho do Mister.\" \/>\n<meta name=\"robots\" content=\"index, follow, max-snippet:-1, max-image-preview:large, max-video-preview:-1\" \/>\n<link rel=\"canonical\" href=\"https:\/\/www.gaveanews.com\/index.php\/2020\/07\/20\/nove-treinadores-estrangeiros-de-1o-escalao-que-estao-sem-clube\/\" \/>\n<meta property=\"og:locale\" content=\"pt_BR\" \/>\n<meta property=\"og:type\" content=\"article\" \/>\n<meta property=\"og:title\" content=\"Nove treinadores estrangeiros de 1\u00ba escal\u00e3o que est\u00e3o sem clube\" \/>\n<meta property=\"og:description\" content=\"C\u00fapula rubro-negra est\u00e1 contatos constantes para definir qual ser\u00e1 o novo treinador para dar a sequ\u00eancia ao trabalho do Mister.\" \/>\n<meta property=\"og:url\" content=\"https:\/\/www.gaveanews.com\/index.php\/2020\/07\/20\/nove-treinadores-estrangeiros-de-1o-escalao-que-estao-sem-clube\/\" \/>\n<meta property=\"og:site_name\" content=\"G\u00e1vea News\" \/>\n<meta property=\"article:publisher\" content=\"https:\/\/facebook.com\/gaveaNews\/\" \/>\n<meta property=\"article:published_time\" content=\"2020-07-20T12:30:00+00:00\" \/>\n<meta property=\"og:image\" content=\"https:\/\/www.gaveanews.com\/wp-content\/uploads\/2019\/03\/Rodolfo-Landim-durante-entrevista-coletiva-na-Gavea.webp\" \/>\n\t<meta property=\"og:image:width\" content=\"1\" \/>\n\t<meta property=\"og:image:height\" content=\"1\" \/>\n\t<meta property=\"og:image:type\" content=\"image\/jpeg\" \/>\n<meta name=\"author\" content=\"Equipe G\u00e1vea News\" \/>\n<meta name=\"twitter:card\" content=\"summary_large_image\" \/>\n<meta name=\"twitter:label1\" content=\"Escrito por\" \/>\n\t<meta name=\"twitter:data1\" content=\"Equipe G\u00e1vea News\" \/>\n\t<meta name=\"twitter:label2\" content=\"Est. tempo de leitura\" \/>\n\t<meta name=\"twitter:data2\" content=\"4 minutos\" \/>\n<script type=\"application\/ld+json\" class=\"yoast-schema-graph\">{\"@context\":\"https:\/\/schema.org\",\"@graph\":[{\"@type\":\"NewsArticle\",\"@id\":\"https:\/\/www.gaveanews.com\/index.php\/2020\/07\/20\/nove-treinadores-estrangeiros-de-1o-escalao-que-estao-sem-clube\/#article\",\"isPartOf\":{\"@id\":\"https:\/\/www.gaveanews.com\/index.php\/2020\/07\/20\/nove-treinadores-estrangeiros-de-1o-escalao-que-estao-sem-clube\/\"},\"author\":{\"name\":\"Equipe G\u00e1vea News\",\"@id\":\"https:\/\/www.gaveanews.com\/#\/schema\/person\/2ec14f73fb96be2caf28f91afb14749d\"},\"headline\":\"Nove treinadores estrangeiros de 1\u00ba escal\u00e3o que est\u00e3o sem clube\",\"datePublished\":\"2020-07-20T12:30:00+00:00\",\"mainEntityOfPage\":{\"@id\":\"https:\/\/www.gaveanews.com\/index.php\/2020\/07\/20\/nove-treinadores-estrangeiros-de-1o-escalao-que-estao-sem-clube\/\"},\"wordCount\":717,\"commentCount\":24,\"image\":{\"@id\":\"https:\/\/www.gaveanews.com\/index.php\/2020\/07\/20\/nove-treinadores-estrangeiros-de-1o-escalao-que-estao-sem-clube\/#primaryimage\"},\"thumbnailUrl\":\"https:\/\/www.gaveanews.com\/wp-content\/uploads\/2019\/03\/Rodolfo-Landim-durante-entrevista-coletiva-na-Gavea.webp\",\"articleSection\":[\"Destaques\"],\"inLanguage\":\"pt-BR\",\"potentialAction\":[{\"@type\":\"CommentAction\",\"name\":\"Comment\",\"target\":[\"https:\/\/www.gaveanews.com\/index.php\/2020\/07\/20\/nove-treinadores-estrangeiros-de-1o-escalao-que-estao-sem-clube\/#respond\"]}],\"copyrightYear\":\"2020\",\"copyrightHolder\":{\"@id\":\"https:\/\/www.gaveanews.com\/#organization\"}},{\"@type\":\"WebPage\",\"@id\":\"https:\/\/www.gaveanews.com\/index.php\/2020\/07\/20\/nove-treinadores-estrangeiros-de-1o-escalao-que-estao-sem-clube\/\",\"url\":\"https:\/\/www.gaveanews.com\/index.php\/2020\/07\/20\/nove-treinadores-estrangeiros-de-1o-escalao-que-estao-sem-clube\/\",\"name\":\"Nove treinadores estrangeiros de 1\u00ba escal\u00e3o que est\u00e3o sem clube\",\"isPartOf\":{\"@id\":\"https:\/\/www.gaveanews.com\/#website\"},\"primaryImageOfPage\":{\"@id\":\"https:\/\/www.gaveanews.com\/index.php\/2020\/07\/20\/nove-treinadores-estrangeiros-de-1o-escalao-que-estao-sem-clube\/#primaryimage\"},\"image\":{\"@id\":\"https:\/\/www.gaveanews.com\/index.php\/2020\/07\/20\/nove-treinadores-estrangeiros-de-1o-escalao-que-estao-sem-clube\/#primaryimage\"},\"thumbnailUrl\":\"https:\/\/www.gaveanews.com\/wp-content\/uploads\/2019\/03\/Rodolfo-Landim-durante-entrevista-coletiva-na-Gavea.webp\",\"datePublished\":\"2020-07-20T12:30:00+00:00\",\"author\":{\"@id\":\"https:\/\/www.gaveanews.com\/#\/schema\/person\/2ec14f73fb96be2caf28f91afb14749d\"},\"description\":\"C\u00fapula rubro-negra est\u00e1 contatos constantes para definir qual ser\u00e1 o novo treinador para dar a sequ\u00eancia ao trabalho do Mister.\",\"breadcrumb\":{\"@id\":\"https:\/\/www.gaveanews.com\/index.php\/2020\/07\/20\/nove-treinadores-estrangeiros-de-1o-escalao-que-estao-sem-clube\/#breadcrumb\"},\"inLanguage\":\"pt-BR\",\"potentialAction\":[{\"@type\":\"ReadAction\",\"target\":[\"https:\/\/www.gaveanews.com\/index.php\/2020\/07\/20\/nove-treinadores-estrangeiros-de-1o-escalao-que-estao-sem-clube\/\"]}]},{\"@type\":\"ImageObject\",\"inLanguage\":\"pt-BR\",\"@id\":\"https:\/\/www.gaveanews.com\/index.php\/2020\/07\/20\/nove-treinadores-estrangeiros-de-1o-escalao-que-estao-sem-clube\/#primaryimage\",\"url\":\"https:\/\/www.gaveanews.com\/wp-content\/uploads\/2019\/03\/Rodolfo-Landim-durante-entrevista-coletiva-na-Gavea.webp\",\"contentUrl\":\"https:\/\/www.gaveanews.com\/wp-content\/uploads\/2019\/03\/Rodolfo-Landim-durante-entrevista-coletiva-na-Gavea.webp\",\"width\":900,\"height\":599,\"caption\":\"Rodolfo Landim durante entrevista coletiva na G\u00e1vea (Foto: Ag\u00eancia Foto BR)\"},{\"@type\":\"BreadcrumbList\",\"@id\":\"https:\/\/www.gaveanews.com\/index.php\/2020\/07\/20\/nove-treinadores-estrangeiros-de-1o-escalao-que-estao-sem-clube\/#breadcrumb\",\"itemListElement\":[{\"@type\":\"ListItem\",\"position\":1,\"name\":\"Home\",\"item\":\"https:\/\/www.gaveanews.com\/\"},{\"@type\":\"ListItem\",\"position\":2,\"name\":\"Nove treinadores estrangeiros de 1\u00ba escal\u00e3o que est\u00e3o sem clube\"}]},{\"@type\":\"WebSite\",\"@id\":\"https:\/\/www.gaveanews.com\/#website\",\"url\":\"https:\/\/www.gaveanews.com\/\",\"name\":\"G\u00e1vea News\",\"description\":\"Veja todas as not\u00edcias sobre o Flamengo: Contrata\u00e7\u00f5es, categorias de base, resultados das partidas, tabela de classifica\u00e7\u00e3o, pr\u00f3ximos jogos!\",\"potentialAction\":[{\"@type\":\"SearchAction\",\"target\":{\"@type\":\"EntryPoint\",\"urlTemplate\":\"https:\/\/www.gaveanews.com\/?s={search_term_string}\"},\"query-input\":{\"@type\":\"PropertyValueSpecification\",\"valueRequired\":true,\"valueName\":\"search_term_string\"}}],\"inLanguage\":\"pt-BR\"},{\"@type\":\"Person\",\"@id\":\"https:\/\/www.gaveanews.com\/#\/schema\/person\/2ec14f73fb96be2caf28f91afb14749d\",\"name\":\"Equipe G\u00e1vea News\",\"image\":{\"@type\":\"ImageObject\",\"inLanguage\":\"pt-BR\",\"@id\":\"https:\/\/www.gaveanews.com\/#\/schema\/person\/image\/\",\"url\":\"https:\/\/secure.gravatar.com\/avatar\/1e1956f1facbffd3f8fa53a326721950116b3b9dc9bd44939c01180fd4a745a9?s=96&d=mm&r=g\",\"contentUrl\":\"https:\/\/secure.gravatar.com\/avatar\/1e1956f1facbffd3f8fa53a326721950116b3b9dc9bd44939c01180fd4a745a9?s=96&d=mm&r=g\",\"caption\":\"Equipe G\u00e1vea News\"}}]}<\/script>\n<!-- \/ Yoast SEO Premium plugin. -->","yoast_head_json":{"title":"Nove treinadores estrangeiros de 1\u00ba escal\u00e3o que est\u00e3o sem clube","description":"C\u00fapula rubro-negra est\u00e1 contatos constantes para definir qual ser\u00e1 o novo treinador para dar a sequ\u00eancia ao trabalho do Mister.","robots":{"index":"index","follow":"follow","max-snippet":"max-snippet:-1","max-image-preview":"max-image-preview:large","max-video-preview":"max-video-preview:-1"},"canonical":"https:\/\/www.gaveanews.com\/index.php\/2020\/07\/20\/nove-treinadores-estrangeiros-de-1o-escalao-que-estao-sem-clube\/","og_locale":"pt_BR","og_type":"article","og_title":"Nove treinadores estrangeiros de 1\u00ba escal\u00e3o que est\u00e3o sem clube","og_description":"C\u00fapula rubro-negra est\u00e1 contatos constantes para definir qual ser\u00e1 o novo treinador para dar a sequ\u00eancia ao trabalho do Mister.","og_url":"https:\/\/www.gaveanews.com\/index.php\/2020\/07\/20\/nove-treinadores-estrangeiros-de-1o-escalao-que-estao-sem-clube\/","og_site_name":"G\u00e1vea News","article_publisher":"https:\/\/facebook.com\/gaveaNews\/","article_published_time":"2020-07-20T12:30:00+00:00","og_image":[{"url":"https:\/\/www.gaveanews.com\/wp-content\/uploads\/2019\/03\/Rodolfo-Landim-durante-entrevista-coletiva-na-Gavea.webp","width":1,"height":1,"type":"image\/jpeg"}],"author":"Equipe G\u00e1vea News","twitter_card":"summary_large_image","twitter_misc":{"Escrito por":"Equipe G\u00e1vea News","Est. tempo de leitura":"4 minutos"},"schema":{"@context":"https:\/\/schema.org","@graph":[{"@type":"NewsArticle","@id":"https:\/\/www.gaveanews.com\/index.php\/2020\/07\/20\/nove-treinadores-estrangeiros-de-1o-escalao-que-estao-sem-clube\/#article","isPartOf":{"@id":"https:\/\/www.gaveanews.com\/index.php\/2020\/07\/20\/nove-treinadores-estrangeiros-de-1o-escalao-que-estao-sem-clube\/"},"author":{"name":"Equipe G\u00e1vea News","@id":"https:\/\/www.gaveanews.com\/#\/schema\/person\/2ec14f73fb96be2caf28f91afb14749d"},"headline":"Nove treinadores estrangeiros de 1\u00ba escal\u00e3o que est\u00e3o sem clube","datePublished":"2020-07-20T12:30:00+00:00","mainEntityOfPage":{"@id":"https:\/\/www.gaveanews.com\/index.php\/2020\/07\/20\/nove-treinadores-estrangeiros-de-1o-escalao-que-estao-sem-clube\/"},"wordCount":717,"commentCount":24,"image":{"@id":"https:\/\/www.gaveanews.com\/index.php\/2020\/07\/20\/nove-treinadores-estrangeiros-de-1o-escalao-que-estao-sem-clube\/#primaryimage"},"thumbnailUrl":"https:\/\/www.gaveanews.com\/wp-content\/uploads\/2019\/03\/Rodolfo-Landim-durante-entrevista-coletiva-na-Gavea.webp","articleSection":["Destaques"],"inLanguage":"pt-BR","potentialAction":[{"@type":"CommentAction","name":"Comment","target":["https:\/\/www.gaveanews.com\/index.php\/2020\/07\/20\/nove-treinadores-estrangeiros-de-1o-escalao-que-estao-sem-clube\/#respond"]}],"copyrightYear":"2020","copyrightHolder":{"@id":"https:\/\/www.gaveanews.com\/#organization"}},{"@type":"WebPage","@id":"https:\/\/www.gaveanews.com\/index.php\/2020\/07\/20\/nove-treinadores-estrangeiros-de-1o-escalao-que-estao-sem-clube\/","url":"https:\/\/www.gaveanews.com\/index.php\/2020\/07\/20\/nove-treinadores-estrangeiros-de-1o-escalao-que-estao-sem-clube\/","name":"Nove treinadores estrangeiros de 1\u00ba escal\u00e3o que est\u00e3o sem clube","isPartOf":{"@id":"https:\/\/www.gaveanews.com\/#website"},"primaryImageOfPage":{"@id":"https:\/\/www.gaveanews.com\/index.php\/2020\/07\/20\/nove-treinadores-estrangeiros-de-1o-escalao-que-estao-sem-clube\/#primaryimage"},"image":{"@id":"https:\/\/www.gaveanews.com\/index.php\/2020\/07\/20\/nove-treinadores-estrangeiros-de-1o-escalao-que-estao-sem-clube\/#primaryimage"},"thumbnailUrl":"https:\/\/www.gaveanews.com\/wp-content\/uploads\/2019\/03\/Rodolfo-Landim-durante-entrevista-coletiva-na-Gavea.webp","datePublished":"2020-07-20T12:30:00+00:00","author":{"@id":"https:\/\/www.gaveanews.com\/#\/schema\/person\/2ec14f73fb96be2caf28f91afb14749d"},"description":"C\u00fapula rubro-negra est\u00e1 contatos constantes para definir qual ser\u00e1 o novo treinador para dar a sequ\u00eancia ao trabalho do Mister.","breadcrumb":{"@id":"https:\/\/www.gaveanews.com\/index.php\/2020\/07\/20\/nove-treinadores-estrangeiros-de-1o-escalao-que-estao-sem-clube\/#breadcrumb"},"inLanguage":"pt-BR","potentialAction":[{"@type":"ReadAction","target":["https:\/\/www.gaveanews.com\/index.php\/2020\/07\/20\/nove-treinadores-estrangeiros-de-1o-escalao-que-estao-sem-clube\/"]}]},{"@type":"ImageObject","inLanguage":"pt-BR","@id":"https:\/\/www.gaveanews.com\/index.php\/2020\/07\/20\/nove-treinadores-estrangeiros-de-1o-escalao-que-estao-sem-clube\/#primaryimage","url":"https:\/\/www.gaveanews.com\/wp-content\/uploads\/2019\/03\/Rodolfo-Landim-durante-entrevista-coletiva-na-Gavea.webp","contentUrl":"https:\/\/www.gaveanews.com\/wp-content\/uploads\/2019\/03\/Rodolfo-Landim-durante-entrevista-coletiva-na-Gavea.webp","width":900,"height":599,"caption":"Rodolfo Landim durante entrevista coletiva na G\u00e1vea (Foto: Ag\u00eancia Foto BR)"},{"@type":"BreadcrumbList","@id":"https:\/\/www.gaveanews.com\/index.php\/2020\/07\/20\/nove-treinadores-estrangeiros-de-1o-escalao-que-estao-sem-clube\/#breadcrumb","itemListElement":[{"@type":"ListItem","position":1,"name":"Home","item":"https:\/\/www.gaveanews.com\/"},{"@type":"ListItem","position":2,"name":"Nove treinadores estrangeiros de 1\u00ba escal\u00e3o que est\u00e3o sem clube"}]},{"@type":"WebSite","@id":"https:\/\/www.gaveanews.com\/#website","url":"https:\/\/www.gaveanews.com\/","name":"G\u00e1vea News","description":"Veja todas as not\u00edcias sobre o Flamengo: Contrata\u00e7\u00f5es, categorias de base, resultados das partidas, tabela de classifica\u00e7\u00e3o, pr\u00f3ximos jogos!","potentialAction":[{"@type":"SearchAction","target":{"@type":"EntryPoint","urlTemplate":"https:\/\/www.gaveanews.com\/?s={search_term_string}"},"query-input":{"@type":"PropertyValueSpecification","valueRequired":true,"valueName":"search_term_string"}}],"inLanguage":"pt-BR"},{"@type":"Person","@id":"https:\/\/www.gaveanews.com\/#\/schema\/person\/2ec14f73fb96be2caf28f91afb14749d","name":"Equipe G\u00e1vea News","image":{"@type":"ImageObject","inLanguage":"pt-BR","@id":"https:\/\/www.gaveanews.com\/#\/schema\/person\/image\/","url":"https:\/\/secure.gravatar.com\/avatar\/1e1956f1facbffd3f8fa53a326721950116b3b9dc9bd44939c01180fd4a745a9?s=96&d=mm&r=g","contentUrl":"https:\/\/secure.gravatar.com\/avatar\/1e1956f1facbffd3f8fa53a326721950116b3b9dc9bd44939c01180fd4a745a9?s=96&d=mm&r=g","caption":"Equipe G\u00e1vea News"}}]}},"_links":{"self":[{"href":"https:\/\/www.gaveanews.com\/index.php\/wp-json\/wp\/v2\/posts\/43943","targetHints":{"allow":["GET"]}}],"collection":[{"href":"https:\/\/www.gaveanews.com\/index.php\/wp-json\/wp\/v2\/posts"}],"about":[{"href":"https:\/\/www.gaveanews.com\/index.php\/wp-json\/wp\/v2\/types\/post"}],"author":[{"embeddable":true,"href":"https:\/\/www.gaveanews.com\/index.php\/wp-json\/wp\/v2\/users\/1"}],"replies":[{"embeddable":true,"href":"https:\/\/www.gaveanews.com\/index.php\/wp-json\/wp\/v2\/comments?post=43943"}],"version-history":[{"count":0,"href":"https:\/\/www.gaveanews.com\/index.php\/wp-json\/wp\/v2\/posts\/43943\/revisions"}],"wp:featuredmedia":[{"embeddable":true,"href":"https:\/\/www.gaveanews.com\/index.php\/wp-json\/wp\/v2\/media\/15077"}],"wp:attachment":[{"href":"https:\/\/www.gaveanews.com\/index.php\/wp-json\/wp\/v2\/media?parent=43943"}],"wp:term":[{"taxonomy":"category","embeddable":true,"href":"https:\/\/www.gaveanews.com\/index.php\/wp-json\/wp\/v2\/categories?post=43943"},{"taxonomy":"post_tag","embeddable":true,"href":"https:\/\/www.gaveanews.com\/index.php\/wp-json\/wp\/v2\/tags?post=43943"}],"curies":[{"name":"wp","href":"https:\/\/api.w.org\/{rel}","templated":true}]}}