{"id":43960,"date":"2020-07-20T13:25:48","date_gmt":"2020-07-20T16:25:48","guid":{"rendered":"https:\/\/www.gaveanews.com\/?p=43960"},"modified":"2020-07-20T13:32:31","modified_gmt":"2020-07-20T16:32:31","slug":"nome-de-carlos-carvalhal-ganha-forca-no-flamengo","status":"publish","type":"post","link":"https:\/\/www.gaveanews.com\/index.php\/2020\/07\/20\/nome-de-carlos-carvalhal-ganha-forca-no-flamengo\/","title":{"rendered":"Nome de Carlos Carvalhal ganha for\u00e7a no Flamengo"},"content":{"rendered":"\n<p>O nome de Carlos Carvalhal passou a ter mais for\u00e7a nos bastidores do Flamengo nas \u00faltimas horas. Analisado internamente desde a semana passada, o treinador portugu\u00eas do Rio Ave, segundo o portal &#8216;Goal&#8217; apurou, ganhou novas refer\u00eancias positivas de fontes na Europa e, consequentemente, tamb\u00e9m mais apoiadores dentro da diretoria do clube carioca.<\/p>\n\n\n\n<p>Na vis\u00e3o do Rubro-Negro, Carvalhal, das op\u00e7\u00f5es portuguesas cogitadas at\u00e9 agora, tem um bom perfil para assumir a equipe e assim dar sequ\u00eancia no trabalho de sucesso feito pelo compatriota Jorge Jesus, anunciado na sexta-feira pelo Benfica. Enxerga o jogo de forma mais ofensiva e nutre bom relacionamento com os jogadores no dia a dia.<\/p>\n\n\n\n<p>Neste momento, o treinador de 54 anos, cujo contrato est\u00e1 perto do fim, tenta garantir a classifica\u00e7\u00e3o do Rio Ave \u00e0 Liga Europa de 2020\/21 &#8211; restando apenas uma rodada para terminar a Liga Portuguesa, briga com o Famalic\u00e3o pela \u00faltima vaga na competi\u00e7\u00e3o europeia. Est\u00e1 em alta no pa\u00eds, visto que atingiu 52 pontos no torneio nacional, algo in\u00e9dito na hist\u00f3ria do modesto clube de Vila do Conde.<\/p>\n\n\n\n<div class=\"wp-block-image\"><figure class=\"aligncenter size-large\"><img decoding=\"async\" src=\"https:\/\/upload.wikimedia.org\/wikipedia\/commons\/6\/68\/Carvalhal.JPG\" alt=\"\"\/><figcaption>Carlos Carvalhal com o uniforme do Besiktas<\/figcaption><\/figure><\/div>\n\n\n\n<p>Com passagens por Sporting, Besiktas, Sheffield Wednesday e Swansea City, Carlos Carvalhal chegou a ser o favorito para assumir o Red Bull Bragantino no come\u00e7o do ano. Teve, inclusive, uma reuni\u00e3o presencial com dirigentes do clube de Bragan\u00e7a Paulista no Velho Continente. Na ocasi\u00e3o, no entanto, o Rio Ave vetou a sa\u00edda.<\/p>\n\n\n\n<p>Al\u00e9m de Carvalhal, mais dois portugueses est\u00e3o na mira do Flamengo: Leonardo Jardim, ex-Monaco, e Marco Silva, ex-Hull City, Watford e Everton. Ambos, para j\u00e1, preferem a perman\u00eancia na Europa, mas est\u00e3o dispostos a ouvir pessoalmente o projeto rubro-negro.<\/p>\n\n\n\n<p>Priorizando a contrata\u00e7\u00e3o de um treinador estrangeiro, preferencialmente um portugu\u00eas, o vice-presidente Marcos Braz pretende viajar \u00e0 Europa nesta semana. Com a ideia de passar por Portugal e Espanha, pretende escutar todos os nomes que est\u00e3o em pauta. Para isso, vai contar com a ajuda do advogado portugu\u00eas Bruno Macedo e do empres\u00e1rio brasileiro Lucca Bertolucci, filho de Giuliano Bertolucci, que, curiosamente, s\u00e3o respons\u00e1veis por gerenciar a carreira de Jorge Jesus.<\/p>\n\n\n\n<p>Retirado de: Goal<\/p>\n","protected":false},"excerpt":{"rendered":"<p>O nome de Carlos Carvalhal passou a ter mais for\u00e7a nos bastidores do Flamengo nas \u00faltimas horas. Analisado internamente desde a semana passada, o treinador portugu\u00eas do Rio Ave, segundo o portal &#8216;Goal&#8217; apurou, ganhou novas refer\u00eancias positivas de fontes na Europa e, consequentemente, tamb\u00e9m mais apoiadores dentro da diretoria do clube carioca. Na vis\u00e3o [&hellip;]<\/p>\n","protected":false},"author":1,"featured_media":15077,"comment_status":"open","ping_status":"closed","sticky":false,"template":"","format":"standard","meta":{"footnotes":""},"categories":[47],"tags":[],"class_list":["post-43960","post","type-post","status-publish","format-standard","has-post-thumbnail","hentry","category-destaques"],"yoast_head":"<!-- This site is optimized with the Yoast SEO Premium plugin v24.2 (Yoast SEO v26.9) - https:\/\/yoast.com\/product\/yoast-seo-premium-wordpress\/ -->\n<title>Nome de Carlos Carvalhal ganha for\u00e7a no Flamengo<\/title>\n<meta name=\"description\" content=\"Analisado internamente desde a semana passada, o treinador portugu\u00eas ganhou novas refer\u00eancias positivas de fontes oriundas da Europa.\" \/>\n<meta name=\"robots\" content=\"index, follow, max-snippet:-1, max-image-preview:large, max-video-preview:-1\" \/>\n<link rel=\"canonical\" href=\"https:\/\/www.gaveanews.com\/index.php\/2020\/07\/20\/nome-de-carlos-carvalhal-ganha-forca-no-flamengo\/\" \/>\n<meta property=\"og:locale\" content=\"pt_BR\" \/>\n<meta property=\"og:type\" content=\"article\" \/>\n<meta property=\"og:title\" content=\"Nome de Carlos Carvalhal ganha for\u00e7a no Flamengo\" \/>\n<meta property=\"og:description\" content=\"Analisado internamente desde a semana passada, o treinador portugu\u00eas ganhou novas refer\u00eancias positivas de fontes oriundas da Europa.\" \/>\n<meta property=\"og:url\" content=\"https:\/\/www.gaveanews.com\/index.php\/2020\/07\/20\/nome-de-carlos-carvalhal-ganha-forca-no-flamengo\/\" \/>\n<meta property=\"og:site_name\" content=\"G\u00e1vea News\" \/>\n<meta property=\"article:publisher\" content=\"https:\/\/facebook.com\/gaveaNews\/\" \/>\n<meta property=\"article:published_time\" content=\"2020-07-20T16:25:48+00:00\" \/>\n<meta property=\"article:modified_time\" content=\"2020-07-20T16:32:31+00:00\" \/>\n<meta property=\"og:image\" content=\"https:\/\/www.gaveanews.com\/wp-content\/uploads\/2019\/03\/Rodolfo-Landim-durante-entrevista-coletiva-na-Gavea.webp\" \/>\n\t<meta property=\"og:image:width\" content=\"1\" \/>\n\t<meta property=\"og:image:height\" content=\"1\" \/>\n\t<meta property=\"og:image:type\" content=\"image\/jpeg\" \/>\n<meta name=\"author\" content=\"Equipe G\u00e1vea News\" \/>\n<meta name=\"twitter:card\" content=\"summary_large_image\" \/>\n<meta name=\"twitter:label1\" content=\"Escrito por\" \/>\n\t<meta name=\"twitter:data1\" content=\"Equipe G\u00e1vea News\" \/>\n\t<meta name=\"twitter:label2\" content=\"Est. tempo de leitura\" \/>\n\t<meta name=\"twitter:data2\" content=\"2 minutos\" \/>\n<script type=\"application\/ld+json\" class=\"yoast-schema-graph\">{\"@context\":\"https:\/\/schema.org\",\"@graph\":[{\"@type\":\"NewsArticle\",\"@id\":\"https:\/\/www.gaveanews.com\/index.php\/2020\/07\/20\/nome-de-carlos-carvalhal-ganha-forca-no-flamengo\/#article\",\"isPartOf\":{\"@id\":\"https:\/\/www.gaveanews.com\/index.php\/2020\/07\/20\/nome-de-carlos-carvalhal-ganha-forca-no-flamengo\/\"},\"author\":{\"name\":\"Equipe G\u00e1vea News\",\"@id\":\"https:\/\/www.gaveanews.com\/#\/schema\/person\/2ec14f73fb96be2caf28f91afb14749d\"},\"headline\":\"Nome de Carlos Carvalhal ganha for\u00e7a no Flamengo\",\"datePublished\":\"2020-07-20T16:25:48+00:00\",\"dateModified\":\"2020-07-20T16:32:31+00:00\",\"mainEntityOfPage\":{\"@id\":\"https:\/\/www.gaveanews.com\/index.php\/2020\/07\/20\/nome-de-carlos-carvalhal-ganha-forca-no-flamengo\/\"},\"wordCount\":382,\"commentCount\":20,\"image\":{\"@id\":\"https:\/\/www.gaveanews.com\/index.php\/2020\/07\/20\/nome-de-carlos-carvalhal-ganha-forca-no-flamengo\/#primaryimage\"},\"thumbnailUrl\":\"https:\/\/www.gaveanews.com\/wp-content\/uploads\/2019\/03\/Rodolfo-Landim-durante-entrevista-coletiva-na-Gavea.webp\",\"articleSection\":[\"Destaques\"],\"inLanguage\":\"pt-BR\",\"potentialAction\":[{\"@type\":\"CommentAction\",\"name\":\"Comment\",\"target\":[\"https:\/\/www.gaveanews.com\/index.php\/2020\/07\/20\/nome-de-carlos-carvalhal-ganha-forca-no-flamengo\/#respond\"]}],\"copyrightYear\":\"2020\",\"copyrightHolder\":{\"@id\":\"https:\/\/www.gaveanews.com\/#organization\"}},{\"@type\":\"WebPage\",\"@id\":\"https:\/\/www.gaveanews.com\/index.php\/2020\/07\/20\/nome-de-carlos-carvalhal-ganha-forca-no-flamengo\/\",\"url\":\"https:\/\/www.gaveanews.com\/index.php\/2020\/07\/20\/nome-de-carlos-carvalhal-ganha-forca-no-flamengo\/\",\"name\":\"Nome de Carlos Carvalhal ganha for\u00e7a no Flamengo\",\"isPartOf\":{\"@id\":\"https:\/\/www.gaveanews.com\/#website\"},\"primaryImageOfPage\":{\"@id\":\"https:\/\/www.gaveanews.com\/index.php\/2020\/07\/20\/nome-de-carlos-carvalhal-ganha-forca-no-flamengo\/#primaryimage\"},\"image\":{\"@id\":\"https:\/\/www.gaveanews.com\/index.php\/2020\/07\/20\/nome-de-carlos-carvalhal-ganha-forca-no-flamengo\/#primaryimage\"},\"thumbnailUrl\":\"https:\/\/www.gaveanews.com\/wp-content\/uploads\/2019\/03\/Rodolfo-Landim-durante-entrevista-coletiva-na-Gavea.webp\",\"datePublished\":\"2020-07-20T16:25:48+00:00\",\"dateModified\":\"2020-07-20T16:32:31+00:00\",\"author\":{\"@id\":\"https:\/\/www.gaveanews.com\/#\/schema\/person\/2ec14f73fb96be2caf28f91afb14749d\"},\"description\":\"Analisado internamente desde a semana passada, o treinador portugu\u00eas ganhou novas refer\u00eancias positivas de fontes oriundas da Europa.\",\"breadcrumb\":{\"@id\":\"https:\/\/www.gaveanews.com\/index.php\/2020\/07\/20\/nome-de-carlos-carvalhal-ganha-forca-no-flamengo\/#breadcrumb\"},\"inLanguage\":\"pt-BR\",\"potentialAction\":[{\"@type\":\"ReadAction\",\"target\":[\"https:\/\/www.gaveanews.com\/index.php\/2020\/07\/20\/nome-de-carlos-carvalhal-ganha-forca-no-flamengo\/\"]}]},{\"@type\":\"ImageObject\",\"inLanguage\":\"pt-BR\",\"@id\":\"https:\/\/www.gaveanews.com\/index.php\/2020\/07\/20\/nome-de-carlos-carvalhal-ganha-forca-no-flamengo\/#primaryimage\",\"url\":\"https:\/\/www.gaveanews.com\/wp-content\/uploads\/2019\/03\/Rodolfo-Landim-durante-entrevista-coletiva-na-Gavea.webp\",\"contentUrl\":\"https:\/\/www.gaveanews.com\/wp-content\/uploads\/2019\/03\/Rodolfo-Landim-durante-entrevista-coletiva-na-Gavea.webp\",\"width\":900,\"height\":599,\"caption\":\"Rodolfo Landim durante entrevista coletiva na G\u00e1vea (Foto: Ag\u00eancia Foto BR)\"},{\"@type\":\"BreadcrumbList\",\"@id\":\"https:\/\/www.gaveanews.com\/index.php\/2020\/07\/20\/nome-de-carlos-carvalhal-ganha-forca-no-flamengo\/#breadcrumb\",\"itemListElement\":[{\"@type\":\"ListItem\",\"position\":1,\"name\":\"Home\",\"item\":\"https:\/\/www.gaveanews.com\/\"},{\"@type\":\"ListItem\",\"position\":2,\"name\":\"Nome de Carlos Carvalhal ganha for\u00e7a no Flamengo\"}]},{\"@type\":\"WebSite\",\"@id\":\"https:\/\/www.gaveanews.com\/#website\",\"url\":\"https:\/\/www.gaveanews.com\/\",\"name\":\"G\u00e1vea News\",\"description\":\"Veja todas as not\u00edcias sobre o Flamengo: Contrata\u00e7\u00f5es, categorias de base, resultados das partidas, tabela de classifica\u00e7\u00e3o, pr\u00f3ximos jogos!\",\"potentialAction\":[{\"@type\":\"SearchAction\",\"target\":{\"@type\":\"EntryPoint\",\"urlTemplate\":\"https:\/\/www.gaveanews.com\/?s={search_term_string}\"},\"query-input\":{\"@type\":\"PropertyValueSpecification\",\"valueRequired\":true,\"valueName\":\"search_term_string\"}}],\"inLanguage\":\"pt-BR\"},{\"@type\":\"Person\",\"@id\":\"https:\/\/www.gaveanews.com\/#\/schema\/person\/2ec14f73fb96be2caf28f91afb14749d\",\"name\":\"Equipe G\u00e1vea News\",\"image\":{\"@type\":\"ImageObject\",\"inLanguage\":\"pt-BR\",\"@id\":\"https:\/\/www.gaveanews.com\/#\/schema\/person\/image\/\",\"url\":\"https:\/\/secure.gravatar.com\/avatar\/1e1956f1facbffd3f8fa53a326721950116b3b9dc9bd44939c01180fd4a745a9?s=96&d=mm&r=g\",\"contentUrl\":\"https:\/\/secure.gravatar.com\/avatar\/1e1956f1facbffd3f8fa53a326721950116b3b9dc9bd44939c01180fd4a745a9?s=96&d=mm&r=g\",\"caption\":\"Equipe G\u00e1vea News\"}}]}<\/script>\n<!-- \/ Yoast SEO Premium plugin. -->","yoast_head_json":{"title":"Nome de Carlos Carvalhal ganha for\u00e7a no Flamengo","description":"Analisado internamente desde a semana passada, o treinador portugu\u00eas ganhou novas refer\u00eancias positivas de fontes oriundas da Europa.","robots":{"index":"index","follow":"follow","max-snippet":"max-snippet:-1","max-image-preview":"max-image-preview:large","max-video-preview":"max-video-preview:-1"},"canonical":"https:\/\/www.gaveanews.com\/index.php\/2020\/07\/20\/nome-de-carlos-carvalhal-ganha-forca-no-flamengo\/","og_locale":"pt_BR","og_type":"article","og_title":"Nome de Carlos Carvalhal ganha for\u00e7a no Flamengo","og_description":"Analisado internamente desde a semana passada, o treinador portugu\u00eas ganhou novas refer\u00eancias positivas de fontes oriundas da Europa.","og_url":"https:\/\/www.gaveanews.com\/index.php\/2020\/07\/20\/nome-de-carlos-carvalhal-ganha-forca-no-flamengo\/","og_site_name":"G\u00e1vea News","article_publisher":"https:\/\/facebook.com\/gaveaNews\/","article_published_time":"2020-07-20T16:25:48+00:00","article_modified_time":"2020-07-20T16:32:31+00:00","og_image":[{"url":"https:\/\/www.gaveanews.com\/wp-content\/uploads\/2019\/03\/Rodolfo-Landim-durante-entrevista-coletiva-na-Gavea.webp","width":1,"height":1,"type":"image\/jpeg"}],"author":"Equipe G\u00e1vea News","twitter_card":"summary_large_image","twitter_misc":{"Escrito por":"Equipe G\u00e1vea News","Est. tempo de leitura":"2 minutos"},"schema":{"@context":"https:\/\/schema.org","@graph":[{"@type":"NewsArticle","@id":"https:\/\/www.gaveanews.com\/index.php\/2020\/07\/20\/nome-de-carlos-carvalhal-ganha-forca-no-flamengo\/#article","isPartOf":{"@id":"https:\/\/www.gaveanews.com\/index.php\/2020\/07\/20\/nome-de-carlos-carvalhal-ganha-forca-no-flamengo\/"},"author":{"name":"Equipe G\u00e1vea News","@id":"https:\/\/www.gaveanews.com\/#\/schema\/person\/2ec14f73fb96be2caf28f91afb14749d"},"headline":"Nome de Carlos Carvalhal ganha for\u00e7a no Flamengo","datePublished":"2020-07-20T16:25:48+00:00","dateModified":"2020-07-20T16:32:31+00:00","mainEntityOfPage":{"@id":"https:\/\/www.gaveanews.com\/index.php\/2020\/07\/20\/nome-de-carlos-carvalhal-ganha-forca-no-flamengo\/"},"wordCount":382,"commentCount":20,"image":{"@id":"https:\/\/www.gaveanews.com\/index.php\/2020\/07\/20\/nome-de-carlos-carvalhal-ganha-forca-no-flamengo\/#primaryimage"},"thumbnailUrl":"https:\/\/www.gaveanews.com\/wp-content\/uploads\/2019\/03\/Rodolfo-Landim-durante-entrevista-coletiva-na-Gavea.webp","articleSection":["Destaques"],"inLanguage":"pt-BR","potentialAction":[{"@type":"CommentAction","name":"Comment","target":["https:\/\/www.gaveanews.com\/index.php\/2020\/07\/20\/nome-de-carlos-carvalhal-ganha-forca-no-flamengo\/#respond"]}],"copyrightYear":"2020","copyrightHolder":{"@id":"https:\/\/www.gaveanews.com\/#organization"}},{"@type":"WebPage","@id":"https:\/\/www.gaveanews.com\/index.php\/2020\/07\/20\/nome-de-carlos-carvalhal-ganha-forca-no-flamengo\/","url":"https:\/\/www.gaveanews.com\/index.php\/2020\/07\/20\/nome-de-carlos-carvalhal-ganha-forca-no-flamengo\/","name":"Nome de Carlos Carvalhal ganha for\u00e7a no Flamengo","isPartOf":{"@id":"https:\/\/www.gaveanews.com\/#website"},"primaryImageOfPage":{"@id":"https:\/\/www.gaveanews.com\/index.php\/2020\/07\/20\/nome-de-carlos-carvalhal-ganha-forca-no-flamengo\/#primaryimage"},"image":{"@id":"https:\/\/www.gaveanews.com\/index.php\/2020\/07\/20\/nome-de-carlos-carvalhal-ganha-forca-no-flamengo\/#primaryimage"},"thumbnailUrl":"https:\/\/www.gaveanews.com\/wp-content\/uploads\/2019\/03\/Rodolfo-Landim-durante-entrevista-coletiva-na-Gavea.webp","datePublished":"2020-07-20T16:25:48+00:00","dateModified":"2020-07-20T16:32:31+00:00","author":{"@id":"https:\/\/www.gaveanews.com\/#\/schema\/person\/2ec14f73fb96be2caf28f91afb14749d"},"description":"Analisado internamente desde a semana passada, o treinador portugu\u00eas ganhou novas refer\u00eancias positivas de fontes oriundas da Europa.","breadcrumb":{"@id":"https:\/\/www.gaveanews.com\/index.php\/2020\/07\/20\/nome-de-carlos-carvalhal-ganha-forca-no-flamengo\/#breadcrumb"},"inLanguage":"pt-BR","potentialAction":[{"@type":"ReadAction","target":["https:\/\/www.gaveanews.com\/index.php\/2020\/07\/20\/nome-de-carlos-carvalhal-ganha-forca-no-flamengo\/"]}]},{"@type":"ImageObject","inLanguage":"pt-BR","@id":"https:\/\/www.gaveanews.com\/index.php\/2020\/07\/20\/nome-de-carlos-carvalhal-ganha-forca-no-flamengo\/#primaryimage","url":"https:\/\/www.gaveanews.com\/wp-content\/uploads\/2019\/03\/Rodolfo-Landim-durante-entrevista-coletiva-na-Gavea.webp","contentUrl":"https:\/\/www.gaveanews.com\/wp-content\/uploads\/2019\/03\/Rodolfo-Landim-durante-entrevista-coletiva-na-Gavea.webp","width":900,"height":599,"caption":"Rodolfo Landim durante entrevista coletiva na G\u00e1vea (Foto: Ag\u00eancia Foto BR)"},{"@type":"BreadcrumbList","@id":"https:\/\/www.gaveanews.com\/index.php\/2020\/07\/20\/nome-de-carlos-carvalhal-ganha-forca-no-flamengo\/#breadcrumb","itemListElement":[{"@type":"ListItem","position":1,"name":"Home","item":"https:\/\/www.gaveanews.com\/"},{"@type":"ListItem","position":2,"name":"Nome de Carlos Carvalhal ganha for\u00e7a no Flamengo"}]},{"@type":"WebSite","@id":"https:\/\/www.gaveanews.com\/#website","url":"https:\/\/www.gaveanews.com\/","name":"G\u00e1vea News","description":"Veja todas as not\u00edcias sobre o Flamengo: Contrata\u00e7\u00f5es, categorias de base, resultados das partidas, tabela de classifica\u00e7\u00e3o, pr\u00f3ximos jogos!","potentialAction":[{"@type":"SearchAction","target":{"@type":"EntryPoint","urlTemplate":"https:\/\/www.gaveanews.com\/?s={search_term_string}"},"query-input":{"@type":"PropertyValueSpecification","valueRequired":true,"valueName":"search_term_string"}}],"inLanguage":"pt-BR"},{"@type":"Person","@id":"https:\/\/www.gaveanews.com\/#\/schema\/person\/2ec14f73fb96be2caf28f91afb14749d","name":"Equipe G\u00e1vea News","image":{"@type":"ImageObject","inLanguage":"pt-BR","@id":"https:\/\/www.gaveanews.com\/#\/schema\/person\/image\/","url":"https:\/\/secure.gravatar.com\/avatar\/1e1956f1facbffd3f8fa53a326721950116b3b9dc9bd44939c01180fd4a745a9?s=96&d=mm&r=g","contentUrl":"https:\/\/secure.gravatar.com\/avatar\/1e1956f1facbffd3f8fa53a326721950116b3b9dc9bd44939c01180fd4a745a9?s=96&d=mm&r=g","caption":"Equipe G\u00e1vea News"}}]}},"_links":{"self":[{"href":"https:\/\/www.gaveanews.com\/index.php\/wp-json\/wp\/v2\/posts\/43960","targetHints":{"allow":["GET"]}}],"collection":[{"href":"https:\/\/www.gaveanews.com\/index.php\/wp-json\/wp\/v2\/posts"}],"about":[{"href":"https:\/\/www.gaveanews.com\/index.php\/wp-json\/wp\/v2\/types\/post"}],"author":[{"embeddable":true,"href":"https:\/\/www.gaveanews.com\/index.php\/wp-json\/wp\/v2\/users\/1"}],"replies":[{"embeddable":true,"href":"https:\/\/www.gaveanews.com\/index.php\/wp-json\/wp\/v2\/comments?post=43960"}],"version-history":[{"count":0,"href":"https:\/\/www.gaveanews.com\/index.php\/wp-json\/wp\/v2\/posts\/43960\/revisions"}],"wp:featuredmedia":[{"embeddable":true,"href":"https:\/\/www.gaveanews.com\/index.php\/wp-json\/wp\/v2\/media\/15077"}],"wp:attachment":[{"href":"https:\/\/www.gaveanews.com\/index.php\/wp-json\/wp\/v2\/media?parent=43960"}],"wp:term":[{"taxonomy":"category","embeddable":true,"href":"https:\/\/www.gaveanews.com\/index.php\/wp-json\/wp\/v2\/categories?post=43960"},{"taxonomy":"post_tag","embeddable":true,"href":"https:\/\/www.gaveanews.com\/index.php\/wp-json\/wp\/v2\/tags?post=43960"}],"curies":[{"name":"wp","href":"https:\/\/api.w.org\/{rel}","templated":true}]}}