{"id":43962,"date":"2020-07-20T13:39:46","date_gmt":"2020-07-20T16:39:46","guid":{"rendered":"https:\/\/www.gaveanews.com\/?p=43962"},"modified":"2020-07-20T13:39:48","modified_gmt":"2020-07-20T16:39:48","slug":"flamengo-abre-conversas-com-tecnico-espanhol-afirma-jornalista","status":"publish","type":"post","link":"https:\/\/www.gaveanews.com\/index.php\/2020\/07\/20\/flamengo-abre-conversas-com-tecnico-espanhol-afirma-jornalista\/","title":{"rendered":"Flamengo abre conversas com t\u00e9cnico espanhol, afirma jornalista"},"content":{"rendered":"\n<p>O Flamengo segue vasculhando o mercado de treinadores para definir o substituto de Jorge Jesus, que deixou o clube de forma oficial na \u00faltima sexta-feira (17 de julho). O Rubro-Negro definiu, atrav\u00e9s da diretoria de futebol, que quer manter o padr\u00e3o dado pelo Mister ao time flamenguista e busca um t\u00e9cnico estrangeiro.<\/p>\n\n\n\n<p>Alguns nomes portugueses foram especulados no Flamengo, como, por exemplo, Leonardo Jardim, que levou o Monaco at\u00e9 uma semifinal de Champions League. Mas o profissional gostaria de permanecer na Europa e o seu nome teria perdido for\u00e7a. Dessa forma, um espanhol pode estar no radar.<\/p>\n\n\n\n<p>Segundo a informa\u00e7\u00e3o do jornalista Nicol\u00f2 Schira, o clube carioca j\u00e1 teria aberto conversas com o t\u00e9cnico Rafa Ben\u00edtez, de 60 anos. Atualmente trabalhando no futebol chin\u00eas, no Dailan Yifang, o profissional fez hist\u00f3ria no Liverpool, onde trabalhou por seis temporadas e conquistou uma Liga dos Campe\u00f5es.<\/p>\n\n\n\n<figure class=\"wp-block-image size-large\"><img decoding=\"async\" src=\"https:\/\/1.bp.blogspot.com\/-EpejUly44LY\/XxXGbPgqvyI\/AAAAAAAAdFw\/TrpVkCQqz-sjsAnuGsplF8IntP57cI83gCLcBGAsYHQ\/s1600\/BENITEZ-FLAMENGO.PNG\" alt=\"\"\/><\/figure>\n\n\n\n<p>Ainda no Velho Continente, Rafa Ben\u00edtez comandou clubes como Internazionale de Mil\u00e3o, Chelsea, Real Madrid e Napoli. Schira ainda afirma que o espanhol \u00e9 visto como &#8220;o nome dos sonhos&#8221; pelo Flamengo para substituir o t\u00e9cnico Jorge Jesus. Outro espanhol especulado, Miguel \u00c1ngel Ram\u00edrez, t\u00e9cnico do Del Valle, do Equador, pode acabar assumindo a sele\u00e7\u00e3o do pa\u00eds vizinho.<\/p>\n\n\n\n<p>O Flamengo afirma &#8220;n\u00e3o ter pressa&#8221; para definir o nome do novo treinador, mas a inten\u00e7\u00e3o da diretoria \u00e9 ter o sucessor de Jorge Jesus no Ninho do Urubu antes da estreia no Campeonato Brasileiro, marcada para o dia 9 de agosto, no Maracan\u00e3, contra o Atl\u00e9tico-MG.<\/p>\n\n\n\n<p>Retirado de: Bola Vip<\/p>\n","protected":false},"excerpt":{"rendered":"<p>O Flamengo segue vasculhando o mercado de treinadores para definir o substituto de Jorge Jesus, que deixou o clube de forma oficial na \u00faltima sexta-feira (17 de julho). O Rubro-Negro definiu, atrav\u00e9s da diretoria de futebol, que quer manter o padr\u00e3o dado pelo Mister ao time flamenguista e busca um t\u00e9cnico estrangeiro. Alguns nomes portugueses [&hellip;]<\/p>\n","protected":false},"author":1,"featured_media":15077,"comment_status":"open","ping_status":"closed","sticky":false,"template":"","format":"standard","meta":{"footnotes":""},"categories":[47],"tags":[],"class_list":["post-43962","post","type-post","status-publish","format-standard","has-post-thumbnail","hentry","category-destaques"],"yoast_head":"<!-- This site is optimized with the Yoast SEO Premium plugin v24.2 (Yoast SEO v26.9) - https:\/\/yoast.com\/product\/yoast-seo-premium-wordpress\/ -->\n<title>Flamengo abre conversas com t\u00e9cnico espanhol, afirma jornalista<\/title>\n<meta name=\"description\" content=\"Flamengo segue vasculhando o mercado de treinadores para definir o substituto de Jorge Jesus, que deixou o clube de forma oficial na \u00faltima sexta-feira.\" \/>\n<meta name=\"robots\" content=\"index, follow, max-snippet:-1, max-image-preview:large, max-video-preview:-1\" \/>\n<link rel=\"canonical\" href=\"https:\/\/www.gaveanews.com\/index.php\/2020\/07\/20\/flamengo-abre-conversas-com-tecnico-espanhol-afirma-jornalista\/\" \/>\n<meta property=\"og:locale\" content=\"pt_BR\" \/>\n<meta property=\"og:type\" content=\"article\" \/>\n<meta property=\"og:title\" content=\"Flamengo abre conversas com t\u00e9cnico espanhol, afirma jornalista\" \/>\n<meta property=\"og:description\" content=\"Flamengo segue vasculhando o mercado de treinadores para definir o substituto de Jorge Jesus, que deixou o clube de forma oficial na \u00faltima sexta-feira.\" \/>\n<meta property=\"og:url\" content=\"https:\/\/www.gaveanews.com\/index.php\/2020\/07\/20\/flamengo-abre-conversas-com-tecnico-espanhol-afirma-jornalista\/\" \/>\n<meta property=\"og:site_name\" content=\"G\u00e1vea News\" \/>\n<meta property=\"article:publisher\" content=\"https:\/\/facebook.com\/gaveaNews\/\" \/>\n<meta property=\"article:published_time\" content=\"2020-07-20T16:39:46+00:00\" \/>\n<meta property=\"article:modified_time\" content=\"2020-07-20T16:39:48+00:00\" \/>\n<meta property=\"og:image\" content=\"https:\/\/www.gaveanews.com\/wp-content\/uploads\/2019\/03\/Rodolfo-Landim-durante-entrevista-coletiva-na-Gavea.webp\" \/>\n\t<meta property=\"og:image:width\" content=\"1\" \/>\n\t<meta property=\"og:image:height\" content=\"1\" \/>\n\t<meta property=\"og:image:type\" content=\"image\/jpeg\" \/>\n<meta name=\"author\" content=\"Equipe G\u00e1vea News\" \/>\n<meta name=\"twitter:card\" content=\"summary_large_image\" \/>\n<meta name=\"twitter:label1\" content=\"Escrito por\" \/>\n\t<meta name=\"twitter:data1\" content=\"Equipe G\u00e1vea News\" \/>\n\t<meta name=\"twitter:label2\" content=\"Est. tempo de leitura\" \/>\n\t<meta name=\"twitter:data2\" content=\"1 minuto\" \/>\n<script type=\"application\/ld+json\" class=\"yoast-schema-graph\">{\"@context\":\"https:\/\/schema.org\",\"@graph\":[{\"@type\":\"NewsArticle\",\"@id\":\"https:\/\/www.gaveanews.com\/index.php\/2020\/07\/20\/flamengo-abre-conversas-com-tecnico-espanhol-afirma-jornalista\/#article\",\"isPartOf\":{\"@id\":\"https:\/\/www.gaveanews.com\/index.php\/2020\/07\/20\/flamengo-abre-conversas-com-tecnico-espanhol-afirma-jornalista\/\"},\"author\":{\"name\":\"Equipe G\u00e1vea News\",\"@id\":\"https:\/\/www.gaveanews.com\/#\/schema\/person\/2ec14f73fb96be2caf28f91afb14749d\"},\"headline\":\"Flamengo abre conversas com t\u00e9cnico espanhol, afirma jornalista\",\"datePublished\":\"2020-07-20T16:39:46+00:00\",\"dateModified\":\"2020-07-20T16:39:48+00:00\",\"mainEntityOfPage\":{\"@id\":\"https:\/\/www.gaveanews.com\/index.php\/2020\/07\/20\/flamengo-abre-conversas-com-tecnico-espanhol-afirma-jornalista\/\"},\"wordCount\":277,\"commentCount\":23,\"image\":{\"@id\":\"https:\/\/www.gaveanews.com\/index.php\/2020\/07\/20\/flamengo-abre-conversas-com-tecnico-espanhol-afirma-jornalista\/#primaryimage\"},\"thumbnailUrl\":\"https:\/\/www.gaveanews.com\/wp-content\/uploads\/2019\/03\/Rodolfo-Landim-durante-entrevista-coletiva-na-Gavea.webp\",\"articleSection\":[\"Destaques\"],\"inLanguage\":\"pt-BR\",\"potentialAction\":[{\"@type\":\"CommentAction\",\"name\":\"Comment\",\"target\":[\"https:\/\/www.gaveanews.com\/index.php\/2020\/07\/20\/flamengo-abre-conversas-com-tecnico-espanhol-afirma-jornalista\/#respond\"]}],\"copyrightYear\":\"2020\",\"copyrightHolder\":{\"@id\":\"https:\/\/www.gaveanews.com\/#organization\"}},{\"@type\":\"WebPage\",\"@id\":\"https:\/\/www.gaveanews.com\/index.php\/2020\/07\/20\/flamengo-abre-conversas-com-tecnico-espanhol-afirma-jornalista\/\",\"url\":\"https:\/\/www.gaveanews.com\/index.php\/2020\/07\/20\/flamengo-abre-conversas-com-tecnico-espanhol-afirma-jornalista\/\",\"name\":\"Flamengo abre conversas com t\u00e9cnico espanhol, afirma jornalista\",\"isPartOf\":{\"@id\":\"https:\/\/www.gaveanews.com\/#website\"},\"primaryImageOfPage\":{\"@id\":\"https:\/\/www.gaveanews.com\/index.php\/2020\/07\/20\/flamengo-abre-conversas-com-tecnico-espanhol-afirma-jornalista\/#primaryimage\"},\"image\":{\"@id\":\"https:\/\/www.gaveanews.com\/index.php\/2020\/07\/20\/flamengo-abre-conversas-com-tecnico-espanhol-afirma-jornalista\/#primaryimage\"},\"thumbnailUrl\":\"https:\/\/www.gaveanews.com\/wp-content\/uploads\/2019\/03\/Rodolfo-Landim-durante-entrevista-coletiva-na-Gavea.webp\",\"datePublished\":\"2020-07-20T16:39:46+00:00\",\"dateModified\":\"2020-07-20T16:39:48+00:00\",\"author\":{\"@id\":\"https:\/\/www.gaveanews.com\/#\/schema\/person\/2ec14f73fb96be2caf28f91afb14749d\"},\"description\":\"Flamengo segue vasculhando o mercado de treinadores para definir o substituto de Jorge Jesus, que deixou o clube de forma oficial na \u00faltima sexta-feira.\",\"breadcrumb\":{\"@id\":\"https:\/\/www.gaveanews.com\/index.php\/2020\/07\/20\/flamengo-abre-conversas-com-tecnico-espanhol-afirma-jornalista\/#breadcrumb\"},\"inLanguage\":\"pt-BR\",\"potentialAction\":[{\"@type\":\"ReadAction\",\"target\":[\"https:\/\/www.gaveanews.com\/index.php\/2020\/07\/20\/flamengo-abre-conversas-com-tecnico-espanhol-afirma-jornalista\/\"]}]},{\"@type\":\"ImageObject\",\"inLanguage\":\"pt-BR\",\"@id\":\"https:\/\/www.gaveanews.com\/index.php\/2020\/07\/20\/flamengo-abre-conversas-com-tecnico-espanhol-afirma-jornalista\/#primaryimage\",\"url\":\"https:\/\/www.gaveanews.com\/wp-content\/uploads\/2019\/03\/Rodolfo-Landim-durante-entrevista-coletiva-na-Gavea.webp\",\"contentUrl\":\"https:\/\/www.gaveanews.com\/wp-content\/uploads\/2019\/03\/Rodolfo-Landim-durante-entrevista-coletiva-na-Gavea.webp\",\"width\":900,\"height\":599,\"caption\":\"Rodolfo Landim durante entrevista coletiva na G\u00e1vea (Foto: Ag\u00eancia Foto BR)\"},{\"@type\":\"BreadcrumbList\",\"@id\":\"https:\/\/www.gaveanews.com\/index.php\/2020\/07\/20\/flamengo-abre-conversas-com-tecnico-espanhol-afirma-jornalista\/#breadcrumb\",\"itemListElement\":[{\"@type\":\"ListItem\",\"position\":1,\"name\":\"Home\",\"item\":\"https:\/\/www.gaveanews.com\/\"},{\"@type\":\"ListItem\",\"position\":2,\"name\":\"Flamengo abre conversas com t\u00e9cnico espanhol, afirma jornalista\"}]},{\"@type\":\"WebSite\",\"@id\":\"https:\/\/www.gaveanews.com\/#website\",\"url\":\"https:\/\/www.gaveanews.com\/\",\"name\":\"G\u00e1vea News\",\"description\":\"Veja todas as not\u00edcias sobre o Flamengo: Contrata\u00e7\u00f5es, categorias de base, resultados das partidas, tabela de classifica\u00e7\u00e3o, pr\u00f3ximos jogos!\",\"potentialAction\":[{\"@type\":\"SearchAction\",\"target\":{\"@type\":\"EntryPoint\",\"urlTemplate\":\"https:\/\/www.gaveanews.com\/?s={search_term_string}\"},\"query-input\":{\"@type\":\"PropertyValueSpecification\",\"valueRequired\":true,\"valueName\":\"search_term_string\"}}],\"inLanguage\":\"pt-BR\"},{\"@type\":\"Person\",\"@id\":\"https:\/\/www.gaveanews.com\/#\/schema\/person\/2ec14f73fb96be2caf28f91afb14749d\",\"name\":\"Equipe G\u00e1vea News\",\"image\":{\"@type\":\"ImageObject\",\"inLanguage\":\"pt-BR\",\"@id\":\"https:\/\/www.gaveanews.com\/#\/schema\/person\/image\/\",\"url\":\"https:\/\/secure.gravatar.com\/avatar\/1e1956f1facbffd3f8fa53a326721950116b3b9dc9bd44939c01180fd4a745a9?s=96&d=mm&r=g\",\"contentUrl\":\"https:\/\/secure.gravatar.com\/avatar\/1e1956f1facbffd3f8fa53a326721950116b3b9dc9bd44939c01180fd4a745a9?s=96&d=mm&r=g\",\"caption\":\"Equipe G\u00e1vea News\"}}]}<\/script>\n<!-- \/ Yoast SEO Premium plugin. -->","yoast_head_json":{"title":"Flamengo abre conversas com t\u00e9cnico espanhol, afirma jornalista","description":"Flamengo segue vasculhando o mercado de treinadores para definir o substituto de Jorge Jesus, que deixou o clube de forma oficial na \u00faltima sexta-feira.","robots":{"index":"index","follow":"follow","max-snippet":"max-snippet:-1","max-image-preview":"max-image-preview:large","max-video-preview":"max-video-preview:-1"},"canonical":"https:\/\/www.gaveanews.com\/index.php\/2020\/07\/20\/flamengo-abre-conversas-com-tecnico-espanhol-afirma-jornalista\/","og_locale":"pt_BR","og_type":"article","og_title":"Flamengo abre conversas com t\u00e9cnico espanhol, afirma jornalista","og_description":"Flamengo segue vasculhando o mercado de treinadores para definir o substituto de Jorge Jesus, que deixou o clube de forma oficial na \u00faltima sexta-feira.","og_url":"https:\/\/www.gaveanews.com\/index.php\/2020\/07\/20\/flamengo-abre-conversas-com-tecnico-espanhol-afirma-jornalista\/","og_site_name":"G\u00e1vea News","article_publisher":"https:\/\/facebook.com\/gaveaNews\/","article_published_time":"2020-07-20T16:39:46+00:00","article_modified_time":"2020-07-20T16:39:48+00:00","og_image":[{"url":"https:\/\/www.gaveanews.com\/wp-content\/uploads\/2019\/03\/Rodolfo-Landim-durante-entrevista-coletiva-na-Gavea.webp","width":1,"height":1,"type":"image\/jpeg"}],"author":"Equipe G\u00e1vea News","twitter_card":"summary_large_image","twitter_misc":{"Escrito por":"Equipe G\u00e1vea News","Est. tempo de leitura":"1 minuto"},"schema":{"@context":"https:\/\/schema.org","@graph":[{"@type":"NewsArticle","@id":"https:\/\/www.gaveanews.com\/index.php\/2020\/07\/20\/flamengo-abre-conversas-com-tecnico-espanhol-afirma-jornalista\/#article","isPartOf":{"@id":"https:\/\/www.gaveanews.com\/index.php\/2020\/07\/20\/flamengo-abre-conversas-com-tecnico-espanhol-afirma-jornalista\/"},"author":{"name":"Equipe G\u00e1vea News","@id":"https:\/\/www.gaveanews.com\/#\/schema\/person\/2ec14f73fb96be2caf28f91afb14749d"},"headline":"Flamengo abre conversas com t\u00e9cnico espanhol, afirma jornalista","datePublished":"2020-07-20T16:39:46+00:00","dateModified":"2020-07-20T16:39:48+00:00","mainEntityOfPage":{"@id":"https:\/\/www.gaveanews.com\/index.php\/2020\/07\/20\/flamengo-abre-conversas-com-tecnico-espanhol-afirma-jornalista\/"},"wordCount":277,"commentCount":23,"image":{"@id":"https:\/\/www.gaveanews.com\/index.php\/2020\/07\/20\/flamengo-abre-conversas-com-tecnico-espanhol-afirma-jornalista\/#primaryimage"},"thumbnailUrl":"https:\/\/www.gaveanews.com\/wp-content\/uploads\/2019\/03\/Rodolfo-Landim-durante-entrevista-coletiva-na-Gavea.webp","articleSection":["Destaques"],"inLanguage":"pt-BR","potentialAction":[{"@type":"CommentAction","name":"Comment","target":["https:\/\/www.gaveanews.com\/index.php\/2020\/07\/20\/flamengo-abre-conversas-com-tecnico-espanhol-afirma-jornalista\/#respond"]}],"copyrightYear":"2020","copyrightHolder":{"@id":"https:\/\/www.gaveanews.com\/#organization"}},{"@type":"WebPage","@id":"https:\/\/www.gaveanews.com\/index.php\/2020\/07\/20\/flamengo-abre-conversas-com-tecnico-espanhol-afirma-jornalista\/","url":"https:\/\/www.gaveanews.com\/index.php\/2020\/07\/20\/flamengo-abre-conversas-com-tecnico-espanhol-afirma-jornalista\/","name":"Flamengo abre conversas com t\u00e9cnico espanhol, afirma jornalista","isPartOf":{"@id":"https:\/\/www.gaveanews.com\/#website"},"primaryImageOfPage":{"@id":"https:\/\/www.gaveanews.com\/index.php\/2020\/07\/20\/flamengo-abre-conversas-com-tecnico-espanhol-afirma-jornalista\/#primaryimage"},"image":{"@id":"https:\/\/www.gaveanews.com\/index.php\/2020\/07\/20\/flamengo-abre-conversas-com-tecnico-espanhol-afirma-jornalista\/#primaryimage"},"thumbnailUrl":"https:\/\/www.gaveanews.com\/wp-content\/uploads\/2019\/03\/Rodolfo-Landim-durante-entrevista-coletiva-na-Gavea.webp","datePublished":"2020-07-20T16:39:46+00:00","dateModified":"2020-07-20T16:39:48+00:00","author":{"@id":"https:\/\/www.gaveanews.com\/#\/schema\/person\/2ec14f73fb96be2caf28f91afb14749d"},"description":"Flamengo segue vasculhando o mercado de treinadores para definir o substituto de Jorge Jesus, que deixou o clube de forma oficial na \u00faltima sexta-feira.","breadcrumb":{"@id":"https:\/\/www.gaveanews.com\/index.php\/2020\/07\/20\/flamengo-abre-conversas-com-tecnico-espanhol-afirma-jornalista\/#breadcrumb"},"inLanguage":"pt-BR","potentialAction":[{"@type":"ReadAction","target":["https:\/\/www.gaveanews.com\/index.php\/2020\/07\/20\/flamengo-abre-conversas-com-tecnico-espanhol-afirma-jornalista\/"]}]},{"@type":"ImageObject","inLanguage":"pt-BR","@id":"https:\/\/www.gaveanews.com\/index.php\/2020\/07\/20\/flamengo-abre-conversas-com-tecnico-espanhol-afirma-jornalista\/#primaryimage","url":"https:\/\/www.gaveanews.com\/wp-content\/uploads\/2019\/03\/Rodolfo-Landim-durante-entrevista-coletiva-na-Gavea.webp","contentUrl":"https:\/\/www.gaveanews.com\/wp-content\/uploads\/2019\/03\/Rodolfo-Landim-durante-entrevista-coletiva-na-Gavea.webp","width":900,"height":599,"caption":"Rodolfo Landim durante entrevista coletiva na G\u00e1vea (Foto: Ag\u00eancia Foto BR)"},{"@type":"BreadcrumbList","@id":"https:\/\/www.gaveanews.com\/index.php\/2020\/07\/20\/flamengo-abre-conversas-com-tecnico-espanhol-afirma-jornalista\/#breadcrumb","itemListElement":[{"@type":"ListItem","position":1,"name":"Home","item":"https:\/\/www.gaveanews.com\/"},{"@type":"ListItem","position":2,"name":"Flamengo abre conversas com t\u00e9cnico espanhol, afirma jornalista"}]},{"@type":"WebSite","@id":"https:\/\/www.gaveanews.com\/#website","url":"https:\/\/www.gaveanews.com\/","name":"G\u00e1vea News","description":"Veja todas as not\u00edcias sobre o Flamengo: Contrata\u00e7\u00f5es, categorias de base, resultados das partidas, tabela de classifica\u00e7\u00e3o, pr\u00f3ximos jogos!","potentialAction":[{"@type":"SearchAction","target":{"@type":"EntryPoint","urlTemplate":"https:\/\/www.gaveanews.com\/?s={search_term_string}"},"query-input":{"@type":"PropertyValueSpecification","valueRequired":true,"valueName":"search_term_string"}}],"inLanguage":"pt-BR"},{"@type":"Person","@id":"https:\/\/www.gaveanews.com\/#\/schema\/person\/2ec14f73fb96be2caf28f91afb14749d","name":"Equipe G\u00e1vea News","image":{"@type":"ImageObject","inLanguage":"pt-BR","@id":"https:\/\/www.gaveanews.com\/#\/schema\/person\/image\/","url":"https:\/\/secure.gravatar.com\/avatar\/1e1956f1facbffd3f8fa53a326721950116b3b9dc9bd44939c01180fd4a745a9?s=96&d=mm&r=g","contentUrl":"https:\/\/secure.gravatar.com\/avatar\/1e1956f1facbffd3f8fa53a326721950116b3b9dc9bd44939c01180fd4a745a9?s=96&d=mm&r=g","caption":"Equipe G\u00e1vea News"}}]}},"_links":{"self":[{"href":"https:\/\/www.gaveanews.com\/index.php\/wp-json\/wp\/v2\/posts\/43962","targetHints":{"allow":["GET"]}}],"collection":[{"href":"https:\/\/www.gaveanews.com\/index.php\/wp-json\/wp\/v2\/posts"}],"about":[{"href":"https:\/\/www.gaveanews.com\/index.php\/wp-json\/wp\/v2\/types\/post"}],"author":[{"embeddable":true,"href":"https:\/\/www.gaveanews.com\/index.php\/wp-json\/wp\/v2\/users\/1"}],"replies":[{"embeddable":true,"href":"https:\/\/www.gaveanews.com\/index.php\/wp-json\/wp\/v2\/comments?post=43962"}],"version-history":[{"count":0,"href":"https:\/\/www.gaveanews.com\/index.php\/wp-json\/wp\/v2\/posts\/43962\/revisions"}],"wp:featuredmedia":[{"embeddable":true,"href":"https:\/\/www.gaveanews.com\/index.php\/wp-json\/wp\/v2\/media\/15077"}],"wp:attachment":[{"href":"https:\/\/www.gaveanews.com\/index.php\/wp-json\/wp\/v2\/media?parent=43962"}],"wp:term":[{"taxonomy":"category","embeddable":true,"href":"https:\/\/www.gaveanews.com\/index.php\/wp-json\/wp\/v2\/categories?post=43962"},{"taxonomy":"post_tag","embeddable":true,"href":"https:\/\/www.gaveanews.com\/index.php\/wp-json\/wp\/v2\/tags?post=43962"}],"curies":[{"name":"wp","href":"https:\/\/api.w.org\/{rel}","templated":true}]}}