{"id":43984,"date":"2020-07-20T19:37:43","date_gmt":"2020-07-20T22:37:43","guid":{"rendered":"https:\/\/www.gaveanews.com\/?p=43984"},"modified":"2020-07-20T19:44:06","modified_gmt":"2020-07-20T22:44:06","slug":"ferj-divulga-selecao-do-campeonato-carioca","status":"publish","type":"post","link":"https:\/\/www.gaveanews.com\/index.php\/2020\/07\/20\/ferj-divulga-selecao-do-campeonato-carioca\/","title":{"rendered":"FERJ divulga sele\u00e7\u00e3o do Campeonato Carioca"},"content":{"rendered":"\n<p>Campe\u00e3o, artilheiro, principal assistente e melhor jogador do torneio. Gabigol teve o pacote completo no Campeonato Carioca. Ele foi eleito, com quatro votos, pela Federa\u00e7\u00e3o de Futebol do Rio (Ferj) o craque da competi\u00e7\u00e3o, conquistada pelo Flamengo. O atacante marcou oito gols e distribuiu oito assist\u00eancias.<\/p>\n\n\n\n<p>Al\u00e9m de Gabigol, o Flamengo teve outros seis jogadores na sele\u00e7\u00e3o do campeonato. Jorge Jesus foi eleito o melhor t\u00e9cnico, empatado com Odair Hellmann, do Fluminense.<\/p>\n\n\n\n<p>A elei\u00e7\u00e3o foi realizada entre os t\u00e9cnicos que comandaram os clubes do Carioca. Eles votaram nos melhores de cada posi\u00e7\u00e3o e, por crit\u00e9rio, s\u00f3 puderam escolher tr\u00eas jogadores de seu clube e n\u00e3o votar em si para melhor treinador.<\/p>\n\n\n\n<figure class=\"wp-block-image size-large\"><img decoding=\"async\" src=\"https:\/\/wallpapercave.com\/wp\/wp4982728.webp\" alt=\"\"\/><figcaption>(Foto: Reprodu\u00e7\u00e3o\/Wallpapercave)<\/figcaption><\/figure>\n\n\n\n<p>Paulo Autuori, do Botafogo, n\u00e3o votou. Segundo a Ferj, justificou a decis\u00e3o pelos poucos jogos que comandou no Campeonato Carioca. Ainda durante o torneio, o t\u00e9cnico criticou a federa\u00e7\u00e3o pela organiza\u00e7\u00e3o da competi\u00e7\u00e3o.<\/p>\n\n\n\n<h2 class=\"wp-block-heading\"><strong>Confira a sele\u00e7\u00e3o completa:<\/strong><\/h2>\n\n\n\n<ul class=\"wp-block-list\"><li><strong>Goleiro:<\/strong>&nbsp;Douglas (Volta Redonda), 4 votos;<\/li><li><strong>Lateral-direito:<\/strong>&nbsp;Rafinha (Flamengo), 6 votos;<\/li><li><strong>Zagueiros:<\/strong>&nbsp;Rodrigo Caio (Flamengo), 10 votos, e Marcelo Benevenuto (Botafogo), 4 votos;<\/li><li><strong>Lateral-esquerdo:<\/strong>&nbsp;empate entre Filipe Lu\u00eds (Flamengo) e Jean Victor (Boavista), com 4 votos cada;<\/li><li><strong>Meio-campistas:<\/strong>&nbsp;Gerson (Flamengo), 10 votos, Nen\u00ea (Fluminense), 6 votos, e Everton Ribeiro (Flamengo), 6 votos;<\/li><li><strong>Atacantes:<\/strong>&nbsp;Gabigol (Flamengo), 10 votos, Bruno Henrique (Flamengo), 6 votos, e Jo\u00e3o Carlos (Volta Redonda), 6 votos.<\/li><\/ul>\n\n\n\n<p>Retirado de: Globo Esporte<\/p>\n","protected":false},"excerpt":{"rendered":"<p>Campe\u00e3o, artilheiro, principal assistente e melhor jogador do torneio. Gabigol teve o pacote completo no Campeonato Carioca. Ele foi eleito, com quatro votos, pela Federa\u00e7\u00e3o de Futebol do Rio (Ferj) o craque da competi\u00e7\u00e3o, conquistada pelo Flamengo. O atacante marcou oito gols e distribuiu oito assist\u00eancias. Al\u00e9m de Gabigol, o Flamengo teve outros seis jogadores [&hellip;]<\/p>\n","protected":false},"author":1,"featured_media":16301,"comment_status":"open","ping_status":"closed","sticky":false,"template":"","format":"standard","meta":{"footnotes":""},"categories":[47],"tags":[],"class_list":["post-43984","post","type-post","status-publish","format-standard","has-post-thumbnail","hentry","category-destaques"],"yoast_head":"<!-- This site is optimized with the Yoast SEO Premium plugin v24.2 (Yoast SEO v26.9) - https:\/\/yoast.com\/product\/yoast-seo-premium-wordpress\/ -->\n<title>FERJ divulga sele\u00e7\u00e3o do Campeonato Carioca<\/title>\n<meta name=\"description\" content=\"A Ferj anunciou nesta segunda-feira a sele\u00e7\u00e3o do Campeonato Carioca 2020. A equipe ideal tem 12 jogadores e dois treinadores.\" \/>\n<meta name=\"robots\" content=\"index, follow, max-snippet:-1, max-image-preview:large, max-video-preview:-1\" \/>\n<link rel=\"canonical\" href=\"https:\/\/www.gaveanews.com\/index.php\/2020\/07\/20\/ferj-divulga-selecao-do-campeonato-carioca\/\" \/>\n<meta property=\"og:locale\" content=\"pt_BR\" \/>\n<meta property=\"og:type\" content=\"article\" \/>\n<meta property=\"og:title\" content=\"FERJ divulga sele\u00e7\u00e3o do Campeonato Carioca\" \/>\n<meta property=\"og:description\" content=\"A Ferj anunciou nesta segunda-feira a sele\u00e7\u00e3o do Campeonato Carioca 2020. A equipe ideal tem 12 jogadores e dois treinadores.\" \/>\n<meta property=\"og:url\" content=\"https:\/\/www.gaveanews.com\/index.php\/2020\/07\/20\/ferj-divulga-selecao-do-campeonato-carioca\/\" \/>\n<meta property=\"og:site_name\" content=\"G\u00e1vea News\" \/>\n<meta property=\"article:publisher\" content=\"https:\/\/facebook.com\/gaveaNews\/\" \/>\n<meta property=\"article:published_time\" content=\"2020-07-20T22:37:43+00:00\" \/>\n<meta property=\"article:modified_time\" content=\"2020-07-20T22:44:06+00:00\" \/>\n<meta property=\"og:image\" content=\"https:\/\/www.gaveanews.com\/wp-content\/uploads\/2019\/03\/Presidente-da-FERJ-Rubens-Lopes-durante-coletiva-de-imprensa.webp\" \/>\n\t<meta property=\"og:image:width\" content=\"841\" \/>\n\t<meta property=\"og:image:height\" content=\"600\" \/>\n\t<meta property=\"og:image:type\" content=\"image\/jpeg\" \/>\n<meta name=\"author\" content=\"Equipe G\u00e1vea News\" \/>\n<meta name=\"twitter:card\" content=\"summary_large_image\" \/>\n<meta name=\"twitter:label1\" content=\"Escrito por\" \/>\n\t<meta name=\"twitter:data1\" content=\"Equipe G\u00e1vea News\" \/>\n\t<meta name=\"twitter:label2\" content=\"Est. tempo de leitura\" \/>\n\t<meta name=\"twitter:data2\" content=\"1 minuto\" \/>\n<script type=\"application\/ld+json\" class=\"yoast-schema-graph\">{\"@context\":\"https:\/\/schema.org\",\"@graph\":[{\"@type\":\"NewsArticle\",\"@id\":\"https:\/\/www.gaveanews.com\/index.php\/2020\/07\/20\/ferj-divulga-selecao-do-campeonato-carioca\/#article\",\"isPartOf\":{\"@id\":\"https:\/\/www.gaveanews.com\/index.php\/2020\/07\/20\/ferj-divulga-selecao-do-campeonato-carioca\/\"},\"author\":{\"name\":\"Equipe G\u00e1vea News\",\"@id\":\"https:\/\/www.gaveanews.com\/#\/schema\/person\/2ec14f73fb96be2caf28f91afb14749d\"},\"headline\":\"FERJ divulga sele\u00e7\u00e3o do Campeonato Carioca\",\"datePublished\":\"2020-07-20T22:37:43+00:00\",\"dateModified\":\"2020-07-20T22:44:06+00:00\",\"mainEntityOfPage\":{\"@id\":\"https:\/\/www.gaveanews.com\/index.php\/2020\/07\/20\/ferj-divulga-selecao-do-campeonato-carioca\/\"},\"wordCount\":249,\"commentCount\":13,\"image\":{\"@id\":\"https:\/\/www.gaveanews.com\/index.php\/2020\/07\/20\/ferj-divulga-selecao-do-campeonato-carioca\/#primaryimage\"},\"thumbnailUrl\":\"https:\/\/www.gaveanews.com\/wp-content\/uploads\/2019\/03\/Presidente-da-FERJ-Rubens-Lopes-durante-coletiva-de-imprensa.webp\",\"articleSection\":[\"Destaques\"],\"inLanguage\":\"pt-BR\",\"potentialAction\":[{\"@type\":\"CommentAction\",\"name\":\"Comment\",\"target\":[\"https:\/\/www.gaveanews.com\/index.php\/2020\/07\/20\/ferj-divulga-selecao-do-campeonato-carioca\/#respond\"]}],\"copyrightYear\":\"2020\",\"copyrightHolder\":{\"@id\":\"https:\/\/www.gaveanews.com\/#organization\"}},{\"@type\":\"WebPage\",\"@id\":\"https:\/\/www.gaveanews.com\/index.php\/2020\/07\/20\/ferj-divulga-selecao-do-campeonato-carioca\/\",\"url\":\"https:\/\/www.gaveanews.com\/index.php\/2020\/07\/20\/ferj-divulga-selecao-do-campeonato-carioca\/\",\"name\":\"FERJ divulga sele\u00e7\u00e3o do Campeonato Carioca\",\"isPartOf\":{\"@id\":\"https:\/\/www.gaveanews.com\/#website\"},\"primaryImageOfPage\":{\"@id\":\"https:\/\/www.gaveanews.com\/index.php\/2020\/07\/20\/ferj-divulga-selecao-do-campeonato-carioca\/#primaryimage\"},\"image\":{\"@id\":\"https:\/\/www.gaveanews.com\/index.php\/2020\/07\/20\/ferj-divulga-selecao-do-campeonato-carioca\/#primaryimage\"},\"thumbnailUrl\":\"https:\/\/www.gaveanews.com\/wp-content\/uploads\/2019\/03\/Presidente-da-FERJ-Rubens-Lopes-durante-coletiva-de-imprensa.webp\",\"datePublished\":\"2020-07-20T22:37:43+00:00\",\"dateModified\":\"2020-07-20T22:44:06+00:00\",\"author\":{\"@id\":\"https:\/\/www.gaveanews.com\/#\/schema\/person\/2ec14f73fb96be2caf28f91afb14749d\"},\"description\":\"A Ferj anunciou nesta segunda-feira a sele\u00e7\u00e3o do Campeonato Carioca 2020. A equipe ideal tem 12 jogadores e dois treinadores.\",\"breadcrumb\":{\"@id\":\"https:\/\/www.gaveanews.com\/index.php\/2020\/07\/20\/ferj-divulga-selecao-do-campeonato-carioca\/#breadcrumb\"},\"inLanguage\":\"pt-BR\",\"potentialAction\":[{\"@type\":\"ReadAction\",\"target\":[\"https:\/\/www.gaveanews.com\/index.php\/2020\/07\/20\/ferj-divulga-selecao-do-campeonato-carioca\/\"]}]},{\"@type\":\"ImageObject\",\"inLanguage\":\"pt-BR\",\"@id\":\"https:\/\/www.gaveanews.com\/index.php\/2020\/07\/20\/ferj-divulga-selecao-do-campeonato-carioca\/#primaryimage\",\"url\":\"https:\/\/www.gaveanews.com\/wp-content\/uploads\/2019\/03\/Presidente-da-FERJ-Rubens-Lopes-durante-coletiva-de-imprensa.webp\",\"contentUrl\":\"https:\/\/www.gaveanews.com\/wp-content\/uploads\/2019\/03\/Presidente-da-FERJ-Rubens-Lopes-durante-coletiva-de-imprensa.webp\",\"width\":841,\"height\":600,\"caption\":\"Presidente da FERJ, Rubens Lopes durante coletiva de imprensa (Foto: \u00darsula Nery)\"},{\"@type\":\"BreadcrumbList\",\"@id\":\"https:\/\/www.gaveanews.com\/index.php\/2020\/07\/20\/ferj-divulga-selecao-do-campeonato-carioca\/#breadcrumb\",\"itemListElement\":[{\"@type\":\"ListItem\",\"position\":1,\"name\":\"Home\",\"item\":\"https:\/\/www.gaveanews.com\/\"},{\"@type\":\"ListItem\",\"position\":2,\"name\":\"FERJ divulga sele\u00e7\u00e3o do Campeonato Carioca\"}]},{\"@type\":\"WebSite\",\"@id\":\"https:\/\/www.gaveanews.com\/#website\",\"url\":\"https:\/\/www.gaveanews.com\/\",\"name\":\"G\u00e1vea News\",\"description\":\"Veja todas as not\u00edcias sobre o Flamengo: Contrata\u00e7\u00f5es, categorias de base, resultados das partidas, tabela de classifica\u00e7\u00e3o, pr\u00f3ximos jogos!\",\"potentialAction\":[{\"@type\":\"SearchAction\",\"target\":{\"@type\":\"EntryPoint\",\"urlTemplate\":\"https:\/\/www.gaveanews.com\/?s={search_term_string}\"},\"query-input\":{\"@type\":\"PropertyValueSpecification\",\"valueRequired\":true,\"valueName\":\"search_term_string\"}}],\"inLanguage\":\"pt-BR\"},{\"@type\":\"Person\",\"@id\":\"https:\/\/www.gaveanews.com\/#\/schema\/person\/2ec14f73fb96be2caf28f91afb14749d\",\"name\":\"Equipe G\u00e1vea News\",\"image\":{\"@type\":\"ImageObject\",\"inLanguage\":\"pt-BR\",\"@id\":\"https:\/\/www.gaveanews.com\/#\/schema\/person\/image\/\",\"url\":\"https:\/\/secure.gravatar.com\/avatar\/1e1956f1facbffd3f8fa53a326721950116b3b9dc9bd44939c01180fd4a745a9?s=96&d=mm&r=g\",\"contentUrl\":\"https:\/\/secure.gravatar.com\/avatar\/1e1956f1facbffd3f8fa53a326721950116b3b9dc9bd44939c01180fd4a745a9?s=96&d=mm&r=g\",\"caption\":\"Equipe G\u00e1vea News\"}}]}<\/script>\n<!-- \/ Yoast SEO Premium plugin. -->","yoast_head_json":{"title":"FERJ divulga sele\u00e7\u00e3o do Campeonato Carioca","description":"A Ferj anunciou nesta segunda-feira a sele\u00e7\u00e3o do Campeonato Carioca 2020. A equipe ideal tem 12 jogadores e dois treinadores.","robots":{"index":"index","follow":"follow","max-snippet":"max-snippet:-1","max-image-preview":"max-image-preview:large","max-video-preview":"max-video-preview:-1"},"canonical":"https:\/\/www.gaveanews.com\/index.php\/2020\/07\/20\/ferj-divulga-selecao-do-campeonato-carioca\/","og_locale":"pt_BR","og_type":"article","og_title":"FERJ divulga sele\u00e7\u00e3o do Campeonato Carioca","og_description":"A Ferj anunciou nesta segunda-feira a sele\u00e7\u00e3o do Campeonato Carioca 2020. A equipe ideal tem 12 jogadores e dois treinadores.","og_url":"https:\/\/www.gaveanews.com\/index.php\/2020\/07\/20\/ferj-divulga-selecao-do-campeonato-carioca\/","og_site_name":"G\u00e1vea News","article_publisher":"https:\/\/facebook.com\/gaveaNews\/","article_published_time":"2020-07-20T22:37:43+00:00","article_modified_time":"2020-07-20T22:44:06+00:00","og_image":[{"width":841,"height":600,"url":"https:\/\/www.gaveanews.com\/wp-content\/uploads\/2019\/03\/Presidente-da-FERJ-Rubens-Lopes-durante-coletiva-de-imprensa.webp","type":"image\/jpeg"}],"author":"Equipe G\u00e1vea News","twitter_card":"summary_large_image","twitter_misc":{"Escrito por":"Equipe G\u00e1vea News","Est. tempo de leitura":"1 minuto"},"schema":{"@context":"https:\/\/schema.org","@graph":[{"@type":"NewsArticle","@id":"https:\/\/www.gaveanews.com\/index.php\/2020\/07\/20\/ferj-divulga-selecao-do-campeonato-carioca\/#article","isPartOf":{"@id":"https:\/\/www.gaveanews.com\/index.php\/2020\/07\/20\/ferj-divulga-selecao-do-campeonato-carioca\/"},"author":{"name":"Equipe G\u00e1vea News","@id":"https:\/\/www.gaveanews.com\/#\/schema\/person\/2ec14f73fb96be2caf28f91afb14749d"},"headline":"FERJ divulga sele\u00e7\u00e3o do Campeonato Carioca","datePublished":"2020-07-20T22:37:43+00:00","dateModified":"2020-07-20T22:44:06+00:00","mainEntityOfPage":{"@id":"https:\/\/www.gaveanews.com\/index.php\/2020\/07\/20\/ferj-divulga-selecao-do-campeonato-carioca\/"},"wordCount":249,"commentCount":13,"image":{"@id":"https:\/\/www.gaveanews.com\/index.php\/2020\/07\/20\/ferj-divulga-selecao-do-campeonato-carioca\/#primaryimage"},"thumbnailUrl":"https:\/\/www.gaveanews.com\/wp-content\/uploads\/2019\/03\/Presidente-da-FERJ-Rubens-Lopes-durante-coletiva-de-imprensa.webp","articleSection":["Destaques"],"inLanguage":"pt-BR","potentialAction":[{"@type":"CommentAction","name":"Comment","target":["https:\/\/www.gaveanews.com\/index.php\/2020\/07\/20\/ferj-divulga-selecao-do-campeonato-carioca\/#respond"]}],"copyrightYear":"2020","copyrightHolder":{"@id":"https:\/\/www.gaveanews.com\/#organization"}},{"@type":"WebPage","@id":"https:\/\/www.gaveanews.com\/index.php\/2020\/07\/20\/ferj-divulga-selecao-do-campeonato-carioca\/","url":"https:\/\/www.gaveanews.com\/index.php\/2020\/07\/20\/ferj-divulga-selecao-do-campeonato-carioca\/","name":"FERJ divulga sele\u00e7\u00e3o do Campeonato Carioca","isPartOf":{"@id":"https:\/\/www.gaveanews.com\/#website"},"primaryImageOfPage":{"@id":"https:\/\/www.gaveanews.com\/index.php\/2020\/07\/20\/ferj-divulga-selecao-do-campeonato-carioca\/#primaryimage"},"image":{"@id":"https:\/\/www.gaveanews.com\/index.php\/2020\/07\/20\/ferj-divulga-selecao-do-campeonato-carioca\/#primaryimage"},"thumbnailUrl":"https:\/\/www.gaveanews.com\/wp-content\/uploads\/2019\/03\/Presidente-da-FERJ-Rubens-Lopes-durante-coletiva-de-imprensa.webp","datePublished":"2020-07-20T22:37:43+00:00","dateModified":"2020-07-20T22:44:06+00:00","author":{"@id":"https:\/\/www.gaveanews.com\/#\/schema\/person\/2ec14f73fb96be2caf28f91afb14749d"},"description":"A Ferj anunciou nesta segunda-feira a sele\u00e7\u00e3o do Campeonato Carioca 2020. A equipe ideal tem 12 jogadores e dois treinadores.","breadcrumb":{"@id":"https:\/\/www.gaveanews.com\/index.php\/2020\/07\/20\/ferj-divulga-selecao-do-campeonato-carioca\/#breadcrumb"},"inLanguage":"pt-BR","potentialAction":[{"@type":"ReadAction","target":["https:\/\/www.gaveanews.com\/index.php\/2020\/07\/20\/ferj-divulga-selecao-do-campeonato-carioca\/"]}]},{"@type":"ImageObject","inLanguage":"pt-BR","@id":"https:\/\/www.gaveanews.com\/index.php\/2020\/07\/20\/ferj-divulga-selecao-do-campeonato-carioca\/#primaryimage","url":"https:\/\/www.gaveanews.com\/wp-content\/uploads\/2019\/03\/Presidente-da-FERJ-Rubens-Lopes-durante-coletiva-de-imprensa.webp","contentUrl":"https:\/\/www.gaveanews.com\/wp-content\/uploads\/2019\/03\/Presidente-da-FERJ-Rubens-Lopes-durante-coletiva-de-imprensa.webp","width":841,"height":600,"caption":"Presidente da FERJ, Rubens Lopes durante coletiva de imprensa (Foto: \u00darsula Nery)"},{"@type":"BreadcrumbList","@id":"https:\/\/www.gaveanews.com\/index.php\/2020\/07\/20\/ferj-divulga-selecao-do-campeonato-carioca\/#breadcrumb","itemListElement":[{"@type":"ListItem","position":1,"name":"Home","item":"https:\/\/www.gaveanews.com\/"},{"@type":"ListItem","position":2,"name":"FERJ divulga sele\u00e7\u00e3o do Campeonato Carioca"}]},{"@type":"WebSite","@id":"https:\/\/www.gaveanews.com\/#website","url":"https:\/\/www.gaveanews.com\/","name":"G\u00e1vea News","description":"Veja todas as not\u00edcias sobre o Flamengo: Contrata\u00e7\u00f5es, categorias de base, resultados das partidas, tabela de classifica\u00e7\u00e3o, pr\u00f3ximos jogos!","potentialAction":[{"@type":"SearchAction","target":{"@type":"EntryPoint","urlTemplate":"https:\/\/www.gaveanews.com\/?s={search_term_string}"},"query-input":{"@type":"PropertyValueSpecification","valueRequired":true,"valueName":"search_term_string"}}],"inLanguage":"pt-BR"},{"@type":"Person","@id":"https:\/\/www.gaveanews.com\/#\/schema\/person\/2ec14f73fb96be2caf28f91afb14749d","name":"Equipe G\u00e1vea News","image":{"@type":"ImageObject","inLanguage":"pt-BR","@id":"https:\/\/www.gaveanews.com\/#\/schema\/person\/image\/","url":"https:\/\/secure.gravatar.com\/avatar\/1e1956f1facbffd3f8fa53a326721950116b3b9dc9bd44939c01180fd4a745a9?s=96&d=mm&r=g","contentUrl":"https:\/\/secure.gravatar.com\/avatar\/1e1956f1facbffd3f8fa53a326721950116b3b9dc9bd44939c01180fd4a745a9?s=96&d=mm&r=g","caption":"Equipe G\u00e1vea News"}}]}},"_links":{"self":[{"href":"https:\/\/www.gaveanews.com\/index.php\/wp-json\/wp\/v2\/posts\/43984","targetHints":{"allow":["GET"]}}],"collection":[{"href":"https:\/\/www.gaveanews.com\/index.php\/wp-json\/wp\/v2\/posts"}],"about":[{"href":"https:\/\/www.gaveanews.com\/index.php\/wp-json\/wp\/v2\/types\/post"}],"author":[{"embeddable":true,"href":"https:\/\/www.gaveanews.com\/index.php\/wp-json\/wp\/v2\/users\/1"}],"replies":[{"embeddable":true,"href":"https:\/\/www.gaveanews.com\/index.php\/wp-json\/wp\/v2\/comments?post=43984"}],"version-history":[{"count":0,"href":"https:\/\/www.gaveanews.com\/index.php\/wp-json\/wp\/v2\/posts\/43984\/revisions"}],"wp:featuredmedia":[{"embeddable":true,"href":"https:\/\/www.gaveanews.com\/index.php\/wp-json\/wp\/v2\/media\/16301"}],"wp:attachment":[{"href":"https:\/\/www.gaveanews.com\/index.php\/wp-json\/wp\/v2\/media?parent=43984"}],"wp:term":[{"taxonomy":"category","embeddable":true,"href":"https:\/\/www.gaveanews.com\/index.php\/wp-json\/wp\/v2\/categories?post=43984"},{"taxonomy":"post_tag","embeddable":true,"href":"https:\/\/www.gaveanews.com\/index.php\/wp-json\/wp\/v2\/tags?post=43984"}],"curies":[{"name":"wp","href":"https:\/\/api.w.org\/{rel}","templated":true}]}}