{"id":43988,"date":"2020-07-20T19:53:12","date_gmt":"2020-07-20T22:53:12","guid":{"rendered":"https:\/\/www.gaveanews.com\/?p=43988"},"modified":"2020-07-20T19:53:16","modified_gmt":"2020-07-20T22:53:16","slug":"video-sobre-domenec-pep-guardiola-manda-recado-para-a-torcida-do-flamengo","status":"publish","type":"post","link":"https:\/\/www.gaveanews.com\/index.php\/2020\/07\/20\/video-sobre-domenec-pep-guardiola-manda-recado-para-a-torcida-do-flamengo\/","title":{"rendered":"V\u00eddeo: Sobre Dom\u00e8nec, Pep Guardiola manda recado para a torcida do Flamengo"},"content":{"rendered":"\n<p>Em meio aos diversos nomes analisados pelo Flamengo para substituir Jorge Jesus, surgiu um pouco conhecido para a grande maioria dos torcedores: Dom\u00e8nec Torrent, ex-comandante do New York City, dos Estados Unidos. A principal credencial do espanhol seria o trabalho de uma d\u00e9cada como auxiliar t\u00e9cnico do consagrado Pep Guardiola, com quem compartilharia uma filosofia de jogo parecida. E o treinador do Manchester City comentou a possibilidade de o ex-companheiro trabalhar no Brasil.<\/p>\n\n\n\n<p>Em entrevista coletiva nesta segunda-feira, Guardiola foi questionado por um jornalista brasileiro sobre a possibilidade de Dom\u00e8nec assumir o atual campe\u00e3o da Libertadores e do Brasileir\u00e3o. E o espanhol se mostrou feliz, dando seu aval \u00e0 capacidade do colega.<\/p>\n\n\n\n<p><em>\u2014 Eu acho que ele est\u00e1 absolutamente preparado para qualquer pa\u00eds. Ele fez a melhor temporada da hist\u00f3ria do New York City na \u00faltima temporada. Ele \u00e9 incrivelmente bem preparado, tem muita experi\u00eancia. N\u00e3o tenho nenhuma d\u00favida sobre sua capacidade.<\/em><\/p>\n\n\n\n<figure class=\"wp-block-image size-large\"><img decoding=\"async\" src=\"https:\/\/nypost.com\/wp-content\/uploads\/sites\/2\/2019\/10\/domenec-torrent.webp?quality=90&amp;strip=all&amp;strip=all\" alt=\"\"\/><figcaption> Dom\u00e8nec durante treinamento do New York City (Foto:  Anthony J. Causi)<\/figcaption><\/figure>\n\n\n\n<p>Dom\u00e8nec trabalhou como auxiliar de Guardiola em Barcelona, Bayern de Munique e Manchester City, antes de retomar sua carreira como treinador principal no New York City \u2013 clube que faz parte do mesmo grupo da equipe dirigida por Pep. Ele deixou a equipe norte-americana no in\u00edcio de 2020. Para Guardiola, o assistente teve papel fundamental nos diversos t\u00edtulos conquistados ao seu lado.<\/p>\n\n\n\n<p><em>\u2014 Eu aprendi muito com ele, aprendemos juntos. Parte do nosso sucesso que tivemos em Munique e aqui em Manchester foi por causa dele. Fico feliz de saber que as pessoas pensam nele neste momento estranho, da pandemia do coronav\u00edrus. As decis\u00f5es que precisam ser tomadas n\u00e3o s\u00e3o f\u00e1ceis, vamos ver.<\/em><\/p>\n\n\n\n<figure class=\"wp-block-embed-twitter wp-block-embed is-type-rich is-provider-twitter\"><div class=\"wp-block-embed__wrapper\">\nhttps:\/\/twitter.com\/gavea_news\/status\/1285337526786494464\n<\/div><\/figure>\n\n\n\n<p>No New York City, Torrent teve duas boas temporadas. Na primeira, em 2018, ficou em terceiro do Leste na temporada regular e caiu ainda na primeira fase dos playoffs, para o Philadelphia Union.<\/p>\n\n\n\n<p>No ano passado, teve a melhor campanha do Leste na temporada regular, com 64 pontos em 34 partidas &#8211; o melhor desempenho da hist\u00f3ria do clube, criado em 2015. A equipe chegou \u00e0s semifinais de confer\u00eancia, mas foi eliminada para o Toronto FC. No in\u00edcio de 2020, o treinador deixou a equipe.<\/p>\n\n\n\n<p>Torrent chegou a ser sondado pelo Athletico-PR no come\u00e7o deste ano e confirmou, ao <em>Globo Esporte<\/em>, que conversou com o Furac\u00e3o. No entanto, a negocia\u00e7\u00e3o n\u00e3o avan\u00e7ou.<\/p>\n\n\n\n<p>Entre os trunfos de Dom\u00e8nec estaria sua mentalidade parecida com a de Guardiola, prezando o jogo ofensivo, com toque de bola. Pep tamb\u00e9m comentou as caracter\u00edsticas em comum, dizendo acreditar que o ex-companheiro tem um estilo semelhante, mas com suas individualidades.<\/p>\n\n\n\n<p><em>\u2014 Eu acredito que sim. Ser agressivo com a bola, tentar marcar gols, defender bem\u2026 Mas cada t\u00e9cnico tem seus detalhes particulares, suas pr\u00f3prias coisas. N\u00e3o \u00e9 copiar e colar. Pep \u00e9 Pep, Dom\u00e8nec \u00e9 Dom\u00e8nec. Mas, antes de estarmos juntos, ele era um treinador e fazia as coisas do jeito dele. Eu aprendi muito com ele, e espero que ele tenha aprendido algo conosco tamb\u00e9m.<\/em><\/p>\n\n\n\n<p>Dom\u00e8nec Torrent \u00e9 um dos nomes no radar do Flamengo, que busca um substituto para Jorge Jesus ap\u00f3s sua decis\u00e3o de voltar ao Benfica. A diretoria pretende dar prioridade para t\u00e9cnicos estrangeiros, principalmente portugueses, e profissionais como Leonardo Jardim, Marco Silva e Carlos Carvalhal (Rio Ave) estariam entre as op\u00e7\u00f5es, assim como o espanhol Migu\u00e9l \u00c1ngel Ram\u00edrez (Independiente Del Valle).<\/p>\n\n\n\n<p>Retirado de: Globo Esporte<\/p>\n","protected":false},"excerpt":{"rendered":"<p>Em meio aos diversos nomes analisados pelo Flamengo para substituir Jorge Jesus, surgiu um pouco conhecido para a grande maioria dos torcedores: Dom\u00e8nec Torrent, ex-comandante do New York City, dos Estados Unidos. A principal credencial do espanhol seria o trabalho de uma d\u00e9cada como auxiliar t\u00e9cnico do consagrado Pep Guardiola, com quem compartilharia uma filosofia [&hellip;]<\/p>\n","protected":false},"author":1,"featured_media":15081,"comment_status":"open","ping_status":"closed","sticky":false,"template":"","format":"standard","meta":{"footnotes":""},"categories":[40],"tags":[],"class_list":["post-43988","post","type-post","status-publish","format-standard","has-post-thumbnail","hentry","category-video"],"yoast_head":"<!-- This site is optimized with the Yoast SEO Premium plugin v24.2 (Yoast SEO v26.9) - https:\/\/yoast.com\/product\/yoast-seo-premium-wordpress\/ -->\n<title>Sobre Dom\u00e8nec, Pep Guardiola manda recado para a torcida do Flamengo<\/title>\n<meta name=\"description\" content=\"Durante uma entrevista coletiva concedida nesta segunda-feira (20 de julho), o treinador Pep Guardiola falou sobre Dom\u00e8nec Torrent.\" \/>\n<meta name=\"robots\" content=\"index, follow, max-snippet:-1, max-image-preview:large, max-video-preview:-1\" \/>\n<link rel=\"canonical\" href=\"https:\/\/www.gaveanews.com\/index.php\/2020\/07\/20\/video-sobre-domenec-pep-guardiola-manda-recado-para-a-torcida-do-flamengo\/\" \/>\n<meta property=\"og:locale\" content=\"pt_BR\" \/>\n<meta property=\"og:type\" content=\"article\" \/>\n<meta property=\"og:title\" content=\"V\u00eddeo: Sobre Dom\u00e8nec, Pep Guardiola manda recado para a torcida do Flamengo\" \/>\n<meta property=\"og:description\" content=\"Durante uma entrevista coletiva concedida nesta segunda-feira (20 de julho), o treinador Pep Guardiola falou sobre Dom\u00e8nec Torrent.\" \/>\n<meta property=\"og:url\" content=\"https:\/\/www.gaveanews.com\/index.php\/2020\/07\/20\/video-sobre-domenec-pep-guardiola-manda-recado-para-a-torcida-do-flamengo\/\" \/>\n<meta property=\"og:site_name\" content=\"G\u00e1vea News\" \/>\n<meta property=\"article:publisher\" content=\"https:\/\/facebook.com\/gaveaNews\/\" \/>\n<meta property=\"article:published_time\" content=\"2020-07-20T22:53:12+00:00\" \/>\n<meta property=\"article:modified_time\" content=\"2020-07-20T22:53:16+00:00\" \/>\n<meta property=\"og:image\" content=\"https:\/\/www.gaveanews.com\/wp-content\/uploads\/2019\/03\/Escudo-do-Flamengo-e-exposto-proximo-a-um-dos-gols-no-gramado-do-Maracana.webp\" \/>\n\t<meta property=\"og:image:width\" content=\"1\" \/>\n\t<meta property=\"og:image:height\" content=\"1\" \/>\n\t<meta property=\"og:image:type\" content=\"image\/jpeg\" \/>\n<meta name=\"author\" content=\"Equipe G\u00e1vea News\" \/>\n<meta name=\"twitter:card\" content=\"summary_large_image\" \/>\n<meta name=\"twitter:label1\" content=\"Escrito por\" \/>\n\t<meta name=\"twitter:data1\" content=\"Equipe G\u00e1vea News\" \/>\n\t<meta name=\"twitter:label2\" content=\"Est. tempo de leitura\" \/>\n\t<meta name=\"twitter:data2\" content=\"3 minutos\" \/>\n<script type=\"application\/ld+json\" class=\"yoast-schema-graph\">{\"@context\":\"https:\/\/schema.org\",\"@graph\":[{\"@type\":\"NewsArticle\",\"@id\":\"https:\/\/www.gaveanews.com\/index.php\/2020\/07\/20\/video-sobre-domenec-pep-guardiola-manda-recado-para-a-torcida-do-flamengo\/#article\",\"isPartOf\":{\"@id\":\"https:\/\/www.gaveanews.com\/index.php\/2020\/07\/20\/video-sobre-domenec-pep-guardiola-manda-recado-para-a-torcida-do-flamengo\/\"},\"author\":{\"name\":\"Equipe G\u00e1vea News\",\"@id\":\"https:\/\/www.gaveanews.com\/#\/schema\/person\/2ec14f73fb96be2caf28f91afb14749d\"},\"headline\":\"V\u00eddeo: Sobre Dom\u00e8nec, Pep Guardiola manda recado para a torcida do Flamengo\",\"datePublished\":\"2020-07-20T22:53:12+00:00\",\"dateModified\":\"2020-07-20T22:53:16+00:00\",\"mainEntityOfPage\":{\"@id\":\"https:\/\/www.gaveanews.com\/index.php\/2020\/07\/20\/video-sobre-domenec-pep-guardiola-manda-recado-para-a-torcida-do-flamengo\/\"},\"wordCount\":607,\"commentCount\":15,\"image\":{\"@id\":\"https:\/\/www.gaveanews.com\/index.php\/2020\/07\/20\/video-sobre-domenec-pep-guardiola-manda-recado-para-a-torcida-do-flamengo\/#primaryimage\"},\"thumbnailUrl\":\"https:\/\/www.gaveanews.com\/wp-content\/uploads\/2019\/03\/Escudo-do-Flamengo-e-exposto-proximo-a-um-dos-gols-no-gramado-do-Maracana.webp\",\"articleSection\":[\"V\u00eddeos\"],\"inLanguage\":\"pt-BR\",\"potentialAction\":[{\"@type\":\"CommentAction\",\"name\":\"Comment\",\"target\":[\"https:\/\/www.gaveanews.com\/index.php\/2020\/07\/20\/video-sobre-domenec-pep-guardiola-manda-recado-para-a-torcida-do-flamengo\/#respond\"]}],\"copyrightYear\":\"2020\",\"copyrightHolder\":{\"@id\":\"https:\/\/www.gaveanews.com\/#organization\"}},{\"@type\":\"WebPage\",\"@id\":\"https:\/\/www.gaveanews.com\/index.php\/2020\/07\/20\/video-sobre-domenec-pep-guardiola-manda-recado-para-a-torcida-do-flamengo\/\",\"url\":\"https:\/\/www.gaveanews.com\/index.php\/2020\/07\/20\/video-sobre-domenec-pep-guardiola-manda-recado-para-a-torcida-do-flamengo\/\",\"name\":\"Sobre Dom\u00e8nec, Pep Guardiola manda recado para a torcida do Flamengo\",\"isPartOf\":{\"@id\":\"https:\/\/www.gaveanews.com\/#website\"},\"primaryImageOfPage\":{\"@id\":\"https:\/\/www.gaveanews.com\/index.php\/2020\/07\/20\/video-sobre-domenec-pep-guardiola-manda-recado-para-a-torcida-do-flamengo\/#primaryimage\"},\"image\":{\"@id\":\"https:\/\/www.gaveanews.com\/index.php\/2020\/07\/20\/video-sobre-domenec-pep-guardiola-manda-recado-para-a-torcida-do-flamengo\/#primaryimage\"},\"thumbnailUrl\":\"https:\/\/www.gaveanews.com\/wp-content\/uploads\/2019\/03\/Escudo-do-Flamengo-e-exposto-proximo-a-um-dos-gols-no-gramado-do-Maracana.webp\",\"datePublished\":\"2020-07-20T22:53:12+00:00\",\"dateModified\":\"2020-07-20T22:53:16+00:00\",\"author\":{\"@id\":\"https:\/\/www.gaveanews.com\/#\/schema\/person\/2ec14f73fb96be2caf28f91afb14749d\"},\"description\":\"Durante uma entrevista coletiva concedida nesta segunda-feira (20 de julho), o treinador Pep Guardiola falou sobre Dom\u00e8nec Torrent.\",\"breadcrumb\":{\"@id\":\"https:\/\/www.gaveanews.com\/index.php\/2020\/07\/20\/video-sobre-domenec-pep-guardiola-manda-recado-para-a-torcida-do-flamengo\/#breadcrumb\"},\"inLanguage\":\"pt-BR\",\"potentialAction\":[{\"@type\":\"ReadAction\",\"target\":[\"https:\/\/www.gaveanews.com\/index.php\/2020\/07\/20\/video-sobre-domenec-pep-guardiola-manda-recado-para-a-torcida-do-flamengo\/\"]}]},{\"@type\":\"ImageObject\",\"inLanguage\":\"pt-BR\",\"@id\":\"https:\/\/www.gaveanews.com\/index.php\/2020\/07\/20\/video-sobre-domenec-pep-guardiola-manda-recado-para-a-torcida-do-flamengo\/#primaryimage\",\"url\":\"https:\/\/www.gaveanews.com\/wp-content\/uploads\/2019\/03\/Escudo-do-Flamengo-e-exposto-proximo-a-um-dos-gols-no-gramado-do-Maracana.webp\",\"contentUrl\":\"https:\/\/www.gaveanews.com\/wp-content\/uploads\/2019\/03\/Escudo-do-Flamengo-e-exposto-proximo-a-um-dos-gols-no-gramado-do-Maracana.webp\",\"caption\":\"Escudo do Flamengo \u00e9 exposto pr\u00f3ximo a um dos gols, no gramado do Maracan\u00e3 (Foto: Daniel Castelo Branco)\"},{\"@type\":\"BreadcrumbList\",\"@id\":\"https:\/\/www.gaveanews.com\/index.php\/2020\/07\/20\/video-sobre-domenec-pep-guardiola-manda-recado-para-a-torcida-do-flamengo\/#breadcrumb\",\"itemListElement\":[{\"@type\":\"ListItem\",\"position\":1,\"name\":\"Home\",\"item\":\"https:\/\/www.gaveanews.com\/\"},{\"@type\":\"ListItem\",\"position\":2,\"name\":\"V\u00eddeo: Sobre Dom\u00e8nec, Pep Guardiola manda recado para a torcida do Flamengo\"}]},{\"@type\":\"WebSite\",\"@id\":\"https:\/\/www.gaveanews.com\/#website\",\"url\":\"https:\/\/www.gaveanews.com\/\",\"name\":\"G\u00e1vea News\",\"description\":\"Veja todas as not\u00edcias sobre o Flamengo: Contrata\u00e7\u00f5es, categorias de base, resultados das partidas, tabela de classifica\u00e7\u00e3o, pr\u00f3ximos jogos!\",\"potentialAction\":[{\"@type\":\"SearchAction\",\"target\":{\"@type\":\"EntryPoint\",\"urlTemplate\":\"https:\/\/www.gaveanews.com\/?s={search_term_string}\"},\"query-input\":{\"@type\":\"PropertyValueSpecification\",\"valueRequired\":true,\"valueName\":\"search_term_string\"}}],\"inLanguage\":\"pt-BR\"},{\"@type\":\"Person\",\"@id\":\"https:\/\/www.gaveanews.com\/#\/schema\/person\/2ec14f73fb96be2caf28f91afb14749d\",\"name\":\"Equipe G\u00e1vea News\",\"image\":{\"@type\":\"ImageObject\",\"inLanguage\":\"pt-BR\",\"@id\":\"https:\/\/www.gaveanews.com\/#\/schema\/person\/image\/\",\"url\":\"https:\/\/secure.gravatar.com\/avatar\/1e1956f1facbffd3f8fa53a326721950116b3b9dc9bd44939c01180fd4a745a9?s=96&d=mm&r=g\",\"contentUrl\":\"https:\/\/secure.gravatar.com\/avatar\/1e1956f1facbffd3f8fa53a326721950116b3b9dc9bd44939c01180fd4a745a9?s=96&d=mm&r=g\",\"caption\":\"Equipe G\u00e1vea News\"}}]}<\/script>\n<!-- \/ Yoast SEO Premium plugin. -->","yoast_head_json":{"title":"Sobre Dom\u00e8nec, Pep Guardiola manda recado para a torcida do Flamengo","description":"Durante uma entrevista coletiva concedida nesta segunda-feira (20 de julho), o treinador Pep Guardiola falou sobre Dom\u00e8nec Torrent.","robots":{"index":"index","follow":"follow","max-snippet":"max-snippet:-1","max-image-preview":"max-image-preview:large","max-video-preview":"max-video-preview:-1"},"canonical":"https:\/\/www.gaveanews.com\/index.php\/2020\/07\/20\/video-sobre-domenec-pep-guardiola-manda-recado-para-a-torcida-do-flamengo\/","og_locale":"pt_BR","og_type":"article","og_title":"V\u00eddeo: Sobre Dom\u00e8nec, Pep Guardiola manda recado para a torcida do Flamengo","og_description":"Durante uma entrevista coletiva concedida nesta segunda-feira (20 de julho), o treinador Pep Guardiola falou sobre Dom\u00e8nec Torrent.","og_url":"https:\/\/www.gaveanews.com\/index.php\/2020\/07\/20\/video-sobre-domenec-pep-guardiola-manda-recado-para-a-torcida-do-flamengo\/","og_site_name":"G\u00e1vea News","article_publisher":"https:\/\/facebook.com\/gaveaNews\/","article_published_time":"2020-07-20T22:53:12+00:00","article_modified_time":"2020-07-20T22:53:16+00:00","og_image":[{"url":"https:\/\/www.gaveanews.com\/wp-content\/uploads\/2019\/03\/Escudo-do-Flamengo-e-exposto-proximo-a-um-dos-gols-no-gramado-do-Maracana.webp","width":1,"height":1,"type":"image\/jpeg"}],"author":"Equipe G\u00e1vea News","twitter_card":"summary_large_image","twitter_misc":{"Escrito por":"Equipe G\u00e1vea News","Est. tempo de leitura":"3 minutos"},"schema":{"@context":"https:\/\/schema.org","@graph":[{"@type":"NewsArticle","@id":"https:\/\/www.gaveanews.com\/index.php\/2020\/07\/20\/video-sobre-domenec-pep-guardiola-manda-recado-para-a-torcida-do-flamengo\/#article","isPartOf":{"@id":"https:\/\/www.gaveanews.com\/index.php\/2020\/07\/20\/video-sobre-domenec-pep-guardiola-manda-recado-para-a-torcida-do-flamengo\/"},"author":{"name":"Equipe G\u00e1vea News","@id":"https:\/\/www.gaveanews.com\/#\/schema\/person\/2ec14f73fb96be2caf28f91afb14749d"},"headline":"V\u00eddeo: Sobre Dom\u00e8nec, Pep Guardiola manda recado para a torcida do Flamengo","datePublished":"2020-07-20T22:53:12+00:00","dateModified":"2020-07-20T22:53:16+00:00","mainEntityOfPage":{"@id":"https:\/\/www.gaveanews.com\/index.php\/2020\/07\/20\/video-sobre-domenec-pep-guardiola-manda-recado-para-a-torcida-do-flamengo\/"},"wordCount":607,"commentCount":15,"image":{"@id":"https:\/\/www.gaveanews.com\/index.php\/2020\/07\/20\/video-sobre-domenec-pep-guardiola-manda-recado-para-a-torcida-do-flamengo\/#primaryimage"},"thumbnailUrl":"https:\/\/www.gaveanews.com\/wp-content\/uploads\/2019\/03\/Escudo-do-Flamengo-e-exposto-proximo-a-um-dos-gols-no-gramado-do-Maracana.webp","articleSection":["V\u00eddeos"],"inLanguage":"pt-BR","potentialAction":[{"@type":"CommentAction","name":"Comment","target":["https:\/\/www.gaveanews.com\/index.php\/2020\/07\/20\/video-sobre-domenec-pep-guardiola-manda-recado-para-a-torcida-do-flamengo\/#respond"]}],"copyrightYear":"2020","copyrightHolder":{"@id":"https:\/\/www.gaveanews.com\/#organization"}},{"@type":"WebPage","@id":"https:\/\/www.gaveanews.com\/index.php\/2020\/07\/20\/video-sobre-domenec-pep-guardiola-manda-recado-para-a-torcida-do-flamengo\/","url":"https:\/\/www.gaveanews.com\/index.php\/2020\/07\/20\/video-sobre-domenec-pep-guardiola-manda-recado-para-a-torcida-do-flamengo\/","name":"Sobre Dom\u00e8nec, Pep Guardiola manda recado para a torcida do Flamengo","isPartOf":{"@id":"https:\/\/www.gaveanews.com\/#website"},"primaryImageOfPage":{"@id":"https:\/\/www.gaveanews.com\/index.php\/2020\/07\/20\/video-sobre-domenec-pep-guardiola-manda-recado-para-a-torcida-do-flamengo\/#primaryimage"},"image":{"@id":"https:\/\/www.gaveanews.com\/index.php\/2020\/07\/20\/video-sobre-domenec-pep-guardiola-manda-recado-para-a-torcida-do-flamengo\/#primaryimage"},"thumbnailUrl":"https:\/\/www.gaveanews.com\/wp-content\/uploads\/2019\/03\/Escudo-do-Flamengo-e-exposto-proximo-a-um-dos-gols-no-gramado-do-Maracana.webp","datePublished":"2020-07-20T22:53:12+00:00","dateModified":"2020-07-20T22:53:16+00:00","author":{"@id":"https:\/\/www.gaveanews.com\/#\/schema\/person\/2ec14f73fb96be2caf28f91afb14749d"},"description":"Durante uma entrevista coletiva concedida nesta segunda-feira (20 de julho), o treinador Pep Guardiola falou sobre Dom\u00e8nec Torrent.","breadcrumb":{"@id":"https:\/\/www.gaveanews.com\/index.php\/2020\/07\/20\/video-sobre-domenec-pep-guardiola-manda-recado-para-a-torcida-do-flamengo\/#breadcrumb"},"inLanguage":"pt-BR","potentialAction":[{"@type":"ReadAction","target":["https:\/\/www.gaveanews.com\/index.php\/2020\/07\/20\/video-sobre-domenec-pep-guardiola-manda-recado-para-a-torcida-do-flamengo\/"]}]},{"@type":"ImageObject","inLanguage":"pt-BR","@id":"https:\/\/www.gaveanews.com\/index.php\/2020\/07\/20\/video-sobre-domenec-pep-guardiola-manda-recado-para-a-torcida-do-flamengo\/#primaryimage","url":"https:\/\/www.gaveanews.com\/wp-content\/uploads\/2019\/03\/Escudo-do-Flamengo-e-exposto-proximo-a-um-dos-gols-no-gramado-do-Maracana.webp","contentUrl":"https:\/\/www.gaveanews.com\/wp-content\/uploads\/2019\/03\/Escudo-do-Flamengo-e-exposto-proximo-a-um-dos-gols-no-gramado-do-Maracana.webp","caption":"Escudo do Flamengo \u00e9 exposto pr\u00f3ximo a um dos gols, no gramado do Maracan\u00e3 (Foto: Daniel Castelo Branco)"},{"@type":"BreadcrumbList","@id":"https:\/\/www.gaveanews.com\/index.php\/2020\/07\/20\/video-sobre-domenec-pep-guardiola-manda-recado-para-a-torcida-do-flamengo\/#breadcrumb","itemListElement":[{"@type":"ListItem","position":1,"name":"Home","item":"https:\/\/www.gaveanews.com\/"},{"@type":"ListItem","position":2,"name":"V\u00eddeo: Sobre Dom\u00e8nec, Pep Guardiola manda recado para a torcida do Flamengo"}]},{"@type":"WebSite","@id":"https:\/\/www.gaveanews.com\/#website","url":"https:\/\/www.gaveanews.com\/","name":"G\u00e1vea News","description":"Veja todas as not\u00edcias sobre o Flamengo: Contrata\u00e7\u00f5es, categorias de base, resultados das partidas, tabela de classifica\u00e7\u00e3o, pr\u00f3ximos jogos!","potentialAction":[{"@type":"SearchAction","target":{"@type":"EntryPoint","urlTemplate":"https:\/\/www.gaveanews.com\/?s={search_term_string}"},"query-input":{"@type":"PropertyValueSpecification","valueRequired":true,"valueName":"search_term_string"}}],"inLanguage":"pt-BR"},{"@type":"Person","@id":"https:\/\/www.gaveanews.com\/#\/schema\/person\/2ec14f73fb96be2caf28f91afb14749d","name":"Equipe G\u00e1vea News","image":{"@type":"ImageObject","inLanguage":"pt-BR","@id":"https:\/\/www.gaveanews.com\/#\/schema\/person\/image\/","url":"https:\/\/secure.gravatar.com\/avatar\/1e1956f1facbffd3f8fa53a326721950116b3b9dc9bd44939c01180fd4a745a9?s=96&d=mm&r=g","contentUrl":"https:\/\/secure.gravatar.com\/avatar\/1e1956f1facbffd3f8fa53a326721950116b3b9dc9bd44939c01180fd4a745a9?s=96&d=mm&r=g","caption":"Equipe G\u00e1vea News"}}]}},"_links":{"self":[{"href":"https:\/\/www.gaveanews.com\/index.php\/wp-json\/wp\/v2\/posts\/43988","targetHints":{"allow":["GET"]}}],"collection":[{"href":"https:\/\/www.gaveanews.com\/index.php\/wp-json\/wp\/v2\/posts"}],"about":[{"href":"https:\/\/www.gaveanews.com\/index.php\/wp-json\/wp\/v2\/types\/post"}],"author":[{"embeddable":true,"href":"https:\/\/www.gaveanews.com\/index.php\/wp-json\/wp\/v2\/users\/1"}],"replies":[{"embeddable":true,"href":"https:\/\/www.gaveanews.com\/index.php\/wp-json\/wp\/v2\/comments?post=43988"}],"version-history":[{"count":0,"href":"https:\/\/www.gaveanews.com\/index.php\/wp-json\/wp\/v2\/posts\/43988\/revisions"}],"wp:featuredmedia":[{"embeddable":true,"href":"https:\/\/www.gaveanews.com\/index.php\/wp-json\/wp\/v2\/media\/15081"}],"wp:attachment":[{"href":"https:\/\/www.gaveanews.com\/index.php\/wp-json\/wp\/v2\/media?parent=43988"}],"wp:term":[{"taxonomy":"category","embeddable":true,"href":"https:\/\/www.gaveanews.com\/index.php\/wp-json\/wp\/v2\/categories?post=43988"},{"taxonomy":"post_tag","embeddable":true,"href":"https:\/\/www.gaveanews.com\/index.php\/wp-json\/wp\/v2\/tags?post=43988"}],"curies":[{"name":"wp","href":"https:\/\/api.w.org\/{rel}","templated":true}]}}