{"id":43995,"date":"2020-07-20T22:14:51","date_gmt":"2020-07-21T01:14:51","guid":{"rendered":"https:\/\/www.gaveanews.com\/?p=43995"},"modified":"2020-07-20T22:14:55","modified_gmt":"2020-07-21T01:14:55","slug":"forbes-coloca-flamengo-como-primeiro-gigante-fora-da-europa","status":"publish","type":"post","link":"https:\/\/www.gaveanews.com\/index.php\/2020\/07\/20\/forbes-coloca-flamengo-como-primeiro-gigante-fora-da-europa\/","title":{"rendered":"Forbes coloca Flamengo como primeiro gigante fora da Europa"},"content":{"rendered":"\n<p>A Forbes, uma das revistas de neg\u00f3cios e economia mais conceituadas do mundo, abordou a passagem e sa\u00edda de Jesus Jesus do Flamengo, em sua vers\u00e3o online. Mister, que teve seu desligamento com o clube anunciado na \u00faltima sexta-feira (17), foi para o Benfica, de Portugal. Um dos pontos principais abordados pela reportagem, foi a disputa do Mundial de Clubes, contra o Liverpool.<\/p>\n\n\n\n<p>Segundo a publica\u00e7\u00e3o, o Flamengo manteve um jogo taticamente e tecnicamente refinado contra os ingleses, deixando espa\u00e7o suficiente para a \u2018auto-express\u00e3o\u2019 mesmo com a derrota por 1 a 0. Conhecido por sua \u2018Na\u00e7\u00e3o\u2019 de apaixonado, a Forbes destacou a for\u00e7a da torcida rubro-negra e dos t\u00edtulos conquistados para que a Europa pudesse, enfim, passar a perceber e a reconhecer a equipe da G\u00e1vea como \u201co primeiro superclube fora do Velho Continente\u201d.<\/p>\n\n\n\n<p>\u201cNa final da Copa do Mundo de Clubes, eles se enfrentaram com o Liverpool, mantendo um jogo que era taticamente e tecnicamente refinado, mas que deixava espa\u00e7o suficiente para a auto-express\u00e3o. Com mais de 40 milh\u00f5es de f\u00e3s e uma grande sala de trof\u00e9us, a Europa come\u00e7ou a perceber: os brasileiros poderiam se tornar o primeiro super clube fora do Velho Continente?\u201d, questionou a reportagem.<\/p>\n\n\n\n<p>Al\u00e9m disso, a revista falou que Jorge Jesus garantiu sua vaga no \u2018pante\u00e3o\u2019 dos deuses do futebol no Mais Querido, ap\u00f3s tantas conquistas e t\u00edtulos. O portal exaltou o feito de Mister no clube da G\u00e1vea:<\/p>\n\n\n\n<p>\u201cO treinador portugu\u00eas transformou um clube que h\u00e1 muito era assombrado por seu passado e pelos auge do lend\u00e1rio Zico nos anos 80. Jesus, no entanto, era grande o suficiente para o Flamengo, o clube das massas do Brasil, por sua mitologia e por sua obsess\u00e3o patol\u00f3gica pela vit\u00f3ria\u201d, disse.<\/p>\n\n\n\n<p>O futebol rubro-negro foi definido como \u201cmoderno\u201d, \u201cfinalmente entrando na era do coletivo de alta press\u00e3o\u201d, nas palavras da revista.<\/p>\n\n\n\n<p>\u201cA defesa (de Jesus) jogou em linha alta, seu time queria a posse e atacava. Esses elementos deveriam ser claros no futebol moderno, onde os tr\u00eas P\u2019s, posse, press\u00e3o e posicionamento, est\u00e3o na moda, mas n\u00e3o no contexto brasileiro\u201d.<\/p>\n\n\n\n<p>Entre os jogadores, a Forbes destacou a parceria de Gabigol com Bruno Henrique e colocou o zagueiro espanhol Pablo Mari como \u201cchave para o sucesso da forma\u00e7\u00e3o do Flamengo\u201d. A final do Mundial de Clubes, derrota por 1 a 0 para o Liverpool, na prorroga\u00e7\u00e3o, \u00e9 outro destaque.<\/p>\n\n\n\n<h2 class=\"wp-block-heading\">Temporada de 2020<\/h2>\n\n\n\n<p>\u00c9 ent\u00e3o que a Forbes faz um contraponto ao ano m\u00e1gico vivido pelo Flamengo em 2019, com o t\u00edtulo do Campeonato Brasileiro e da Copa Libertadores. A come\u00e7ar pelo Maracan\u00e3, \u201cque j\u00e1 n\u00e3o estava mais em festa\u201d, transformado em hospital de campanha contra a COVID-19.<\/p>\n\n\n\n<p>Mas as d\u00favidas tamb\u00e9m est\u00e3o dentro de campo na vis\u00e3o da revista, apesar do t\u00edtulo do Campeonato Carioca. \u201cA sa\u00edda de Mari para o Arsenal alterou a din\u00e2mica de todo o time\u201d, escreve. Na an\u00e1lise, os substitutos L\u00e9o Pereira e Gustavo Henrique n\u00e3o t\u00eam \u201ca mesma velocidade\u201d, e o \u201cjogo de passe do Flamengo est\u00e1 mais lento como consequ\u00eancia\u201d.<\/p>\n\n\n\n<p>Pouco mais de um m\u00eas ap\u00f3s a renova\u00e7\u00e3o contratual com o Flamengo, o t\u00e9cnico Jorge Jesus decidiu deixar o Rubro-Negro para voltar ao Benfica, clube de seu pa\u00eds de origem. Com 13 meses de trabalho, o comandante deixou o Mais Querido com mais t\u00edtulos do que derrotas. Foram tr\u00eas conquistas: Campeonato Brasileiro e Libertadores da Am\u00e9rica, ambos em 2019, e Supercopa do Brasil, Recopa Sul-Americana e Campeonato Carioca, todos em 2020.<\/p>\n\n\n\n<p>A sa\u00edda \u2013 \u201celegante\u201d na defini\u00e7\u00e3o da Forbes \u2013 de Jesus para o Benfica aumenta as d\u00favidas; \u201cOs t\u00e9cnicos brasileiros v\u00e3o seguir a filosofia de jogo do portugu\u00eas? O Flamengo pode seguir no caminho de se tornar uma pe\u00e7a global entre os clubes de futebol?\u201d, questiona.<\/p>\n\n\n\n<p>\u201cA austeridade durante o per\u00edodo do presidente Eduardo Bandeira de Mello beneficiou muito o Flamengo, mas estabelecer uma hegemonia no futebol brasileiro \u00e9 dif\u00edcil. Nunca houve um Bayern de Munique ou Juventus no Brasil. Antes, Palmeiras e S\u00e3o Paulo falharam em sustentar sua superioridade quando em modos vencedores. Por que o Flamengo seria diferente?\u201d<\/p>\n\n\n\n<p>Sobre o sucessor de Jesus, a revista aposta em \u201cum longo caminho para definir a dire\u00e7\u00e3o do clube\u201d.<\/p>\n\n\n\n<p>\u201cO campe\u00e3o brasileiro precisa de um novo homem milagroso para repetir os triunfos de Jesus e cultivar uma filosofia progressiva. Voltar atr\u00e1s e apontar um \u2018medalh\u00e3o\u2019 brasileiro n\u00e3o \u00e9 uma op\u00e7\u00e3o. Para competir no mais alto n\u00edvel, o Flamengo simplesmente precisa continuar absorvendo novas ideias\u201d, encerra a publica\u00e7\u00e3o.<\/p>\n\n\n\n<p>Retirado de: ESPN<\/p>\n","protected":false},"excerpt":{"rendered":"<p>A Forbes, uma das revistas de neg\u00f3cios e economia mais conceituadas do mundo, abordou a passagem e sa\u00edda de Jesus Jesus do Flamengo, em sua vers\u00e3o online. Mister, que teve seu desligamento com o clube anunciado na \u00faltima sexta-feira (17), foi para o Benfica, de Portugal. Um dos pontos principais abordados pela reportagem, foi a [&hellip;]<\/p>\n","protected":false},"author":1,"featured_media":15081,"comment_status":"open","ping_status":"closed","sticky":false,"template":"","format":"standard","meta":{"footnotes":""},"categories":[47],"tags":[],"class_list":["post-43995","post","type-post","status-publish","format-standard","has-post-thumbnail","hentry","category-destaques"],"yoast_head":"<!-- This site is optimized with the Yoast SEO Premium plugin v24.2 (Yoast SEO v26.9) - https:\/\/yoast.com\/product\/yoast-seo-premium-wordpress\/ -->\n<title>Forbes coloca Flamengo como primeiro gigante fora da Europa<\/title>\n<meta name=\"description\" content=\"O futebol rubro-negro foi definido como \u201cmoderno\u201d, \u201cfinalmente entrando na era do coletivo de alta press\u00e3o\u201d, nas palavras da revista.\" \/>\n<meta name=\"robots\" content=\"index, follow, max-snippet:-1, max-image-preview:large, max-video-preview:-1\" \/>\n<link rel=\"canonical\" href=\"https:\/\/www.gaveanews.com\/index.php\/2020\/07\/20\/forbes-coloca-flamengo-como-primeiro-gigante-fora-da-europa\/\" \/>\n<meta property=\"og:locale\" content=\"pt_BR\" \/>\n<meta property=\"og:type\" content=\"article\" \/>\n<meta property=\"og:title\" content=\"Forbes coloca Flamengo como primeiro gigante fora da Europa\" \/>\n<meta property=\"og:description\" content=\"O futebol rubro-negro foi definido como \u201cmoderno\u201d, \u201cfinalmente entrando na era do coletivo de alta press\u00e3o\u201d, nas palavras da revista.\" \/>\n<meta property=\"og:url\" content=\"https:\/\/www.gaveanews.com\/index.php\/2020\/07\/20\/forbes-coloca-flamengo-como-primeiro-gigante-fora-da-europa\/\" \/>\n<meta property=\"og:site_name\" content=\"G\u00e1vea News\" \/>\n<meta property=\"article:publisher\" content=\"https:\/\/facebook.com\/gaveaNews\/\" \/>\n<meta property=\"article:published_time\" content=\"2020-07-21T01:14:51+00:00\" \/>\n<meta property=\"article:modified_time\" content=\"2020-07-21T01:14:55+00:00\" \/>\n<meta property=\"og:image\" content=\"https:\/\/www.gaveanews.com\/wp-content\/uploads\/2019\/03\/Escudo-do-Flamengo-e-exposto-proximo-a-um-dos-gols-no-gramado-do-Maracana.webp\" \/>\n\t<meta property=\"og:image:width\" content=\"1\" \/>\n\t<meta property=\"og:image:height\" content=\"1\" \/>\n\t<meta property=\"og:image:type\" content=\"image\/jpeg\" \/>\n<meta name=\"author\" content=\"Equipe G\u00e1vea News\" \/>\n<meta name=\"twitter:card\" content=\"summary_large_image\" \/>\n<meta name=\"twitter:label1\" content=\"Escrito por\" \/>\n\t<meta name=\"twitter:data1\" content=\"Equipe G\u00e1vea News\" \/>\n\t<meta name=\"twitter:label2\" content=\"Est. tempo de leitura\" \/>\n\t<meta name=\"twitter:data2\" content=\"4 minutos\" \/>\n<script type=\"application\/ld+json\" class=\"yoast-schema-graph\">{\"@context\":\"https:\/\/schema.org\",\"@graph\":[{\"@type\":\"NewsArticle\",\"@id\":\"https:\/\/www.gaveanews.com\/index.php\/2020\/07\/20\/forbes-coloca-flamengo-como-primeiro-gigante-fora-da-europa\/#article\",\"isPartOf\":{\"@id\":\"https:\/\/www.gaveanews.com\/index.php\/2020\/07\/20\/forbes-coloca-flamengo-como-primeiro-gigante-fora-da-europa\/\"},\"author\":{\"name\":\"Equipe G\u00e1vea News\",\"@id\":\"https:\/\/www.gaveanews.com\/#\/schema\/person\/2ec14f73fb96be2caf28f91afb14749d\"},\"headline\":\"Forbes coloca Flamengo como primeiro gigante fora da Europa\",\"datePublished\":\"2020-07-21T01:14:51+00:00\",\"dateModified\":\"2020-07-21T01:14:55+00:00\",\"mainEntityOfPage\":{\"@id\":\"https:\/\/www.gaveanews.com\/index.php\/2020\/07\/20\/forbes-coloca-flamengo-como-primeiro-gigante-fora-da-europa\/\"},\"wordCount\":807,\"commentCount\":4,\"image\":{\"@id\":\"https:\/\/www.gaveanews.com\/index.php\/2020\/07\/20\/forbes-coloca-flamengo-como-primeiro-gigante-fora-da-europa\/#primaryimage\"},\"thumbnailUrl\":\"https:\/\/www.gaveanews.com\/wp-content\/uploads\/2019\/03\/Escudo-do-Flamengo-e-exposto-proximo-a-um-dos-gols-no-gramado-do-Maracana.webp\",\"articleSection\":[\"Destaques\"],\"inLanguage\":\"pt-BR\",\"potentialAction\":[{\"@type\":\"CommentAction\",\"name\":\"Comment\",\"target\":[\"https:\/\/www.gaveanews.com\/index.php\/2020\/07\/20\/forbes-coloca-flamengo-como-primeiro-gigante-fora-da-europa\/#respond\"]}],\"copyrightYear\":\"2020\",\"copyrightHolder\":{\"@id\":\"https:\/\/www.gaveanews.com\/#organization\"}},{\"@type\":\"WebPage\",\"@id\":\"https:\/\/www.gaveanews.com\/index.php\/2020\/07\/20\/forbes-coloca-flamengo-como-primeiro-gigante-fora-da-europa\/\",\"url\":\"https:\/\/www.gaveanews.com\/index.php\/2020\/07\/20\/forbes-coloca-flamengo-como-primeiro-gigante-fora-da-europa\/\",\"name\":\"Forbes coloca Flamengo como primeiro gigante fora da Europa\",\"isPartOf\":{\"@id\":\"https:\/\/www.gaveanews.com\/#website\"},\"primaryImageOfPage\":{\"@id\":\"https:\/\/www.gaveanews.com\/index.php\/2020\/07\/20\/forbes-coloca-flamengo-como-primeiro-gigante-fora-da-europa\/#primaryimage\"},\"image\":{\"@id\":\"https:\/\/www.gaveanews.com\/index.php\/2020\/07\/20\/forbes-coloca-flamengo-como-primeiro-gigante-fora-da-europa\/#primaryimage\"},\"thumbnailUrl\":\"https:\/\/www.gaveanews.com\/wp-content\/uploads\/2019\/03\/Escudo-do-Flamengo-e-exposto-proximo-a-um-dos-gols-no-gramado-do-Maracana.webp\",\"datePublished\":\"2020-07-21T01:14:51+00:00\",\"dateModified\":\"2020-07-21T01:14:55+00:00\",\"author\":{\"@id\":\"https:\/\/www.gaveanews.com\/#\/schema\/person\/2ec14f73fb96be2caf28f91afb14749d\"},\"description\":\"O futebol rubro-negro foi definido como \u201cmoderno\u201d, \u201cfinalmente entrando na era do coletivo de alta press\u00e3o\u201d, nas palavras da revista.\",\"breadcrumb\":{\"@id\":\"https:\/\/www.gaveanews.com\/index.php\/2020\/07\/20\/forbes-coloca-flamengo-como-primeiro-gigante-fora-da-europa\/#breadcrumb\"},\"inLanguage\":\"pt-BR\",\"potentialAction\":[{\"@type\":\"ReadAction\",\"target\":[\"https:\/\/www.gaveanews.com\/index.php\/2020\/07\/20\/forbes-coloca-flamengo-como-primeiro-gigante-fora-da-europa\/\"]}]},{\"@type\":\"ImageObject\",\"inLanguage\":\"pt-BR\",\"@id\":\"https:\/\/www.gaveanews.com\/index.php\/2020\/07\/20\/forbes-coloca-flamengo-como-primeiro-gigante-fora-da-europa\/#primaryimage\",\"url\":\"https:\/\/www.gaveanews.com\/wp-content\/uploads\/2019\/03\/Escudo-do-Flamengo-e-exposto-proximo-a-um-dos-gols-no-gramado-do-Maracana.webp\",\"contentUrl\":\"https:\/\/www.gaveanews.com\/wp-content\/uploads\/2019\/03\/Escudo-do-Flamengo-e-exposto-proximo-a-um-dos-gols-no-gramado-do-Maracana.webp\",\"caption\":\"Escudo do Flamengo \u00e9 exposto pr\u00f3ximo a um dos gols, no gramado do Maracan\u00e3 (Foto: Daniel Castelo Branco)\"},{\"@type\":\"BreadcrumbList\",\"@id\":\"https:\/\/www.gaveanews.com\/index.php\/2020\/07\/20\/forbes-coloca-flamengo-como-primeiro-gigante-fora-da-europa\/#breadcrumb\",\"itemListElement\":[{\"@type\":\"ListItem\",\"position\":1,\"name\":\"Home\",\"item\":\"https:\/\/www.gaveanews.com\/\"},{\"@type\":\"ListItem\",\"position\":2,\"name\":\"Forbes coloca Flamengo como primeiro gigante fora da Europa\"}]},{\"@type\":\"WebSite\",\"@id\":\"https:\/\/www.gaveanews.com\/#website\",\"url\":\"https:\/\/www.gaveanews.com\/\",\"name\":\"G\u00e1vea News\",\"description\":\"Veja todas as not\u00edcias sobre o Flamengo: Contrata\u00e7\u00f5es, categorias de base, resultados das partidas, tabela de classifica\u00e7\u00e3o, pr\u00f3ximos jogos!\",\"potentialAction\":[{\"@type\":\"SearchAction\",\"target\":{\"@type\":\"EntryPoint\",\"urlTemplate\":\"https:\/\/www.gaveanews.com\/?s={search_term_string}\"},\"query-input\":{\"@type\":\"PropertyValueSpecification\",\"valueRequired\":true,\"valueName\":\"search_term_string\"}}],\"inLanguage\":\"pt-BR\"},{\"@type\":\"Person\",\"@id\":\"https:\/\/www.gaveanews.com\/#\/schema\/person\/2ec14f73fb96be2caf28f91afb14749d\",\"name\":\"Equipe G\u00e1vea News\",\"image\":{\"@type\":\"ImageObject\",\"inLanguage\":\"pt-BR\",\"@id\":\"https:\/\/www.gaveanews.com\/#\/schema\/person\/image\/\",\"url\":\"https:\/\/secure.gravatar.com\/avatar\/1e1956f1facbffd3f8fa53a326721950116b3b9dc9bd44939c01180fd4a745a9?s=96&d=mm&r=g\",\"contentUrl\":\"https:\/\/secure.gravatar.com\/avatar\/1e1956f1facbffd3f8fa53a326721950116b3b9dc9bd44939c01180fd4a745a9?s=96&d=mm&r=g\",\"caption\":\"Equipe G\u00e1vea News\"}}]}<\/script>\n<!-- \/ Yoast SEO Premium plugin. -->","yoast_head_json":{"title":"Forbes coloca Flamengo como primeiro gigante fora da Europa","description":"O futebol rubro-negro foi definido como \u201cmoderno\u201d, \u201cfinalmente entrando na era do coletivo de alta press\u00e3o\u201d, nas palavras da revista.","robots":{"index":"index","follow":"follow","max-snippet":"max-snippet:-1","max-image-preview":"max-image-preview:large","max-video-preview":"max-video-preview:-1"},"canonical":"https:\/\/www.gaveanews.com\/index.php\/2020\/07\/20\/forbes-coloca-flamengo-como-primeiro-gigante-fora-da-europa\/","og_locale":"pt_BR","og_type":"article","og_title":"Forbes coloca Flamengo como primeiro gigante fora da Europa","og_description":"O futebol rubro-negro foi definido como \u201cmoderno\u201d, \u201cfinalmente entrando na era do coletivo de alta press\u00e3o\u201d, nas palavras da revista.","og_url":"https:\/\/www.gaveanews.com\/index.php\/2020\/07\/20\/forbes-coloca-flamengo-como-primeiro-gigante-fora-da-europa\/","og_site_name":"G\u00e1vea News","article_publisher":"https:\/\/facebook.com\/gaveaNews\/","article_published_time":"2020-07-21T01:14:51+00:00","article_modified_time":"2020-07-21T01:14:55+00:00","og_image":[{"url":"https:\/\/www.gaveanews.com\/wp-content\/uploads\/2019\/03\/Escudo-do-Flamengo-e-exposto-proximo-a-um-dos-gols-no-gramado-do-Maracana.webp","width":1,"height":1,"type":"image\/jpeg"}],"author":"Equipe G\u00e1vea News","twitter_card":"summary_large_image","twitter_misc":{"Escrito por":"Equipe G\u00e1vea News","Est. tempo de leitura":"4 minutos"},"schema":{"@context":"https:\/\/schema.org","@graph":[{"@type":"NewsArticle","@id":"https:\/\/www.gaveanews.com\/index.php\/2020\/07\/20\/forbes-coloca-flamengo-como-primeiro-gigante-fora-da-europa\/#article","isPartOf":{"@id":"https:\/\/www.gaveanews.com\/index.php\/2020\/07\/20\/forbes-coloca-flamengo-como-primeiro-gigante-fora-da-europa\/"},"author":{"name":"Equipe G\u00e1vea News","@id":"https:\/\/www.gaveanews.com\/#\/schema\/person\/2ec14f73fb96be2caf28f91afb14749d"},"headline":"Forbes coloca Flamengo como primeiro gigante fora da Europa","datePublished":"2020-07-21T01:14:51+00:00","dateModified":"2020-07-21T01:14:55+00:00","mainEntityOfPage":{"@id":"https:\/\/www.gaveanews.com\/index.php\/2020\/07\/20\/forbes-coloca-flamengo-como-primeiro-gigante-fora-da-europa\/"},"wordCount":807,"commentCount":4,"image":{"@id":"https:\/\/www.gaveanews.com\/index.php\/2020\/07\/20\/forbes-coloca-flamengo-como-primeiro-gigante-fora-da-europa\/#primaryimage"},"thumbnailUrl":"https:\/\/www.gaveanews.com\/wp-content\/uploads\/2019\/03\/Escudo-do-Flamengo-e-exposto-proximo-a-um-dos-gols-no-gramado-do-Maracana.webp","articleSection":["Destaques"],"inLanguage":"pt-BR","potentialAction":[{"@type":"CommentAction","name":"Comment","target":["https:\/\/www.gaveanews.com\/index.php\/2020\/07\/20\/forbes-coloca-flamengo-como-primeiro-gigante-fora-da-europa\/#respond"]}],"copyrightYear":"2020","copyrightHolder":{"@id":"https:\/\/www.gaveanews.com\/#organization"}},{"@type":"WebPage","@id":"https:\/\/www.gaveanews.com\/index.php\/2020\/07\/20\/forbes-coloca-flamengo-como-primeiro-gigante-fora-da-europa\/","url":"https:\/\/www.gaveanews.com\/index.php\/2020\/07\/20\/forbes-coloca-flamengo-como-primeiro-gigante-fora-da-europa\/","name":"Forbes coloca Flamengo como primeiro gigante fora da Europa","isPartOf":{"@id":"https:\/\/www.gaveanews.com\/#website"},"primaryImageOfPage":{"@id":"https:\/\/www.gaveanews.com\/index.php\/2020\/07\/20\/forbes-coloca-flamengo-como-primeiro-gigante-fora-da-europa\/#primaryimage"},"image":{"@id":"https:\/\/www.gaveanews.com\/index.php\/2020\/07\/20\/forbes-coloca-flamengo-como-primeiro-gigante-fora-da-europa\/#primaryimage"},"thumbnailUrl":"https:\/\/www.gaveanews.com\/wp-content\/uploads\/2019\/03\/Escudo-do-Flamengo-e-exposto-proximo-a-um-dos-gols-no-gramado-do-Maracana.webp","datePublished":"2020-07-21T01:14:51+00:00","dateModified":"2020-07-21T01:14:55+00:00","author":{"@id":"https:\/\/www.gaveanews.com\/#\/schema\/person\/2ec14f73fb96be2caf28f91afb14749d"},"description":"O futebol rubro-negro foi definido como \u201cmoderno\u201d, \u201cfinalmente entrando na era do coletivo de alta press\u00e3o\u201d, nas palavras da revista.","breadcrumb":{"@id":"https:\/\/www.gaveanews.com\/index.php\/2020\/07\/20\/forbes-coloca-flamengo-como-primeiro-gigante-fora-da-europa\/#breadcrumb"},"inLanguage":"pt-BR","potentialAction":[{"@type":"ReadAction","target":["https:\/\/www.gaveanews.com\/index.php\/2020\/07\/20\/forbes-coloca-flamengo-como-primeiro-gigante-fora-da-europa\/"]}]},{"@type":"ImageObject","inLanguage":"pt-BR","@id":"https:\/\/www.gaveanews.com\/index.php\/2020\/07\/20\/forbes-coloca-flamengo-como-primeiro-gigante-fora-da-europa\/#primaryimage","url":"https:\/\/www.gaveanews.com\/wp-content\/uploads\/2019\/03\/Escudo-do-Flamengo-e-exposto-proximo-a-um-dos-gols-no-gramado-do-Maracana.webp","contentUrl":"https:\/\/www.gaveanews.com\/wp-content\/uploads\/2019\/03\/Escudo-do-Flamengo-e-exposto-proximo-a-um-dos-gols-no-gramado-do-Maracana.webp","caption":"Escudo do Flamengo \u00e9 exposto pr\u00f3ximo a um dos gols, no gramado do Maracan\u00e3 (Foto: Daniel Castelo Branco)"},{"@type":"BreadcrumbList","@id":"https:\/\/www.gaveanews.com\/index.php\/2020\/07\/20\/forbes-coloca-flamengo-como-primeiro-gigante-fora-da-europa\/#breadcrumb","itemListElement":[{"@type":"ListItem","position":1,"name":"Home","item":"https:\/\/www.gaveanews.com\/"},{"@type":"ListItem","position":2,"name":"Forbes coloca Flamengo como primeiro gigante fora da Europa"}]},{"@type":"WebSite","@id":"https:\/\/www.gaveanews.com\/#website","url":"https:\/\/www.gaveanews.com\/","name":"G\u00e1vea News","description":"Veja todas as not\u00edcias sobre o Flamengo: Contrata\u00e7\u00f5es, categorias de base, resultados das partidas, tabela de classifica\u00e7\u00e3o, pr\u00f3ximos jogos!","potentialAction":[{"@type":"SearchAction","target":{"@type":"EntryPoint","urlTemplate":"https:\/\/www.gaveanews.com\/?s={search_term_string}"},"query-input":{"@type":"PropertyValueSpecification","valueRequired":true,"valueName":"search_term_string"}}],"inLanguage":"pt-BR"},{"@type":"Person","@id":"https:\/\/www.gaveanews.com\/#\/schema\/person\/2ec14f73fb96be2caf28f91afb14749d","name":"Equipe G\u00e1vea News","image":{"@type":"ImageObject","inLanguage":"pt-BR","@id":"https:\/\/www.gaveanews.com\/#\/schema\/person\/image\/","url":"https:\/\/secure.gravatar.com\/avatar\/1e1956f1facbffd3f8fa53a326721950116b3b9dc9bd44939c01180fd4a745a9?s=96&d=mm&r=g","contentUrl":"https:\/\/secure.gravatar.com\/avatar\/1e1956f1facbffd3f8fa53a326721950116b3b9dc9bd44939c01180fd4a745a9?s=96&d=mm&r=g","caption":"Equipe G\u00e1vea News"}}]}},"_links":{"self":[{"href":"https:\/\/www.gaveanews.com\/index.php\/wp-json\/wp\/v2\/posts\/43995","targetHints":{"allow":["GET"]}}],"collection":[{"href":"https:\/\/www.gaveanews.com\/index.php\/wp-json\/wp\/v2\/posts"}],"about":[{"href":"https:\/\/www.gaveanews.com\/index.php\/wp-json\/wp\/v2\/types\/post"}],"author":[{"embeddable":true,"href":"https:\/\/www.gaveanews.com\/index.php\/wp-json\/wp\/v2\/users\/1"}],"replies":[{"embeddable":true,"href":"https:\/\/www.gaveanews.com\/index.php\/wp-json\/wp\/v2\/comments?post=43995"}],"version-history":[{"count":0,"href":"https:\/\/www.gaveanews.com\/index.php\/wp-json\/wp\/v2\/posts\/43995\/revisions"}],"wp:featuredmedia":[{"embeddable":true,"href":"https:\/\/www.gaveanews.com\/index.php\/wp-json\/wp\/v2\/media\/15081"}],"wp:attachment":[{"href":"https:\/\/www.gaveanews.com\/index.php\/wp-json\/wp\/v2\/media?parent=43995"}],"wp:term":[{"taxonomy":"category","embeddable":true,"href":"https:\/\/www.gaveanews.com\/index.php\/wp-json\/wp\/v2\/categories?post=43995"},{"taxonomy":"post_tag","embeddable":true,"href":"https:\/\/www.gaveanews.com\/index.php\/wp-json\/wp\/v2\/tags?post=43995"}],"curies":[{"name":"wp","href":"https:\/\/api.w.org\/{rel}","templated":true}]}}