{"id":43997,"date":"2020-07-20T22:56:14","date_gmt":"2020-07-21T01:56:14","guid":{"rendered":"https:\/\/www.gaveanews.com\/?p=43997"},"modified":"2020-07-20T23:01:41","modified_gmt":"2020-07-21T02:01:41","slug":"video-emocionado-jorge-jesus-se-despede-do-flamengo","status":"publish","type":"post","link":"https:\/\/www.gaveanews.com\/index.php\/2020\/07\/20\/video-emocionado-jorge-jesus-se-despede-do-flamengo\/","title":{"rendered":"V\u00eddeo: Emocionado, Jorge Jesus se despede do Flamengo"},"content":{"rendered":"\n<p>Jorge Jesus at\u00e9 tentou, mas n\u00e3o conseguiu segurar a emo\u00e7\u00e3o em sua despedida do Flamengo. No fim do almo\u00e7o desta segunda-feira, reunido com a comiss\u00e3o t\u00e9cnica e do elenco rubro-negro, o Mister, abra\u00e7ado a Everton Ribeiro e Rafinha, fez um \u00faltimo discurso, onde exaltou o clube e a sua estrutura.<\/p>\n\n\n\n<p>\u2014 Vamos ver se eu consigo aguentar, porque sou muito sentimental. Voc\u00eas s\u00e3o um grupo maravilhoso, mas s\u00e3o um grupo maravilhoso porque voc\u00eas est\u00e3o em um clube maravilhoso. N\u00e3o \u00e9 s\u00f3 os jogadores que contam, n\u00e3o \u00e9 s\u00f3 o treinador que conta. Toda estrutura que rodeia este o clube o p\u00f5e no caminho certo, para ningu\u00e9m mais par\u00e1-lo. Voc\u00eas s\u00e3o a mola real do clube, \u00e9 verdade, mas isso s\u00f3 se consegue com o trabalho de muita gente. Aqui est\u00e1 uma demonstra\u00e7\u00e3o do que \u00e9 e o que ser\u00e1 este clube no futuro. Ningu\u00e9m vai parar mais o Flamengo, porque o Flamengo \u00e9 impar\u00e1vel.<\/p>\n\n\n\n<p>Nesta segunda-feira, Jorge Jesus e seus auxiliares foram ao CT pela \u00faltima vez antes de retornarem a Portugal, em um almo\u00e7o com muito samba e churrasco. Do lado de fora do Ninho do Urubu, alguns torcedores marcaram presen\u00e7a e homenagearam Jorge Jesus. Uma bandeira com o rosto do t\u00e9cnico foi exposta.<\/p>\n\n\n\n<figure class=\"wp-block-embed-twitter wp-block-embed is-type-rich is-provider-twitter\"><div class=\"wp-block-embed__wrapper\">\nhttps:\/\/twitter.com\/gavea_news\/status\/1285392743284510720\n<\/div><\/figure>\n\n\n\n<p>O discurso de despedida foi publicado em sua conta pessoal no Instagram. Na rede social, o Mister tamb\u00e9m publicou um pequeno v\u00eddeo de uma parte do almo\u00e7o. Durante o dia, alguns jogadores homenagearam o treinador com imagens da confraterniza\u00e7\u00e3o e textos de despedida.<\/p>\n\n\n\n<p>Ap\u00f3s as despedidas, Jorge Jesus e seus seis auxiliares embarcaram na noite desta segunda-feira para Portugal, num v\u00f4o fretado pelo presidente do Benfica, Luis Filipe Vieira. O t\u00e9cnico assinar\u00e1 contrato de tr\u00eas anos com o clube <\/p>\n\n\n\n<figure class=\"wp-block-image size-large\"><img decoding=\"async\" src=\"https:\/\/www.futebolnaveia.com.br\/wp\/wp-content\/uploads\/2020\/07\/Jorge-Jesus-1.webp\" alt=\"\"\/><\/figure>\n\n\n\n<p>O Mister deixa o Flamengo ap\u00f3s um pouco mais de ano, com cinco t\u00edtulos conquistados: Libertadores de 2019, Campeonato Brasileiro de 2019, Supercopa do Brasil de 2020, Recopa Sul-Americana de 2020 e Campeonato Carioca de 2020.<\/p>\n\n\n\n<p>Retirado de: Lance<\/p>\n","protected":false},"excerpt":{"rendered":"<p>Jorge Jesus at\u00e9 tentou, mas n\u00e3o conseguiu segurar a emo\u00e7\u00e3o em sua despedida do Flamengo. No fim do almo\u00e7o desta segunda-feira, reunido com a comiss\u00e3o t\u00e9cnica e do elenco rubro-negro, o Mister, abra\u00e7ado a Everton Ribeiro e Rafinha, fez um \u00faltimo discurso, onde exaltou o clube e a sua estrutura. \u2014 Vamos ver se eu [&hellip;]<\/p>\n","protected":false},"author":1,"featured_media":28884,"comment_status":"open","ping_status":"closed","sticky":false,"template":"","format":"standard","meta":{"footnotes":""},"categories":[47],"tags":[],"class_list":["post-43997","post","type-post","status-publish","format-standard","has-post-thumbnail","hentry","category-destaques"],"yoast_head":"<!-- This site is optimized with the Yoast SEO Premium plugin v24.2 (Yoast SEO v26.9) - https:\/\/yoast.com\/product\/yoast-seo-premium-wordpress\/ -->\n<title>V\u00eddeo: Emocionado, Jorge Jesus se despede do Flamengo<\/title>\n<meta name=\"description\" content=\"No fim do almo\u00e7o desta segunda-feira (20 de julho), Jorge Jesus fez um \u00faltimo discurso, onde exaltou o clube e a sua estrutura.\" \/>\n<meta name=\"robots\" content=\"index, follow, max-snippet:-1, max-image-preview:large, max-video-preview:-1\" \/>\n<link rel=\"canonical\" href=\"https:\/\/www.gaveanews.com\/index.php\/2020\/07\/20\/video-emocionado-jorge-jesus-se-despede-do-flamengo\/\" \/>\n<meta property=\"og:locale\" content=\"pt_BR\" \/>\n<meta property=\"og:type\" content=\"article\" \/>\n<meta property=\"og:title\" content=\"V\u00eddeo: Emocionado, Jorge Jesus se despede do Flamengo\" \/>\n<meta property=\"og:description\" content=\"No fim do almo\u00e7o desta segunda-feira (20 de julho), Jorge Jesus fez um \u00faltimo discurso, onde exaltou o clube e a sua estrutura.\" \/>\n<meta property=\"og:url\" content=\"https:\/\/www.gaveanews.com\/index.php\/2020\/07\/20\/video-emocionado-jorge-jesus-se-despede-do-flamengo\/\" \/>\n<meta property=\"og:site_name\" content=\"G\u00e1vea News\" \/>\n<meta property=\"article:publisher\" content=\"https:\/\/facebook.com\/gaveaNews\/\" \/>\n<meta property=\"article:published_time\" content=\"2020-07-21T01:56:14+00:00\" \/>\n<meta property=\"article:modified_time\" content=\"2020-07-21T02:01:41+00:00\" \/>\n<meta property=\"og:image\" content=\"https:\/\/www.gaveanews.com\/wp-content\/uploads\/Treinador-Jorge-Jesus-durante-uma-partida-do-Flamengo.webp\" \/>\n\t<meta property=\"og:image:width\" content=\"900\" \/>\n\t<meta property=\"og:image:height\" content=\"600\" \/>\n\t<meta property=\"og:image:type\" content=\"image\/jpeg\" \/>\n<meta name=\"author\" content=\"Equipe G\u00e1vea News\" \/>\n<meta name=\"twitter:card\" content=\"summary_large_image\" \/>\n<meta name=\"twitter:label1\" content=\"Escrito por\" \/>\n\t<meta name=\"twitter:data1\" content=\"Equipe G\u00e1vea News\" \/>\n\t<meta name=\"twitter:label2\" content=\"Est. tempo de leitura\" \/>\n\t<meta name=\"twitter:data2\" content=\"2 minutos\" \/>\n<script type=\"application\/ld+json\" class=\"yoast-schema-graph\">{\"@context\":\"https:\/\/schema.org\",\"@graph\":[{\"@type\":\"NewsArticle\",\"@id\":\"https:\/\/www.gaveanews.com\/index.php\/2020\/07\/20\/video-emocionado-jorge-jesus-se-despede-do-flamengo\/#article\",\"isPartOf\":{\"@id\":\"https:\/\/www.gaveanews.com\/index.php\/2020\/07\/20\/video-emocionado-jorge-jesus-se-despede-do-flamengo\/\"},\"author\":{\"name\":\"Equipe G\u00e1vea News\",\"@id\":\"https:\/\/www.gaveanews.com\/#\/schema\/person\/2ec14f73fb96be2caf28f91afb14749d\"},\"headline\":\"V\u00eddeo: Emocionado, Jorge Jesus se despede do Flamengo\",\"datePublished\":\"2020-07-21T01:56:14+00:00\",\"dateModified\":\"2020-07-21T02:01:41+00:00\",\"mainEntityOfPage\":{\"@id\":\"https:\/\/www.gaveanews.com\/index.php\/2020\/07\/20\/video-emocionado-jorge-jesus-se-despede-do-flamengo\/\"},\"wordCount\":361,\"commentCount\":8,\"image\":{\"@id\":\"https:\/\/www.gaveanews.com\/index.php\/2020\/07\/20\/video-emocionado-jorge-jesus-se-despede-do-flamengo\/#primaryimage\"},\"thumbnailUrl\":\"https:\/\/www.gaveanews.com\/wp-content\/uploads\/Treinador-Jorge-Jesus-durante-uma-partida-do-Flamengo.webp\",\"articleSection\":[\"Destaques\"],\"inLanguage\":\"pt-BR\",\"potentialAction\":[{\"@type\":\"CommentAction\",\"name\":\"Comment\",\"target\":[\"https:\/\/www.gaveanews.com\/index.php\/2020\/07\/20\/video-emocionado-jorge-jesus-se-despede-do-flamengo\/#respond\"]}],\"copyrightYear\":\"2020\",\"copyrightHolder\":{\"@id\":\"https:\/\/www.gaveanews.com\/#organization\"}},{\"@type\":\"WebPage\",\"@id\":\"https:\/\/www.gaveanews.com\/index.php\/2020\/07\/20\/video-emocionado-jorge-jesus-se-despede-do-flamengo\/\",\"url\":\"https:\/\/www.gaveanews.com\/index.php\/2020\/07\/20\/video-emocionado-jorge-jesus-se-despede-do-flamengo\/\",\"name\":\"V\u00eddeo: Emocionado, Jorge Jesus se despede do Flamengo\",\"isPartOf\":{\"@id\":\"https:\/\/www.gaveanews.com\/#website\"},\"primaryImageOfPage\":{\"@id\":\"https:\/\/www.gaveanews.com\/index.php\/2020\/07\/20\/video-emocionado-jorge-jesus-se-despede-do-flamengo\/#primaryimage\"},\"image\":{\"@id\":\"https:\/\/www.gaveanews.com\/index.php\/2020\/07\/20\/video-emocionado-jorge-jesus-se-despede-do-flamengo\/#primaryimage\"},\"thumbnailUrl\":\"https:\/\/www.gaveanews.com\/wp-content\/uploads\/Treinador-Jorge-Jesus-durante-uma-partida-do-Flamengo.webp\",\"datePublished\":\"2020-07-21T01:56:14+00:00\",\"dateModified\":\"2020-07-21T02:01:41+00:00\",\"author\":{\"@id\":\"https:\/\/www.gaveanews.com\/#\/schema\/person\/2ec14f73fb96be2caf28f91afb14749d\"},\"description\":\"No fim do almo\u00e7o desta segunda-feira (20 de julho), Jorge Jesus fez um \u00faltimo discurso, onde exaltou o clube e a sua estrutura.\",\"breadcrumb\":{\"@id\":\"https:\/\/www.gaveanews.com\/index.php\/2020\/07\/20\/video-emocionado-jorge-jesus-se-despede-do-flamengo\/#breadcrumb\"},\"inLanguage\":\"pt-BR\",\"potentialAction\":[{\"@type\":\"ReadAction\",\"target\":[\"https:\/\/www.gaveanews.com\/index.php\/2020\/07\/20\/video-emocionado-jorge-jesus-se-despede-do-flamengo\/\"]}]},{\"@type\":\"ImageObject\",\"inLanguage\":\"pt-BR\",\"@id\":\"https:\/\/www.gaveanews.com\/index.php\/2020\/07\/20\/video-emocionado-jorge-jesus-se-despede-do-flamengo\/#primaryimage\",\"url\":\"https:\/\/www.gaveanews.com\/wp-content\/uploads\/Treinador-Jorge-Jesus-durante-uma-partida-do-Flamengo.webp\",\"contentUrl\":\"https:\/\/www.gaveanews.com\/wp-content\/uploads\/Treinador-Jorge-Jesus-durante-uma-partida-do-Flamengo.webp\",\"width\":900,\"height\":600,\"caption\":\"Treinador Jorge Jesus durante uma partida do Flamengo (Foto: Alexandre Vidal\/Flamengo)\"},{\"@type\":\"BreadcrumbList\",\"@id\":\"https:\/\/www.gaveanews.com\/index.php\/2020\/07\/20\/video-emocionado-jorge-jesus-se-despede-do-flamengo\/#breadcrumb\",\"itemListElement\":[{\"@type\":\"ListItem\",\"position\":1,\"name\":\"Home\",\"item\":\"https:\/\/www.gaveanews.com\/\"},{\"@type\":\"ListItem\",\"position\":2,\"name\":\"V\u00eddeo: Emocionado, Jorge Jesus se despede do Flamengo\"}]},{\"@type\":\"WebSite\",\"@id\":\"https:\/\/www.gaveanews.com\/#website\",\"url\":\"https:\/\/www.gaveanews.com\/\",\"name\":\"G\u00e1vea News\",\"description\":\"Veja todas as not\u00edcias sobre o Flamengo: Contrata\u00e7\u00f5es, categorias de base, resultados das partidas, tabela de classifica\u00e7\u00e3o, pr\u00f3ximos jogos!\",\"potentialAction\":[{\"@type\":\"SearchAction\",\"target\":{\"@type\":\"EntryPoint\",\"urlTemplate\":\"https:\/\/www.gaveanews.com\/?s={search_term_string}\"},\"query-input\":{\"@type\":\"PropertyValueSpecification\",\"valueRequired\":true,\"valueName\":\"search_term_string\"}}],\"inLanguage\":\"pt-BR\"},{\"@type\":\"Person\",\"@id\":\"https:\/\/www.gaveanews.com\/#\/schema\/person\/2ec14f73fb96be2caf28f91afb14749d\",\"name\":\"Equipe G\u00e1vea News\",\"image\":{\"@type\":\"ImageObject\",\"inLanguage\":\"pt-BR\",\"@id\":\"https:\/\/www.gaveanews.com\/#\/schema\/person\/image\/\",\"url\":\"https:\/\/secure.gravatar.com\/avatar\/1e1956f1facbffd3f8fa53a326721950116b3b9dc9bd44939c01180fd4a745a9?s=96&d=mm&r=g\",\"contentUrl\":\"https:\/\/secure.gravatar.com\/avatar\/1e1956f1facbffd3f8fa53a326721950116b3b9dc9bd44939c01180fd4a745a9?s=96&d=mm&r=g\",\"caption\":\"Equipe G\u00e1vea News\"}}]}<\/script>\n<!-- \/ Yoast SEO Premium plugin. -->","yoast_head_json":{"title":"V\u00eddeo: Emocionado, Jorge Jesus se despede do Flamengo","description":"No fim do almo\u00e7o desta segunda-feira (20 de julho), Jorge Jesus fez um \u00faltimo discurso, onde exaltou o clube e a sua estrutura.","robots":{"index":"index","follow":"follow","max-snippet":"max-snippet:-1","max-image-preview":"max-image-preview:large","max-video-preview":"max-video-preview:-1"},"canonical":"https:\/\/www.gaveanews.com\/index.php\/2020\/07\/20\/video-emocionado-jorge-jesus-se-despede-do-flamengo\/","og_locale":"pt_BR","og_type":"article","og_title":"V\u00eddeo: Emocionado, Jorge Jesus se despede do Flamengo","og_description":"No fim do almo\u00e7o desta segunda-feira (20 de julho), Jorge Jesus fez um \u00faltimo discurso, onde exaltou o clube e a sua estrutura.","og_url":"https:\/\/www.gaveanews.com\/index.php\/2020\/07\/20\/video-emocionado-jorge-jesus-se-despede-do-flamengo\/","og_site_name":"G\u00e1vea News","article_publisher":"https:\/\/facebook.com\/gaveaNews\/","article_published_time":"2020-07-21T01:56:14+00:00","article_modified_time":"2020-07-21T02:01:41+00:00","og_image":[{"width":900,"height":600,"url":"https:\/\/www.gaveanews.com\/wp-content\/uploads\/Treinador-Jorge-Jesus-durante-uma-partida-do-Flamengo.webp","type":"image\/jpeg"}],"author":"Equipe G\u00e1vea News","twitter_card":"summary_large_image","twitter_misc":{"Escrito por":"Equipe G\u00e1vea News","Est. tempo de leitura":"2 minutos"},"schema":{"@context":"https:\/\/schema.org","@graph":[{"@type":"NewsArticle","@id":"https:\/\/www.gaveanews.com\/index.php\/2020\/07\/20\/video-emocionado-jorge-jesus-se-despede-do-flamengo\/#article","isPartOf":{"@id":"https:\/\/www.gaveanews.com\/index.php\/2020\/07\/20\/video-emocionado-jorge-jesus-se-despede-do-flamengo\/"},"author":{"name":"Equipe G\u00e1vea News","@id":"https:\/\/www.gaveanews.com\/#\/schema\/person\/2ec14f73fb96be2caf28f91afb14749d"},"headline":"V\u00eddeo: Emocionado, Jorge Jesus se despede do Flamengo","datePublished":"2020-07-21T01:56:14+00:00","dateModified":"2020-07-21T02:01:41+00:00","mainEntityOfPage":{"@id":"https:\/\/www.gaveanews.com\/index.php\/2020\/07\/20\/video-emocionado-jorge-jesus-se-despede-do-flamengo\/"},"wordCount":361,"commentCount":8,"image":{"@id":"https:\/\/www.gaveanews.com\/index.php\/2020\/07\/20\/video-emocionado-jorge-jesus-se-despede-do-flamengo\/#primaryimage"},"thumbnailUrl":"https:\/\/www.gaveanews.com\/wp-content\/uploads\/Treinador-Jorge-Jesus-durante-uma-partida-do-Flamengo.webp","articleSection":["Destaques"],"inLanguage":"pt-BR","potentialAction":[{"@type":"CommentAction","name":"Comment","target":["https:\/\/www.gaveanews.com\/index.php\/2020\/07\/20\/video-emocionado-jorge-jesus-se-despede-do-flamengo\/#respond"]}],"copyrightYear":"2020","copyrightHolder":{"@id":"https:\/\/www.gaveanews.com\/#organization"}},{"@type":"WebPage","@id":"https:\/\/www.gaveanews.com\/index.php\/2020\/07\/20\/video-emocionado-jorge-jesus-se-despede-do-flamengo\/","url":"https:\/\/www.gaveanews.com\/index.php\/2020\/07\/20\/video-emocionado-jorge-jesus-se-despede-do-flamengo\/","name":"V\u00eddeo: Emocionado, Jorge Jesus se despede do Flamengo","isPartOf":{"@id":"https:\/\/www.gaveanews.com\/#website"},"primaryImageOfPage":{"@id":"https:\/\/www.gaveanews.com\/index.php\/2020\/07\/20\/video-emocionado-jorge-jesus-se-despede-do-flamengo\/#primaryimage"},"image":{"@id":"https:\/\/www.gaveanews.com\/index.php\/2020\/07\/20\/video-emocionado-jorge-jesus-se-despede-do-flamengo\/#primaryimage"},"thumbnailUrl":"https:\/\/www.gaveanews.com\/wp-content\/uploads\/Treinador-Jorge-Jesus-durante-uma-partida-do-Flamengo.webp","datePublished":"2020-07-21T01:56:14+00:00","dateModified":"2020-07-21T02:01:41+00:00","author":{"@id":"https:\/\/www.gaveanews.com\/#\/schema\/person\/2ec14f73fb96be2caf28f91afb14749d"},"description":"No fim do almo\u00e7o desta segunda-feira (20 de julho), Jorge Jesus fez um \u00faltimo discurso, onde exaltou o clube e a sua estrutura.","breadcrumb":{"@id":"https:\/\/www.gaveanews.com\/index.php\/2020\/07\/20\/video-emocionado-jorge-jesus-se-despede-do-flamengo\/#breadcrumb"},"inLanguage":"pt-BR","potentialAction":[{"@type":"ReadAction","target":["https:\/\/www.gaveanews.com\/index.php\/2020\/07\/20\/video-emocionado-jorge-jesus-se-despede-do-flamengo\/"]}]},{"@type":"ImageObject","inLanguage":"pt-BR","@id":"https:\/\/www.gaveanews.com\/index.php\/2020\/07\/20\/video-emocionado-jorge-jesus-se-despede-do-flamengo\/#primaryimage","url":"https:\/\/www.gaveanews.com\/wp-content\/uploads\/Treinador-Jorge-Jesus-durante-uma-partida-do-Flamengo.webp","contentUrl":"https:\/\/www.gaveanews.com\/wp-content\/uploads\/Treinador-Jorge-Jesus-durante-uma-partida-do-Flamengo.webp","width":900,"height":600,"caption":"Treinador Jorge Jesus durante uma partida do Flamengo (Foto: Alexandre Vidal\/Flamengo)"},{"@type":"BreadcrumbList","@id":"https:\/\/www.gaveanews.com\/index.php\/2020\/07\/20\/video-emocionado-jorge-jesus-se-despede-do-flamengo\/#breadcrumb","itemListElement":[{"@type":"ListItem","position":1,"name":"Home","item":"https:\/\/www.gaveanews.com\/"},{"@type":"ListItem","position":2,"name":"V\u00eddeo: Emocionado, Jorge Jesus se despede do Flamengo"}]},{"@type":"WebSite","@id":"https:\/\/www.gaveanews.com\/#website","url":"https:\/\/www.gaveanews.com\/","name":"G\u00e1vea News","description":"Veja todas as not\u00edcias sobre o Flamengo: Contrata\u00e7\u00f5es, categorias de base, resultados das partidas, tabela de classifica\u00e7\u00e3o, pr\u00f3ximos jogos!","potentialAction":[{"@type":"SearchAction","target":{"@type":"EntryPoint","urlTemplate":"https:\/\/www.gaveanews.com\/?s={search_term_string}"},"query-input":{"@type":"PropertyValueSpecification","valueRequired":true,"valueName":"search_term_string"}}],"inLanguage":"pt-BR"},{"@type":"Person","@id":"https:\/\/www.gaveanews.com\/#\/schema\/person\/2ec14f73fb96be2caf28f91afb14749d","name":"Equipe G\u00e1vea News","image":{"@type":"ImageObject","inLanguage":"pt-BR","@id":"https:\/\/www.gaveanews.com\/#\/schema\/person\/image\/","url":"https:\/\/secure.gravatar.com\/avatar\/1e1956f1facbffd3f8fa53a326721950116b3b9dc9bd44939c01180fd4a745a9?s=96&d=mm&r=g","contentUrl":"https:\/\/secure.gravatar.com\/avatar\/1e1956f1facbffd3f8fa53a326721950116b3b9dc9bd44939c01180fd4a745a9?s=96&d=mm&r=g","caption":"Equipe G\u00e1vea News"}}]}},"_links":{"self":[{"href":"https:\/\/www.gaveanews.com\/index.php\/wp-json\/wp\/v2\/posts\/43997","targetHints":{"allow":["GET"]}}],"collection":[{"href":"https:\/\/www.gaveanews.com\/index.php\/wp-json\/wp\/v2\/posts"}],"about":[{"href":"https:\/\/www.gaveanews.com\/index.php\/wp-json\/wp\/v2\/types\/post"}],"author":[{"embeddable":true,"href":"https:\/\/www.gaveanews.com\/index.php\/wp-json\/wp\/v2\/users\/1"}],"replies":[{"embeddable":true,"href":"https:\/\/www.gaveanews.com\/index.php\/wp-json\/wp\/v2\/comments?post=43997"}],"version-history":[{"count":0,"href":"https:\/\/www.gaveanews.com\/index.php\/wp-json\/wp\/v2\/posts\/43997\/revisions"}],"wp:featuredmedia":[{"embeddable":true,"href":"https:\/\/www.gaveanews.com\/index.php\/wp-json\/wp\/v2\/media\/28884"}],"wp:attachment":[{"href":"https:\/\/www.gaveanews.com\/index.php\/wp-json\/wp\/v2\/media?parent=43997"}],"wp:term":[{"taxonomy":"category","embeddable":true,"href":"https:\/\/www.gaveanews.com\/index.php\/wp-json\/wp\/v2\/categories?post=43997"},{"taxonomy":"post_tag","embeddable":true,"href":"https:\/\/www.gaveanews.com\/index.php\/wp-json\/wp\/v2\/tags?post=43997"}],"curies":[{"name":"wp","href":"https:\/\/api.w.org\/{rel}","templated":true}]}}