{"id":44007,"date":"2020-07-21T00:34:09","date_gmt":"2020-07-21T03:34:09","guid":{"rendered":"https:\/\/www.gaveanews.com\/?p=44007"},"modified":"2020-07-21T00:35:09","modified_gmt":"2020-07-21T03:35:09","slug":"torcida-do-flamengo-invade-redes-sociais-de-treinador-argentino","status":"publish","type":"post","link":"https:\/\/www.gaveanews.com\/index.php\/2020\/07\/21\/torcida-do-flamengo-invade-redes-sociais-de-treinador-argentino\/","title":{"rendered":"Torcida do Flamengo \u2018invade\u2019 redes sociais de treinador argentino"},"content":{"rendered":"\n<p>Depois de anunciar oficialmente a sa\u00edda de Jorge Jesus, que acertou seu retorno ao Benfica, a diretoria do Flamengo mapeia no mercado eventuais possibilidades a respeito de um substituto no mercado. Antes mesmo da confirma\u00e7\u00e3o da sa\u00edda do portugu\u00eas, o nome de Jorge Sampaoli aparecia como op\u00e7\u00e3o nas redes sociais.<\/p>\n\n\n\n<p>Se a dire\u00e7\u00e3o do Flamengo ainda n\u00e3o decidiu o novo comandante, rubro-negros ao menos parecem gostar da ideia em ter Sampaoli no banco de reservas. Nesta segunda-feira, por exemplo, muitos deles \u2018invadiram\u2019 o Instagram do argentino. Foram v\u00e1rios os coment\u00e1rios do tipo \u2018Vem ser feliz no Flamengo\u2019 e \u2018Vem para o Meng\u00e3o\u2019.<\/p>\n\n\n\n<h2 class=\"wp-block-heading\">Veja abaixo alguns print&#8217;s:<\/h2>\n\n\n\n<figure class=\"wp-block-image size-large is-resized\"><img loading=\"lazy\" decoding=\"async\" src=\"https:\/\/1.bp.blogspot.com\/-S7s4bkWzoNI\/XxZhmmLzFTI\/AAAAAAAAdGE\/aSFtrrEe1Z4RJRKK9R-Nlim205UyObLWwCLcBGAsYHQ\/s1600\/sampaoli2.webp\" alt=\"\" width=\"580\" height=\"263\"\/><\/figure>\n\n\n\n<figure class=\"wp-block-image size-large\"><img decoding=\"async\" src=\"https:\/\/1.bp.blogspot.com\/-gymmbbfwXSg\/XxZhmklQwgI\/AAAAAAAAdGI\/t6I8fcBKO2kXPUZociDnwNfCYYy54wNWwCLcBGAsYHQ\/s1600\/sampa1.webp\" alt=\"\"\/><\/figure>\n\n\n\n<figure class=\"wp-block-image size-large\"><img decoding=\"async\" src=\"https:\/\/1.bp.blogspot.com\/-aHggsBb3lQI\/XxZhmowKBnI\/AAAAAAAAdGM\/O0aeiq3pc0cHiCXZuac8dnJsIaDlGALcwCLcBGAsYHQ\/s1600\/sampaoli-3.webp\" alt=\"\"\/><\/figure>\n\n\n\n<p>Vice-campe\u00e3o brasileiro com o Santos, Jorge Sampaoli hoje dirige o Atl\u00e9tico, o qual possui um projeto moldado com os pedidos do argentino. Neste per\u00edodo, foram seis contrata\u00e7\u00f5es com o aval do treinador.<\/p>\n\n\n\n<p>Presidente do Galo, S\u00e9rgio Sette C\u00e2mara diz que ficaria muito surpreso em uma eventual sa\u00edda de Sampaoli. Vale lembrar que existe uma multa rescis\u00f3ria no contrato.<\/p>\n\n\n\n<p>\u201cAcredito que ele (Sampaoli) deve ter pensado todas essas situa\u00e7\u00f5es. Existe tamb\u00e9m uma multa de 2,5 milh\u00f5es de euros, mas eu sinceramente ficaria muito decepcionado se ele sa\u00edsse do Atl\u00e9tico diante de tudo o que est\u00e1 sendo feito, desse projeto que estamos fazendo a\u00ed h\u00e1 algum tempo, atendendo todos os pleitos dele, para nos trocar pelo Flamengo. Seria uma surpresa muito grande e, sinceramente, n\u00e3o acredito que venha a acontecer\u201d, disse o mandat\u00e1rio alvinegro em entrevista \u00e0 TV Alterosa.<\/p>\n\n\n\n<p> Retirado de: Torcedores<\/p>\n","protected":false},"excerpt":{"rendered":"<p>Depois de anunciar oficialmente a sa\u00edda de Jorge Jesus, que acertou seu retorno ao Benfica, a diretoria do Flamengo mapeia no mercado eventuais possibilidades a respeito de um substituto no mercado. Antes mesmo da confirma\u00e7\u00e3o da sa\u00edda do portugu\u00eas, o nome de Jorge Sampaoli aparecia como op\u00e7\u00e3o nas redes sociais. Se a dire\u00e7\u00e3o do Flamengo [&hellip;]<\/p>\n","protected":false},"author":1,"featured_media":15081,"comment_status":"open","ping_status":"closed","sticky":false,"template":"","format":"standard","meta":{"footnotes":""},"categories":[1],"tags":[],"class_list":["post-44007","post","type-post","status-publish","format-standard","has-post-thumbnail","hentry","category-flamengo"],"yoast_head":"<!-- This site is optimized with the Yoast SEO Premium plugin v24.2 (Yoast SEO v26.9) - https:\/\/yoast.com\/product\/yoast-seo-premium-wordpress\/ -->\n<title>Torcida do Flamengo \u2018invade\u2019 redes sociais de treinador argentino<\/title>\n<meta name=\"description\" content=\"Depois de anunciar oficialmente a sa\u00edda de Jorge Jesus, a diretoria do Flamengo mapeia no mercado eventuais possibilidades.\" \/>\n<meta name=\"robots\" content=\"index, follow, max-snippet:-1, max-image-preview:large, max-video-preview:-1\" \/>\n<link rel=\"canonical\" href=\"https:\/\/www.gaveanews.com\/index.php\/2020\/07\/21\/torcida-do-flamengo-invade-redes-sociais-de-treinador-argentino\/\" \/>\n<meta property=\"og:locale\" content=\"pt_BR\" \/>\n<meta property=\"og:type\" content=\"article\" \/>\n<meta property=\"og:title\" content=\"Torcida do Flamengo \u2018invade\u2019 redes sociais de treinador argentino\" \/>\n<meta property=\"og:description\" content=\"Depois de anunciar oficialmente a sa\u00edda de Jorge Jesus, a diretoria do Flamengo mapeia no mercado eventuais possibilidades.\" \/>\n<meta property=\"og:url\" content=\"https:\/\/www.gaveanews.com\/index.php\/2020\/07\/21\/torcida-do-flamengo-invade-redes-sociais-de-treinador-argentino\/\" \/>\n<meta property=\"og:site_name\" content=\"G\u00e1vea News\" \/>\n<meta property=\"article:publisher\" content=\"https:\/\/facebook.com\/gaveaNews\/\" \/>\n<meta property=\"article:published_time\" content=\"2020-07-21T03:34:09+00:00\" \/>\n<meta property=\"article:modified_time\" content=\"2020-07-21T03:35:09+00:00\" \/>\n<meta property=\"og:image\" content=\"https:\/\/www.gaveanews.com\/wp-content\/uploads\/2019\/03\/Escudo-do-Flamengo-e-exposto-proximo-a-um-dos-gols-no-gramado-do-Maracana.webp\" \/>\n\t<meta property=\"og:image:width\" content=\"1\" \/>\n\t<meta property=\"og:image:height\" content=\"1\" \/>\n\t<meta property=\"og:image:type\" content=\"image\/jpeg\" \/>\n<meta name=\"author\" content=\"Equipe G\u00e1vea News\" \/>\n<meta name=\"twitter:card\" content=\"summary_large_image\" \/>\n<meta name=\"twitter:label1\" content=\"Escrito por\" \/>\n\t<meta name=\"twitter:data1\" content=\"Equipe G\u00e1vea News\" \/>\n\t<meta name=\"twitter:label2\" content=\"Est. tempo de leitura\" \/>\n\t<meta name=\"twitter:data2\" content=\"1 minuto\" \/>\n<script type=\"application\/ld+json\" class=\"yoast-schema-graph\">{\"@context\":\"https:\/\/schema.org\",\"@graph\":[{\"@type\":\"NewsArticle\",\"@id\":\"https:\/\/www.gaveanews.com\/index.php\/2020\/07\/21\/torcida-do-flamengo-invade-redes-sociais-de-treinador-argentino\/#article\",\"isPartOf\":{\"@id\":\"https:\/\/www.gaveanews.com\/index.php\/2020\/07\/21\/torcida-do-flamengo-invade-redes-sociais-de-treinador-argentino\/\"},\"author\":{\"name\":\"Equipe G\u00e1vea News\",\"@id\":\"https:\/\/www.gaveanews.com\/#\/schema\/person\/2ec14f73fb96be2caf28f91afb14749d\"},\"headline\":\"Torcida do Flamengo \u2018invade\u2019 redes sociais de treinador argentino\",\"datePublished\":\"2020-07-21T03:34:09+00:00\",\"dateModified\":\"2020-07-21T03:35:09+00:00\",\"mainEntityOfPage\":{\"@id\":\"https:\/\/www.gaveanews.com\/index.php\/2020\/07\/21\/torcida-do-flamengo-invade-redes-sociais-de-treinador-argentino\/\"},\"wordCount\":279,\"commentCount\":21,\"image\":{\"@id\":\"https:\/\/www.gaveanews.com\/index.php\/2020\/07\/21\/torcida-do-flamengo-invade-redes-sociais-de-treinador-argentino\/#primaryimage\"},\"thumbnailUrl\":\"https:\/\/www.gaveanews.com\/wp-content\/uploads\/2019\/03\/Escudo-do-Flamengo-e-exposto-proximo-a-um-dos-gols-no-gramado-do-Maracana.webp\",\"articleSection\":[\"Flamengo\"],\"inLanguage\":\"pt-BR\",\"potentialAction\":[{\"@type\":\"CommentAction\",\"name\":\"Comment\",\"target\":[\"https:\/\/www.gaveanews.com\/index.php\/2020\/07\/21\/torcida-do-flamengo-invade-redes-sociais-de-treinador-argentino\/#respond\"]}],\"copyrightYear\":\"2020\",\"copyrightHolder\":{\"@id\":\"https:\/\/www.gaveanews.com\/#organization\"}},{\"@type\":\"WebPage\",\"@id\":\"https:\/\/www.gaveanews.com\/index.php\/2020\/07\/21\/torcida-do-flamengo-invade-redes-sociais-de-treinador-argentino\/\",\"url\":\"https:\/\/www.gaveanews.com\/index.php\/2020\/07\/21\/torcida-do-flamengo-invade-redes-sociais-de-treinador-argentino\/\",\"name\":\"Torcida do Flamengo \u2018invade\u2019 redes sociais de treinador argentino\",\"isPartOf\":{\"@id\":\"https:\/\/www.gaveanews.com\/#website\"},\"primaryImageOfPage\":{\"@id\":\"https:\/\/www.gaveanews.com\/index.php\/2020\/07\/21\/torcida-do-flamengo-invade-redes-sociais-de-treinador-argentino\/#primaryimage\"},\"image\":{\"@id\":\"https:\/\/www.gaveanews.com\/index.php\/2020\/07\/21\/torcida-do-flamengo-invade-redes-sociais-de-treinador-argentino\/#primaryimage\"},\"thumbnailUrl\":\"https:\/\/www.gaveanews.com\/wp-content\/uploads\/2019\/03\/Escudo-do-Flamengo-e-exposto-proximo-a-um-dos-gols-no-gramado-do-Maracana.webp\",\"datePublished\":\"2020-07-21T03:34:09+00:00\",\"dateModified\":\"2020-07-21T03:35:09+00:00\",\"author\":{\"@id\":\"https:\/\/www.gaveanews.com\/#\/schema\/person\/2ec14f73fb96be2caf28f91afb14749d\"},\"description\":\"Depois de anunciar oficialmente a sa\u00edda de Jorge Jesus, a diretoria do Flamengo mapeia no mercado eventuais possibilidades.\",\"breadcrumb\":{\"@id\":\"https:\/\/www.gaveanews.com\/index.php\/2020\/07\/21\/torcida-do-flamengo-invade-redes-sociais-de-treinador-argentino\/#breadcrumb\"},\"inLanguage\":\"pt-BR\",\"potentialAction\":[{\"@type\":\"ReadAction\",\"target\":[\"https:\/\/www.gaveanews.com\/index.php\/2020\/07\/21\/torcida-do-flamengo-invade-redes-sociais-de-treinador-argentino\/\"]}]},{\"@type\":\"ImageObject\",\"inLanguage\":\"pt-BR\",\"@id\":\"https:\/\/www.gaveanews.com\/index.php\/2020\/07\/21\/torcida-do-flamengo-invade-redes-sociais-de-treinador-argentino\/#primaryimage\",\"url\":\"https:\/\/www.gaveanews.com\/wp-content\/uploads\/2019\/03\/Escudo-do-Flamengo-e-exposto-proximo-a-um-dos-gols-no-gramado-do-Maracana.webp\",\"contentUrl\":\"https:\/\/www.gaveanews.com\/wp-content\/uploads\/2019\/03\/Escudo-do-Flamengo-e-exposto-proximo-a-um-dos-gols-no-gramado-do-Maracana.webp\",\"caption\":\"Escudo do Flamengo \u00e9 exposto pr\u00f3ximo a um dos gols, no gramado do Maracan\u00e3 (Foto: Daniel Castelo Branco)\"},{\"@type\":\"BreadcrumbList\",\"@id\":\"https:\/\/www.gaveanews.com\/index.php\/2020\/07\/21\/torcida-do-flamengo-invade-redes-sociais-de-treinador-argentino\/#breadcrumb\",\"itemListElement\":[{\"@type\":\"ListItem\",\"position\":1,\"name\":\"Home\",\"item\":\"https:\/\/www.gaveanews.com\/\"},{\"@type\":\"ListItem\",\"position\":2,\"name\":\"Torcida do Flamengo \u2018invade\u2019 redes sociais de treinador argentino\"}]},{\"@type\":\"WebSite\",\"@id\":\"https:\/\/www.gaveanews.com\/#website\",\"url\":\"https:\/\/www.gaveanews.com\/\",\"name\":\"G\u00e1vea News\",\"description\":\"Veja todas as not\u00edcias sobre o Flamengo: Contrata\u00e7\u00f5es, categorias de base, resultados das partidas, tabela de classifica\u00e7\u00e3o, pr\u00f3ximos jogos!\",\"potentialAction\":[{\"@type\":\"SearchAction\",\"target\":{\"@type\":\"EntryPoint\",\"urlTemplate\":\"https:\/\/www.gaveanews.com\/?s={search_term_string}\"},\"query-input\":{\"@type\":\"PropertyValueSpecification\",\"valueRequired\":true,\"valueName\":\"search_term_string\"}}],\"inLanguage\":\"pt-BR\"},{\"@type\":\"Person\",\"@id\":\"https:\/\/www.gaveanews.com\/#\/schema\/person\/2ec14f73fb96be2caf28f91afb14749d\",\"name\":\"Equipe G\u00e1vea News\",\"image\":{\"@type\":\"ImageObject\",\"inLanguage\":\"pt-BR\",\"@id\":\"https:\/\/www.gaveanews.com\/#\/schema\/person\/image\/\",\"url\":\"https:\/\/secure.gravatar.com\/avatar\/1e1956f1facbffd3f8fa53a326721950116b3b9dc9bd44939c01180fd4a745a9?s=96&d=mm&r=g\",\"contentUrl\":\"https:\/\/secure.gravatar.com\/avatar\/1e1956f1facbffd3f8fa53a326721950116b3b9dc9bd44939c01180fd4a745a9?s=96&d=mm&r=g\",\"caption\":\"Equipe G\u00e1vea News\"}}]}<\/script>\n<!-- \/ Yoast SEO Premium plugin. -->","yoast_head_json":{"title":"Torcida do Flamengo \u2018invade\u2019 redes sociais de treinador argentino","description":"Depois de anunciar oficialmente a sa\u00edda de Jorge Jesus, a diretoria do Flamengo mapeia no mercado eventuais possibilidades.","robots":{"index":"index","follow":"follow","max-snippet":"max-snippet:-1","max-image-preview":"max-image-preview:large","max-video-preview":"max-video-preview:-1"},"canonical":"https:\/\/www.gaveanews.com\/index.php\/2020\/07\/21\/torcida-do-flamengo-invade-redes-sociais-de-treinador-argentino\/","og_locale":"pt_BR","og_type":"article","og_title":"Torcida do Flamengo \u2018invade\u2019 redes sociais de treinador argentino","og_description":"Depois de anunciar oficialmente a sa\u00edda de Jorge Jesus, a diretoria do Flamengo mapeia no mercado eventuais possibilidades.","og_url":"https:\/\/www.gaveanews.com\/index.php\/2020\/07\/21\/torcida-do-flamengo-invade-redes-sociais-de-treinador-argentino\/","og_site_name":"G\u00e1vea News","article_publisher":"https:\/\/facebook.com\/gaveaNews\/","article_published_time":"2020-07-21T03:34:09+00:00","article_modified_time":"2020-07-21T03:35:09+00:00","og_image":[{"url":"https:\/\/www.gaveanews.com\/wp-content\/uploads\/2019\/03\/Escudo-do-Flamengo-e-exposto-proximo-a-um-dos-gols-no-gramado-do-Maracana.webp","width":1,"height":1,"type":"image\/jpeg"}],"author":"Equipe G\u00e1vea News","twitter_card":"summary_large_image","twitter_misc":{"Escrito por":"Equipe G\u00e1vea News","Est. tempo de leitura":"1 minuto"},"schema":{"@context":"https:\/\/schema.org","@graph":[{"@type":"NewsArticle","@id":"https:\/\/www.gaveanews.com\/index.php\/2020\/07\/21\/torcida-do-flamengo-invade-redes-sociais-de-treinador-argentino\/#article","isPartOf":{"@id":"https:\/\/www.gaveanews.com\/index.php\/2020\/07\/21\/torcida-do-flamengo-invade-redes-sociais-de-treinador-argentino\/"},"author":{"name":"Equipe G\u00e1vea News","@id":"https:\/\/www.gaveanews.com\/#\/schema\/person\/2ec14f73fb96be2caf28f91afb14749d"},"headline":"Torcida do Flamengo \u2018invade\u2019 redes sociais de treinador argentino","datePublished":"2020-07-21T03:34:09+00:00","dateModified":"2020-07-21T03:35:09+00:00","mainEntityOfPage":{"@id":"https:\/\/www.gaveanews.com\/index.php\/2020\/07\/21\/torcida-do-flamengo-invade-redes-sociais-de-treinador-argentino\/"},"wordCount":279,"commentCount":21,"image":{"@id":"https:\/\/www.gaveanews.com\/index.php\/2020\/07\/21\/torcida-do-flamengo-invade-redes-sociais-de-treinador-argentino\/#primaryimage"},"thumbnailUrl":"https:\/\/www.gaveanews.com\/wp-content\/uploads\/2019\/03\/Escudo-do-Flamengo-e-exposto-proximo-a-um-dos-gols-no-gramado-do-Maracana.webp","articleSection":["Flamengo"],"inLanguage":"pt-BR","potentialAction":[{"@type":"CommentAction","name":"Comment","target":["https:\/\/www.gaveanews.com\/index.php\/2020\/07\/21\/torcida-do-flamengo-invade-redes-sociais-de-treinador-argentino\/#respond"]}],"copyrightYear":"2020","copyrightHolder":{"@id":"https:\/\/www.gaveanews.com\/#organization"}},{"@type":"WebPage","@id":"https:\/\/www.gaveanews.com\/index.php\/2020\/07\/21\/torcida-do-flamengo-invade-redes-sociais-de-treinador-argentino\/","url":"https:\/\/www.gaveanews.com\/index.php\/2020\/07\/21\/torcida-do-flamengo-invade-redes-sociais-de-treinador-argentino\/","name":"Torcida do Flamengo \u2018invade\u2019 redes sociais de treinador argentino","isPartOf":{"@id":"https:\/\/www.gaveanews.com\/#website"},"primaryImageOfPage":{"@id":"https:\/\/www.gaveanews.com\/index.php\/2020\/07\/21\/torcida-do-flamengo-invade-redes-sociais-de-treinador-argentino\/#primaryimage"},"image":{"@id":"https:\/\/www.gaveanews.com\/index.php\/2020\/07\/21\/torcida-do-flamengo-invade-redes-sociais-de-treinador-argentino\/#primaryimage"},"thumbnailUrl":"https:\/\/www.gaveanews.com\/wp-content\/uploads\/2019\/03\/Escudo-do-Flamengo-e-exposto-proximo-a-um-dos-gols-no-gramado-do-Maracana.webp","datePublished":"2020-07-21T03:34:09+00:00","dateModified":"2020-07-21T03:35:09+00:00","author":{"@id":"https:\/\/www.gaveanews.com\/#\/schema\/person\/2ec14f73fb96be2caf28f91afb14749d"},"description":"Depois de anunciar oficialmente a sa\u00edda de Jorge Jesus, a diretoria do Flamengo mapeia no mercado eventuais possibilidades.","breadcrumb":{"@id":"https:\/\/www.gaveanews.com\/index.php\/2020\/07\/21\/torcida-do-flamengo-invade-redes-sociais-de-treinador-argentino\/#breadcrumb"},"inLanguage":"pt-BR","potentialAction":[{"@type":"ReadAction","target":["https:\/\/www.gaveanews.com\/index.php\/2020\/07\/21\/torcida-do-flamengo-invade-redes-sociais-de-treinador-argentino\/"]}]},{"@type":"ImageObject","inLanguage":"pt-BR","@id":"https:\/\/www.gaveanews.com\/index.php\/2020\/07\/21\/torcida-do-flamengo-invade-redes-sociais-de-treinador-argentino\/#primaryimage","url":"https:\/\/www.gaveanews.com\/wp-content\/uploads\/2019\/03\/Escudo-do-Flamengo-e-exposto-proximo-a-um-dos-gols-no-gramado-do-Maracana.webp","contentUrl":"https:\/\/www.gaveanews.com\/wp-content\/uploads\/2019\/03\/Escudo-do-Flamengo-e-exposto-proximo-a-um-dos-gols-no-gramado-do-Maracana.webp","caption":"Escudo do Flamengo \u00e9 exposto pr\u00f3ximo a um dos gols, no gramado do Maracan\u00e3 (Foto: Daniel Castelo Branco)"},{"@type":"BreadcrumbList","@id":"https:\/\/www.gaveanews.com\/index.php\/2020\/07\/21\/torcida-do-flamengo-invade-redes-sociais-de-treinador-argentino\/#breadcrumb","itemListElement":[{"@type":"ListItem","position":1,"name":"Home","item":"https:\/\/www.gaveanews.com\/"},{"@type":"ListItem","position":2,"name":"Torcida do Flamengo \u2018invade\u2019 redes sociais de treinador argentino"}]},{"@type":"WebSite","@id":"https:\/\/www.gaveanews.com\/#website","url":"https:\/\/www.gaveanews.com\/","name":"G\u00e1vea News","description":"Veja todas as not\u00edcias sobre o Flamengo: Contrata\u00e7\u00f5es, categorias de base, resultados das partidas, tabela de classifica\u00e7\u00e3o, pr\u00f3ximos jogos!","potentialAction":[{"@type":"SearchAction","target":{"@type":"EntryPoint","urlTemplate":"https:\/\/www.gaveanews.com\/?s={search_term_string}"},"query-input":{"@type":"PropertyValueSpecification","valueRequired":true,"valueName":"search_term_string"}}],"inLanguage":"pt-BR"},{"@type":"Person","@id":"https:\/\/www.gaveanews.com\/#\/schema\/person\/2ec14f73fb96be2caf28f91afb14749d","name":"Equipe G\u00e1vea News","image":{"@type":"ImageObject","inLanguage":"pt-BR","@id":"https:\/\/www.gaveanews.com\/#\/schema\/person\/image\/","url":"https:\/\/secure.gravatar.com\/avatar\/1e1956f1facbffd3f8fa53a326721950116b3b9dc9bd44939c01180fd4a745a9?s=96&d=mm&r=g","contentUrl":"https:\/\/secure.gravatar.com\/avatar\/1e1956f1facbffd3f8fa53a326721950116b3b9dc9bd44939c01180fd4a745a9?s=96&d=mm&r=g","caption":"Equipe G\u00e1vea News"}}]}},"_links":{"self":[{"href":"https:\/\/www.gaveanews.com\/index.php\/wp-json\/wp\/v2\/posts\/44007","targetHints":{"allow":["GET"]}}],"collection":[{"href":"https:\/\/www.gaveanews.com\/index.php\/wp-json\/wp\/v2\/posts"}],"about":[{"href":"https:\/\/www.gaveanews.com\/index.php\/wp-json\/wp\/v2\/types\/post"}],"author":[{"embeddable":true,"href":"https:\/\/www.gaveanews.com\/index.php\/wp-json\/wp\/v2\/users\/1"}],"replies":[{"embeddable":true,"href":"https:\/\/www.gaveanews.com\/index.php\/wp-json\/wp\/v2\/comments?post=44007"}],"version-history":[{"count":0,"href":"https:\/\/www.gaveanews.com\/index.php\/wp-json\/wp\/v2\/posts\/44007\/revisions"}],"wp:featuredmedia":[{"embeddable":true,"href":"https:\/\/www.gaveanews.com\/index.php\/wp-json\/wp\/v2\/media\/15081"}],"wp:attachment":[{"href":"https:\/\/www.gaveanews.com\/index.php\/wp-json\/wp\/v2\/media?parent=44007"}],"wp:term":[{"taxonomy":"category","embeddable":true,"href":"https:\/\/www.gaveanews.com\/index.php\/wp-json\/wp\/v2\/categories?post=44007"},{"taxonomy":"post_tag","embeddable":true,"href":"https:\/\/www.gaveanews.com\/index.php\/wp-json\/wp\/v2\/tags?post=44007"}],"curies":[{"name":"wp","href":"https:\/\/api.w.org\/{rel}","templated":true}]}}