{"id":44009,"date":"2020-07-21T01:30:00","date_gmt":"2020-07-21T04:30:00","guid":{"rendered":"https:\/\/www.gaveanews.com\/?p=44009"},"modified":"2024-04-07T08:25:24","modified_gmt":"2024-04-07T11:25:24","slug":"galvao-bueno-narrara-reprise-da-final-entre-flamengo-x-river-plate","status":"publish","type":"post","link":"https:\/\/www.gaveanews.com\/index.php\/2020\/07\/21\/galvao-bueno-narrara-reprise-da-final-entre-flamengo-x-river-plate\/","title":{"rendered":"Galv\u00e3o Bueno narrar\u00e1 reprise da final entre Flamengo x River Plate"},"content":{"rendered":"\n<p>Como parte da comemora\u00e7\u00e3o dos 70 anos de idade de Galv\u00e3o Bueno, a Globo far\u00e1 uma homenagem para sua estrela na &#8220;Faixa Especial&#8221;, do SporTV. Hoje (21), a partir das 19h, no dia de seu anivers\u00e1rio, o veterano ter\u00e1 a oportunidade de narrar o jogo Flamengo 2 x 1 River Plate (ARG) pela final da Libertadores da Am\u00e9rica de 2019, que garantiu o bicampeonato da competi\u00e7\u00e3o ao Rubro-Negro.<\/p>\n\n\n\n<p>Para tanto, a Globo montou uma estrutura para Galv\u00e3o Bueno narrar a partida de sua casa, em Londrina, no interior do Paran\u00e1, com a melhor qualidade poss\u00edvel. Ser\u00e1 a primeira vez que o locutor ter\u00e1 essa oportunidade, j\u00e1 que ele acabou deixando de transmitir a partida na \u00faltima hora por problemas de sa\u00fade.<\/p>\n\n\n\n<p>Na ocasi\u00e3o, Galv\u00e3o Bueno sofreu um infarto em Lima, no Peru, local da final, no dia 21 de novembro. Lu\u00eds Roberto ent\u00e3o foi escalado \u00e0s pressas e foi a voz da transmiss\u00e3o do t\u00edtulo rubro-negro na Globo &#8211; na TV por assinatura, o jogo foi exibido apenas no Fox Sports, com narra\u00e7\u00e3o de Nivaldo Prieto (Fox Sports 1) e Jo\u00e3o Guilherme (Fox Sports 2).<\/p>\n\n\n\n<div class=\"wp-block-image\"><figure class=\"aligncenter size-large\"><img decoding=\"async\" src=\"https:\/\/th.bing.com\/th\/id\/OIP.iPS4NkTmmdIZeXCf0FYxIQHaLz?pid=Api&amp;rs=1\" alt=\"\"\/><\/figure><\/div>\n\n\n\n<p>Em falas redes nas redes sociais, Galv\u00e3o Bueno sempre lamentou n\u00e3o ter feito esse jogo, tanto que pouco menos de um m\u00eas depois, se recuperou e foi narrar a participa\u00e7\u00e3o do Flamengo no Mundial de Clubes no Qatar pela Globo, incluindo a final contra o Liverpool.<\/p>\n\n\n\n<p>A escala\u00e7\u00e3o faz parte das comemora\u00e7\u00f5es dos 70 anos de Galv\u00e3o Bueno. No \u00faltimo fim de semana, uma reportagem de 23 minutos foi exibida no &#8220;Esporte Espetacular&#8221; com momentos marcantes do principal narrador da TV brasileira. Al\u00e9m da reprise da final da Libertadores 2019, a &#8220;Faixa Especial&#8221; tamb\u00e9m vai exibir momentos marcantes de Galv\u00e3o Bueno.<\/p>\n\n\n\n<p>Vale ressaltar que Galv\u00e3o Bueno tem contrato com o Grupo Globo at\u00e9 o fim de 2022. Sua participa\u00e7\u00e3o na Copa do Mundo do Qatar \u00e9 dada como certa, mas ainda n\u00e3o se sabe se como narrador de fato, ou em outra fun\u00e7\u00e3o. J\u00e1 de alguns anos, Galv\u00e3o s\u00f3 narra finais, jogos grandes da Libertadores e partidas da sele\u00e7\u00e3o brasileira, at\u00e9 para poupar a sua voz.<\/p>\n\n\n\n<p>Retirado de: UOL<\/p>\n","protected":false},"excerpt":{"rendered":"<p>Como parte da comemora\u00e7\u00e3o dos 70 anos de idade de Galv\u00e3o Bueno, a Globo far\u00e1 uma homenagem para sua estrela na &#8220;Faixa Especial&#8221;, do SporTV. Hoje (21), a partir das 19h, no dia de seu anivers\u00e1rio, o veterano ter\u00e1 a oportunidade de narrar o jogo Flamengo 2 x 1 River Plate (ARG) pela final da [&hellip;]<\/p>\n","protected":false},"author":1,"featured_media":34688,"comment_status":"open","ping_status":"closed","sticky":false,"template":"","format":"standard","meta":{"footnotes":""},"categories":[47],"tags":[182],"class_list":["post-44009","post","type-post","status-publish","format-standard","has-post-thumbnail","hentry","category-destaques","tag-carlos-eduardo-dos-santos-galvao-bueno"],"yoast_head":"<!-- This site is optimized with the Yoast SEO Premium plugin v24.2 (Yoast SEO v26.9) - https:\/\/yoast.com\/product\/yoast-seo-premium-wordpress\/ -->\n<title>Galv\u00e3o Bueno narrar\u00e1 reprise da final entre Flamengo x River Plate<\/title>\n<meta name=\"description\" content=\"A reprise da final da Copa Libertadores da Am\u00e9rica de 2019, que foi disputada entre Flamengo e River Plater, ser\u00e1 transmitida nesta ter\u00e7a (21 de julho).\" \/>\n<meta name=\"robots\" content=\"index, follow, max-snippet:-1, max-image-preview:large, max-video-preview:-1\" \/>\n<link rel=\"canonical\" href=\"https:\/\/www.gaveanews.com\/index.php\/2020\/07\/21\/galvao-bueno-narrara-reprise-da-final-entre-flamengo-x-river-plate\/\" \/>\n<meta property=\"og:locale\" content=\"pt_BR\" \/>\n<meta property=\"og:type\" content=\"article\" \/>\n<meta property=\"og:title\" content=\"Galv\u00e3o Bueno narrar\u00e1 reprise da final entre Flamengo x River Plate\" \/>\n<meta property=\"og:description\" content=\"A reprise da final da Copa Libertadores da Am\u00e9rica de 2019, que foi disputada entre Flamengo e River Plater, ser\u00e1 transmitida nesta ter\u00e7a (21 de julho).\" \/>\n<meta property=\"og:url\" content=\"https:\/\/www.gaveanews.com\/index.php\/2020\/07\/21\/galvao-bueno-narrara-reprise-da-final-entre-flamengo-x-river-plate\/\" \/>\n<meta property=\"og:site_name\" content=\"G\u00e1vea News\" \/>\n<meta property=\"article:publisher\" content=\"https:\/\/facebook.com\/gaveaNews\/\" \/>\n<meta property=\"article:published_time\" content=\"2020-07-21T04:30:00+00:00\" \/>\n<meta property=\"article:modified_time\" content=\"2024-04-07T11:25:24+00:00\" \/>\n<meta property=\"og:image\" content=\"https:\/\/www.gaveanews.com\/wp-content\/uploads\/Gabigol-beija-a-Taca-da-Copa-Libertadores-da-America.webp\" \/>\n\t<meta property=\"og:image:width\" content=\"1\" \/>\n\t<meta property=\"og:image:height\" content=\"1\" \/>\n\t<meta property=\"og:image:type\" content=\"image\/jpeg\" \/>\n<meta name=\"author\" content=\"Equipe G\u00e1vea News\" \/>\n<meta name=\"twitter:card\" content=\"summary_large_image\" \/>\n<meta name=\"twitter:label1\" content=\"Escrito por\" \/>\n\t<meta name=\"twitter:data1\" content=\"Equipe G\u00e1vea News\" \/>\n\t<meta name=\"twitter:label2\" content=\"Est. tempo de leitura\" \/>\n\t<meta name=\"twitter:data2\" content=\"2 minutos\" \/>\n<script type=\"application\/ld+json\" class=\"yoast-schema-graph\">{\"@context\":\"https:\/\/schema.org\",\"@graph\":[{\"@type\":\"NewsArticle\",\"@id\":\"https:\/\/www.gaveanews.com\/index.php\/2020\/07\/21\/galvao-bueno-narrara-reprise-da-final-entre-flamengo-x-river-plate\/#article\",\"isPartOf\":{\"@id\":\"https:\/\/www.gaveanews.com\/index.php\/2020\/07\/21\/galvao-bueno-narrara-reprise-da-final-entre-flamengo-x-river-plate\/\"},\"author\":{\"name\":\"Equipe G\u00e1vea News\",\"@id\":\"https:\/\/www.gaveanews.com\/#\/schema\/person\/2ec14f73fb96be2caf28f91afb14749d\"},\"headline\":\"Galv\u00e3o Bueno narrar\u00e1 reprise da final entre Flamengo x River Plate\",\"datePublished\":\"2020-07-21T04:30:00+00:00\",\"dateModified\":\"2024-04-07T11:25:24+00:00\",\"mainEntityOfPage\":{\"@id\":\"https:\/\/www.gaveanews.com\/index.php\/2020\/07\/21\/galvao-bueno-narrara-reprise-da-final-entre-flamengo-x-river-plate\/\"},\"wordCount\":385,\"commentCount\":14,\"image\":{\"@id\":\"https:\/\/www.gaveanews.com\/index.php\/2020\/07\/21\/galvao-bueno-narrara-reprise-da-final-entre-flamengo-x-river-plate\/#primaryimage\"},\"thumbnailUrl\":\"https:\/\/www.gaveanews.com\/wp-content\/uploads\/Gabigol-beija-a-Taca-da-Copa-Libertadores-da-America.webp\",\"keywords\":[\"Carlos Eduardo dos Santos Galv\u00e3o Bueno\"],\"articleSection\":[\"Destaques\"],\"inLanguage\":\"pt-BR\",\"potentialAction\":[{\"@type\":\"CommentAction\",\"name\":\"Comment\",\"target\":[\"https:\/\/www.gaveanews.com\/index.php\/2020\/07\/21\/galvao-bueno-narrara-reprise-da-final-entre-flamengo-x-river-plate\/#respond\"]}],\"copyrightYear\":\"2020\",\"copyrightHolder\":{\"@id\":\"https:\/\/www.gaveanews.com\/#organization\"}},{\"@type\":\"WebPage\",\"@id\":\"https:\/\/www.gaveanews.com\/index.php\/2020\/07\/21\/galvao-bueno-narrara-reprise-da-final-entre-flamengo-x-river-plate\/\",\"url\":\"https:\/\/www.gaveanews.com\/index.php\/2020\/07\/21\/galvao-bueno-narrara-reprise-da-final-entre-flamengo-x-river-plate\/\",\"name\":\"Galv\u00e3o Bueno narrar\u00e1 reprise da final entre Flamengo x River Plate\",\"isPartOf\":{\"@id\":\"https:\/\/www.gaveanews.com\/#website\"},\"primaryImageOfPage\":{\"@id\":\"https:\/\/www.gaveanews.com\/index.php\/2020\/07\/21\/galvao-bueno-narrara-reprise-da-final-entre-flamengo-x-river-plate\/#primaryimage\"},\"image\":{\"@id\":\"https:\/\/www.gaveanews.com\/index.php\/2020\/07\/21\/galvao-bueno-narrara-reprise-da-final-entre-flamengo-x-river-plate\/#primaryimage\"},\"thumbnailUrl\":\"https:\/\/www.gaveanews.com\/wp-content\/uploads\/Gabigol-beija-a-Taca-da-Copa-Libertadores-da-America.webp\",\"datePublished\":\"2020-07-21T04:30:00+00:00\",\"dateModified\":\"2024-04-07T11:25:24+00:00\",\"author\":{\"@id\":\"https:\/\/www.gaveanews.com\/#\/schema\/person\/2ec14f73fb96be2caf28f91afb14749d\"},\"description\":\"A reprise da final da Copa Libertadores da Am\u00e9rica de 2019, que foi disputada entre Flamengo e River Plater, ser\u00e1 transmitida nesta ter\u00e7a (21 de julho).\",\"breadcrumb\":{\"@id\":\"https:\/\/www.gaveanews.com\/index.php\/2020\/07\/21\/galvao-bueno-narrara-reprise-da-final-entre-flamengo-x-river-plate\/#breadcrumb\"},\"inLanguage\":\"pt-BR\",\"potentialAction\":[{\"@type\":\"ReadAction\",\"target\":[\"https:\/\/www.gaveanews.com\/index.php\/2020\/07\/21\/galvao-bueno-narrara-reprise-da-final-entre-flamengo-x-river-plate\/\"]}]},{\"@type\":\"ImageObject\",\"inLanguage\":\"pt-BR\",\"@id\":\"https:\/\/www.gaveanews.com\/index.php\/2020\/07\/21\/galvao-bueno-narrara-reprise-da-final-entre-flamengo-x-river-plate\/#primaryimage\",\"url\":\"https:\/\/www.gaveanews.com\/wp-content\/uploads\/Gabigol-beija-a-Taca-da-Copa-Libertadores-da-America.webp\",\"contentUrl\":\"https:\/\/www.gaveanews.com\/wp-content\/uploads\/Gabigol-beija-a-Taca-da-Copa-Libertadores-da-America.webp\"},{\"@type\":\"BreadcrumbList\",\"@id\":\"https:\/\/www.gaveanews.com\/index.php\/2020\/07\/21\/galvao-bueno-narrara-reprise-da-final-entre-flamengo-x-river-plate\/#breadcrumb\",\"itemListElement\":[{\"@type\":\"ListItem\",\"position\":1,\"name\":\"Home\",\"item\":\"https:\/\/www.gaveanews.com\/\"},{\"@type\":\"ListItem\",\"position\":2,\"name\":\"Galv\u00e3o Bueno narrar\u00e1 reprise da final entre Flamengo x River Plate\"}]},{\"@type\":\"WebSite\",\"@id\":\"https:\/\/www.gaveanews.com\/#website\",\"url\":\"https:\/\/www.gaveanews.com\/\",\"name\":\"G\u00e1vea News\",\"description\":\"Veja todas as not\u00edcias sobre o Flamengo: Contrata\u00e7\u00f5es, categorias de base, resultados das partidas, tabela de classifica\u00e7\u00e3o, pr\u00f3ximos jogos!\",\"potentialAction\":[{\"@type\":\"SearchAction\",\"target\":{\"@type\":\"EntryPoint\",\"urlTemplate\":\"https:\/\/www.gaveanews.com\/?s={search_term_string}\"},\"query-input\":{\"@type\":\"PropertyValueSpecification\",\"valueRequired\":true,\"valueName\":\"search_term_string\"}}],\"inLanguage\":\"pt-BR\"},{\"@type\":\"Person\",\"@id\":\"https:\/\/www.gaveanews.com\/#\/schema\/person\/2ec14f73fb96be2caf28f91afb14749d\",\"name\":\"Equipe G\u00e1vea News\",\"image\":{\"@type\":\"ImageObject\",\"inLanguage\":\"pt-BR\",\"@id\":\"https:\/\/www.gaveanews.com\/#\/schema\/person\/image\/\",\"url\":\"https:\/\/secure.gravatar.com\/avatar\/1e1956f1facbffd3f8fa53a326721950116b3b9dc9bd44939c01180fd4a745a9?s=96&d=mm&r=g\",\"contentUrl\":\"https:\/\/secure.gravatar.com\/avatar\/1e1956f1facbffd3f8fa53a326721950116b3b9dc9bd44939c01180fd4a745a9?s=96&d=mm&r=g\",\"caption\":\"Equipe G\u00e1vea News\"}}]}<\/script>\n<!-- \/ Yoast SEO Premium plugin. -->","yoast_head_json":{"title":"Galv\u00e3o Bueno narrar\u00e1 reprise da final entre Flamengo x River Plate","description":"A reprise da final da Copa Libertadores da Am\u00e9rica de 2019, que foi disputada entre Flamengo e River Plater, ser\u00e1 transmitida nesta ter\u00e7a (21 de julho).","robots":{"index":"index","follow":"follow","max-snippet":"max-snippet:-1","max-image-preview":"max-image-preview:large","max-video-preview":"max-video-preview:-1"},"canonical":"https:\/\/www.gaveanews.com\/index.php\/2020\/07\/21\/galvao-bueno-narrara-reprise-da-final-entre-flamengo-x-river-plate\/","og_locale":"pt_BR","og_type":"article","og_title":"Galv\u00e3o Bueno narrar\u00e1 reprise da final entre Flamengo x River Plate","og_description":"A reprise da final da Copa Libertadores da Am\u00e9rica de 2019, que foi disputada entre Flamengo e River Plater, ser\u00e1 transmitida nesta ter\u00e7a (21 de julho).","og_url":"https:\/\/www.gaveanews.com\/index.php\/2020\/07\/21\/galvao-bueno-narrara-reprise-da-final-entre-flamengo-x-river-plate\/","og_site_name":"G\u00e1vea News","article_publisher":"https:\/\/facebook.com\/gaveaNews\/","article_published_time":"2020-07-21T04:30:00+00:00","article_modified_time":"2024-04-07T11:25:24+00:00","og_image":[{"url":"https:\/\/www.gaveanews.com\/wp-content\/uploads\/Gabigol-beija-a-Taca-da-Copa-Libertadores-da-America.webp","width":1,"height":1,"type":"image\/jpeg"}],"author":"Equipe G\u00e1vea News","twitter_card":"summary_large_image","twitter_misc":{"Escrito por":"Equipe G\u00e1vea News","Est. tempo de leitura":"2 minutos"},"schema":{"@context":"https:\/\/schema.org","@graph":[{"@type":"NewsArticle","@id":"https:\/\/www.gaveanews.com\/index.php\/2020\/07\/21\/galvao-bueno-narrara-reprise-da-final-entre-flamengo-x-river-plate\/#article","isPartOf":{"@id":"https:\/\/www.gaveanews.com\/index.php\/2020\/07\/21\/galvao-bueno-narrara-reprise-da-final-entre-flamengo-x-river-plate\/"},"author":{"name":"Equipe G\u00e1vea News","@id":"https:\/\/www.gaveanews.com\/#\/schema\/person\/2ec14f73fb96be2caf28f91afb14749d"},"headline":"Galv\u00e3o Bueno narrar\u00e1 reprise da final entre Flamengo x River Plate","datePublished":"2020-07-21T04:30:00+00:00","dateModified":"2024-04-07T11:25:24+00:00","mainEntityOfPage":{"@id":"https:\/\/www.gaveanews.com\/index.php\/2020\/07\/21\/galvao-bueno-narrara-reprise-da-final-entre-flamengo-x-river-plate\/"},"wordCount":385,"commentCount":14,"image":{"@id":"https:\/\/www.gaveanews.com\/index.php\/2020\/07\/21\/galvao-bueno-narrara-reprise-da-final-entre-flamengo-x-river-plate\/#primaryimage"},"thumbnailUrl":"https:\/\/www.gaveanews.com\/wp-content\/uploads\/Gabigol-beija-a-Taca-da-Copa-Libertadores-da-America.webp","keywords":["Carlos Eduardo dos Santos Galv\u00e3o Bueno"],"articleSection":["Destaques"],"inLanguage":"pt-BR","potentialAction":[{"@type":"CommentAction","name":"Comment","target":["https:\/\/www.gaveanews.com\/index.php\/2020\/07\/21\/galvao-bueno-narrara-reprise-da-final-entre-flamengo-x-river-plate\/#respond"]}],"copyrightYear":"2020","copyrightHolder":{"@id":"https:\/\/www.gaveanews.com\/#organization"}},{"@type":"WebPage","@id":"https:\/\/www.gaveanews.com\/index.php\/2020\/07\/21\/galvao-bueno-narrara-reprise-da-final-entre-flamengo-x-river-plate\/","url":"https:\/\/www.gaveanews.com\/index.php\/2020\/07\/21\/galvao-bueno-narrara-reprise-da-final-entre-flamengo-x-river-plate\/","name":"Galv\u00e3o Bueno narrar\u00e1 reprise da final entre Flamengo x River Plate","isPartOf":{"@id":"https:\/\/www.gaveanews.com\/#website"},"primaryImageOfPage":{"@id":"https:\/\/www.gaveanews.com\/index.php\/2020\/07\/21\/galvao-bueno-narrara-reprise-da-final-entre-flamengo-x-river-plate\/#primaryimage"},"image":{"@id":"https:\/\/www.gaveanews.com\/index.php\/2020\/07\/21\/galvao-bueno-narrara-reprise-da-final-entre-flamengo-x-river-plate\/#primaryimage"},"thumbnailUrl":"https:\/\/www.gaveanews.com\/wp-content\/uploads\/Gabigol-beija-a-Taca-da-Copa-Libertadores-da-America.webp","datePublished":"2020-07-21T04:30:00+00:00","dateModified":"2024-04-07T11:25:24+00:00","author":{"@id":"https:\/\/www.gaveanews.com\/#\/schema\/person\/2ec14f73fb96be2caf28f91afb14749d"},"description":"A reprise da final da Copa Libertadores da Am\u00e9rica de 2019, que foi disputada entre Flamengo e River Plater, ser\u00e1 transmitida nesta ter\u00e7a (21 de julho).","breadcrumb":{"@id":"https:\/\/www.gaveanews.com\/index.php\/2020\/07\/21\/galvao-bueno-narrara-reprise-da-final-entre-flamengo-x-river-plate\/#breadcrumb"},"inLanguage":"pt-BR","potentialAction":[{"@type":"ReadAction","target":["https:\/\/www.gaveanews.com\/index.php\/2020\/07\/21\/galvao-bueno-narrara-reprise-da-final-entre-flamengo-x-river-plate\/"]}]},{"@type":"ImageObject","inLanguage":"pt-BR","@id":"https:\/\/www.gaveanews.com\/index.php\/2020\/07\/21\/galvao-bueno-narrara-reprise-da-final-entre-flamengo-x-river-plate\/#primaryimage","url":"https:\/\/www.gaveanews.com\/wp-content\/uploads\/Gabigol-beija-a-Taca-da-Copa-Libertadores-da-America.webp","contentUrl":"https:\/\/www.gaveanews.com\/wp-content\/uploads\/Gabigol-beija-a-Taca-da-Copa-Libertadores-da-America.webp"},{"@type":"BreadcrumbList","@id":"https:\/\/www.gaveanews.com\/index.php\/2020\/07\/21\/galvao-bueno-narrara-reprise-da-final-entre-flamengo-x-river-plate\/#breadcrumb","itemListElement":[{"@type":"ListItem","position":1,"name":"Home","item":"https:\/\/www.gaveanews.com\/"},{"@type":"ListItem","position":2,"name":"Galv\u00e3o Bueno narrar\u00e1 reprise da final entre Flamengo x River Plate"}]},{"@type":"WebSite","@id":"https:\/\/www.gaveanews.com\/#website","url":"https:\/\/www.gaveanews.com\/","name":"G\u00e1vea News","description":"Veja todas as not\u00edcias sobre o Flamengo: Contrata\u00e7\u00f5es, categorias de base, resultados das partidas, tabela de classifica\u00e7\u00e3o, pr\u00f3ximos jogos!","potentialAction":[{"@type":"SearchAction","target":{"@type":"EntryPoint","urlTemplate":"https:\/\/www.gaveanews.com\/?s={search_term_string}"},"query-input":{"@type":"PropertyValueSpecification","valueRequired":true,"valueName":"search_term_string"}}],"inLanguage":"pt-BR"},{"@type":"Person","@id":"https:\/\/www.gaveanews.com\/#\/schema\/person\/2ec14f73fb96be2caf28f91afb14749d","name":"Equipe G\u00e1vea News","image":{"@type":"ImageObject","inLanguage":"pt-BR","@id":"https:\/\/www.gaveanews.com\/#\/schema\/person\/image\/","url":"https:\/\/secure.gravatar.com\/avatar\/1e1956f1facbffd3f8fa53a326721950116b3b9dc9bd44939c01180fd4a745a9?s=96&d=mm&r=g","contentUrl":"https:\/\/secure.gravatar.com\/avatar\/1e1956f1facbffd3f8fa53a326721950116b3b9dc9bd44939c01180fd4a745a9?s=96&d=mm&r=g","caption":"Equipe G\u00e1vea News"}}]}},"_links":{"self":[{"href":"https:\/\/www.gaveanews.com\/index.php\/wp-json\/wp\/v2\/posts\/44009","targetHints":{"allow":["GET"]}}],"collection":[{"href":"https:\/\/www.gaveanews.com\/index.php\/wp-json\/wp\/v2\/posts"}],"about":[{"href":"https:\/\/www.gaveanews.com\/index.php\/wp-json\/wp\/v2\/types\/post"}],"author":[{"embeddable":true,"href":"https:\/\/www.gaveanews.com\/index.php\/wp-json\/wp\/v2\/users\/1"}],"replies":[{"embeddable":true,"href":"https:\/\/www.gaveanews.com\/index.php\/wp-json\/wp\/v2\/comments?post=44009"}],"version-history":[{"count":1,"href":"https:\/\/www.gaveanews.com\/index.php\/wp-json\/wp\/v2\/posts\/44009\/revisions"}],"predecessor-version":[{"id":135863,"href":"https:\/\/www.gaveanews.com\/index.php\/wp-json\/wp\/v2\/posts\/44009\/revisions\/135863"}],"wp:featuredmedia":[{"embeddable":true,"href":"https:\/\/www.gaveanews.com\/index.php\/wp-json\/wp\/v2\/media\/34688"}],"wp:attachment":[{"href":"https:\/\/www.gaveanews.com\/index.php\/wp-json\/wp\/v2\/media?parent=44009"}],"wp:term":[{"taxonomy":"category","embeddable":true,"href":"https:\/\/www.gaveanews.com\/index.php\/wp-json\/wp\/v2\/categories?post=44009"},{"taxonomy":"post_tag","embeddable":true,"href":"https:\/\/www.gaveanews.com\/index.php\/wp-json\/wp\/v2\/tags?post=44009"}],"curies":[{"name":"wp","href":"https:\/\/api.w.org\/{rel}","templated":true}]}}