{"id":44011,"date":"2020-07-21T03:12:25","date_gmt":"2020-07-21T06:12:25","guid":{"rendered":"https:\/\/www.gaveanews.com\/?p=44011"},"modified":"2021-08-12T00:44:29","modified_gmt":"2021-08-12T03:44:29","slug":"apos-protesto-da-torcida-funcionario-do-flamengo-e-demitido","status":"publish","type":"post","link":"https:\/\/www.gaveanews.com\/index.php\/2020\/07\/21\/apos-protesto-da-torcida-funcionario-do-flamengo-e-demitido\/","title":{"rendered":"Ap\u00f3s protesto da torcida, funcion\u00e1rio do Flamengo \u00e9 demitido"},"content":{"rendered":"\n<p>Conforme publicado no in\u00edcio do m\u00eas de julho, o Flamengo havia acertado a contrata\u00e7\u00e3o do produtor Robbie BlaKeley, para que o mesmo ficasse respons\u00e1vel pelos perfis do clube dedicados a l\u00edngua inglesa e a l\u00edngua espanhola. <\/p>\n\n\n\n<p>Todavia, em seu perfil oficial no Twitter, Robbie realizou <a href=\"https:\/\/www.gaveanews.com\/index.php\/2020\/07\/10\/apos-publicacoes-contra-o-flamengo-funcionario-do-clube-apaga-seu-perfil-no-twitter\/\">diversas publica\u00e7\u00f5es de \u00f3dio contra o clube<\/a>. E ao perceber tal situa\u00e7\u00e3o, diversos torcedores rapidamente se manifestaram contra a contrata\u00e7\u00e3o do produtor.<\/p>\n\n\n\n<p>E nesta semana, ele foi avisado que seria desligado de sua fun\u00e7\u00e3o. Tal informa\u00e7\u00e3o foi divulgada pelo jornalista Ven\u00ea Casagrande.<\/p>\n\n\n\n<p>Entretanto, vale destacar que o rubro-negro carioca, ir\u00e1 dar seguimento no projeto envolvendo os perfis para o p\u00fablico do exterior. Inclusive, j\u00e1 h\u00e1 conversas em andamento para que um novo colaborador seja contratado.<\/p>\n","protected":false},"excerpt":{"rendered":"<p>Conforme publicado no in\u00edcio do m\u00eas de julho, o Flamengo havia acertado a contrata\u00e7\u00e3o do produtor Robbie BlaKeley, para que o mesmo ficasse respons\u00e1vel pelos perfis do clube dedicados a l\u00edngua inglesa e a l\u00edngua espanhola. Todavia, em seu perfil oficial no Twitter, Robbie realizou diversas publica\u00e7\u00f5es de \u00f3dio contra o clube. E ao perceber [&hellip;]<\/p>\n","protected":false},"author":2,"featured_media":15077,"comment_status":"open","ping_status":"closed","sticky":false,"template":"","format":"standard","meta":{"footnotes":""},"categories":[47],"tags":[],"class_list":["post-44011","post","type-post","status-publish","format-standard","has-post-thumbnail","hentry","category-destaques"],"yoast_head":"<!-- This site is optimized with the Yoast SEO Premium plugin v24.2 (Yoast SEO v26.9) - https:\/\/yoast.com\/product\/yoast-seo-premium-wordpress\/ -->\n<title>Ap\u00f3s protesto da torcida, funcion\u00e1rio do Flamengo \u00e9 demitido<\/title>\n<meta name=\"description\" content=\"Ao perceber os xingamentos, contra o pr\u00f3prio Flamengo, diversos torcedores foram at\u00e9 as redes sociais para se manifestarem.\" \/>\n<meta name=\"robots\" content=\"index, follow, max-snippet:-1, max-image-preview:large, max-video-preview:-1\" \/>\n<link rel=\"canonical\" href=\"https:\/\/www.gaveanews.com\/index.php\/2020\/07\/21\/apos-protesto-da-torcida-funcionario-do-flamengo-e-demitido\/\" \/>\n<meta property=\"og:locale\" content=\"pt_BR\" \/>\n<meta property=\"og:type\" content=\"article\" \/>\n<meta property=\"og:title\" content=\"Ap\u00f3s protesto da torcida, funcion\u00e1rio do Flamengo \u00e9 demitido\" \/>\n<meta property=\"og:description\" content=\"Ao perceber os xingamentos, contra o pr\u00f3prio Flamengo, diversos torcedores foram at\u00e9 as redes sociais para se manifestarem.\" \/>\n<meta property=\"og:url\" content=\"https:\/\/www.gaveanews.com\/index.php\/2020\/07\/21\/apos-protesto-da-torcida-funcionario-do-flamengo-e-demitido\/\" \/>\n<meta property=\"og:site_name\" content=\"G\u00e1vea News\" \/>\n<meta property=\"article:publisher\" content=\"https:\/\/facebook.com\/gaveaNews\/\" \/>\n<meta property=\"article:published_time\" content=\"2020-07-21T06:12:25+00:00\" \/>\n<meta property=\"article:modified_time\" content=\"2021-08-12T03:44:29+00:00\" \/>\n<meta property=\"og:image\" content=\"https:\/\/www.gaveanews.com\/wp-content\/uploads\/2019\/03\/Rodolfo-Landim-durante-entrevista-coletiva-na-Gavea.webp\" \/>\n\t<meta property=\"og:image:width\" content=\"1\" \/>\n\t<meta property=\"og:image:height\" content=\"1\" \/>\n\t<meta property=\"og:image:type\" content=\"image\/jpeg\" \/>\n<meta name=\"author\" content=\"Hugo Nogueira\" \/>\n<meta name=\"twitter:card\" content=\"summary_large_image\" \/>\n<meta name=\"twitter:label1\" content=\"Escrito por\" \/>\n\t<meta name=\"twitter:data1\" content=\"Hugo Nogueira\" \/>\n\t<meta name=\"twitter:label2\" content=\"Est. tempo de leitura\" \/>\n\t<meta name=\"twitter:data2\" content=\"1 minuto\" \/>\n<script type=\"application\/ld+json\" class=\"yoast-schema-graph\">{\"@context\":\"https:\/\/schema.org\",\"@graph\":[{\"@type\":\"NewsArticle\",\"@id\":\"https:\/\/www.gaveanews.com\/index.php\/2020\/07\/21\/apos-protesto-da-torcida-funcionario-do-flamengo-e-demitido\/#article\",\"isPartOf\":{\"@id\":\"https:\/\/www.gaveanews.com\/index.php\/2020\/07\/21\/apos-protesto-da-torcida-funcionario-do-flamengo-e-demitido\/\"},\"author\":{\"name\":\"Hugo Nogueira\",\"@id\":\"https:\/\/www.gaveanews.com\/#\/schema\/person\/3a0372021fabaeec4e7e4242cfa27841\"},\"headline\":\"Ap\u00f3s protesto da torcida, funcion\u00e1rio do Flamengo \u00e9 demitido\",\"datePublished\":\"2020-07-21T06:12:25+00:00\",\"dateModified\":\"2021-08-12T03:44:29+00:00\",\"mainEntityOfPage\":{\"@id\":\"https:\/\/www.gaveanews.com\/index.php\/2020\/07\/21\/apos-protesto-da-torcida-funcionario-do-flamengo-e-demitido\/\"},\"wordCount\":142,\"commentCount\":27,\"image\":{\"@id\":\"https:\/\/www.gaveanews.com\/index.php\/2020\/07\/21\/apos-protesto-da-torcida-funcionario-do-flamengo-e-demitido\/#primaryimage\"},\"thumbnailUrl\":\"https:\/\/www.gaveanews.com\/wp-content\/uploads\/2019\/03\/Rodolfo-Landim-durante-entrevista-coletiva-na-Gavea.webp\",\"articleSection\":[\"Destaques\"],\"inLanguage\":\"pt-BR\",\"potentialAction\":[{\"@type\":\"CommentAction\",\"name\":\"Comment\",\"target\":[\"https:\/\/www.gaveanews.com\/index.php\/2020\/07\/21\/apos-protesto-da-torcida-funcionario-do-flamengo-e-demitido\/#respond\"]}],\"copyrightYear\":\"2020\",\"copyrightHolder\":{\"@id\":\"https:\/\/www.gaveanews.com\/#organization\"}},{\"@type\":\"WebPage\",\"@id\":\"https:\/\/www.gaveanews.com\/index.php\/2020\/07\/21\/apos-protesto-da-torcida-funcionario-do-flamengo-e-demitido\/\",\"url\":\"https:\/\/www.gaveanews.com\/index.php\/2020\/07\/21\/apos-protesto-da-torcida-funcionario-do-flamengo-e-demitido\/\",\"name\":\"Ap\u00f3s protesto da torcida, funcion\u00e1rio do Flamengo \u00e9 demitido\",\"isPartOf\":{\"@id\":\"https:\/\/www.gaveanews.com\/#website\"},\"primaryImageOfPage\":{\"@id\":\"https:\/\/www.gaveanews.com\/index.php\/2020\/07\/21\/apos-protesto-da-torcida-funcionario-do-flamengo-e-demitido\/#primaryimage\"},\"image\":{\"@id\":\"https:\/\/www.gaveanews.com\/index.php\/2020\/07\/21\/apos-protesto-da-torcida-funcionario-do-flamengo-e-demitido\/#primaryimage\"},\"thumbnailUrl\":\"https:\/\/www.gaveanews.com\/wp-content\/uploads\/2019\/03\/Rodolfo-Landim-durante-entrevista-coletiva-na-Gavea.webp\",\"datePublished\":\"2020-07-21T06:12:25+00:00\",\"dateModified\":\"2021-08-12T03:44:29+00:00\",\"author\":{\"@id\":\"https:\/\/www.gaveanews.com\/#\/schema\/person\/3a0372021fabaeec4e7e4242cfa27841\"},\"description\":\"Ao perceber os xingamentos, contra o pr\u00f3prio Flamengo, diversos torcedores foram at\u00e9 as redes sociais para se manifestarem.\",\"breadcrumb\":{\"@id\":\"https:\/\/www.gaveanews.com\/index.php\/2020\/07\/21\/apos-protesto-da-torcida-funcionario-do-flamengo-e-demitido\/#breadcrumb\"},\"inLanguage\":\"pt-BR\",\"potentialAction\":[{\"@type\":\"ReadAction\",\"target\":[\"https:\/\/www.gaveanews.com\/index.php\/2020\/07\/21\/apos-protesto-da-torcida-funcionario-do-flamengo-e-demitido\/\"]}]},{\"@type\":\"ImageObject\",\"inLanguage\":\"pt-BR\",\"@id\":\"https:\/\/www.gaveanews.com\/index.php\/2020\/07\/21\/apos-protesto-da-torcida-funcionario-do-flamengo-e-demitido\/#primaryimage\",\"url\":\"https:\/\/www.gaveanews.com\/wp-content\/uploads\/2019\/03\/Rodolfo-Landim-durante-entrevista-coletiva-na-Gavea.webp\",\"contentUrl\":\"https:\/\/www.gaveanews.com\/wp-content\/uploads\/2019\/03\/Rodolfo-Landim-durante-entrevista-coletiva-na-Gavea.webp\",\"width\":900,\"height\":599,\"caption\":\"Rodolfo Landim durante entrevista coletiva na G\u00e1vea (Foto: Ag\u00eancia Foto BR)\"},{\"@type\":\"BreadcrumbList\",\"@id\":\"https:\/\/www.gaveanews.com\/index.php\/2020\/07\/21\/apos-protesto-da-torcida-funcionario-do-flamengo-e-demitido\/#breadcrumb\",\"itemListElement\":[{\"@type\":\"ListItem\",\"position\":1,\"name\":\"Home\",\"item\":\"https:\/\/www.gaveanews.com\/\"},{\"@type\":\"ListItem\",\"position\":2,\"name\":\"Ap\u00f3s protesto da torcida, funcion\u00e1rio do Flamengo \u00e9 demitido\"}]},{\"@type\":\"WebSite\",\"@id\":\"https:\/\/www.gaveanews.com\/#website\",\"url\":\"https:\/\/www.gaveanews.com\/\",\"name\":\"G\u00e1vea News\",\"description\":\"Veja todas as not\u00edcias sobre o Flamengo: Contrata\u00e7\u00f5es, categorias de base, resultados das partidas, tabela de classifica\u00e7\u00e3o, pr\u00f3ximos jogos!\",\"potentialAction\":[{\"@type\":\"SearchAction\",\"target\":{\"@type\":\"EntryPoint\",\"urlTemplate\":\"https:\/\/www.gaveanews.com\/?s={search_term_string}\"},\"query-input\":{\"@type\":\"PropertyValueSpecification\",\"valueRequired\":true,\"valueName\":\"search_term_string\"}}],\"inLanguage\":\"pt-BR\"},{\"@type\":\"Person\",\"@id\":\"https:\/\/www.gaveanews.com\/#\/schema\/person\/3a0372021fabaeec4e7e4242cfa27841\",\"name\":\"Hugo Nogueira\",\"image\":{\"@type\":\"ImageObject\",\"inLanguage\":\"pt-BR\",\"@id\":\"https:\/\/www.gaveanews.com\/#\/schema\/person\/image\/\",\"url\":\"https:\/\/secure.gravatar.com\/avatar\/0cdd89f3b47bb55926c08eee2db992845cfdd53f84c9fdd47a49d89b3cd40c0a?s=96&d=mm&r=g\",\"contentUrl\":\"https:\/\/secure.gravatar.com\/avatar\/0cdd89f3b47bb55926c08eee2db992845cfdd53f84c9fdd47a49d89b3cd40c0a?s=96&d=mm&r=g\",\"caption\":\"Hugo Nogueira\"}}]}<\/script>\n<!-- \/ Yoast SEO Premium plugin. -->","yoast_head_json":{"title":"Ap\u00f3s protesto da torcida, funcion\u00e1rio do Flamengo \u00e9 demitido","description":"Ao perceber os xingamentos, contra o pr\u00f3prio Flamengo, diversos torcedores foram at\u00e9 as redes sociais para se manifestarem.","robots":{"index":"index","follow":"follow","max-snippet":"max-snippet:-1","max-image-preview":"max-image-preview:large","max-video-preview":"max-video-preview:-1"},"canonical":"https:\/\/www.gaveanews.com\/index.php\/2020\/07\/21\/apos-protesto-da-torcida-funcionario-do-flamengo-e-demitido\/","og_locale":"pt_BR","og_type":"article","og_title":"Ap\u00f3s protesto da torcida, funcion\u00e1rio do Flamengo \u00e9 demitido","og_description":"Ao perceber os xingamentos, contra o pr\u00f3prio Flamengo, diversos torcedores foram at\u00e9 as redes sociais para se manifestarem.","og_url":"https:\/\/www.gaveanews.com\/index.php\/2020\/07\/21\/apos-protesto-da-torcida-funcionario-do-flamengo-e-demitido\/","og_site_name":"G\u00e1vea News","article_publisher":"https:\/\/facebook.com\/gaveaNews\/","article_published_time":"2020-07-21T06:12:25+00:00","article_modified_time":"2021-08-12T03:44:29+00:00","og_image":[{"url":"https:\/\/www.gaveanews.com\/wp-content\/uploads\/2019\/03\/Rodolfo-Landim-durante-entrevista-coletiva-na-Gavea.webp","width":1,"height":1,"type":"image\/jpeg"}],"author":"Hugo Nogueira","twitter_card":"summary_large_image","twitter_misc":{"Escrito por":"Hugo Nogueira","Est. tempo de leitura":"1 minuto"},"schema":{"@context":"https:\/\/schema.org","@graph":[{"@type":"NewsArticle","@id":"https:\/\/www.gaveanews.com\/index.php\/2020\/07\/21\/apos-protesto-da-torcida-funcionario-do-flamengo-e-demitido\/#article","isPartOf":{"@id":"https:\/\/www.gaveanews.com\/index.php\/2020\/07\/21\/apos-protesto-da-torcida-funcionario-do-flamengo-e-demitido\/"},"author":{"name":"Hugo Nogueira","@id":"https:\/\/www.gaveanews.com\/#\/schema\/person\/3a0372021fabaeec4e7e4242cfa27841"},"headline":"Ap\u00f3s protesto da torcida, funcion\u00e1rio do Flamengo \u00e9 demitido","datePublished":"2020-07-21T06:12:25+00:00","dateModified":"2021-08-12T03:44:29+00:00","mainEntityOfPage":{"@id":"https:\/\/www.gaveanews.com\/index.php\/2020\/07\/21\/apos-protesto-da-torcida-funcionario-do-flamengo-e-demitido\/"},"wordCount":142,"commentCount":27,"image":{"@id":"https:\/\/www.gaveanews.com\/index.php\/2020\/07\/21\/apos-protesto-da-torcida-funcionario-do-flamengo-e-demitido\/#primaryimage"},"thumbnailUrl":"https:\/\/www.gaveanews.com\/wp-content\/uploads\/2019\/03\/Rodolfo-Landim-durante-entrevista-coletiva-na-Gavea.webp","articleSection":["Destaques"],"inLanguage":"pt-BR","potentialAction":[{"@type":"CommentAction","name":"Comment","target":["https:\/\/www.gaveanews.com\/index.php\/2020\/07\/21\/apos-protesto-da-torcida-funcionario-do-flamengo-e-demitido\/#respond"]}],"copyrightYear":"2020","copyrightHolder":{"@id":"https:\/\/www.gaveanews.com\/#organization"}},{"@type":"WebPage","@id":"https:\/\/www.gaveanews.com\/index.php\/2020\/07\/21\/apos-protesto-da-torcida-funcionario-do-flamengo-e-demitido\/","url":"https:\/\/www.gaveanews.com\/index.php\/2020\/07\/21\/apos-protesto-da-torcida-funcionario-do-flamengo-e-demitido\/","name":"Ap\u00f3s protesto da torcida, funcion\u00e1rio do Flamengo \u00e9 demitido","isPartOf":{"@id":"https:\/\/www.gaveanews.com\/#website"},"primaryImageOfPage":{"@id":"https:\/\/www.gaveanews.com\/index.php\/2020\/07\/21\/apos-protesto-da-torcida-funcionario-do-flamengo-e-demitido\/#primaryimage"},"image":{"@id":"https:\/\/www.gaveanews.com\/index.php\/2020\/07\/21\/apos-protesto-da-torcida-funcionario-do-flamengo-e-demitido\/#primaryimage"},"thumbnailUrl":"https:\/\/www.gaveanews.com\/wp-content\/uploads\/2019\/03\/Rodolfo-Landim-durante-entrevista-coletiva-na-Gavea.webp","datePublished":"2020-07-21T06:12:25+00:00","dateModified":"2021-08-12T03:44:29+00:00","author":{"@id":"https:\/\/www.gaveanews.com\/#\/schema\/person\/3a0372021fabaeec4e7e4242cfa27841"},"description":"Ao perceber os xingamentos, contra o pr\u00f3prio Flamengo, diversos torcedores foram at\u00e9 as redes sociais para se manifestarem.","breadcrumb":{"@id":"https:\/\/www.gaveanews.com\/index.php\/2020\/07\/21\/apos-protesto-da-torcida-funcionario-do-flamengo-e-demitido\/#breadcrumb"},"inLanguage":"pt-BR","potentialAction":[{"@type":"ReadAction","target":["https:\/\/www.gaveanews.com\/index.php\/2020\/07\/21\/apos-protesto-da-torcida-funcionario-do-flamengo-e-demitido\/"]}]},{"@type":"ImageObject","inLanguage":"pt-BR","@id":"https:\/\/www.gaveanews.com\/index.php\/2020\/07\/21\/apos-protesto-da-torcida-funcionario-do-flamengo-e-demitido\/#primaryimage","url":"https:\/\/www.gaveanews.com\/wp-content\/uploads\/2019\/03\/Rodolfo-Landim-durante-entrevista-coletiva-na-Gavea.webp","contentUrl":"https:\/\/www.gaveanews.com\/wp-content\/uploads\/2019\/03\/Rodolfo-Landim-durante-entrevista-coletiva-na-Gavea.webp","width":900,"height":599,"caption":"Rodolfo Landim durante entrevista coletiva na G\u00e1vea (Foto: Ag\u00eancia Foto BR)"},{"@type":"BreadcrumbList","@id":"https:\/\/www.gaveanews.com\/index.php\/2020\/07\/21\/apos-protesto-da-torcida-funcionario-do-flamengo-e-demitido\/#breadcrumb","itemListElement":[{"@type":"ListItem","position":1,"name":"Home","item":"https:\/\/www.gaveanews.com\/"},{"@type":"ListItem","position":2,"name":"Ap\u00f3s protesto da torcida, funcion\u00e1rio do Flamengo \u00e9 demitido"}]},{"@type":"WebSite","@id":"https:\/\/www.gaveanews.com\/#website","url":"https:\/\/www.gaveanews.com\/","name":"G\u00e1vea News","description":"Veja todas as not\u00edcias sobre o Flamengo: Contrata\u00e7\u00f5es, categorias de base, resultados das partidas, tabela de classifica\u00e7\u00e3o, pr\u00f3ximos jogos!","potentialAction":[{"@type":"SearchAction","target":{"@type":"EntryPoint","urlTemplate":"https:\/\/www.gaveanews.com\/?s={search_term_string}"},"query-input":{"@type":"PropertyValueSpecification","valueRequired":true,"valueName":"search_term_string"}}],"inLanguage":"pt-BR"},{"@type":"Person","@id":"https:\/\/www.gaveanews.com\/#\/schema\/person\/3a0372021fabaeec4e7e4242cfa27841","name":"Hugo Nogueira","image":{"@type":"ImageObject","inLanguage":"pt-BR","@id":"https:\/\/www.gaveanews.com\/#\/schema\/person\/image\/","url":"https:\/\/secure.gravatar.com\/avatar\/0cdd89f3b47bb55926c08eee2db992845cfdd53f84c9fdd47a49d89b3cd40c0a?s=96&d=mm&r=g","contentUrl":"https:\/\/secure.gravatar.com\/avatar\/0cdd89f3b47bb55926c08eee2db992845cfdd53f84c9fdd47a49d89b3cd40c0a?s=96&d=mm&r=g","caption":"Hugo Nogueira"}}]}},"_links":{"self":[{"href":"https:\/\/www.gaveanews.com\/index.php\/wp-json\/wp\/v2\/posts\/44011","targetHints":{"allow":["GET"]}}],"collection":[{"href":"https:\/\/www.gaveanews.com\/index.php\/wp-json\/wp\/v2\/posts"}],"about":[{"href":"https:\/\/www.gaveanews.com\/index.php\/wp-json\/wp\/v2\/types\/post"}],"author":[{"embeddable":true,"href":"https:\/\/www.gaveanews.com\/index.php\/wp-json\/wp\/v2\/users\/2"}],"replies":[{"embeddable":true,"href":"https:\/\/www.gaveanews.com\/index.php\/wp-json\/wp\/v2\/comments?post=44011"}],"version-history":[{"count":0,"href":"https:\/\/www.gaveanews.com\/index.php\/wp-json\/wp\/v2\/posts\/44011\/revisions"}],"wp:featuredmedia":[{"embeddable":true,"href":"https:\/\/www.gaveanews.com\/index.php\/wp-json\/wp\/v2\/media\/15077"}],"wp:attachment":[{"href":"https:\/\/www.gaveanews.com\/index.php\/wp-json\/wp\/v2\/media?parent=44011"}],"wp:term":[{"taxonomy":"category","embeddable":true,"href":"https:\/\/www.gaveanews.com\/index.php\/wp-json\/wp\/v2\/categories?post=44011"},{"taxonomy":"post_tag","embeddable":true,"href":"https:\/\/www.gaveanews.com\/index.php\/wp-json\/wp\/v2\/tags?post=44011"}],"curies":[{"name":"wp","href":"https:\/\/api.w.org\/{rel}","templated":true}]}}