{"id":44019,"date":"2020-07-21T12:05:17","date_gmt":"2020-07-21T15:05:17","guid":{"rendered":"https:\/\/www.gaveanews.com\/?p=44019"},"modified":"2020-07-21T12:05:21","modified_gmt":"2020-07-21T15:05:21","slug":"jornal-aponta-quem-sao-tecnicos-favoritos-da-diretoria-do-flamengo-para-assumir-o-rubro-negro","status":"publish","type":"post","link":"https:\/\/www.gaveanews.com\/index.php\/2020\/07\/21\/jornal-aponta-quem-sao-tecnicos-favoritos-da-diretoria-do-flamengo-para-assumir-o-rubro-negro\/","title":{"rendered":"Jornal aponta quem s\u00e3o t\u00e9cnicos  &#8216;favoritos&#8217; da diretoria do Flamengo para assumir o rubro-negro"},"content":{"rendered":"\n<p>O\u00a0Flamengo\u00a0est\u00e1 no mercado por um novo t\u00e9cnico ap\u00f3s retorno de Jorge Jesus ao Benfica, de Portugal. Segundo informa\u00e7\u00f5es do jornal\u00a0&#8216;Marca&#8217;, um dos nomes cotados \u00e9 Javier Aguirre, que treinou o Legan\u00e9s nesta temporada.<\/p>\n\n\n\n<p>A publica\u00e7\u00e3o ressalta que o treinador mexicano de 65 anos aparece entre os tr\u00eas favoritos do rubro-negro. Al\u00e9m dele, tamb\u00e9m estariam na lista Marco Silva e Leonardo Jardim. Outro que apareceria \u00e9 Miguel \u00c1ngel Ramirez, do Independiente Del Valle, do Equador.<\/p>\n\n\n\n<p>Pesa a favor de Aguirre a experi\u00eancia em diversos continentes. O t\u00e9cnico pretendido pelo\u00a0Flamengo\u00a0trabalhou na Europa, \u00c1frica, Am\u00e9rica e \u00c1sia. Por outro lado, o Marca ressalta que o futebol brasileiro tem apostado em t\u00e9cnicos que falem portugu\u00eas, como Silva e Jardim.<\/p>\n\n\n\n<p>O t\u00e9cnico n\u00e3o fez uma boa temporada e acabou rebaixado com o Legan\u00e9s. Na \u00faltima rodada, o empate em 2\u00d72 contra o campe\u00e3o Real Madrid sacramentou a queda da equipe, que somou 36 pontos em 38 rodadas \u2013 oito vit\u00f3rias, 12 empates e 18 derrotas ao longo da competi\u00e7\u00e3o nacional.<\/p>\n\n\n\n<p>Apesar da necessidade de um novo t\u00e9cnico, o Flamengo mant\u00e9m calma e n\u00e3o tem pressa para definir um novo comandante. O clube quer ser preciso e acertar no alvo, por isso discute internamente a melhor solu\u00e7\u00e3o. A ideia \u00e9 manter a filosofia implementada por Jorge Jesus.<\/p>\n\n\n\n<p>O portugu\u00eas deixou o rubro-negro pouco mais de um m\u00eas ap\u00f3s assinar renova\u00e7\u00e3o. O t\u00e9cnico aceitou proposta para retornar o Benfica. Ele foi um dos t\u00e9cnicos mais vitoriosos da hist\u00f3ria do time, com conquistas do Campeonato Brasileiro, Campeonato Carioca, Copa Libertadores da Am\u00e9rica, Recopa Sul-Americana e Supercopa do Brasil.<\/p>\n\n\n\n<p>H\u00e1, pelo menos, 18 dias para trabalhar antes da estreia no Brasileir\u00e3o. Ainda sem a tabela com datas e hor\u00e1rios definidos, \u00e9 certo apenas que a competi\u00e7\u00e3o come\u00e7a no fim de semana dos dias 8 e 9 de agosto. O primeiro confronto do rubro-negro \u00e9 contra o Atl\u00e9tico-MG, no Rio de Janeiro.<\/p>\n\n\n\n<p>Retirado de: Torcedores<\/p>\n","protected":false},"excerpt":{"rendered":"<p>O\u00a0Flamengo\u00a0est\u00e1 no mercado por um novo t\u00e9cnico ap\u00f3s retorno de Jorge Jesus ao Benfica, de Portugal. Segundo informa\u00e7\u00f5es do jornal\u00a0&#8216;Marca&#8217;, um dos nomes cotados \u00e9 Javier Aguirre, que treinou o Legan\u00e9s nesta temporada. A publica\u00e7\u00e3o ressalta que o treinador mexicano de 65 anos aparece entre os tr\u00eas favoritos do rubro-negro. Al\u00e9m dele, tamb\u00e9m estariam na [&hellip;]<\/p>\n","protected":false},"author":1,"featured_media":28883,"comment_status":"open","ping_status":"closed","sticky":false,"template":"","format":"standard","meta":{"footnotes":""},"categories":[1],"tags":[],"class_list":["post-44019","post","type-post","status-publish","format-standard","has-post-thumbnail","hentry","category-flamengo"],"yoast_head":"<!-- This site is optimized with the Yoast SEO Premium plugin v24.2 (Yoast SEO v26.9) - https:\/\/yoast.com\/product\/yoast-seo-premium-wordpress\/ -->\n<title>Jornal aponta quem s\u00e3o t\u00e9cnicos &#039;favoritos&#039; da diretoria do Flamengo<\/title>\n<meta name=\"description\" content=\"A diretoria do Flamengo est\u00e1 no mercado por um novo t\u00e9cnico ap\u00f3s retorno do treinador Jorge Jesus ao time do Benfica, de Portugal.\" \/>\n<meta name=\"robots\" content=\"index, follow, max-snippet:-1, max-image-preview:large, max-video-preview:-1\" \/>\n<link rel=\"canonical\" href=\"https:\/\/www.gaveanews.com\/index.php\/2020\/07\/21\/jornal-aponta-quem-sao-tecnicos-favoritos-da-diretoria-do-flamengo-para-assumir-o-rubro-negro\/\" \/>\n<meta property=\"og:locale\" content=\"pt_BR\" \/>\n<meta property=\"og:type\" content=\"article\" \/>\n<meta property=\"og:title\" content=\"Jornal aponta quem s\u00e3o t\u00e9cnicos &#039;favoritos&#039; da diretoria do Flamengo para assumir o rubro-negro\" \/>\n<meta property=\"og:description\" content=\"A diretoria do Flamengo est\u00e1 no mercado por um novo t\u00e9cnico ap\u00f3s retorno do treinador Jorge Jesus ao time do Benfica, de Portugal.\" \/>\n<meta property=\"og:url\" content=\"https:\/\/www.gaveanews.com\/index.php\/2020\/07\/21\/jornal-aponta-quem-sao-tecnicos-favoritos-da-diretoria-do-flamengo-para-assumir-o-rubro-negro\/\" \/>\n<meta property=\"og:site_name\" content=\"G\u00e1vea News\" \/>\n<meta property=\"article:publisher\" content=\"https:\/\/facebook.com\/gaveaNews\/\" \/>\n<meta property=\"article:published_time\" content=\"2020-07-21T15:05:17+00:00\" \/>\n<meta property=\"article:modified_time\" content=\"2020-07-21T15:05:21+00:00\" \/>\n<meta property=\"og:image\" content=\"https:\/\/www.gaveanews.com\/wp-content\/uploads\/Tecnico-Jorge-Jesus-durante-uma-partida-do-Flamengo.webp\" \/>\n\t<meta property=\"og:image:width\" content=\"1\" \/>\n\t<meta property=\"og:image:height\" content=\"1\" \/>\n\t<meta property=\"og:image:type\" content=\"image\/jpeg\" \/>\n<meta name=\"author\" content=\"Equipe G\u00e1vea News\" \/>\n<meta name=\"twitter:card\" content=\"summary_large_image\" \/>\n<meta name=\"twitter:label1\" content=\"Escrito por\" \/>\n\t<meta name=\"twitter:data1\" content=\"Equipe G\u00e1vea News\" \/>\n\t<meta name=\"twitter:label2\" content=\"Est. tempo de leitura\" \/>\n\t<meta name=\"twitter:data2\" content=\"2 minutos\" \/>\n<script type=\"application\/ld+json\" class=\"yoast-schema-graph\">{\"@context\":\"https:\/\/schema.org\",\"@graph\":[{\"@type\":\"NewsArticle\",\"@id\":\"https:\/\/www.gaveanews.com\/index.php\/2020\/07\/21\/jornal-aponta-quem-sao-tecnicos-favoritos-da-diretoria-do-flamengo-para-assumir-o-rubro-negro\/#article\",\"isPartOf\":{\"@id\":\"https:\/\/www.gaveanews.com\/index.php\/2020\/07\/21\/jornal-aponta-quem-sao-tecnicos-favoritos-da-diretoria-do-flamengo-para-assumir-o-rubro-negro\/\"},\"author\":{\"name\":\"Equipe G\u00e1vea News\",\"@id\":\"https:\/\/www.gaveanews.com\/#\/schema\/person\/2ec14f73fb96be2caf28f91afb14749d\"},\"headline\":\"Jornal aponta quem s\u00e3o t\u00e9cnicos &#8216;favoritos&#8217; da diretoria do Flamengo para assumir o rubro-negro\",\"datePublished\":\"2020-07-21T15:05:17+00:00\",\"dateModified\":\"2020-07-21T15:05:21+00:00\",\"mainEntityOfPage\":{\"@id\":\"https:\/\/www.gaveanews.com\/index.php\/2020\/07\/21\/jornal-aponta-quem-sao-tecnicos-favoritos-da-diretoria-do-flamengo-para-assumir-o-rubro-negro\/\"},\"wordCount\":357,\"commentCount\":14,\"image\":{\"@id\":\"https:\/\/www.gaveanews.com\/index.php\/2020\/07\/21\/jornal-aponta-quem-sao-tecnicos-favoritos-da-diretoria-do-flamengo-para-assumir-o-rubro-negro\/#primaryimage\"},\"thumbnailUrl\":\"https:\/\/www.gaveanews.com\/wp-content\/uploads\/Tecnico-Jorge-Jesus-durante-uma-partida-do-Flamengo.webp\",\"articleSection\":[\"Flamengo\"],\"inLanguage\":\"pt-BR\",\"potentialAction\":[{\"@type\":\"CommentAction\",\"name\":\"Comment\",\"target\":[\"https:\/\/www.gaveanews.com\/index.php\/2020\/07\/21\/jornal-aponta-quem-sao-tecnicos-favoritos-da-diretoria-do-flamengo-para-assumir-o-rubro-negro\/#respond\"]}],\"copyrightYear\":\"2020\",\"copyrightHolder\":{\"@id\":\"https:\/\/www.gaveanews.com\/#organization\"}},{\"@type\":\"WebPage\",\"@id\":\"https:\/\/www.gaveanews.com\/index.php\/2020\/07\/21\/jornal-aponta-quem-sao-tecnicos-favoritos-da-diretoria-do-flamengo-para-assumir-o-rubro-negro\/\",\"url\":\"https:\/\/www.gaveanews.com\/index.php\/2020\/07\/21\/jornal-aponta-quem-sao-tecnicos-favoritos-da-diretoria-do-flamengo-para-assumir-o-rubro-negro\/\",\"name\":\"Jornal aponta quem s\u00e3o t\u00e9cnicos 'favoritos' da diretoria do Flamengo\",\"isPartOf\":{\"@id\":\"https:\/\/www.gaveanews.com\/#website\"},\"primaryImageOfPage\":{\"@id\":\"https:\/\/www.gaveanews.com\/index.php\/2020\/07\/21\/jornal-aponta-quem-sao-tecnicos-favoritos-da-diretoria-do-flamengo-para-assumir-o-rubro-negro\/#primaryimage\"},\"image\":{\"@id\":\"https:\/\/www.gaveanews.com\/index.php\/2020\/07\/21\/jornal-aponta-quem-sao-tecnicos-favoritos-da-diretoria-do-flamengo-para-assumir-o-rubro-negro\/#primaryimage\"},\"thumbnailUrl\":\"https:\/\/www.gaveanews.com\/wp-content\/uploads\/Tecnico-Jorge-Jesus-durante-uma-partida-do-Flamengo.webp\",\"datePublished\":\"2020-07-21T15:05:17+00:00\",\"dateModified\":\"2020-07-21T15:05:21+00:00\",\"author\":{\"@id\":\"https:\/\/www.gaveanews.com\/#\/schema\/person\/2ec14f73fb96be2caf28f91afb14749d\"},\"description\":\"A diretoria do Flamengo est\u00e1 no mercado por um novo t\u00e9cnico ap\u00f3s retorno do treinador Jorge Jesus ao time do Benfica, de Portugal.\",\"breadcrumb\":{\"@id\":\"https:\/\/www.gaveanews.com\/index.php\/2020\/07\/21\/jornal-aponta-quem-sao-tecnicos-favoritos-da-diretoria-do-flamengo-para-assumir-o-rubro-negro\/#breadcrumb\"},\"inLanguage\":\"pt-BR\",\"potentialAction\":[{\"@type\":\"ReadAction\",\"target\":[\"https:\/\/www.gaveanews.com\/index.php\/2020\/07\/21\/jornal-aponta-quem-sao-tecnicos-favoritos-da-diretoria-do-flamengo-para-assumir-o-rubro-negro\/\"]}]},{\"@type\":\"ImageObject\",\"inLanguage\":\"pt-BR\",\"@id\":\"https:\/\/www.gaveanews.com\/index.php\/2020\/07\/21\/jornal-aponta-quem-sao-tecnicos-favoritos-da-diretoria-do-flamengo-para-assumir-o-rubro-negro\/#primaryimage\",\"url\":\"https:\/\/www.gaveanews.com\/wp-content\/uploads\/Tecnico-Jorge-Jesus-durante-uma-partida-do-Flamengo.webp\",\"contentUrl\":\"https:\/\/www.gaveanews.com\/wp-content\/uploads\/Tecnico-Jorge-Jesus-durante-uma-partida-do-Flamengo.webp\",\"width\":900,\"height\":600,\"caption\":\"T\u00e9cnico Jorge Jesus durante uma partida do Flamengo (Foto: Reprodu\u00e7\u00e3o\/Flamengo)\"},{\"@type\":\"BreadcrumbList\",\"@id\":\"https:\/\/www.gaveanews.com\/index.php\/2020\/07\/21\/jornal-aponta-quem-sao-tecnicos-favoritos-da-diretoria-do-flamengo-para-assumir-o-rubro-negro\/#breadcrumb\",\"itemListElement\":[{\"@type\":\"ListItem\",\"position\":1,\"name\":\"Home\",\"item\":\"https:\/\/www.gaveanews.com\/\"},{\"@type\":\"ListItem\",\"position\":2,\"name\":\"Jornal aponta quem s\u00e3o t\u00e9cnicos &#8216;favoritos&#8217; da diretoria do Flamengo para assumir o rubro-negro\"}]},{\"@type\":\"WebSite\",\"@id\":\"https:\/\/www.gaveanews.com\/#website\",\"url\":\"https:\/\/www.gaveanews.com\/\",\"name\":\"G\u00e1vea News\",\"description\":\"Veja todas as not\u00edcias sobre o Flamengo: Contrata\u00e7\u00f5es, categorias de base, resultados das partidas, tabela de classifica\u00e7\u00e3o, pr\u00f3ximos jogos!\",\"potentialAction\":[{\"@type\":\"SearchAction\",\"target\":{\"@type\":\"EntryPoint\",\"urlTemplate\":\"https:\/\/www.gaveanews.com\/?s={search_term_string}\"},\"query-input\":{\"@type\":\"PropertyValueSpecification\",\"valueRequired\":true,\"valueName\":\"search_term_string\"}}],\"inLanguage\":\"pt-BR\"},{\"@type\":\"Person\",\"@id\":\"https:\/\/www.gaveanews.com\/#\/schema\/person\/2ec14f73fb96be2caf28f91afb14749d\",\"name\":\"Equipe G\u00e1vea News\",\"image\":{\"@type\":\"ImageObject\",\"inLanguage\":\"pt-BR\",\"@id\":\"https:\/\/www.gaveanews.com\/#\/schema\/person\/image\/\",\"url\":\"https:\/\/secure.gravatar.com\/avatar\/1e1956f1facbffd3f8fa53a326721950116b3b9dc9bd44939c01180fd4a745a9?s=96&d=mm&r=g\",\"contentUrl\":\"https:\/\/secure.gravatar.com\/avatar\/1e1956f1facbffd3f8fa53a326721950116b3b9dc9bd44939c01180fd4a745a9?s=96&d=mm&r=g\",\"caption\":\"Equipe G\u00e1vea News\"}}]}<\/script>\n<!-- \/ Yoast SEO Premium plugin. -->","yoast_head_json":{"title":"Jornal aponta quem s\u00e3o t\u00e9cnicos 'favoritos' da diretoria do Flamengo","description":"A diretoria do Flamengo est\u00e1 no mercado por um novo t\u00e9cnico ap\u00f3s retorno do treinador Jorge Jesus ao time do Benfica, de Portugal.","robots":{"index":"index","follow":"follow","max-snippet":"max-snippet:-1","max-image-preview":"max-image-preview:large","max-video-preview":"max-video-preview:-1"},"canonical":"https:\/\/www.gaveanews.com\/index.php\/2020\/07\/21\/jornal-aponta-quem-sao-tecnicos-favoritos-da-diretoria-do-flamengo-para-assumir-o-rubro-negro\/","og_locale":"pt_BR","og_type":"article","og_title":"Jornal aponta quem s\u00e3o t\u00e9cnicos 'favoritos' da diretoria do Flamengo para assumir o rubro-negro","og_description":"A diretoria do Flamengo est\u00e1 no mercado por um novo t\u00e9cnico ap\u00f3s retorno do treinador Jorge Jesus ao time do Benfica, de Portugal.","og_url":"https:\/\/www.gaveanews.com\/index.php\/2020\/07\/21\/jornal-aponta-quem-sao-tecnicos-favoritos-da-diretoria-do-flamengo-para-assumir-o-rubro-negro\/","og_site_name":"G\u00e1vea News","article_publisher":"https:\/\/facebook.com\/gaveaNews\/","article_published_time":"2020-07-21T15:05:17+00:00","article_modified_time":"2020-07-21T15:05:21+00:00","og_image":[{"url":"https:\/\/www.gaveanews.com\/wp-content\/uploads\/Tecnico-Jorge-Jesus-durante-uma-partida-do-Flamengo.webp","width":1,"height":1,"type":"image\/jpeg"}],"author":"Equipe G\u00e1vea News","twitter_card":"summary_large_image","twitter_misc":{"Escrito por":"Equipe G\u00e1vea News","Est. tempo de leitura":"2 minutos"},"schema":{"@context":"https:\/\/schema.org","@graph":[{"@type":"NewsArticle","@id":"https:\/\/www.gaveanews.com\/index.php\/2020\/07\/21\/jornal-aponta-quem-sao-tecnicos-favoritos-da-diretoria-do-flamengo-para-assumir-o-rubro-negro\/#article","isPartOf":{"@id":"https:\/\/www.gaveanews.com\/index.php\/2020\/07\/21\/jornal-aponta-quem-sao-tecnicos-favoritos-da-diretoria-do-flamengo-para-assumir-o-rubro-negro\/"},"author":{"name":"Equipe G\u00e1vea News","@id":"https:\/\/www.gaveanews.com\/#\/schema\/person\/2ec14f73fb96be2caf28f91afb14749d"},"headline":"Jornal aponta quem s\u00e3o t\u00e9cnicos &#8216;favoritos&#8217; da diretoria do Flamengo para assumir o rubro-negro","datePublished":"2020-07-21T15:05:17+00:00","dateModified":"2020-07-21T15:05:21+00:00","mainEntityOfPage":{"@id":"https:\/\/www.gaveanews.com\/index.php\/2020\/07\/21\/jornal-aponta-quem-sao-tecnicos-favoritos-da-diretoria-do-flamengo-para-assumir-o-rubro-negro\/"},"wordCount":357,"commentCount":14,"image":{"@id":"https:\/\/www.gaveanews.com\/index.php\/2020\/07\/21\/jornal-aponta-quem-sao-tecnicos-favoritos-da-diretoria-do-flamengo-para-assumir-o-rubro-negro\/#primaryimage"},"thumbnailUrl":"https:\/\/www.gaveanews.com\/wp-content\/uploads\/Tecnico-Jorge-Jesus-durante-uma-partida-do-Flamengo.webp","articleSection":["Flamengo"],"inLanguage":"pt-BR","potentialAction":[{"@type":"CommentAction","name":"Comment","target":["https:\/\/www.gaveanews.com\/index.php\/2020\/07\/21\/jornal-aponta-quem-sao-tecnicos-favoritos-da-diretoria-do-flamengo-para-assumir-o-rubro-negro\/#respond"]}],"copyrightYear":"2020","copyrightHolder":{"@id":"https:\/\/www.gaveanews.com\/#organization"}},{"@type":"WebPage","@id":"https:\/\/www.gaveanews.com\/index.php\/2020\/07\/21\/jornal-aponta-quem-sao-tecnicos-favoritos-da-diretoria-do-flamengo-para-assumir-o-rubro-negro\/","url":"https:\/\/www.gaveanews.com\/index.php\/2020\/07\/21\/jornal-aponta-quem-sao-tecnicos-favoritos-da-diretoria-do-flamengo-para-assumir-o-rubro-negro\/","name":"Jornal aponta quem s\u00e3o t\u00e9cnicos 'favoritos' da diretoria do Flamengo","isPartOf":{"@id":"https:\/\/www.gaveanews.com\/#website"},"primaryImageOfPage":{"@id":"https:\/\/www.gaveanews.com\/index.php\/2020\/07\/21\/jornal-aponta-quem-sao-tecnicos-favoritos-da-diretoria-do-flamengo-para-assumir-o-rubro-negro\/#primaryimage"},"image":{"@id":"https:\/\/www.gaveanews.com\/index.php\/2020\/07\/21\/jornal-aponta-quem-sao-tecnicos-favoritos-da-diretoria-do-flamengo-para-assumir-o-rubro-negro\/#primaryimage"},"thumbnailUrl":"https:\/\/www.gaveanews.com\/wp-content\/uploads\/Tecnico-Jorge-Jesus-durante-uma-partida-do-Flamengo.webp","datePublished":"2020-07-21T15:05:17+00:00","dateModified":"2020-07-21T15:05:21+00:00","author":{"@id":"https:\/\/www.gaveanews.com\/#\/schema\/person\/2ec14f73fb96be2caf28f91afb14749d"},"description":"A diretoria do Flamengo est\u00e1 no mercado por um novo t\u00e9cnico ap\u00f3s retorno do treinador Jorge Jesus ao time do Benfica, de Portugal.","breadcrumb":{"@id":"https:\/\/www.gaveanews.com\/index.php\/2020\/07\/21\/jornal-aponta-quem-sao-tecnicos-favoritos-da-diretoria-do-flamengo-para-assumir-o-rubro-negro\/#breadcrumb"},"inLanguage":"pt-BR","potentialAction":[{"@type":"ReadAction","target":["https:\/\/www.gaveanews.com\/index.php\/2020\/07\/21\/jornal-aponta-quem-sao-tecnicos-favoritos-da-diretoria-do-flamengo-para-assumir-o-rubro-negro\/"]}]},{"@type":"ImageObject","inLanguage":"pt-BR","@id":"https:\/\/www.gaveanews.com\/index.php\/2020\/07\/21\/jornal-aponta-quem-sao-tecnicos-favoritos-da-diretoria-do-flamengo-para-assumir-o-rubro-negro\/#primaryimage","url":"https:\/\/www.gaveanews.com\/wp-content\/uploads\/Tecnico-Jorge-Jesus-durante-uma-partida-do-Flamengo.webp","contentUrl":"https:\/\/www.gaveanews.com\/wp-content\/uploads\/Tecnico-Jorge-Jesus-durante-uma-partida-do-Flamengo.webp","width":900,"height":600,"caption":"T\u00e9cnico Jorge Jesus durante uma partida do Flamengo (Foto: Reprodu\u00e7\u00e3o\/Flamengo)"},{"@type":"BreadcrumbList","@id":"https:\/\/www.gaveanews.com\/index.php\/2020\/07\/21\/jornal-aponta-quem-sao-tecnicos-favoritos-da-diretoria-do-flamengo-para-assumir-o-rubro-negro\/#breadcrumb","itemListElement":[{"@type":"ListItem","position":1,"name":"Home","item":"https:\/\/www.gaveanews.com\/"},{"@type":"ListItem","position":2,"name":"Jornal aponta quem s\u00e3o t\u00e9cnicos &#8216;favoritos&#8217; da diretoria do Flamengo para assumir o rubro-negro"}]},{"@type":"WebSite","@id":"https:\/\/www.gaveanews.com\/#website","url":"https:\/\/www.gaveanews.com\/","name":"G\u00e1vea News","description":"Veja todas as not\u00edcias sobre o Flamengo: Contrata\u00e7\u00f5es, categorias de base, resultados das partidas, tabela de classifica\u00e7\u00e3o, pr\u00f3ximos jogos!","potentialAction":[{"@type":"SearchAction","target":{"@type":"EntryPoint","urlTemplate":"https:\/\/www.gaveanews.com\/?s={search_term_string}"},"query-input":{"@type":"PropertyValueSpecification","valueRequired":true,"valueName":"search_term_string"}}],"inLanguage":"pt-BR"},{"@type":"Person","@id":"https:\/\/www.gaveanews.com\/#\/schema\/person\/2ec14f73fb96be2caf28f91afb14749d","name":"Equipe G\u00e1vea News","image":{"@type":"ImageObject","inLanguage":"pt-BR","@id":"https:\/\/www.gaveanews.com\/#\/schema\/person\/image\/","url":"https:\/\/secure.gravatar.com\/avatar\/1e1956f1facbffd3f8fa53a326721950116b3b9dc9bd44939c01180fd4a745a9?s=96&d=mm&r=g","contentUrl":"https:\/\/secure.gravatar.com\/avatar\/1e1956f1facbffd3f8fa53a326721950116b3b9dc9bd44939c01180fd4a745a9?s=96&d=mm&r=g","caption":"Equipe G\u00e1vea News"}}]}},"_links":{"self":[{"href":"https:\/\/www.gaveanews.com\/index.php\/wp-json\/wp\/v2\/posts\/44019","targetHints":{"allow":["GET"]}}],"collection":[{"href":"https:\/\/www.gaveanews.com\/index.php\/wp-json\/wp\/v2\/posts"}],"about":[{"href":"https:\/\/www.gaveanews.com\/index.php\/wp-json\/wp\/v2\/types\/post"}],"author":[{"embeddable":true,"href":"https:\/\/www.gaveanews.com\/index.php\/wp-json\/wp\/v2\/users\/1"}],"replies":[{"embeddable":true,"href":"https:\/\/www.gaveanews.com\/index.php\/wp-json\/wp\/v2\/comments?post=44019"}],"version-history":[{"count":0,"href":"https:\/\/www.gaveanews.com\/index.php\/wp-json\/wp\/v2\/posts\/44019\/revisions"}],"wp:featuredmedia":[{"embeddable":true,"href":"https:\/\/www.gaveanews.com\/index.php\/wp-json\/wp\/v2\/media\/28883"}],"wp:attachment":[{"href":"https:\/\/www.gaveanews.com\/index.php\/wp-json\/wp\/v2\/media?parent=44019"}],"wp:term":[{"taxonomy":"category","embeddable":true,"href":"https:\/\/www.gaveanews.com\/index.php\/wp-json\/wp\/v2\/categories?post=44019"},{"taxonomy":"post_tag","embeddable":true,"href":"https:\/\/www.gaveanews.com\/index.php\/wp-json\/wp\/v2\/tags?post=44019"}],"curies":[{"name":"wp","href":"https:\/\/api.w.org\/{rel}","templated":true}]}}