{"id":44021,"date":"2020-07-21T14:03:51","date_gmt":"2020-07-21T17:03:51","guid":{"rendered":"https:\/\/www.gaveanews.com\/?p=44021"},"modified":"2020-07-21T14:03:54","modified_gmt":"2020-07-21T17:03:54","slug":"tecnico-espanhol-ganha-forca-no-flamengo","status":"publish","type":"post","link":"https:\/\/www.gaveanews.com\/index.php\/2020\/07\/21\/tecnico-espanhol-ganha-forca-no-flamengo\/","title":{"rendered":"T\u00e9cnico espanhol ganha for\u00e7a no Flamengo"},"content":{"rendered":"\n<p>No momento, o nome mais forte no Flamengo para assumir o posto deixado pelo t\u00e9cnico Jorge Jesus, que voltou para Portugal para treinar o Benfica, \u00e9 Miguel \u00c1ngel Ram\u00edrez, do Independiente Del Valle, atual campe\u00e3o da Sul-Americana, do Equador. <\/p>\n\n\n\n<p>Ele ganhou for\u00e7a por conta da recusa do venezuelano\/portugu\u00eas Leonardo Jardim, que ficou cinco temporadas no Monaco (onde foi campe\u00e3o franc\u00eas em 2016\/17), mas acabou demitido no fim do ano passado. Jardim foi indica\u00e7\u00e3o de Jesus e tinha agradado a maioria significativa da torcida.<\/p>\n\n\n\n<p>Outro portugu\u00eas longe Fla \u00e9 Marco Silva, que tamb\u00e9m foi demitido (do Everton, da Inglaterra) no final do ano passado. Ele, ao contr\u00e1rio de Jardim, n\u00e3o gozava de moral com a torcida, foi consultado, mas depois descartado pela diretoria. Apesar disso, o Fla segue em busca de novo europeu para substituir Jorge Jesus, mas entende que a quest\u00e3o sanit\u00e1ria (que, alias, colaborou para a sa\u00edda do Mister) \u00e9 uma barreira importante.<\/p>\n\n\n\n<p>Por isso e pelo fato de n\u00e3o querer brasileiros no comando, o Flamengo olha com carinho para Ram\u00edrez, que, curiosamente, tamb\u00e9m \u00e9 europeu (espanhol). O que pesa contra ele \u00e9 a inexperi\u00eancia e a idade: 35 anos, a mesma de Diego Alves e Diego Ribas. De positivo, o fato do futebol equatoriano estar parado e a multa do comandante ser baixa: 500 mil d\u00f3lares. Outro sul-americano consultado e que \u00e9 um desejo do presidente Rodolfo Landim foi Marcelo Gallardo, do River Plate, mas ele n\u00e3o demonstrou empolga\u00e7\u00e3o.<\/p>\n\n\n\n<h2 class=\"wp-block-heading\">Pr\u00f3ximos passos<\/h2>\n\n\n\n<p>Dos t\u00e9cnicos que est\u00e3o morando na Europa, os nomes mais cotados no Fla no momento s\u00e3o o portugu\u00eas Carlos Carvalhal, atualmente no Rio Ave, e e o espanhol Dom\u00e8nec Torrent, indicado por Guardiola, sem clube. O Fla n\u00e3o tem pressa e quer fazer a escolha certeira. H\u00e1 a possibilidade de que Marcos Braz, vice-presidente de futebol do clube, viaje \u00e0 Europa ainda esta semana para tentar fechar com um t\u00e9cnico. Enquanto isso, o Rubro-Negro ser\u00e1 comandado interinamente por Maur\u00edcio Souza, do Sub-20. O primeiro treino ap\u00f3s a conquista do Carioca ser\u00e1 nesta quarta-feira \u00e0 tarde, no Ninho do Urubu.<\/p>\n\n\n\n<p>Retirado de: Esporte <\/p>\n","protected":false},"excerpt":{"rendered":"<p>No momento, o nome mais forte no Flamengo para assumir o posto deixado pelo t\u00e9cnico Jorge Jesus, que voltou para Portugal para treinar o Benfica, \u00e9 Miguel \u00c1ngel Ram\u00edrez, do Independiente Del Valle, atual campe\u00e3o da Sul-Americana, do Equador. Ele ganhou for\u00e7a por conta da recusa do venezuelano\/portugu\u00eas Leonardo Jardim, que ficou cinco temporadas no [&hellip;]<\/p>\n","protected":false},"author":1,"featured_media":15077,"comment_status":"open","ping_status":"closed","sticky":false,"template":"","format":"standard","meta":{"footnotes":""},"categories":[47],"tags":[],"class_list":["post-44021","post","type-post","status-publish","format-standard","has-post-thumbnail","hentry","category-destaques"],"yoast_head":"<!-- This site is optimized with the Yoast SEO Premium plugin v24.2 (Yoast SEO v26.9) - https:\/\/yoast.com\/product\/yoast-seo-premium-wordpress\/ -->\n<title>T\u00e9cnico espanhol ganha for\u00e7a no Flamengo<\/title>\n<meta name=\"description\" content=\"Apesar disso, o Fla segue em busca de novo europeu para substituir Jorge Jesus, mas entende que a quest\u00e3o sanit\u00e1ria \u00e9 uma barreira importante.\" \/>\n<meta name=\"robots\" content=\"index, follow, max-snippet:-1, max-image-preview:large, max-video-preview:-1\" \/>\n<link rel=\"canonical\" href=\"https:\/\/www.gaveanews.com\/index.php\/2020\/07\/21\/tecnico-espanhol-ganha-forca-no-flamengo\/\" \/>\n<meta property=\"og:locale\" content=\"pt_BR\" \/>\n<meta property=\"og:type\" content=\"article\" \/>\n<meta property=\"og:title\" content=\"T\u00e9cnico espanhol ganha for\u00e7a no Flamengo\" \/>\n<meta property=\"og:description\" content=\"Apesar disso, o Fla segue em busca de novo europeu para substituir Jorge Jesus, mas entende que a quest\u00e3o sanit\u00e1ria \u00e9 uma barreira importante.\" \/>\n<meta property=\"og:url\" content=\"https:\/\/www.gaveanews.com\/index.php\/2020\/07\/21\/tecnico-espanhol-ganha-forca-no-flamengo\/\" \/>\n<meta property=\"og:site_name\" content=\"G\u00e1vea News\" \/>\n<meta property=\"article:publisher\" content=\"https:\/\/facebook.com\/gaveaNews\/\" \/>\n<meta property=\"article:published_time\" content=\"2020-07-21T17:03:51+00:00\" \/>\n<meta property=\"article:modified_time\" content=\"2020-07-21T17:03:54+00:00\" \/>\n<meta property=\"og:image\" content=\"https:\/\/www.gaveanews.com\/wp-content\/uploads\/2019\/03\/Rodolfo-Landim-durante-entrevista-coletiva-na-Gavea.webp\" \/>\n\t<meta property=\"og:image:width\" content=\"1\" \/>\n\t<meta property=\"og:image:height\" content=\"1\" \/>\n\t<meta property=\"og:image:type\" content=\"image\/jpeg\" \/>\n<meta name=\"author\" content=\"Equipe G\u00e1vea News\" \/>\n<meta name=\"twitter:card\" content=\"summary_large_image\" \/>\n<meta name=\"twitter:label1\" content=\"Escrito por\" \/>\n\t<meta name=\"twitter:data1\" content=\"Equipe G\u00e1vea News\" \/>\n\t<meta name=\"twitter:label2\" content=\"Est. tempo de leitura\" \/>\n\t<meta name=\"twitter:data2\" content=\"2 minutos\" \/>\n<script type=\"application\/ld+json\" class=\"yoast-schema-graph\">{\"@context\":\"https:\/\/schema.org\",\"@graph\":[{\"@type\":\"NewsArticle\",\"@id\":\"https:\/\/www.gaveanews.com\/index.php\/2020\/07\/21\/tecnico-espanhol-ganha-forca-no-flamengo\/#article\",\"isPartOf\":{\"@id\":\"https:\/\/www.gaveanews.com\/index.php\/2020\/07\/21\/tecnico-espanhol-ganha-forca-no-flamengo\/\"},\"author\":{\"name\":\"Equipe G\u00e1vea News\",\"@id\":\"https:\/\/www.gaveanews.com\/#\/schema\/person\/2ec14f73fb96be2caf28f91afb14749d\"},\"headline\":\"T\u00e9cnico espanhol ganha for\u00e7a no Flamengo\",\"datePublished\":\"2020-07-21T17:03:51+00:00\",\"dateModified\":\"2020-07-21T17:03:54+00:00\",\"mainEntityOfPage\":{\"@id\":\"https:\/\/www.gaveanews.com\/index.php\/2020\/07\/21\/tecnico-espanhol-ganha-forca-no-flamengo\/\"},\"wordCount\":375,\"commentCount\":33,\"image\":{\"@id\":\"https:\/\/www.gaveanews.com\/index.php\/2020\/07\/21\/tecnico-espanhol-ganha-forca-no-flamengo\/#primaryimage\"},\"thumbnailUrl\":\"https:\/\/www.gaveanews.com\/wp-content\/uploads\/2019\/03\/Rodolfo-Landim-durante-entrevista-coletiva-na-Gavea.webp\",\"articleSection\":[\"Destaques\"],\"inLanguage\":\"pt-BR\",\"potentialAction\":[{\"@type\":\"CommentAction\",\"name\":\"Comment\",\"target\":[\"https:\/\/www.gaveanews.com\/index.php\/2020\/07\/21\/tecnico-espanhol-ganha-forca-no-flamengo\/#respond\"]}],\"copyrightYear\":\"2020\",\"copyrightHolder\":{\"@id\":\"https:\/\/www.gaveanews.com\/#organization\"}},{\"@type\":\"WebPage\",\"@id\":\"https:\/\/www.gaveanews.com\/index.php\/2020\/07\/21\/tecnico-espanhol-ganha-forca-no-flamengo\/\",\"url\":\"https:\/\/www.gaveanews.com\/index.php\/2020\/07\/21\/tecnico-espanhol-ganha-forca-no-flamengo\/\",\"name\":\"T\u00e9cnico espanhol ganha for\u00e7a no Flamengo\",\"isPartOf\":{\"@id\":\"https:\/\/www.gaveanews.com\/#website\"},\"primaryImageOfPage\":{\"@id\":\"https:\/\/www.gaveanews.com\/index.php\/2020\/07\/21\/tecnico-espanhol-ganha-forca-no-flamengo\/#primaryimage\"},\"image\":{\"@id\":\"https:\/\/www.gaveanews.com\/index.php\/2020\/07\/21\/tecnico-espanhol-ganha-forca-no-flamengo\/#primaryimage\"},\"thumbnailUrl\":\"https:\/\/www.gaveanews.com\/wp-content\/uploads\/2019\/03\/Rodolfo-Landim-durante-entrevista-coletiva-na-Gavea.webp\",\"datePublished\":\"2020-07-21T17:03:51+00:00\",\"dateModified\":\"2020-07-21T17:03:54+00:00\",\"author\":{\"@id\":\"https:\/\/www.gaveanews.com\/#\/schema\/person\/2ec14f73fb96be2caf28f91afb14749d\"},\"description\":\"Apesar disso, o Fla segue em busca de novo europeu para substituir Jorge Jesus, mas entende que a quest\u00e3o sanit\u00e1ria \u00e9 uma barreira importante.\",\"breadcrumb\":{\"@id\":\"https:\/\/www.gaveanews.com\/index.php\/2020\/07\/21\/tecnico-espanhol-ganha-forca-no-flamengo\/#breadcrumb\"},\"inLanguage\":\"pt-BR\",\"potentialAction\":[{\"@type\":\"ReadAction\",\"target\":[\"https:\/\/www.gaveanews.com\/index.php\/2020\/07\/21\/tecnico-espanhol-ganha-forca-no-flamengo\/\"]}]},{\"@type\":\"ImageObject\",\"inLanguage\":\"pt-BR\",\"@id\":\"https:\/\/www.gaveanews.com\/index.php\/2020\/07\/21\/tecnico-espanhol-ganha-forca-no-flamengo\/#primaryimage\",\"url\":\"https:\/\/www.gaveanews.com\/wp-content\/uploads\/2019\/03\/Rodolfo-Landim-durante-entrevista-coletiva-na-Gavea.webp\",\"contentUrl\":\"https:\/\/www.gaveanews.com\/wp-content\/uploads\/2019\/03\/Rodolfo-Landim-durante-entrevista-coletiva-na-Gavea.webp\",\"width\":900,\"height\":599,\"caption\":\"Rodolfo Landim durante entrevista coletiva na G\u00e1vea (Foto: Ag\u00eancia Foto BR)\"},{\"@type\":\"BreadcrumbList\",\"@id\":\"https:\/\/www.gaveanews.com\/index.php\/2020\/07\/21\/tecnico-espanhol-ganha-forca-no-flamengo\/#breadcrumb\",\"itemListElement\":[{\"@type\":\"ListItem\",\"position\":1,\"name\":\"Home\",\"item\":\"https:\/\/www.gaveanews.com\/\"},{\"@type\":\"ListItem\",\"position\":2,\"name\":\"T\u00e9cnico espanhol ganha for\u00e7a no Flamengo\"}]},{\"@type\":\"WebSite\",\"@id\":\"https:\/\/www.gaveanews.com\/#website\",\"url\":\"https:\/\/www.gaveanews.com\/\",\"name\":\"G\u00e1vea News\",\"description\":\"Veja todas as not\u00edcias sobre o Flamengo: Contrata\u00e7\u00f5es, categorias de base, resultados das partidas, tabela de classifica\u00e7\u00e3o, pr\u00f3ximos jogos!\",\"potentialAction\":[{\"@type\":\"SearchAction\",\"target\":{\"@type\":\"EntryPoint\",\"urlTemplate\":\"https:\/\/www.gaveanews.com\/?s={search_term_string}\"},\"query-input\":{\"@type\":\"PropertyValueSpecification\",\"valueRequired\":true,\"valueName\":\"search_term_string\"}}],\"inLanguage\":\"pt-BR\"},{\"@type\":\"Person\",\"@id\":\"https:\/\/www.gaveanews.com\/#\/schema\/person\/2ec14f73fb96be2caf28f91afb14749d\",\"name\":\"Equipe G\u00e1vea News\",\"image\":{\"@type\":\"ImageObject\",\"inLanguage\":\"pt-BR\",\"@id\":\"https:\/\/www.gaveanews.com\/#\/schema\/person\/image\/\",\"url\":\"https:\/\/secure.gravatar.com\/avatar\/1e1956f1facbffd3f8fa53a326721950116b3b9dc9bd44939c01180fd4a745a9?s=96&d=mm&r=g\",\"contentUrl\":\"https:\/\/secure.gravatar.com\/avatar\/1e1956f1facbffd3f8fa53a326721950116b3b9dc9bd44939c01180fd4a745a9?s=96&d=mm&r=g\",\"caption\":\"Equipe G\u00e1vea News\"}}]}<\/script>\n<!-- \/ Yoast SEO Premium plugin. -->","yoast_head_json":{"title":"T\u00e9cnico espanhol ganha for\u00e7a no Flamengo","description":"Apesar disso, o Fla segue em busca de novo europeu para substituir Jorge Jesus, mas entende que a quest\u00e3o sanit\u00e1ria \u00e9 uma barreira importante.","robots":{"index":"index","follow":"follow","max-snippet":"max-snippet:-1","max-image-preview":"max-image-preview:large","max-video-preview":"max-video-preview:-1"},"canonical":"https:\/\/www.gaveanews.com\/index.php\/2020\/07\/21\/tecnico-espanhol-ganha-forca-no-flamengo\/","og_locale":"pt_BR","og_type":"article","og_title":"T\u00e9cnico espanhol ganha for\u00e7a no Flamengo","og_description":"Apesar disso, o Fla segue em busca de novo europeu para substituir Jorge Jesus, mas entende que a quest\u00e3o sanit\u00e1ria \u00e9 uma barreira importante.","og_url":"https:\/\/www.gaveanews.com\/index.php\/2020\/07\/21\/tecnico-espanhol-ganha-forca-no-flamengo\/","og_site_name":"G\u00e1vea News","article_publisher":"https:\/\/facebook.com\/gaveaNews\/","article_published_time":"2020-07-21T17:03:51+00:00","article_modified_time":"2020-07-21T17:03:54+00:00","og_image":[{"url":"https:\/\/www.gaveanews.com\/wp-content\/uploads\/2019\/03\/Rodolfo-Landim-durante-entrevista-coletiva-na-Gavea.webp","width":1,"height":1,"type":"image\/jpeg"}],"author":"Equipe G\u00e1vea News","twitter_card":"summary_large_image","twitter_misc":{"Escrito por":"Equipe G\u00e1vea News","Est. tempo de leitura":"2 minutos"},"schema":{"@context":"https:\/\/schema.org","@graph":[{"@type":"NewsArticle","@id":"https:\/\/www.gaveanews.com\/index.php\/2020\/07\/21\/tecnico-espanhol-ganha-forca-no-flamengo\/#article","isPartOf":{"@id":"https:\/\/www.gaveanews.com\/index.php\/2020\/07\/21\/tecnico-espanhol-ganha-forca-no-flamengo\/"},"author":{"name":"Equipe G\u00e1vea News","@id":"https:\/\/www.gaveanews.com\/#\/schema\/person\/2ec14f73fb96be2caf28f91afb14749d"},"headline":"T\u00e9cnico espanhol ganha for\u00e7a no Flamengo","datePublished":"2020-07-21T17:03:51+00:00","dateModified":"2020-07-21T17:03:54+00:00","mainEntityOfPage":{"@id":"https:\/\/www.gaveanews.com\/index.php\/2020\/07\/21\/tecnico-espanhol-ganha-forca-no-flamengo\/"},"wordCount":375,"commentCount":33,"image":{"@id":"https:\/\/www.gaveanews.com\/index.php\/2020\/07\/21\/tecnico-espanhol-ganha-forca-no-flamengo\/#primaryimage"},"thumbnailUrl":"https:\/\/www.gaveanews.com\/wp-content\/uploads\/2019\/03\/Rodolfo-Landim-durante-entrevista-coletiva-na-Gavea.webp","articleSection":["Destaques"],"inLanguage":"pt-BR","potentialAction":[{"@type":"CommentAction","name":"Comment","target":["https:\/\/www.gaveanews.com\/index.php\/2020\/07\/21\/tecnico-espanhol-ganha-forca-no-flamengo\/#respond"]}],"copyrightYear":"2020","copyrightHolder":{"@id":"https:\/\/www.gaveanews.com\/#organization"}},{"@type":"WebPage","@id":"https:\/\/www.gaveanews.com\/index.php\/2020\/07\/21\/tecnico-espanhol-ganha-forca-no-flamengo\/","url":"https:\/\/www.gaveanews.com\/index.php\/2020\/07\/21\/tecnico-espanhol-ganha-forca-no-flamengo\/","name":"T\u00e9cnico espanhol ganha for\u00e7a no Flamengo","isPartOf":{"@id":"https:\/\/www.gaveanews.com\/#website"},"primaryImageOfPage":{"@id":"https:\/\/www.gaveanews.com\/index.php\/2020\/07\/21\/tecnico-espanhol-ganha-forca-no-flamengo\/#primaryimage"},"image":{"@id":"https:\/\/www.gaveanews.com\/index.php\/2020\/07\/21\/tecnico-espanhol-ganha-forca-no-flamengo\/#primaryimage"},"thumbnailUrl":"https:\/\/www.gaveanews.com\/wp-content\/uploads\/2019\/03\/Rodolfo-Landim-durante-entrevista-coletiva-na-Gavea.webp","datePublished":"2020-07-21T17:03:51+00:00","dateModified":"2020-07-21T17:03:54+00:00","author":{"@id":"https:\/\/www.gaveanews.com\/#\/schema\/person\/2ec14f73fb96be2caf28f91afb14749d"},"description":"Apesar disso, o Fla segue em busca de novo europeu para substituir Jorge Jesus, mas entende que a quest\u00e3o sanit\u00e1ria \u00e9 uma barreira importante.","breadcrumb":{"@id":"https:\/\/www.gaveanews.com\/index.php\/2020\/07\/21\/tecnico-espanhol-ganha-forca-no-flamengo\/#breadcrumb"},"inLanguage":"pt-BR","potentialAction":[{"@type":"ReadAction","target":["https:\/\/www.gaveanews.com\/index.php\/2020\/07\/21\/tecnico-espanhol-ganha-forca-no-flamengo\/"]}]},{"@type":"ImageObject","inLanguage":"pt-BR","@id":"https:\/\/www.gaveanews.com\/index.php\/2020\/07\/21\/tecnico-espanhol-ganha-forca-no-flamengo\/#primaryimage","url":"https:\/\/www.gaveanews.com\/wp-content\/uploads\/2019\/03\/Rodolfo-Landim-durante-entrevista-coletiva-na-Gavea.webp","contentUrl":"https:\/\/www.gaveanews.com\/wp-content\/uploads\/2019\/03\/Rodolfo-Landim-durante-entrevista-coletiva-na-Gavea.webp","width":900,"height":599,"caption":"Rodolfo Landim durante entrevista coletiva na G\u00e1vea (Foto: Ag\u00eancia Foto BR)"},{"@type":"BreadcrumbList","@id":"https:\/\/www.gaveanews.com\/index.php\/2020\/07\/21\/tecnico-espanhol-ganha-forca-no-flamengo\/#breadcrumb","itemListElement":[{"@type":"ListItem","position":1,"name":"Home","item":"https:\/\/www.gaveanews.com\/"},{"@type":"ListItem","position":2,"name":"T\u00e9cnico espanhol ganha for\u00e7a no Flamengo"}]},{"@type":"WebSite","@id":"https:\/\/www.gaveanews.com\/#website","url":"https:\/\/www.gaveanews.com\/","name":"G\u00e1vea News","description":"Veja todas as not\u00edcias sobre o Flamengo: Contrata\u00e7\u00f5es, categorias de base, resultados das partidas, tabela de classifica\u00e7\u00e3o, pr\u00f3ximos jogos!","potentialAction":[{"@type":"SearchAction","target":{"@type":"EntryPoint","urlTemplate":"https:\/\/www.gaveanews.com\/?s={search_term_string}"},"query-input":{"@type":"PropertyValueSpecification","valueRequired":true,"valueName":"search_term_string"}}],"inLanguage":"pt-BR"},{"@type":"Person","@id":"https:\/\/www.gaveanews.com\/#\/schema\/person\/2ec14f73fb96be2caf28f91afb14749d","name":"Equipe G\u00e1vea News","image":{"@type":"ImageObject","inLanguage":"pt-BR","@id":"https:\/\/www.gaveanews.com\/#\/schema\/person\/image\/","url":"https:\/\/secure.gravatar.com\/avatar\/1e1956f1facbffd3f8fa53a326721950116b3b9dc9bd44939c01180fd4a745a9?s=96&d=mm&r=g","contentUrl":"https:\/\/secure.gravatar.com\/avatar\/1e1956f1facbffd3f8fa53a326721950116b3b9dc9bd44939c01180fd4a745a9?s=96&d=mm&r=g","caption":"Equipe G\u00e1vea News"}}]}},"_links":{"self":[{"href":"https:\/\/www.gaveanews.com\/index.php\/wp-json\/wp\/v2\/posts\/44021","targetHints":{"allow":["GET"]}}],"collection":[{"href":"https:\/\/www.gaveanews.com\/index.php\/wp-json\/wp\/v2\/posts"}],"about":[{"href":"https:\/\/www.gaveanews.com\/index.php\/wp-json\/wp\/v2\/types\/post"}],"author":[{"embeddable":true,"href":"https:\/\/www.gaveanews.com\/index.php\/wp-json\/wp\/v2\/users\/1"}],"replies":[{"embeddable":true,"href":"https:\/\/www.gaveanews.com\/index.php\/wp-json\/wp\/v2\/comments?post=44021"}],"version-history":[{"count":0,"href":"https:\/\/www.gaveanews.com\/index.php\/wp-json\/wp\/v2\/posts\/44021\/revisions"}],"wp:featuredmedia":[{"embeddable":true,"href":"https:\/\/www.gaveanews.com\/index.php\/wp-json\/wp\/v2\/media\/15077"}],"wp:attachment":[{"href":"https:\/\/www.gaveanews.com\/index.php\/wp-json\/wp\/v2\/media?parent=44021"}],"wp:term":[{"taxonomy":"category","embeddable":true,"href":"https:\/\/www.gaveanews.com\/index.php\/wp-json\/wp\/v2\/categories?post=44021"},{"taxonomy":"post_tag","embeddable":true,"href":"https:\/\/www.gaveanews.com\/index.php\/wp-json\/wp\/v2\/tags?post=44021"}],"curies":[{"name":"wp","href":"https:\/\/api.w.org\/{rel}","templated":true}]}}