{"id":44037,"date":"2020-07-21T19:24:49","date_gmt":"2020-07-21T22:24:49","guid":{"rendered":"https:\/\/www.gaveanews.com\/?p=44037"},"modified":"2020-07-21T19:24:52","modified_gmt":"2020-07-21T22:24:52","slug":"candidato-do-benfica-nao-garante-permanencia-de-jorge-jesus","status":"publish","type":"post","link":"https:\/\/www.gaveanews.com\/index.php\/2020\/07\/21\/candidato-do-benfica-nao-garante-permanencia-de-jorge-jesus\/","title":{"rendered":"Candidato do Benfica n\u00e3o garante perman\u00eancia de Jorge Jesus"},"content":{"rendered":"\n<p>O Benfica anunciou o retorno de Jorge Jesus ap\u00f3s cinco anos, em uma negocia\u00e7\u00e3o que agitou a imprensa portuguesa e brasileira, al\u00e9m das torcidas do clube portugu\u00eas e do Flamengo. <\/p>\n\n\n\n<p>A volta do treinador, no entanto, pode terminar bem antes do previsto, isso porque o candidato \u00e0 presid\u00eancia do clube portugu\u00eas, Rui Gomes da Silva, n\u00e3o garante a perman\u00eancia do comandante caso ven\u00e7a a elei\u00e7\u00e3o, marcada inicialmente para outubro.<\/p>\n\n\n\n<p>Em entrevista ao jornal <em>O Globo<\/em>, o advogado benfiquista questionou o valor do contrato de Jorge Jesus \u2013 segundo ele, cerca de 26,5 milh\u00f5es de euros por tr\u00eas anos. <\/p>\n\n\n\n<p><em>\u2014 Tenho que ver [se vou manter Jorge Jesus]. Nesta primeira fase, direi que cumprirei os contratos. Mas tenho que pensar no Benfica. \u00c9 um contrato de 26,5 milh\u00f5es de euros. O Benfica ter\u00e1 muita dificuldade financeira nos pr\u00f3ximos anos. Tanto que busca solu\u00e7\u00f5es para pagar o Pedrinho, querem diminuir o pre\u00e7o. O Yony [Gonzalez] foi uma compensa\u00e7\u00e3o para o Pedrinho ficar mais barato, por exemplo.<\/em><\/p>\n\n\n\n<p><em>\u2014 O problema \u00e9 que o Benfica tem um contrato de 26,5 milh\u00f5es de euros para Jorge Jesus por tr\u00eas anos. Por esse valor, eu vou buscar os melhores treinadores do mundo. [Jos\u00e9] Mourinho, [Pep] Guardiola, [Carlo] Ancelotti, os tops dos tops.<\/em><\/p>\n\n\n\n<p>Rui Gomes da Silva ainda explicou porque considerou a contrata\u00e7\u00e3o de Jorge Jesus como um \u201cato de desespero\u201d da atual gest\u00e3o do clube. <\/p>\n\n\n\n<p><em>\u2014 Tem rela\u00e7\u00e3o com o Benfica e com o atual projeto. S\u00e3o a\u00e7\u00f5es e atitudes. Lembraria de tr\u00eas momentos. Jorge Jesus n\u00e3o foi correto com os s\u00f3cios do Benfica, chegou a dizer que \u201csabia como l\u00e1 se ganhava\u201d e at\u00e9 poucos meses, o presidente disse que Jesus nunca mais estaria no clube. No atual cen\u00e1rio, o presidente est\u00e1 sendo acusado por todos os lados. Por quest\u00f5es pessoais e por quest\u00f5es do Benfica. No ano em que o Benfica poderia fazer hist\u00f3ria e ser pentacampe\u00e3o, ele investe 9 milh\u00f5es de euros em refor\u00e7os. No ano em que est\u00e1 em risco a sua reelei\u00e7\u00e3o, contrata um treinador que custa 26,5 milh\u00f5es de euros, enquanto o outro treinador custava 1 milh\u00e3o de euros. Se isso n\u00e3o \u00e9 um ato de desespero, me explique o que \u00e9.<\/em><\/p>\n\n\n\n<p>Retirado de: Torcedores<\/p>\n","protected":false},"excerpt":{"rendered":"<p>O Benfica anunciou o retorno de Jorge Jesus ap\u00f3s cinco anos, em uma negocia\u00e7\u00e3o que agitou a imprensa portuguesa e brasileira, al\u00e9m das torcidas do clube portugu\u00eas e do Flamengo. A volta do treinador, no entanto, pode terminar bem antes do previsto, isso porque o candidato \u00e0 presid\u00eancia do clube portugu\u00eas, Rui Gomes da Silva, [&hellip;]<\/p>\n","protected":false},"author":1,"featured_media":28885,"comment_status":"open","ping_status":"closed","sticky":false,"template":"","format":"standard","meta":{"footnotes":""},"categories":[47],"tags":[],"class_list":["post-44037","post","type-post","status-publish","format-standard","has-post-thumbnail","hentry","category-destaques"],"yoast_head":"<!-- This site is optimized with the Yoast SEO Premium plugin v24.2 (Yoast SEO v26.9) - https:\/\/yoast.com\/product\/yoast-seo-premium-wordpress\/ -->\n<title>Candidato do Benfica n\u00e3o garante perman\u00eancia de Jesus - G\u00e1vea News<\/title>\n<meta name=\"description\" content=\"Rui Gomes da Silva ainda explicou porque considerou a contrata\u00e7\u00e3o de Jorge Jesus como um \u201cato de desespero\u201d da atual gest\u00e3o do clube.\" \/>\n<meta name=\"robots\" content=\"index, follow, max-snippet:-1, max-image-preview:large, max-video-preview:-1\" \/>\n<link rel=\"canonical\" href=\"https:\/\/www.gaveanews.com\/index.php\/2020\/07\/21\/candidato-do-benfica-nao-garante-permanencia-de-jorge-jesus\/\" \/>\n<meta property=\"og:locale\" content=\"pt_BR\" \/>\n<meta property=\"og:type\" content=\"article\" \/>\n<meta property=\"og:title\" content=\"Candidato do Benfica n\u00e3o garante perman\u00eancia de Jorge Jesus\" \/>\n<meta property=\"og:description\" content=\"Rui Gomes da Silva ainda explicou porque considerou a contrata\u00e7\u00e3o de Jorge Jesus como um \u201cato de desespero\u201d da atual gest\u00e3o do clube.\" \/>\n<meta property=\"og:url\" content=\"https:\/\/www.gaveanews.com\/index.php\/2020\/07\/21\/candidato-do-benfica-nao-garante-permanencia-de-jorge-jesus\/\" \/>\n<meta property=\"og:site_name\" content=\"G\u00e1vea News\" \/>\n<meta property=\"article:publisher\" content=\"https:\/\/facebook.com\/gaveaNews\/\" \/>\n<meta property=\"article:published_time\" content=\"2020-07-21T22:24:49+00:00\" \/>\n<meta property=\"article:modified_time\" content=\"2020-07-21T22:24:52+00:00\" \/>\n<meta property=\"og:image\" content=\"https:\/\/www.gaveanews.com\/wp-content\/uploads\/Jesus-durante-uma-partida-do-Flamengo.webp\" \/>\n\t<meta property=\"og:image:width\" content=\"900\" \/>\n\t<meta property=\"og:image:height\" content=\"600\" \/>\n\t<meta property=\"og:image:type\" content=\"image\/jpeg\" \/>\n<meta name=\"author\" content=\"Equipe G\u00e1vea News\" \/>\n<meta name=\"twitter:card\" content=\"summary_large_image\" \/>\n<meta name=\"twitter:label1\" content=\"Escrito por\" \/>\n\t<meta name=\"twitter:data1\" content=\"Equipe G\u00e1vea News\" \/>\n\t<meta name=\"twitter:label2\" content=\"Est. tempo de leitura\" \/>\n\t<meta name=\"twitter:data2\" content=\"2 minutos\" \/>\n<script type=\"application\/ld+json\" class=\"yoast-schema-graph\">{\"@context\":\"https:\/\/schema.org\",\"@graph\":[{\"@type\":\"NewsArticle\",\"@id\":\"https:\/\/www.gaveanews.com\/index.php\/2020\/07\/21\/candidato-do-benfica-nao-garante-permanencia-de-jorge-jesus\/#article\",\"isPartOf\":{\"@id\":\"https:\/\/www.gaveanews.com\/index.php\/2020\/07\/21\/candidato-do-benfica-nao-garante-permanencia-de-jorge-jesus\/\"},\"author\":{\"name\":\"Equipe G\u00e1vea News\",\"@id\":\"https:\/\/www.gaveanews.com\/#\/schema\/person\/2ec14f73fb96be2caf28f91afb14749d\"},\"headline\":\"Candidato do Benfica n\u00e3o garante perman\u00eancia de Jorge Jesus\",\"datePublished\":\"2020-07-21T22:24:49+00:00\",\"dateModified\":\"2020-07-21T22:24:52+00:00\",\"mainEntityOfPage\":{\"@id\":\"https:\/\/www.gaveanews.com\/index.php\/2020\/07\/21\/candidato-do-benfica-nao-garante-permanencia-de-jorge-jesus\/\"},\"wordCount\":399,\"commentCount\":29,\"image\":{\"@id\":\"https:\/\/www.gaveanews.com\/index.php\/2020\/07\/21\/candidato-do-benfica-nao-garante-permanencia-de-jorge-jesus\/#primaryimage\"},\"thumbnailUrl\":\"https:\/\/www.gaveanews.com\/wp-content\/uploads\/Jesus-durante-uma-partida-do-Flamengo.webp\",\"articleSection\":[\"Destaques\"],\"inLanguage\":\"pt-BR\",\"potentialAction\":[{\"@type\":\"CommentAction\",\"name\":\"Comment\",\"target\":[\"https:\/\/www.gaveanews.com\/index.php\/2020\/07\/21\/candidato-do-benfica-nao-garante-permanencia-de-jorge-jesus\/#respond\"]}],\"copyrightYear\":\"2020\",\"copyrightHolder\":{\"@id\":\"https:\/\/www.gaveanews.com\/#organization\"}},{\"@type\":\"WebPage\",\"@id\":\"https:\/\/www.gaveanews.com\/index.php\/2020\/07\/21\/candidato-do-benfica-nao-garante-permanencia-de-jorge-jesus\/\",\"url\":\"https:\/\/www.gaveanews.com\/index.php\/2020\/07\/21\/candidato-do-benfica-nao-garante-permanencia-de-jorge-jesus\/\",\"name\":\"Candidato do Benfica n\u00e3o garante perman\u00eancia de Jesus - G\u00e1vea News\",\"isPartOf\":{\"@id\":\"https:\/\/www.gaveanews.com\/#website\"},\"primaryImageOfPage\":{\"@id\":\"https:\/\/www.gaveanews.com\/index.php\/2020\/07\/21\/candidato-do-benfica-nao-garante-permanencia-de-jorge-jesus\/#primaryimage\"},\"image\":{\"@id\":\"https:\/\/www.gaveanews.com\/index.php\/2020\/07\/21\/candidato-do-benfica-nao-garante-permanencia-de-jorge-jesus\/#primaryimage\"},\"thumbnailUrl\":\"https:\/\/www.gaveanews.com\/wp-content\/uploads\/Jesus-durante-uma-partida-do-Flamengo.webp\",\"datePublished\":\"2020-07-21T22:24:49+00:00\",\"dateModified\":\"2020-07-21T22:24:52+00:00\",\"author\":{\"@id\":\"https:\/\/www.gaveanews.com\/#\/schema\/person\/2ec14f73fb96be2caf28f91afb14749d\"},\"description\":\"Rui Gomes da Silva ainda explicou porque considerou a contrata\u00e7\u00e3o de Jorge Jesus como um \u201cato de desespero\u201d da atual gest\u00e3o do clube.\",\"breadcrumb\":{\"@id\":\"https:\/\/www.gaveanews.com\/index.php\/2020\/07\/21\/candidato-do-benfica-nao-garante-permanencia-de-jorge-jesus\/#breadcrumb\"},\"inLanguage\":\"pt-BR\",\"potentialAction\":[{\"@type\":\"ReadAction\",\"target\":[\"https:\/\/www.gaveanews.com\/index.php\/2020\/07\/21\/candidato-do-benfica-nao-garante-permanencia-de-jorge-jesus\/\"]}]},{\"@type\":\"ImageObject\",\"inLanguage\":\"pt-BR\",\"@id\":\"https:\/\/www.gaveanews.com\/index.php\/2020\/07\/21\/candidato-do-benfica-nao-garante-permanencia-de-jorge-jesus\/#primaryimage\",\"url\":\"https:\/\/www.gaveanews.com\/wp-content\/uploads\/Jesus-durante-uma-partida-do-Flamengo.webp\",\"contentUrl\":\"https:\/\/www.gaveanews.com\/wp-content\/uploads\/Jesus-durante-uma-partida-do-Flamengo.webp\",\"width\":900,\"height\":600,\"caption\":\"Jesus durante uma partida do Flamengo (Foto: Alexandre Vidal\/Flamengo)\"},{\"@type\":\"BreadcrumbList\",\"@id\":\"https:\/\/www.gaveanews.com\/index.php\/2020\/07\/21\/candidato-do-benfica-nao-garante-permanencia-de-jorge-jesus\/#breadcrumb\",\"itemListElement\":[{\"@type\":\"ListItem\",\"position\":1,\"name\":\"Home\",\"item\":\"https:\/\/www.gaveanews.com\/\"},{\"@type\":\"ListItem\",\"position\":2,\"name\":\"Candidato do Benfica n\u00e3o garante perman\u00eancia de Jorge Jesus\"}]},{\"@type\":\"WebSite\",\"@id\":\"https:\/\/www.gaveanews.com\/#website\",\"url\":\"https:\/\/www.gaveanews.com\/\",\"name\":\"G\u00e1vea News\",\"description\":\"Veja todas as not\u00edcias sobre o Flamengo: Contrata\u00e7\u00f5es, categorias de base, resultados das partidas, tabela de classifica\u00e7\u00e3o, pr\u00f3ximos jogos!\",\"potentialAction\":[{\"@type\":\"SearchAction\",\"target\":{\"@type\":\"EntryPoint\",\"urlTemplate\":\"https:\/\/www.gaveanews.com\/?s={search_term_string}\"},\"query-input\":{\"@type\":\"PropertyValueSpecification\",\"valueRequired\":true,\"valueName\":\"search_term_string\"}}],\"inLanguage\":\"pt-BR\"},{\"@type\":\"Person\",\"@id\":\"https:\/\/www.gaveanews.com\/#\/schema\/person\/2ec14f73fb96be2caf28f91afb14749d\",\"name\":\"Equipe G\u00e1vea News\",\"image\":{\"@type\":\"ImageObject\",\"inLanguage\":\"pt-BR\",\"@id\":\"https:\/\/www.gaveanews.com\/#\/schema\/person\/image\/\",\"url\":\"https:\/\/secure.gravatar.com\/avatar\/1e1956f1facbffd3f8fa53a326721950116b3b9dc9bd44939c01180fd4a745a9?s=96&d=mm&r=g\",\"contentUrl\":\"https:\/\/secure.gravatar.com\/avatar\/1e1956f1facbffd3f8fa53a326721950116b3b9dc9bd44939c01180fd4a745a9?s=96&d=mm&r=g\",\"caption\":\"Equipe G\u00e1vea News\"}}]}<\/script>\n<!-- \/ Yoast SEO Premium plugin. -->","yoast_head_json":{"title":"Candidato do Benfica n\u00e3o garante perman\u00eancia de Jesus - G\u00e1vea News","description":"Rui Gomes da Silva ainda explicou porque considerou a contrata\u00e7\u00e3o de Jorge Jesus como um \u201cato de desespero\u201d da atual gest\u00e3o do clube.","robots":{"index":"index","follow":"follow","max-snippet":"max-snippet:-1","max-image-preview":"max-image-preview:large","max-video-preview":"max-video-preview:-1"},"canonical":"https:\/\/www.gaveanews.com\/index.php\/2020\/07\/21\/candidato-do-benfica-nao-garante-permanencia-de-jorge-jesus\/","og_locale":"pt_BR","og_type":"article","og_title":"Candidato do Benfica n\u00e3o garante perman\u00eancia de Jorge Jesus","og_description":"Rui Gomes da Silva ainda explicou porque considerou a contrata\u00e7\u00e3o de Jorge Jesus como um \u201cato de desespero\u201d da atual gest\u00e3o do clube.","og_url":"https:\/\/www.gaveanews.com\/index.php\/2020\/07\/21\/candidato-do-benfica-nao-garante-permanencia-de-jorge-jesus\/","og_site_name":"G\u00e1vea News","article_publisher":"https:\/\/facebook.com\/gaveaNews\/","article_published_time":"2020-07-21T22:24:49+00:00","article_modified_time":"2020-07-21T22:24:52+00:00","og_image":[{"width":900,"height":600,"url":"https:\/\/www.gaveanews.com\/wp-content\/uploads\/Jesus-durante-uma-partida-do-Flamengo.webp","type":"image\/jpeg"}],"author":"Equipe G\u00e1vea News","twitter_card":"summary_large_image","twitter_misc":{"Escrito por":"Equipe G\u00e1vea News","Est. tempo de leitura":"2 minutos"},"schema":{"@context":"https:\/\/schema.org","@graph":[{"@type":"NewsArticle","@id":"https:\/\/www.gaveanews.com\/index.php\/2020\/07\/21\/candidato-do-benfica-nao-garante-permanencia-de-jorge-jesus\/#article","isPartOf":{"@id":"https:\/\/www.gaveanews.com\/index.php\/2020\/07\/21\/candidato-do-benfica-nao-garante-permanencia-de-jorge-jesus\/"},"author":{"name":"Equipe G\u00e1vea News","@id":"https:\/\/www.gaveanews.com\/#\/schema\/person\/2ec14f73fb96be2caf28f91afb14749d"},"headline":"Candidato do Benfica n\u00e3o garante perman\u00eancia de Jorge Jesus","datePublished":"2020-07-21T22:24:49+00:00","dateModified":"2020-07-21T22:24:52+00:00","mainEntityOfPage":{"@id":"https:\/\/www.gaveanews.com\/index.php\/2020\/07\/21\/candidato-do-benfica-nao-garante-permanencia-de-jorge-jesus\/"},"wordCount":399,"commentCount":29,"image":{"@id":"https:\/\/www.gaveanews.com\/index.php\/2020\/07\/21\/candidato-do-benfica-nao-garante-permanencia-de-jorge-jesus\/#primaryimage"},"thumbnailUrl":"https:\/\/www.gaveanews.com\/wp-content\/uploads\/Jesus-durante-uma-partida-do-Flamengo.webp","articleSection":["Destaques"],"inLanguage":"pt-BR","potentialAction":[{"@type":"CommentAction","name":"Comment","target":["https:\/\/www.gaveanews.com\/index.php\/2020\/07\/21\/candidato-do-benfica-nao-garante-permanencia-de-jorge-jesus\/#respond"]}],"copyrightYear":"2020","copyrightHolder":{"@id":"https:\/\/www.gaveanews.com\/#organization"}},{"@type":"WebPage","@id":"https:\/\/www.gaveanews.com\/index.php\/2020\/07\/21\/candidato-do-benfica-nao-garante-permanencia-de-jorge-jesus\/","url":"https:\/\/www.gaveanews.com\/index.php\/2020\/07\/21\/candidato-do-benfica-nao-garante-permanencia-de-jorge-jesus\/","name":"Candidato do Benfica n\u00e3o garante perman\u00eancia de Jesus - G\u00e1vea News","isPartOf":{"@id":"https:\/\/www.gaveanews.com\/#website"},"primaryImageOfPage":{"@id":"https:\/\/www.gaveanews.com\/index.php\/2020\/07\/21\/candidato-do-benfica-nao-garante-permanencia-de-jorge-jesus\/#primaryimage"},"image":{"@id":"https:\/\/www.gaveanews.com\/index.php\/2020\/07\/21\/candidato-do-benfica-nao-garante-permanencia-de-jorge-jesus\/#primaryimage"},"thumbnailUrl":"https:\/\/www.gaveanews.com\/wp-content\/uploads\/Jesus-durante-uma-partida-do-Flamengo.webp","datePublished":"2020-07-21T22:24:49+00:00","dateModified":"2020-07-21T22:24:52+00:00","author":{"@id":"https:\/\/www.gaveanews.com\/#\/schema\/person\/2ec14f73fb96be2caf28f91afb14749d"},"description":"Rui Gomes da Silva ainda explicou porque considerou a contrata\u00e7\u00e3o de Jorge Jesus como um \u201cato de desespero\u201d da atual gest\u00e3o do clube.","breadcrumb":{"@id":"https:\/\/www.gaveanews.com\/index.php\/2020\/07\/21\/candidato-do-benfica-nao-garante-permanencia-de-jorge-jesus\/#breadcrumb"},"inLanguage":"pt-BR","potentialAction":[{"@type":"ReadAction","target":["https:\/\/www.gaveanews.com\/index.php\/2020\/07\/21\/candidato-do-benfica-nao-garante-permanencia-de-jorge-jesus\/"]}]},{"@type":"ImageObject","inLanguage":"pt-BR","@id":"https:\/\/www.gaveanews.com\/index.php\/2020\/07\/21\/candidato-do-benfica-nao-garante-permanencia-de-jorge-jesus\/#primaryimage","url":"https:\/\/www.gaveanews.com\/wp-content\/uploads\/Jesus-durante-uma-partida-do-Flamengo.webp","contentUrl":"https:\/\/www.gaveanews.com\/wp-content\/uploads\/Jesus-durante-uma-partida-do-Flamengo.webp","width":900,"height":600,"caption":"Jesus durante uma partida do Flamengo (Foto: Alexandre Vidal\/Flamengo)"},{"@type":"BreadcrumbList","@id":"https:\/\/www.gaveanews.com\/index.php\/2020\/07\/21\/candidato-do-benfica-nao-garante-permanencia-de-jorge-jesus\/#breadcrumb","itemListElement":[{"@type":"ListItem","position":1,"name":"Home","item":"https:\/\/www.gaveanews.com\/"},{"@type":"ListItem","position":2,"name":"Candidato do Benfica n\u00e3o garante perman\u00eancia de Jorge Jesus"}]},{"@type":"WebSite","@id":"https:\/\/www.gaveanews.com\/#website","url":"https:\/\/www.gaveanews.com\/","name":"G\u00e1vea News","description":"Veja todas as not\u00edcias sobre o Flamengo: Contrata\u00e7\u00f5es, categorias de base, resultados das partidas, tabela de classifica\u00e7\u00e3o, pr\u00f3ximos jogos!","potentialAction":[{"@type":"SearchAction","target":{"@type":"EntryPoint","urlTemplate":"https:\/\/www.gaveanews.com\/?s={search_term_string}"},"query-input":{"@type":"PropertyValueSpecification","valueRequired":true,"valueName":"search_term_string"}}],"inLanguage":"pt-BR"},{"@type":"Person","@id":"https:\/\/www.gaveanews.com\/#\/schema\/person\/2ec14f73fb96be2caf28f91afb14749d","name":"Equipe G\u00e1vea News","image":{"@type":"ImageObject","inLanguage":"pt-BR","@id":"https:\/\/www.gaveanews.com\/#\/schema\/person\/image\/","url":"https:\/\/secure.gravatar.com\/avatar\/1e1956f1facbffd3f8fa53a326721950116b3b9dc9bd44939c01180fd4a745a9?s=96&d=mm&r=g","contentUrl":"https:\/\/secure.gravatar.com\/avatar\/1e1956f1facbffd3f8fa53a326721950116b3b9dc9bd44939c01180fd4a745a9?s=96&d=mm&r=g","caption":"Equipe G\u00e1vea News"}}]}},"_links":{"self":[{"href":"https:\/\/www.gaveanews.com\/index.php\/wp-json\/wp\/v2\/posts\/44037","targetHints":{"allow":["GET"]}}],"collection":[{"href":"https:\/\/www.gaveanews.com\/index.php\/wp-json\/wp\/v2\/posts"}],"about":[{"href":"https:\/\/www.gaveanews.com\/index.php\/wp-json\/wp\/v2\/types\/post"}],"author":[{"embeddable":true,"href":"https:\/\/www.gaveanews.com\/index.php\/wp-json\/wp\/v2\/users\/1"}],"replies":[{"embeddable":true,"href":"https:\/\/www.gaveanews.com\/index.php\/wp-json\/wp\/v2\/comments?post=44037"}],"version-history":[{"count":0,"href":"https:\/\/www.gaveanews.com\/index.php\/wp-json\/wp\/v2\/posts\/44037\/revisions"}],"wp:featuredmedia":[{"embeddable":true,"href":"https:\/\/www.gaveanews.com\/index.php\/wp-json\/wp\/v2\/media\/28885"}],"wp:attachment":[{"href":"https:\/\/www.gaveanews.com\/index.php\/wp-json\/wp\/v2\/media?parent=44037"}],"wp:term":[{"taxonomy":"category","embeddable":true,"href":"https:\/\/www.gaveanews.com\/index.php\/wp-json\/wp\/v2\/categories?post=44037"},{"taxonomy":"post_tag","embeddable":true,"href":"https:\/\/www.gaveanews.com\/index.php\/wp-json\/wp\/v2\/tags?post=44037"}],"curies":[{"name":"wp","href":"https:\/\/api.w.org\/{rel}","templated":true}]}}