{"id":44039,"date":"2020-07-21T19:55:21","date_gmt":"2020-07-21T22:55:21","guid":{"rendered":"https:\/\/www.gaveanews.com\/?p=44039"},"modified":"2020-07-21T19:55:23","modified_gmt":"2020-07-21T22:55:23","slug":"flamengo-realiza-testes-de-covid-19-em-comunidades-do-rio-de-janeiro","status":"publish","type":"post","link":"https:\/\/www.gaveanews.com\/index.php\/2020\/07\/21\/flamengo-realiza-testes-de-covid-19-em-comunidades-do-rio-de-janeiro\/","title":{"rendered":"Flamengo realiza testes de Covid-19 em comunidades do Rio de Janeiro"},"content":{"rendered":"\n<p>No in\u00edcio desta semana, o Clube de Regatas do Flamengo, em parceria com a VEUS Laboratorial, realizou a aplica\u00e7\u00e3o de 50 testes de Covid-19 em moradores de duas comunidades do Rio de Janeiro. Nesta segunda (20) e ter\u00e7a-feira (21), a a\u00e7\u00e3o aconteceu com moradores da Cruzada S\u00e3o Sebasti\u00e3o, na Zona Sul, e na Vila Alian\u00e7a, localizada na Zona Oeste da cidade.<\/p>\n\n\n\n<p>Na Cruzada, os moradores testados foram escolhidos de acordo com a faixa et\u00e1ria, a diversidade das moradias e pelo n\u00famero de habitantes por resid\u00eancia. \u00c9 sempre bom destacar que os idosos, mesmo isolados, ficam mais expostos \u00e0 contamina\u00e7\u00e3o, uma vez que seus familiares precisam sair de casa para retornar \u00e0s atividades profissionais. A escolha das pessoas testadas foi definida pela Associa\u00e7\u00e3o de Moradores, em conjunto com o projeto Basquete Cruzada, atrav\u00e9s da psic\u00f3loga Renata Victor Silva.<\/p>\n\n\n\n<p>J\u00e1 na Vila Alian\u00e7a, os testes foram aplicados em jovens que fazem parte do projeto Craques da Vida, al\u00e9m dos seus educadores, com objetivo de retomada das atividades do projeto, paralisadas desde o in\u00edcio da pandemia. O \u201cCraques da Vida\u201d est\u00e1 completando 23 anos e transforma vidas atrav\u00e9s do futebol. Os exames foram realizados no IACB (Instituto de An\u00e1lises Cl\u00ednicas Bangu).<\/p>\n\n\n\n<p>\u201cEstamos passando por um momento bastante dif\u00edcil devido \u00e0 pandemia, e Bangu foi diagnosticado como o lugar que tem mais pessoas contaminadas. Ent\u00e3o, neste momento, essa interven\u00e7\u00e3o social \u00e9 important\u00edssima, porque ela nos dar\u00e1 um paradigma sobre o que devemos fazer neste momento complicado. As fam\u00edlias v\u00e3o ficar mais tranquilas, e n\u00f3s, vamos poder tra\u00e7ar um novo trabalho, seguindo os protocolos de seguran\u00e7a estabelecidos\u201d, destacou Franklin Ferreira, Presidente do \u201cCraques da Vida\u201d.<\/p>\n\n\n\n<p>\u00c9 importante frisar que, nesta parceria entre Flamengo e VEUS Laboratorial, ficou acordado a disponibiliza\u00e7\u00e3o de 50 testes de Covid-19 para fins de responsabilidade social. O Clube, atrav\u00e9s do Fla G\u00e1vea, numa atitude socialmente respons\u00e1vel, fez quest\u00e3o de incluir esses testes na negocia\u00e7\u00e3o, tendo em vista a vulnerabilidade que a pandemia do novo coronav\u00edrus submete \u00e0 alguns grupos. Nesta a\u00e7\u00e3o, novamente o Mais Querido se fez representado por Camila Nascimento, gerente de Responsabilidade Social.<\/p>\n\n\n\n<p>Retirado de: Site Oficial do Flamengo<\/p>\n","protected":false},"excerpt":{"rendered":"<p>No in\u00edcio desta semana, o Clube de Regatas do Flamengo, em parceria com a VEUS Laboratorial, realizou a aplica\u00e7\u00e3o de 50 testes de Covid-19 em moradores de duas comunidades do Rio de Janeiro. Nesta segunda (20) e ter\u00e7a-feira (21), a a\u00e7\u00e3o aconteceu com moradores da Cruzada S\u00e3o Sebasti\u00e3o, na Zona Sul, e na Vila Alian\u00e7a, [&hellip;]<\/p>\n","protected":false},"author":1,"featured_media":15081,"comment_status":"open","ping_status":"closed","sticky":false,"template":"","format":"standard","meta":{"footnotes":""},"categories":[1],"tags":[],"class_list":["post-44039","post","type-post","status-publish","format-standard","has-post-thumbnail","hentry","category-flamengo"],"yoast_head":"<!-- This site is optimized with the Yoast SEO Premium plugin v24.2 (Yoast SEO v26.9) - https:\/\/yoast.com\/product\/yoast-seo-premium-wordpress\/ -->\n<title>Flamengo realiza testes de Covid-19 em comunidades do Rio de Janeiro<\/title>\n<meta name=\"description\" content=\"Moradores testados foram escolhidos de acordo com a faixa et\u00e1ria, a diversidade das moradias e pelo n\u00famero de habitantes por resid\u00eancia.\" \/>\n<meta name=\"robots\" content=\"index, follow, max-snippet:-1, max-image-preview:large, max-video-preview:-1\" \/>\n<link rel=\"canonical\" href=\"https:\/\/www.gaveanews.com\/index.php\/2020\/07\/21\/flamengo-realiza-testes-de-covid-19-em-comunidades-do-rio-de-janeiro\/\" \/>\n<meta property=\"og:locale\" content=\"pt_BR\" \/>\n<meta property=\"og:type\" content=\"article\" \/>\n<meta property=\"og:title\" content=\"Flamengo realiza testes de Covid-19 em comunidades do Rio de Janeiro\" \/>\n<meta property=\"og:description\" content=\"Moradores testados foram escolhidos de acordo com a faixa et\u00e1ria, a diversidade das moradias e pelo n\u00famero de habitantes por resid\u00eancia.\" \/>\n<meta property=\"og:url\" content=\"https:\/\/www.gaveanews.com\/index.php\/2020\/07\/21\/flamengo-realiza-testes-de-covid-19-em-comunidades-do-rio-de-janeiro\/\" \/>\n<meta property=\"og:site_name\" content=\"G\u00e1vea News\" \/>\n<meta property=\"article:publisher\" content=\"https:\/\/facebook.com\/gaveaNews\/\" \/>\n<meta property=\"article:published_time\" content=\"2020-07-21T22:55:21+00:00\" \/>\n<meta property=\"article:modified_time\" content=\"2020-07-21T22:55:23+00:00\" \/>\n<meta property=\"og:image\" content=\"https:\/\/www.gaveanews.com\/wp-content\/uploads\/2019\/03\/Escudo-do-Flamengo-e-exposto-proximo-a-um-dos-gols-no-gramado-do-Maracana.webp\" \/>\n\t<meta property=\"og:image:width\" content=\"1\" \/>\n\t<meta property=\"og:image:height\" content=\"1\" \/>\n\t<meta property=\"og:image:type\" content=\"image\/jpeg\" \/>\n<meta name=\"author\" content=\"Equipe G\u00e1vea News\" \/>\n<meta name=\"twitter:card\" content=\"summary_large_image\" \/>\n<meta name=\"twitter:label1\" content=\"Escrito por\" \/>\n\t<meta name=\"twitter:data1\" content=\"Equipe G\u00e1vea News\" \/>\n\t<meta name=\"twitter:label2\" content=\"Est. tempo de leitura\" \/>\n\t<meta name=\"twitter:data2\" content=\"2 minutos\" \/>\n<script type=\"application\/ld+json\" class=\"yoast-schema-graph\">{\"@context\":\"https:\/\/schema.org\",\"@graph\":[{\"@type\":\"NewsArticle\",\"@id\":\"https:\/\/www.gaveanews.com\/index.php\/2020\/07\/21\/flamengo-realiza-testes-de-covid-19-em-comunidades-do-rio-de-janeiro\/#article\",\"isPartOf\":{\"@id\":\"https:\/\/www.gaveanews.com\/index.php\/2020\/07\/21\/flamengo-realiza-testes-de-covid-19-em-comunidades-do-rio-de-janeiro\/\"},\"author\":{\"name\":\"Equipe G\u00e1vea News\",\"@id\":\"https:\/\/www.gaveanews.com\/#\/schema\/person\/2ec14f73fb96be2caf28f91afb14749d\"},\"headline\":\"Flamengo realiza testes de Covid-19 em comunidades do Rio de Janeiro\",\"datePublished\":\"2020-07-21T22:55:21+00:00\",\"dateModified\":\"2020-07-21T22:55:23+00:00\",\"mainEntityOfPage\":{\"@id\":\"https:\/\/www.gaveanews.com\/index.php\/2020\/07\/21\/flamengo-realiza-testes-de-covid-19-em-comunidades-do-rio-de-janeiro\/\"},\"wordCount\":387,\"commentCount\":2,\"image\":{\"@id\":\"https:\/\/www.gaveanews.com\/index.php\/2020\/07\/21\/flamengo-realiza-testes-de-covid-19-em-comunidades-do-rio-de-janeiro\/#primaryimage\"},\"thumbnailUrl\":\"https:\/\/www.gaveanews.com\/wp-content\/uploads\/2019\/03\/Escudo-do-Flamengo-e-exposto-proximo-a-um-dos-gols-no-gramado-do-Maracana.webp\",\"articleSection\":[\"Flamengo\"],\"inLanguage\":\"pt-BR\",\"potentialAction\":[{\"@type\":\"CommentAction\",\"name\":\"Comment\",\"target\":[\"https:\/\/www.gaveanews.com\/index.php\/2020\/07\/21\/flamengo-realiza-testes-de-covid-19-em-comunidades-do-rio-de-janeiro\/#respond\"]}],\"copyrightYear\":\"2020\",\"copyrightHolder\":{\"@id\":\"https:\/\/www.gaveanews.com\/#organization\"}},{\"@type\":\"WebPage\",\"@id\":\"https:\/\/www.gaveanews.com\/index.php\/2020\/07\/21\/flamengo-realiza-testes-de-covid-19-em-comunidades-do-rio-de-janeiro\/\",\"url\":\"https:\/\/www.gaveanews.com\/index.php\/2020\/07\/21\/flamengo-realiza-testes-de-covid-19-em-comunidades-do-rio-de-janeiro\/\",\"name\":\"Flamengo realiza testes de Covid-19 em comunidades do Rio de Janeiro\",\"isPartOf\":{\"@id\":\"https:\/\/www.gaveanews.com\/#website\"},\"primaryImageOfPage\":{\"@id\":\"https:\/\/www.gaveanews.com\/index.php\/2020\/07\/21\/flamengo-realiza-testes-de-covid-19-em-comunidades-do-rio-de-janeiro\/#primaryimage\"},\"image\":{\"@id\":\"https:\/\/www.gaveanews.com\/index.php\/2020\/07\/21\/flamengo-realiza-testes-de-covid-19-em-comunidades-do-rio-de-janeiro\/#primaryimage\"},\"thumbnailUrl\":\"https:\/\/www.gaveanews.com\/wp-content\/uploads\/2019\/03\/Escudo-do-Flamengo-e-exposto-proximo-a-um-dos-gols-no-gramado-do-Maracana.webp\",\"datePublished\":\"2020-07-21T22:55:21+00:00\",\"dateModified\":\"2020-07-21T22:55:23+00:00\",\"author\":{\"@id\":\"https:\/\/www.gaveanews.com\/#\/schema\/person\/2ec14f73fb96be2caf28f91afb14749d\"},\"description\":\"Moradores testados foram escolhidos de acordo com a faixa et\u00e1ria, a diversidade das moradias e pelo n\u00famero de habitantes por resid\u00eancia.\",\"breadcrumb\":{\"@id\":\"https:\/\/www.gaveanews.com\/index.php\/2020\/07\/21\/flamengo-realiza-testes-de-covid-19-em-comunidades-do-rio-de-janeiro\/#breadcrumb\"},\"inLanguage\":\"pt-BR\",\"potentialAction\":[{\"@type\":\"ReadAction\",\"target\":[\"https:\/\/www.gaveanews.com\/index.php\/2020\/07\/21\/flamengo-realiza-testes-de-covid-19-em-comunidades-do-rio-de-janeiro\/\"]}]},{\"@type\":\"ImageObject\",\"inLanguage\":\"pt-BR\",\"@id\":\"https:\/\/www.gaveanews.com\/index.php\/2020\/07\/21\/flamengo-realiza-testes-de-covid-19-em-comunidades-do-rio-de-janeiro\/#primaryimage\",\"url\":\"https:\/\/www.gaveanews.com\/wp-content\/uploads\/2019\/03\/Escudo-do-Flamengo-e-exposto-proximo-a-um-dos-gols-no-gramado-do-Maracana.webp\",\"contentUrl\":\"https:\/\/www.gaveanews.com\/wp-content\/uploads\/2019\/03\/Escudo-do-Flamengo-e-exposto-proximo-a-um-dos-gols-no-gramado-do-Maracana.webp\",\"caption\":\"Escudo do Flamengo \u00e9 exposto pr\u00f3ximo a um dos gols, no gramado do Maracan\u00e3 (Foto: Daniel Castelo Branco)\"},{\"@type\":\"BreadcrumbList\",\"@id\":\"https:\/\/www.gaveanews.com\/index.php\/2020\/07\/21\/flamengo-realiza-testes-de-covid-19-em-comunidades-do-rio-de-janeiro\/#breadcrumb\",\"itemListElement\":[{\"@type\":\"ListItem\",\"position\":1,\"name\":\"Home\",\"item\":\"https:\/\/www.gaveanews.com\/\"},{\"@type\":\"ListItem\",\"position\":2,\"name\":\"Flamengo realiza testes de Covid-19 em comunidades do Rio de Janeiro\"}]},{\"@type\":\"WebSite\",\"@id\":\"https:\/\/www.gaveanews.com\/#website\",\"url\":\"https:\/\/www.gaveanews.com\/\",\"name\":\"G\u00e1vea News\",\"description\":\"Veja todas as not\u00edcias sobre o Flamengo: Contrata\u00e7\u00f5es, categorias de base, resultados das partidas, tabela de classifica\u00e7\u00e3o, pr\u00f3ximos jogos!\",\"potentialAction\":[{\"@type\":\"SearchAction\",\"target\":{\"@type\":\"EntryPoint\",\"urlTemplate\":\"https:\/\/www.gaveanews.com\/?s={search_term_string}\"},\"query-input\":{\"@type\":\"PropertyValueSpecification\",\"valueRequired\":true,\"valueName\":\"search_term_string\"}}],\"inLanguage\":\"pt-BR\"},{\"@type\":\"Person\",\"@id\":\"https:\/\/www.gaveanews.com\/#\/schema\/person\/2ec14f73fb96be2caf28f91afb14749d\",\"name\":\"Equipe G\u00e1vea News\",\"image\":{\"@type\":\"ImageObject\",\"inLanguage\":\"pt-BR\",\"@id\":\"https:\/\/www.gaveanews.com\/#\/schema\/person\/image\/\",\"url\":\"https:\/\/secure.gravatar.com\/avatar\/1e1956f1facbffd3f8fa53a326721950116b3b9dc9bd44939c01180fd4a745a9?s=96&d=mm&r=g\",\"contentUrl\":\"https:\/\/secure.gravatar.com\/avatar\/1e1956f1facbffd3f8fa53a326721950116b3b9dc9bd44939c01180fd4a745a9?s=96&d=mm&r=g\",\"caption\":\"Equipe G\u00e1vea News\"}}]}<\/script>\n<!-- \/ Yoast SEO Premium plugin. -->","yoast_head_json":{"title":"Flamengo realiza testes de Covid-19 em comunidades do Rio de Janeiro","description":"Moradores testados foram escolhidos de acordo com a faixa et\u00e1ria, a diversidade das moradias e pelo n\u00famero de habitantes por resid\u00eancia.","robots":{"index":"index","follow":"follow","max-snippet":"max-snippet:-1","max-image-preview":"max-image-preview:large","max-video-preview":"max-video-preview:-1"},"canonical":"https:\/\/www.gaveanews.com\/index.php\/2020\/07\/21\/flamengo-realiza-testes-de-covid-19-em-comunidades-do-rio-de-janeiro\/","og_locale":"pt_BR","og_type":"article","og_title":"Flamengo realiza testes de Covid-19 em comunidades do Rio de Janeiro","og_description":"Moradores testados foram escolhidos de acordo com a faixa et\u00e1ria, a diversidade das moradias e pelo n\u00famero de habitantes por resid\u00eancia.","og_url":"https:\/\/www.gaveanews.com\/index.php\/2020\/07\/21\/flamengo-realiza-testes-de-covid-19-em-comunidades-do-rio-de-janeiro\/","og_site_name":"G\u00e1vea News","article_publisher":"https:\/\/facebook.com\/gaveaNews\/","article_published_time":"2020-07-21T22:55:21+00:00","article_modified_time":"2020-07-21T22:55:23+00:00","og_image":[{"url":"https:\/\/www.gaveanews.com\/wp-content\/uploads\/2019\/03\/Escudo-do-Flamengo-e-exposto-proximo-a-um-dos-gols-no-gramado-do-Maracana.webp","width":1,"height":1,"type":"image\/jpeg"}],"author":"Equipe G\u00e1vea News","twitter_card":"summary_large_image","twitter_misc":{"Escrito por":"Equipe G\u00e1vea News","Est. tempo de leitura":"2 minutos"},"schema":{"@context":"https:\/\/schema.org","@graph":[{"@type":"NewsArticle","@id":"https:\/\/www.gaveanews.com\/index.php\/2020\/07\/21\/flamengo-realiza-testes-de-covid-19-em-comunidades-do-rio-de-janeiro\/#article","isPartOf":{"@id":"https:\/\/www.gaveanews.com\/index.php\/2020\/07\/21\/flamengo-realiza-testes-de-covid-19-em-comunidades-do-rio-de-janeiro\/"},"author":{"name":"Equipe G\u00e1vea News","@id":"https:\/\/www.gaveanews.com\/#\/schema\/person\/2ec14f73fb96be2caf28f91afb14749d"},"headline":"Flamengo realiza testes de Covid-19 em comunidades do Rio de Janeiro","datePublished":"2020-07-21T22:55:21+00:00","dateModified":"2020-07-21T22:55:23+00:00","mainEntityOfPage":{"@id":"https:\/\/www.gaveanews.com\/index.php\/2020\/07\/21\/flamengo-realiza-testes-de-covid-19-em-comunidades-do-rio-de-janeiro\/"},"wordCount":387,"commentCount":2,"image":{"@id":"https:\/\/www.gaveanews.com\/index.php\/2020\/07\/21\/flamengo-realiza-testes-de-covid-19-em-comunidades-do-rio-de-janeiro\/#primaryimage"},"thumbnailUrl":"https:\/\/www.gaveanews.com\/wp-content\/uploads\/2019\/03\/Escudo-do-Flamengo-e-exposto-proximo-a-um-dos-gols-no-gramado-do-Maracana.webp","articleSection":["Flamengo"],"inLanguage":"pt-BR","potentialAction":[{"@type":"CommentAction","name":"Comment","target":["https:\/\/www.gaveanews.com\/index.php\/2020\/07\/21\/flamengo-realiza-testes-de-covid-19-em-comunidades-do-rio-de-janeiro\/#respond"]}],"copyrightYear":"2020","copyrightHolder":{"@id":"https:\/\/www.gaveanews.com\/#organization"}},{"@type":"WebPage","@id":"https:\/\/www.gaveanews.com\/index.php\/2020\/07\/21\/flamengo-realiza-testes-de-covid-19-em-comunidades-do-rio-de-janeiro\/","url":"https:\/\/www.gaveanews.com\/index.php\/2020\/07\/21\/flamengo-realiza-testes-de-covid-19-em-comunidades-do-rio-de-janeiro\/","name":"Flamengo realiza testes de Covid-19 em comunidades do Rio de Janeiro","isPartOf":{"@id":"https:\/\/www.gaveanews.com\/#website"},"primaryImageOfPage":{"@id":"https:\/\/www.gaveanews.com\/index.php\/2020\/07\/21\/flamengo-realiza-testes-de-covid-19-em-comunidades-do-rio-de-janeiro\/#primaryimage"},"image":{"@id":"https:\/\/www.gaveanews.com\/index.php\/2020\/07\/21\/flamengo-realiza-testes-de-covid-19-em-comunidades-do-rio-de-janeiro\/#primaryimage"},"thumbnailUrl":"https:\/\/www.gaveanews.com\/wp-content\/uploads\/2019\/03\/Escudo-do-Flamengo-e-exposto-proximo-a-um-dos-gols-no-gramado-do-Maracana.webp","datePublished":"2020-07-21T22:55:21+00:00","dateModified":"2020-07-21T22:55:23+00:00","author":{"@id":"https:\/\/www.gaveanews.com\/#\/schema\/person\/2ec14f73fb96be2caf28f91afb14749d"},"description":"Moradores testados foram escolhidos de acordo com a faixa et\u00e1ria, a diversidade das moradias e pelo n\u00famero de habitantes por resid\u00eancia.","breadcrumb":{"@id":"https:\/\/www.gaveanews.com\/index.php\/2020\/07\/21\/flamengo-realiza-testes-de-covid-19-em-comunidades-do-rio-de-janeiro\/#breadcrumb"},"inLanguage":"pt-BR","potentialAction":[{"@type":"ReadAction","target":["https:\/\/www.gaveanews.com\/index.php\/2020\/07\/21\/flamengo-realiza-testes-de-covid-19-em-comunidades-do-rio-de-janeiro\/"]}]},{"@type":"ImageObject","inLanguage":"pt-BR","@id":"https:\/\/www.gaveanews.com\/index.php\/2020\/07\/21\/flamengo-realiza-testes-de-covid-19-em-comunidades-do-rio-de-janeiro\/#primaryimage","url":"https:\/\/www.gaveanews.com\/wp-content\/uploads\/2019\/03\/Escudo-do-Flamengo-e-exposto-proximo-a-um-dos-gols-no-gramado-do-Maracana.webp","contentUrl":"https:\/\/www.gaveanews.com\/wp-content\/uploads\/2019\/03\/Escudo-do-Flamengo-e-exposto-proximo-a-um-dos-gols-no-gramado-do-Maracana.webp","caption":"Escudo do Flamengo \u00e9 exposto pr\u00f3ximo a um dos gols, no gramado do Maracan\u00e3 (Foto: Daniel Castelo Branco)"},{"@type":"BreadcrumbList","@id":"https:\/\/www.gaveanews.com\/index.php\/2020\/07\/21\/flamengo-realiza-testes-de-covid-19-em-comunidades-do-rio-de-janeiro\/#breadcrumb","itemListElement":[{"@type":"ListItem","position":1,"name":"Home","item":"https:\/\/www.gaveanews.com\/"},{"@type":"ListItem","position":2,"name":"Flamengo realiza testes de Covid-19 em comunidades do Rio de Janeiro"}]},{"@type":"WebSite","@id":"https:\/\/www.gaveanews.com\/#website","url":"https:\/\/www.gaveanews.com\/","name":"G\u00e1vea News","description":"Veja todas as not\u00edcias sobre o Flamengo: Contrata\u00e7\u00f5es, categorias de base, resultados das partidas, tabela de classifica\u00e7\u00e3o, pr\u00f3ximos jogos!","potentialAction":[{"@type":"SearchAction","target":{"@type":"EntryPoint","urlTemplate":"https:\/\/www.gaveanews.com\/?s={search_term_string}"},"query-input":{"@type":"PropertyValueSpecification","valueRequired":true,"valueName":"search_term_string"}}],"inLanguage":"pt-BR"},{"@type":"Person","@id":"https:\/\/www.gaveanews.com\/#\/schema\/person\/2ec14f73fb96be2caf28f91afb14749d","name":"Equipe G\u00e1vea News","image":{"@type":"ImageObject","inLanguage":"pt-BR","@id":"https:\/\/www.gaveanews.com\/#\/schema\/person\/image\/","url":"https:\/\/secure.gravatar.com\/avatar\/1e1956f1facbffd3f8fa53a326721950116b3b9dc9bd44939c01180fd4a745a9?s=96&d=mm&r=g","contentUrl":"https:\/\/secure.gravatar.com\/avatar\/1e1956f1facbffd3f8fa53a326721950116b3b9dc9bd44939c01180fd4a745a9?s=96&d=mm&r=g","caption":"Equipe G\u00e1vea News"}}]}},"_links":{"self":[{"href":"https:\/\/www.gaveanews.com\/index.php\/wp-json\/wp\/v2\/posts\/44039","targetHints":{"allow":["GET"]}}],"collection":[{"href":"https:\/\/www.gaveanews.com\/index.php\/wp-json\/wp\/v2\/posts"}],"about":[{"href":"https:\/\/www.gaveanews.com\/index.php\/wp-json\/wp\/v2\/types\/post"}],"author":[{"embeddable":true,"href":"https:\/\/www.gaveanews.com\/index.php\/wp-json\/wp\/v2\/users\/1"}],"replies":[{"embeddable":true,"href":"https:\/\/www.gaveanews.com\/index.php\/wp-json\/wp\/v2\/comments?post=44039"}],"version-history":[{"count":0,"href":"https:\/\/www.gaveanews.com\/index.php\/wp-json\/wp\/v2\/posts\/44039\/revisions"}],"wp:featuredmedia":[{"embeddable":true,"href":"https:\/\/www.gaveanews.com\/index.php\/wp-json\/wp\/v2\/media\/15081"}],"wp:attachment":[{"href":"https:\/\/www.gaveanews.com\/index.php\/wp-json\/wp\/v2\/media?parent=44039"}],"wp:term":[{"taxonomy":"category","embeddable":true,"href":"https:\/\/www.gaveanews.com\/index.php\/wp-json\/wp\/v2\/categories?post=44039"},{"taxonomy":"post_tag","embeddable":true,"href":"https:\/\/www.gaveanews.com\/index.php\/wp-json\/wp\/v2\/tags?post=44039"}],"curies":[{"name":"wp","href":"https:\/\/api.w.org\/{rel}","templated":true}]}}