{"id":44049,"date":"2020-07-21T23:00:00","date_gmt":"2020-07-22T02:00:00","guid":{"rendered":"https:\/\/www.gaveanews.com\/?p=44049"},"modified":"2020-07-21T22:23:02","modified_gmt":"2020-07-22T01:23:02","slug":"flamengo-ja-negociou-cinco-jogadores-para-o-futebol-portugues-em-2020","status":"publish","type":"post","link":"https:\/\/www.gaveanews.com\/index.php\/2020\/07\/21\/flamengo-ja-negociou-cinco-jogadores-para-o-futebol-portugues-em-2020\/","title":{"rendered":"Flamengo j\u00e1 negociou cinco jogadores para o futebol portugu\u00eas em 2020"},"content":{"rendered":"\n<p>A rela\u00e7\u00e3o entre Flamengo e Portugal nos \u00faltimos tempos n\u00e3o est\u00e1 limitada apenas na passagem de Jorge Jesus pelo clube carioca. O Rubro-Negro, levando em conta s\u00f3 a temporada 2020, j\u00e1 negociou cinco atletas com times portugueses, e o n\u00famero pode aumentar caso <strong><a href=\"https:\/\/www.gaveanews.com\/index.php\/2020\/07\/21\/atacante-do-flamengo-deve-ser-negociado-com-o-futebol-portugues\/\">Lucas Silva feche com o Pa\u00e7os de Ferreira, que fez proposta oficial para ter o atacante pelos pr\u00f3ximos tr\u00eas anos.<\/a><\/strong><\/p>\n\n\n\n<h3 class=\"wp-block-heading\"><strong>Relembre os cinco atletas que foram negociados com clubes portugueses:<\/strong><\/h3>\n\n\n\n<h2 class=\"wp-block-heading\"><strong>Vitor Gabriel<\/strong><\/h2>\n\n\n\n<figure class=\"wp-block-image size-large\"><img decoding=\"async\" src=\"https:\/\/4.bp.blogspot.com\/-CIczk9FPRds\/XC9bMUlBT5I\/AAAAAAABO_w\/3osbrzz2oqgUR5fk0YGkwfZiH_NlPd-xwCLcBGAs\/s1600\/vitor%2Bgabriel%2Bflamengo.webp\" alt=\"\"\/><\/figure>\n\n\n\n<p>Ainda em janeiro, o Flamengo decidiu emprestar Vitor Gabriel ao Braga at\u00e9 junho de 2021. A princ\u00edpio, ele chegou para refor\u00e7ar a equipe B do clube portugu\u00eas. H\u00e1 uma cl\u00e1usula de op\u00e7\u00e3o de compra de R$ 10 milh\u00f5es por 50% dos direitos econ\u00f4micos do atacante de 20 anos.<\/p>\n\n\n\n<h2 class=\"wp-block-heading\"><strong>Matheus Alves<\/strong><\/h2>\n\n\n\n<figure class=\"wp-block-image size-large\"><img decoding=\"async\" src=\"https:\/\/www.esporteinterativo.com.br\/__export\/1591115345663\/sites\/esporteinterativo\/img\/2020\/06\/02\/mathesu_1.jpg_135829838.webp\" alt=\"\"\/><\/figure>\n\n\n\n<p>No \u00faltimo ano de Sub-20, Matheus Alves tinha contrato at\u00e9 dezembro com o Flamengo e acertou a sua ida, em junho, para o Leix\u00f5es, clube&nbsp;o qual fechou v\u00ednculo por tr\u00eas temporadas. O Rubro-Negro n\u00e3o recebeu dinheiro pela negocia\u00e7\u00e3o, mas ficar\u00e1 com 50% dos direitos econ\u00f4micos do jogador.<\/p>\n\n\n\n<h2 class=\"wp-block-heading\"><strong>Wendel<\/strong><\/h2>\n\n\n\n<figure class=\"wp-block-image size-large\"><img decoding=\"async\" src=\"https:\/\/1.bp.blogspot.com\/-uFPh0j4O5Gg\/Wmn5G-9mx_I\/AAAAAAAA1H8\/CQMPeNZjrgwhoced-Rh8bOw9qIINZF3agCLcBGAs\/s640\/wendel%2Bgol%2Bflamengo%2Bsao%2Bpaulo%2Bcopinha.webp\" alt=\"\"\/><\/figure>\n\n\n\n<p>Tamb\u00e9m em junho, o Flamengo acertou a ida do atacante Wendel, que tamb\u00e9m estava em seu \u00faltimo ano de Sub-20, para o mesmo clube que Matheus Alves, o Leix\u00f5es. O molde da negocia\u00e7\u00e3o \u00e9 o mesmo do volante: contrato de tr\u00eas anos, e o Rubro-Negro n\u00e3o recebe valor na transa\u00e7\u00e3o, mas fica com 50% dos direitos econ\u00f4micos do atleta.<\/p>\n\n\n\n<h2 class=\"wp-block-heading\"><strong>Thiago<\/strong><\/h2>\n\n\n\n<figure class=\"wp-block-image size-large\"><img decoding=\"async\" src=\"https:\/\/4.bp.blogspot.com\/-25cQzUceH-A\/WzvzA87wZYI\/AAAAAAABAUc\/U21WtrAoIBUk0XfX-8SLW98FZVHxVA_CwCLcBGAs\/s1600\/thiago%2Bflamengo.webp\" alt=\"\"\/><\/figure>\n\n\n\n<p>Muitos torcedores podem n\u00e3o lembrar, mas Thiago tinha contrato com o Flamengo at\u00e9 dezembro deste ano e estava emprestado ao Estoril at\u00e9 junho. Com o t\u00e9rmino do empr\u00e9stimo, os clubes e o jogador negociaram, e o goleiro ser\u00e1 liberado pelo Rubro-Negro. O atleta, que viajou nesta ter\u00e7a para Portugal, assinar\u00e1 contrato de tr\u00eas anos. O clube carioca n\u00e3o receber\u00e1 dinheiro pela negocia\u00e7\u00e3o, mas ficar\u00e1 com 20% dos direitos econ\u00f4micos.<\/p>\n\n\n\n<h2 class=\"wp-block-heading\"><strong>Matheus Dantas<\/strong><\/h2>\n\n\n\n<figure class=\"wp-block-image size-large\"><img decoding=\"async\" src=\"https:\/\/3.bp.blogspot.com\/-PRc_8T6L7cA\/W7Euk6aGmOI\/AAAAAAABHnY\/ShyUqyn4U_UU-iwzLXebDVP1iAQRljCtQCLcBGAs\/s1600\/matheus%2Bdantas%2Bflamengo.webp\" alt=\"\"\/><\/figure>\n\n\n\n<p>Nesta ter\u00e7a-feira, o Flamengo e o Farense trocaram a documenta\u00e7\u00e3o, e o zagueiro Matheus Dantas fechar\u00e1 com o clube portugu\u00eas. Como o jogador tinha contrato at\u00e9 dezembro, o Rubro-Negro decidiu liberar o atleta de gra\u00e7a, mas ficar\u00e1 com 30% dos direitos econ\u00f4micos de uma futura venda.Matheus Dantas embarca nos pr\u00f3ximos dias para se apresentar ao Farense, realizar exames m\u00e9dicos e assinar o v\u00ednculo v\u00e1lido por tr\u00eas temporadas.<\/p>\n\n\n\n<h2 class=\"wp-block-heading\"><strong>Curiosidade:<\/strong><\/h2>\n\n\n\n<p>Destes cinco atletas citados, apenas Thiago n\u00e3o fez parte da campanha do t\u00edtulo da Copa S\u00e3o Paulo de Futebol J\u00fanior, em 2018, conquistada pelo Flamengo, sobre o S\u00e3o Paulo, com gol marcado por Wendel, negociado com o Leix\u00f5es. O goleiro, entretanto, estava no t\u00edtulo de 2016. <\/p>\n\n\n\n<p>Retirado de: O Dia<\/p>\n","protected":false},"excerpt":{"rendered":"<p>A rela\u00e7\u00e3o entre Flamengo e Portugal nos \u00faltimos tempos n\u00e3o est\u00e1 limitada apenas na passagem de Jorge Jesus pelo clube carioca. O Rubro-Negro, levando em conta s\u00f3 a temporada 2020, j\u00e1 negociou cinco atletas com times portugueses, e o n\u00famero pode aumentar caso Lucas Silva feche com o Pa\u00e7os de Ferreira, que fez proposta oficial [&hellip;]<\/p>\n","protected":false},"author":1,"featured_media":23694,"comment_status":"open","ping_status":"closed","sticky":false,"template":"","format":"standard","meta":{"footnotes":""},"categories":[1],"tags":[],"class_list":["post-44049","post","type-post","status-publish","format-standard","has-post-thumbnail","hentry","category-flamengo"],"yoast_head":"<!-- This site is optimized with the Yoast SEO Premium plugin v24.2 (Yoast SEO v26.9) - https:\/\/yoast.com\/product\/yoast-seo-premium-wordpress\/ -->\n<title>Flamengo j\u00e1 negociou cinco jogadores para o futebol portugu\u00eas em 2020<\/title>\n<meta name=\"description\" content=\"A rela\u00e7\u00e3o entre Flamengo e Portugal nos \u00faltimos tempos n\u00e3o est\u00e1 limitada apenas na passagem de Jorge Jesus pelo clube carioca.\" \/>\n<meta name=\"robots\" content=\"index, follow, max-snippet:-1, max-image-preview:large, max-video-preview:-1\" \/>\n<link rel=\"canonical\" href=\"https:\/\/www.gaveanews.com\/index.php\/2020\/07\/21\/flamengo-ja-negociou-cinco-jogadores-para-o-futebol-portugues-em-2020\/\" \/>\n<meta property=\"og:locale\" content=\"pt_BR\" \/>\n<meta property=\"og:type\" content=\"article\" \/>\n<meta property=\"og:title\" content=\"Flamengo j\u00e1 negociou cinco jogadores para o futebol portugu\u00eas em 2020\" \/>\n<meta property=\"og:description\" content=\"A rela\u00e7\u00e3o entre Flamengo e Portugal nos \u00faltimos tempos n\u00e3o est\u00e1 limitada apenas na passagem de Jorge Jesus pelo clube carioca.\" \/>\n<meta property=\"og:url\" content=\"https:\/\/www.gaveanews.com\/index.php\/2020\/07\/21\/flamengo-ja-negociou-cinco-jogadores-para-o-futebol-portugues-em-2020\/\" \/>\n<meta property=\"og:site_name\" content=\"G\u00e1vea News\" \/>\n<meta property=\"article:publisher\" content=\"https:\/\/facebook.com\/gaveaNews\/\" \/>\n<meta property=\"article:published_time\" content=\"2020-07-22T02:00:00+00:00\" \/>\n<meta property=\"og:image\" content=\"https:\/\/www.gaveanews.com\/wp-content\/uploads\/2019\/07\/Marcos-Braz-durante-coletiva-de-imprensa-no-Ninho-do-Urubu.webp\" \/>\n\t<meta property=\"og:image:width\" content=\"846\" \/>\n\t<meta property=\"og:image:height\" content=\"563\" \/>\n\t<meta property=\"og:image:type\" content=\"image\/jpeg\" \/>\n<meta name=\"author\" content=\"Equipe G\u00e1vea News\" \/>\n<meta name=\"twitter:card\" content=\"summary_large_image\" \/>\n<meta name=\"twitter:label1\" content=\"Escrito por\" \/>\n\t<meta name=\"twitter:data1\" content=\"Equipe G\u00e1vea News\" \/>\n\t<meta name=\"twitter:label2\" content=\"Est. tempo de leitura\" \/>\n\t<meta name=\"twitter:data2\" content=\"2 minutos\" \/>\n<script type=\"application\/ld+json\" class=\"yoast-schema-graph\">{\"@context\":\"https:\/\/schema.org\",\"@graph\":[{\"@type\":\"NewsArticle\",\"@id\":\"https:\/\/www.gaveanews.com\/index.php\/2020\/07\/21\/flamengo-ja-negociou-cinco-jogadores-para-o-futebol-portugues-em-2020\/#article\",\"isPartOf\":{\"@id\":\"https:\/\/www.gaveanews.com\/index.php\/2020\/07\/21\/flamengo-ja-negociou-cinco-jogadores-para-o-futebol-portugues-em-2020\/\"},\"author\":{\"name\":\"Equipe G\u00e1vea News\",\"@id\":\"https:\/\/www.gaveanews.com\/#\/schema\/person\/2ec14f73fb96be2caf28f91afb14749d\"},\"headline\":\"Flamengo j\u00e1 negociou cinco jogadores para o futebol portugu\u00eas em 2020\",\"datePublished\":\"2020-07-22T02:00:00+00:00\",\"mainEntityOfPage\":{\"@id\":\"https:\/\/www.gaveanews.com\/index.php\/2020\/07\/21\/flamengo-ja-negociou-cinco-jogadores-para-o-futebol-portugues-em-2020\/\"},\"wordCount\":476,\"commentCount\":0,\"image\":{\"@id\":\"https:\/\/www.gaveanews.com\/index.php\/2020\/07\/21\/flamengo-ja-negociou-cinco-jogadores-para-o-futebol-portugues-em-2020\/#primaryimage\"},\"thumbnailUrl\":\"https:\/\/www.gaveanews.com\/wp-content\/uploads\/2019\/07\/Marcos-Braz-durante-coletiva-de-imprensa-no-Ninho-do-Urubu.webp\",\"articleSection\":[\"Flamengo\"],\"inLanguage\":\"pt-BR\",\"potentialAction\":[{\"@type\":\"CommentAction\",\"name\":\"Comment\",\"target\":[\"https:\/\/www.gaveanews.com\/index.php\/2020\/07\/21\/flamengo-ja-negociou-cinco-jogadores-para-o-futebol-portugues-em-2020\/#respond\"]}],\"copyrightYear\":\"2020\",\"copyrightHolder\":{\"@id\":\"https:\/\/www.gaveanews.com\/#organization\"}},{\"@type\":\"WebPage\",\"@id\":\"https:\/\/www.gaveanews.com\/index.php\/2020\/07\/21\/flamengo-ja-negociou-cinco-jogadores-para-o-futebol-portugues-em-2020\/\",\"url\":\"https:\/\/www.gaveanews.com\/index.php\/2020\/07\/21\/flamengo-ja-negociou-cinco-jogadores-para-o-futebol-portugues-em-2020\/\",\"name\":\"Flamengo j\u00e1 negociou cinco jogadores para o futebol portugu\u00eas em 2020\",\"isPartOf\":{\"@id\":\"https:\/\/www.gaveanews.com\/#website\"},\"primaryImageOfPage\":{\"@id\":\"https:\/\/www.gaveanews.com\/index.php\/2020\/07\/21\/flamengo-ja-negociou-cinco-jogadores-para-o-futebol-portugues-em-2020\/#primaryimage\"},\"image\":{\"@id\":\"https:\/\/www.gaveanews.com\/index.php\/2020\/07\/21\/flamengo-ja-negociou-cinco-jogadores-para-o-futebol-portugues-em-2020\/#primaryimage\"},\"thumbnailUrl\":\"https:\/\/www.gaveanews.com\/wp-content\/uploads\/2019\/07\/Marcos-Braz-durante-coletiva-de-imprensa-no-Ninho-do-Urubu.webp\",\"datePublished\":\"2020-07-22T02:00:00+00:00\",\"author\":{\"@id\":\"https:\/\/www.gaveanews.com\/#\/schema\/person\/2ec14f73fb96be2caf28f91afb14749d\"},\"description\":\"A rela\u00e7\u00e3o entre Flamengo e Portugal nos \u00faltimos tempos n\u00e3o est\u00e1 limitada apenas na passagem de Jorge Jesus pelo clube carioca.\",\"breadcrumb\":{\"@id\":\"https:\/\/www.gaveanews.com\/index.php\/2020\/07\/21\/flamengo-ja-negociou-cinco-jogadores-para-o-futebol-portugues-em-2020\/#breadcrumb\"},\"inLanguage\":\"pt-BR\",\"potentialAction\":[{\"@type\":\"ReadAction\",\"target\":[\"https:\/\/www.gaveanews.com\/index.php\/2020\/07\/21\/flamengo-ja-negociou-cinco-jogadores-para-o-futebol-portugues-em-2020\/\"]}]},{\"@type\":\"ImageObject\",\"inLanguage\":\"pt-BR\",\"@id\":\"https:\/\/www.gaveanews.com\/index.php\/2020\/07\/21\/flamengo-ja-negociou-cinco-jogadores-para-o-futebol-portugues-em-2020\/#primaryimage\",\"url\":\"https:\/\/www.gaveanews.com\/wp-content\/uploads\/2019\/07\/Marcos-Braz-durante-coletiva-de-imprensa-no-Ninho-do-Urubu.webp\",\"contentUrl\":\"https:\/\/www.gaveanews.com\/wp-content\/uploads\/2019\/07\/Marcos-Braz-durante-coletiva-de-imprensa-no-Ninho-do-Urubu.webp\",\"width\":846,\"height\":563,\"caption\":\"Marcos Braz durante coletiva de imprensa no Ninho do Urubu (Foto: Alexandre Vidal\/Flamengo)\"},{\"@type\":\"BreadcrumbList\",\"@id\":\"https:\/\/www.gaveanews.com\/index.php\/2020\/07\/21\/flamengo-ja-negociou-cinco-jogadores-para-o-futebol-portugues-em-2020\/#breadcrumb\",\"itemListElement\":[{\"@type\":\"ListItem\",\"position\":1,\"name\":\"Home\",\"item\":\"https:\/\/www.gaveanews.com\/\"},{\"@type\":\"ListItem\",\"position\":2,\"name\":\"Flamengo j\u00e1 negociou cinco jogadores para o futebol portugu\u00eas em 2020\"}]},{\"@type\":\"WebSite\",\"@id\":\"https:\/\/www.gaveanews.com\/#website\",\"url\":\"https:\/\/www.gaveanews.com\/\",\"name\":\"G\u00e1vea News\",\"description\":\"Veja todas as not\u00edcias sobre o Flamengo: Contrata\u00e7\u00f5es, categorias de base, resultados das partidas, tabela de classifica\u00e7\u00e3o, pr\u00f3ximos jogos!\",\"potentialAction\":[{\"@type\":\"SearchAction\",\"target\":{\"@type\":\"EntryPoint\",\"urlTemplate\":\"https:\/\/www.gaveanews.com\/?s={search_term_string}\"},\"query-input\":{\"@type\":\"PropertyValueSpecification\",\"valueRequired\":true,\"valueName\":\"search_term_string\"}}],\"inLanguage\":\"pt-BR\"},{\"@type\":\"Person\",\"@id\":\"https:\/\/www.gaveanews.com\/#\/schema\/person\/2ec14f73fb96be2caf28f91afb14749d\",\"name\":\"Equipe G\u00e1vea News\",\"image\":{\"@type\":\"ImageObject\",\"inLanguage\":\"pt-BR\",\"@id\":\"https:\/\/www.gaveanews.com\/#\/schema\/person\/image\/\",\"url\":\"https:\/\/secure.gravatar.com\/avatar\/1e1956f1facbffd3f8fa53a326721950116b3b9dc9bd44939c01180fd4a745a9?s=96&d=mm&r=g\",\"contentUrl\":\"https:\/\/secure.gravatar.com\/avatar\/1e1956f1facbffd3f8fa53a326721950116b3b9dc9bd44939c01180fd4a745a9?s=96&d=mm&r=g\",\"caption\":\"Equipe G\u00e1vea News\"}}]}<\/script>\n<!-- \/ Yoast SEO Premium plugin. -->","yoast_head_json":{"title":"Flamengo j\u00e1 negociou cinco jogadores para o futebol portugu\u00eas em 2020","description":"A rela\u00e7\u00e3o entre Flamengo e Portugal nos \u00faltimos tempos n\u00e3o est\u00e1 limitada apenas na passagem de Jorge Jesus pelo clube carioca.","robots":{"index":"index","follow":"follow","max-snippet":"max-snippet:-1","max-image-preview":"max-image-preview:large","max-video-preview":"max-video-preview:-1"},"canonical":"https:\/\/www.gaveanews.com\/index.php\/2020\/07\/21\/flamengo-ja-negociou-cinco-jogadores-para-o-futebol-portugues-em-2020\/","og_locale":"pt_BR","og_type":"article","og_title":"Flamengo j\u00e1 negociou cinco jogadores para o futebol portugu\u00eas em 2020","og_description":"A rela\u00e7\u00e3o entre Flamengo e Portugal nos \u00faltimos tempos n\u00e3o est\u00e1 limitada apenas na passagem de Jorge Jesus pelo clube carioca.","og_url":"https:\/\/www.gaveanews.com\/index.php\/2020\/07\/21\/flamengo-ja-negociou-cinco-jogadores-para-o-futebol-portugues-em-2020\/","og_site_name":"G\u00e1vea News","article_publisher":"https:\/\/facebook.com\/gaveaNews\/","article_published_time":"2020-07-22T02:00:00+00:00","og_image":[{"width":846,"height":563,"url":"https:\/\/www.gaveanews.com\/wp-content\/uploads\/2019\/07\/Marcos-Braz-durante-coletiva-de-imprensa-no-Ninho-do-Urubu.webp","type":"image\/jpeg"}],"author":"Equipe G\u00e1vea News","twitter_card":"summary_large_image","twitter_misc":{"Escrito por":"Equipe G\u00e1vea News","Est. tempo de leitura":"2 minutos"},"schema":{"@context":"https:\/\/schema.org","@graph":[{"@type":"NewsArticle","@id":"https:\/\/www.gaveanews.com\/index.php\/2020\/07\/21\/flamengo-ja-negociou-cinco-jogadores-para-o-futebol-portugues-em-2020\/#article","isPartOf":{"@id":"https:\/\/www.gaveanews.com\/index.php\/2020\/07\/21\/flamengo-ja-negociou-cinco-jogadores-para-o-futebol-portugues-em-2020\/"},"author":{"name":"Equipe G\u00e1vea News","@id":"https:\/\/www.gaveanews.com\/#\/schema\/person\/2ec14f73fb96be2caf28f91afb14749d"},"headline":"Flamengo j\u00e1 negociou cinco jogadores para o futebol portugu\u00eas em 2020","datePublished":"2020-07-22T02:00:00+00:00","mainEntityOfPage":{"@id":"https:\/\/www.gaveanews.com\/index.php\/2020\/07\/21\/flamengo-ja-negociou-cinco-jogadores-para-o-futebol-portugues-em-2020\/"},"wordCount":476,"commentCount":0,"image":{"@id":"https:\/\/www.gaveanews.com\/index.php\/2020\/07\/21\/flamengo-ja-negociou-cinco-jogadores-para-o-futebol-portugues-em-2020\/#primaryimage"},"thumbnailUrl":"https:\/\/www.gaveanews.com\/wp-content\/uploads\/2019\/07\/Marcos-Braz-durante-coletiva-de-imprensa-no-Ninho-do-Urubu.webp","articleSection":["Flamengo"],"inLanguage":"pt-BR","potentialAction":[{"@type":"CommentAction","name":"Comment","target":["https:\/\/www.gaveanews.com\/index.php\/2020\/07\/21\/flamengo-ja-negociou-cinco-jogadores-para-o-futebol-portugues-em-2020\/#respond"]}],"copyrightYear":"2020","copyrightHolder":{"@id":"https:\/\/www.gaveanews.com\/#organization"}},{"@type":"WebPage","@id":"https:\/\/www.gaveanews.com\/index.php\/2020\/07\/21\/flamengo-ja-negociou-cinco-jogadores-para-o-futebol-portugues-em-2020\/","url":"https:\/\/www.gaveanews.com\/index.php\/2020\/07\/21\/flamengo-ja-negociou-cinco-jogadores-para-o-futebol-portugues-em-2020\/","name":"Flamengo j\u00e1 negociou cinco jogadores para o futebol portugu\u00eas em 2020","isPartOf":{"@id":"https:\/\/www.gaveanews.com\/#website"},"primaryImageOfPage":{"@id":"https:\/\/www.gaveanews.com\/index.php\/2020\/07\/21\/flamengo-ja-negociou-cinco-jogadores-para-o-futebol-portugues-em-2020\/#primaryimage"},"image":{"@id":"https:\/\/www.gaveanews.com\/index.php\/2020\/07\/21\/flamengo-ja-negociou-cinco-jogadores-para-o-futebol-portugues-em-2020\/#primaryimage"},"thumbnailUrl":"https:\/\/www.gaveanews.com\/wp-content\/uploads\/2019\/07\/Marcos-Braz-durante-coletiva-de-imprensa-no-Ninho-do-Urubu.webp","datePublished":"2020-07-22T02:00:00+00:00","author":{"@id":"https:\/\/www.gaveanews.com\/#\/schema\/person\/2ec14f73fb96be2caf28f91afb14749d"},"description":"A rela\u00e7\u00e3o entre Flamengo e Portugal nos \u00faltimos tempos n\u00e3o est\u00e1 limitada apenas na passagem de Jorge Jesus pelo clube carioca.","breadcrumb":{"@id":"https:\/\/www.gaveanews.com\/index.php\/2020\/07\/21\/flamengo-ja-negociou-cinco-jogadores-para-o-futebol-portugues-em-2020\/#breadcrumb"},"inLanguage":"pt-BR","potentialAction":[{"@type":"ReadAction","target":["https:\/\/www.gaveanews.com\/index.php\/2020\/07\/21\/flamengo-ja-negociou-cinco-jogadores-para-o-futebol-portugues-em-2020\/"]}]},{"@type":"ImageObject","inLanguage":"pt-BR","@id":"https:\/\/www.gaveanews.com\/index.php\/2020\/07\/21\/flamengo-ja-negociou-cinco-jogadores-para-o-futebol-portugues-em-2020\/#primaryimage","url":"https:\/\/www.gaveanews.com\/wp-content\/uploads\/2019\/07\/Marcos-Braz-durante-coletiva-de-imprensa-no-Ninho-do-Urubu.webp","contentUrl":"https:\/\/www.gaveanews.com\/wp-content\/uploads\/2019\/07\/Marcos-Braz-durante-coletiva-de-imprensa-no-Ninho-do-Urubu.webp","width":846,"height":563,"caption":"Marcos Braz durante coletiva de imprensa no Ninho do Urubu (Foto: Alexandre Vidal\/Flamengo)"},{"@type":"BreadcrumbList","@id":"https:\/\/www.gaveanews.com\/index.php\/2020\/07\/21\/flamengo-ja-negociou-cinco-jogadores-para-o-futebol-portugues-em-2020\/#breadcrumb","itemListElement":[{"@type":"ListItem","position":1,"name":"Home","item":"https:\/\/www.gaveanews.com\/"},{"@type":"ListItem","position":2,"name":"Flamengo j\u00e1 negociou cinco jogadores para o futebol portugu\u00eas em 2020"}]},{"@type":"WebSite","@id":"https:\/\/www.gaveanews.com\/#website","url":"https:\/\/www.gaveanews.com\/","name":"G\u00e1vea News","description":"Veja todas as not\u00edcias sobre o Flamengo: Contrata\u00e7\u00f5es, categorias de base, resultados das partidas, tabela de classifica\u00e7\u00e3o, pr\u00f3ximos jogos!","potentialAction":[{"@type":"SearchAction","target":{"@type":"EntryPoint","urlTemplate":"https:\/\/www.gaveanews.com\/?s={search_term_string}"},"query-input":{"@type":"PropertyValueSpecification","valueRequired":true,"valueName":"search_term_string"}}],"inLanguage":"pt-BR"},{"@type":"Person","@id":"https:\/\/www.gaveanews.com\/#\/schema\/person\/2ec14f73fb96be2caf28f91afb14749d","name":"Equipe G\u00e1vea News","image":{"@type":"ImageObject","inLanguage":"pt-BR","@id":"https:\/\/www.gaveanews.com\/#\/schema\/person\/image\/","url":"https:\/\/secure.gravatar.com\/avatar\/1e1956f1facbffd3f8fa53a326721950116b3b9dc9bd44939c01180fd4a745a9?s=96&d=mm&r=g","contentUrl":"https:\/\/secure.gravatar.com\/avatar\/1e1956f1facbffd3f8fa53a326721950116b3b9dc9bd44939c01180fd4a745a9?s=96&d=mm&r=g","caption":"Equipe G\u00e1vea News"}}]}},"_links":{"self":[{"href":"https:\/\/www.gaveanews.com\/index.php\/wp-json\/wp\/v2\/posts\/44049","targetHints":{"allow":["GET"]}}],"collection":[{"href":"https:\/\/www.gaveanews.com\/index.php\/wp-json\/wp\/v2\/posts"}],"about":[{"href":"https:\/\/www.gaveanews.com\/index.php\/wp-json\/wp\/v2\/types\/post"}],"author":[{"embeddable":true,"href":"https:\/\/www.gaveanews.com\/index.php\/wp-json\/wp\/v2\/users\/1"}],"replies":[{"embeddable":true,"href":"https:\/\/www.gaveanews.com\/index.php\/wp-json\/wp\/v2\/comments?post=44049"}],"version-history":[{"count":0,"href":"https:\/\/www.gaveanews.com\/index.php\/wp-json\/wp\/v2\/posts\/44049\/revisions"}],"wp:featuredmedia":[{"embeddable":true,"href":"https:\/\/www.gaveanews.com\/index.php\/wp-json\/wp\/v2\/media\/23694"}],"wp:attachment":[{"href":"https:\/\/www.gaveanews.com\/index.php\/wp-json\/wp\/v2\/media?parent=44049"}],"wp:term":[{"taxonomy":"category","embeddable":true,"href":"https:\/\/www.gaveanews.com\/index.php\/wp-json\/wp\/v2\/categories?post=44049"},{"taxonomy":"post_tag","embeddable":true,"href":"https:\/\/www.gaveanews.com\/index.php\/wp-json\/wp\/v2\/tags?post=44049"}],"curies":[{"name":"wp","href":"https:\/\/api.w.org\/{rel}","templated":true}]}}