{"id":44059,"date":"2020-07-22T09:00:00","date_gmt":"2020-07-22T12:00:00","guid":{"rendered":"https:\/\/www.gaveanews.com\/?p=44059"},"modified":"2021-08-12T00:44:28","modified_gmt":"2021-08-12T03:44:28","slug":"ex-meia-do-flamengo-afirma-que-gostaria-de-voltar-ao-clube-e-claro","status":"publish","type":"post","link":"https:\/\/www.gaveanews.com\/index.php\/2020\/07\/22\/ex-meia-do-flamengo-afirma-que-gostaria-de-voltar-ao-clube-e-claro\/","title":{"rendered":"Ex-meia do Flamengo afirma que gostaria de voltar ao clube: &#8220;\u00c9 claro&#8221;"},"content":{"rendered":"\n<p>Nos \u00faltimo meses, o Flamengo tornou-se refer\u00eancia e conquistou diversos t\u00edtulos, como por exemplo, a Copa Libertadores da Am\u00e9rica e o Campeonato Brasileiro. Mas al\u00e9m de levantar diversos trof\u00e9us, o time rubro-negro tamb\u00e9m se destacou pela organiza\u00e7\u00e3o e intensidade durante toda a partida.<\/p>\n\n\n\n<p>Diante deste cen\u00e1rio, v\u00e1rios jogadores j\u00e1 afirmaram que gostariam de jogar no time Mais Querido do Brasil.<\/p>\n\n\n\n<p>E durante uma entrevista concedida para a emissora &#8216;Fox Sports&#8217;, o ex-meia do Fla, Alan Patrick afirmou que gostaria de voltar ao clube. <strong>Leia a declara\u00e7\u00e3o de Alan abaixo:<\/strong> <\/p>\n\n\n\n<figure class=\"wp-block-embed-instagram wp-block-embed is-type-rich is-provider-instagram\"><div class=\"wp-block-embed__wrapper\">\nhttps:\/\/www.instagram.com\/p\/CC66DkhBpqM\/\n<\/div><\/figure>\n\n\n\n<p>Vale relembrar que Alan Patrick utilizou o Manto Sagrado entre 2015 e 2016. Na \u00e9poca, ele foi emprestado pelo Shakhtar Donetsk e participou de 72 partidas.<\/p>\n","protected":false},"excerpt":{"rendered":"<p>Nos \u00faltimo meses, o Flamengo tornou-se refer\u00eancia e conquistou diversos t\u00edtulos, como por exemplo, a Copa Libertadores da Am\u00e9rica e o Campeonato Brasileiro. Mas al\u00e9m de levantar diversos trof\u00e9us, o time rubro-negro tamb\u00e9m se destacou pela organiza\u00e7\u00e3o e intensidade durante toda a partida. Diante deste cen\u00e1rio, v\u00e1rios jogadores j\u00e1 afirmaram que gostariam de jogar no [&hellip;]<\/p>\n","protected":false},"author":2,"featured_media":15081,"comment_status":"open","ping_status":"closed","sticky":false,"template":"","format":"standard","meta":{"footnotes":""},"categories":[47],"tags":[],"class_list":["post-44059","post","type-post","status-publish","format-standard","has-post-thumbnail","hentry","category-destaques"],"yoast_head":"<!-- This site is optimized with the Yoast SEO Premium plugin v24.2 (Yoast SEO v26.9) - https:\/\/yoast.com\/product\/yoast-seo-premium-wordpress\/ -->\n<title>Ex-meia do Flamengo afirma que gostaria de voltar ao clube: &quot;\u00c9 claro&quot;<\/title>\n<meta name=\"description\" content=\"Nos \u00faltimo meses, o Flamengo tornou-se refencia e conquistou diversos t\u00edtulos, como por exemplo, a Copa Libertadores da Am\u00e9rica e o Campeonato Brasileiro.\" \/>\n<meta name=\"robots\" content=\"index, follow, max-snippet:-1, max-image-preview:large, max-video-preview:-1\" \/>\n<link rel=\"canonical\" href=\"https:\/\/www.gaveanews.com\/index.php\/2020\/07\/22\/ex-meia-do-flamengo-afirma-que-gostaria-de-voltar-ao-clube-e-claro\/\" \/>\n<meta property=\"og:locale\" content=\"pt_BR\" \/>\n<meta property=\"og:type\" content=\"article\" \/>\n<meta property=\"og:title\" content=\"Ex-meia do Flamengo afirma que gostaria de voltar ao clube: &quot;\u00c9 claro&quot;\" \/>\n<meta property=\"og:description\" content=\"Nos \u00faltimo meses, o Flamengo tornou-se refencia e conquistou diversos t\u00edtulos, como por exemplo, a Copa Libertadores da Am\u00e9rica e o Campeonato Brasileiro.\" \/>\n<meta property=\"og:url\" content=\"https:\/\/www.gaveanews.com\/index.php\/2020\/07\/22\/ex-meia-do-flamengo-afirma-que-gostaria-de-voltar-ao-clube-e-claro\/\" \/>\n<meta property=\"og:site_name\" content=\"G\u00e1vea News\" \/>\n<meta property=\"article:publisher\" content=\"https:\/\/facebook.com\/gaveaNews\/\" \/>\n<meta property=\"article:published_time\" content=\"2020-07-22T12:00:00+00:00\" \/>\n<meta property=\"article:modified_time\" content=\"2021-08-12T03:44:28+00:00\" \/>\n<meta property=\"og:image\" content=\"https:\/\/www.gaveanews.com\/wp-content\/uploads\/2019\/03\/Escudo-do-Flamengo-e-exposto-proximo-a-um-dos-gols-no-gramado-do-Maracana.webp\" \/>\n\t<meta property=\"og:image:width\" content=\"1\" \/>\n\t<meta property=\"og:image:height\" content=\"1\" \/>\n\t<meta property=\"og:image:type\" content=\"image\/jpeg\" \/>\n<meta name=\"author\" content=\"Hugo Nogueira\" \/>\n<meta name=\"twitter:card\" content=\"summary_large_image\" \/>\n<meta name=\"twitter:label1\" content=\"Escrito por\" \/>\n\t<meta name=\"twitter:data1\" content=\"Hugo Nogueira\" \/>\n\t<meta name=\"twitter:label2\" content=\"Est. tempo de leitura\" \/>\n\t<meta name=\"twitter:data2\" content=\"1 minuto\" \/>\n<script type=\"application\/ld+json\" class=\"yoast-schema-graph\">{\"@context\":\"https:\/\/schema.org\",\"@graph\":[{\"@type\":\"NewsArticle\",\"@id\":\"https:\/\/www.gaveanews.com\/index.php\/2020\/07\/22\/ex-meia-do-flamengo-afirma-que-gostaria-de-voltar-ao-clube-e-claro\/#article\",\"isPartOf\":{\"@id\":\"https:\/\/www.gaveanews.com\/index.php\/2020\/07\/22\/ex-meia-do-flamengo-afirma-que-gostaria-de-voltar-ao-clube-e-claro\/\"},\"author\":{\"name\":\"Hugo Nogueira\",\"@id\":\"https:\/\/www.gaveanews.com\/#\/schema\/person\/3a0372021fabaeec4e7e4242cfa27841\"},\"headline\":\"Ex-meia do Flamengo afirma que gostaria de voltar ao clube: &#8220;\u00c9 claro&#8221;\",\"datePublished\":\"2020-07-22T12:00:00+00:00\",\"dateModified\":\"2021-08-12T03:44:28+00:00\",\"mainEntityOfPage\":{\"@id\":\"https:\/\/www.gaveanews.com\/index.php\/2020\/07\/22\/ex-meia-do-flamengo-afirma-que-gostaria-de-voltar-ao-clube-e-claro\/\"},\"wordCount\":140,\"commentCount\":27,\"image\":{\"@id\":\"https:\/\/www.gaveanews.com\/index.php\/2020\/07\/22\/ex-meia-do-flamengo-afirma-que-gostaria-de-voltar-ao-clube-e-claro\/#primaryimage\"},\"thumbnailUrl\":\"https:\/\/www.gaveanews.com\/wp-content\/uploads\/2019\/03\/Escudo-do-Flamengo-e-exposto-proximo-a-um-dos-gols-no-gramado-do-Maracana.webp\",\"articleSection\":[\"Destaques\"],\"inLanguage\":\"pt-BR\",\"potentialAction\":[{\"@type\":\"CommentAction\",\"name\":\"Comment\",\"target\":[\"https:\/\/www.gaveanews.com\/index.php\/2020\/07\/22\/ex-meia-do-flamengo-afirma-que-gostaria-de-voltar-ao-clube-e-claro\/#respond\"]}],\"copyrightYear\":\"2020\",\"copyrightHolder\":{\"@id\":\"https:\/\/www.gaveanews.com\/#organization\"}},{\"@type\":\"WebPage\",\"@id\":\"https:\/\/www.gaveanews.com\/index.php\/2020\/07\/22\/ex-meia-do-flamengo-afirma-que-gostaria-de-voltar-ao-clube-e-claro\/\",\"url\":\"https:\/\/www.gaveanews.com\/index.php\/2020\/07\/22\/ex-meia-do-flamengo-afirma-que-gostaria-de-voltar-ao-clube-e-claro\/\",\"name\":\"Ex-meia do Flamengo afirma que gostaria de voltar ao clube: \\\"\u00c9 claro\\\"\",\"isPartOf\":{\"@id\":\"https:\/\/www.gaveanews.com\/#website\"},\"primaryImageOfPage\":{\"@id\":\"https:\/\/www.gaveanews.com\/index.php\/2020\/07\/22\/ex-meia-do-flamengo-afirma-que-gostaria-de-voltar-ao-clube-e-claro\/#primaryimage\"},\"image\":{\"@id\":\"https:\/\/www.gaveanews.com\/index.php\/2020\/07\/22\/ex-meia-do-flamengo-afirma-que-gostaria-de-voltar-ao-clube-e-claro\/#primaryimage\"},\"thumbnailUrl\":\"https:\/\/www.gaveanews.com\/wp-content\/uploads\/2019\/03\/Escudo-do-Flamengo-e-exposto-proximo-a-um-dos-gols-no-gramado-do-Maracana.webp\",\"datePublished\":\"2020-07-22T12:00:00+00:00\",\"dateModified\":\"2021-08-12T03:44:28+00:00\",\"author\":{\"@id\":\"https:\/\/www.gaveanews.com\/#\/schema\/person\/3a0372021fabaeec4e7e4242cfa27841\"},\"description\":\"Nos \u00faltimo meses, o Flamengo tornou-se refencia e conquistou diversos t\u00edtulos, como por exemplo, a Copa Libertadores da Am\u00e9rica e o Campeonato Brasileiro.\",\"breadcrumb\":{\"@id\":\"https:\/\/www.gaveanews.com\/index.php\/2020\/07\/22\/ex-meia-do-flamengo-afirma-que-gostaria-de-voltar-ao-clube-e-claro\/#breadcrumb\"},\"inLanguage\":\"pt-BR\",\"potentialAction\":[{\"@type\":\"ReadAction\",\"target\":[\"https:\/\/www.gaveanews.com\/index.php\/2020\/07\/22\/ex-meia-do-flamengo-afirma-que-gostaria-de-voltar-ao-clube-e-claro\/\"]}]},{\"@type\":\"ImageObject\",\"inLanguage\":\"pt-BR\",\"@id\":\"https:\/\/www.gaveanews.com\/index.php\/2020\/07\/22\/ex-meia-do-flamengo-afirma-que-gostaria-de-voltar-ao-clube-e-claro\/#primaryimage\",\"url\":\"https:\/\/www.gaveanews.com\/wp-content\/uploads\/2019\/03\/Escudo-do-Flamengo-e-exposto-proximo-a-um-dos-gols-no-gramado-do-Maracana.webp\",\"contentUrl\":\"https:\/\/www.gaveanews.com\/wp-content\/uploads\/2019\/03\/Escudo-do-Flamengo-e-exposto-proximo-a-um-dos-gols-no-gramado-do-Maracana.webp\",\"caption\":\"Escudo do Flamengo \u00e9 exposto pr\u00f3ximo a um dos gols, no gramado do Maracan\u00e3 (Foto: Daniel Castelo Branco)\"},{\"@type\":\"BreadcrumbList\",\"@id\":\"https:\/\/www.gaveanews.com\/index.php\/2020\/07\/22\/ex-meia-do-flamengo-afirma-que-gostaria-de-voltar-ao-clube-e-claro\/#breadcrumb\",\"itemListElement\":[{\"@type\":\"ListItem\",\"position\":1,\"name\":\"Home\",\"item\":\"https:\/\/www.gaveanews.com\/\"},{\"@type\":\"ListItem\",\"position\":2,\"name\":\"Ex-meia do Flamengo afirma que gostaria de voltar ao clube: &#8220;\u00c9 claro&#8221;\"}]},{\"@type\":\"WebSite\",\"@id\":\"https:\/\/www.gaveanews.com\/#website\",\"url\":\"https:\/\/www.gaveanews.com\/\",\"name\":\"G\u00e1vea News\",\"description\":\"Veja todas as not\u00edcias sobre o Flamengo: Contrata\u00e7\u00f5es, categorias de base, resultados das partidas, tabela de classifica\u00e7\u00e3o, pr\u00f3ximos jogos!\",\"potentialAction\":[{\"@type\":\"SearchAction\",\"target\":{\"@type\":\"EntryPoint\",\"urlTemplate\":\"https:\/\/www.gaveanews.com\/?s={search_term_string}\"},\"query-input\":{\"@type\":\"PropertyValueSpecification\",\"valueRequired\":true,\"valueName\":\"search_term_string\"}}],\"inLanguage\":\"pt-BR\"},{\"@type\":\"Person\",\"@id\":\"https:\/\/www.gaveanews.com\/#\/schema\/person\/3a0372021fabaeec4e7e4242cfa27841\",\"name\":\"Hugo Nogueira\",\"image\":{\"@type\":\"ImageObject\",\"inLanguage\":\"pt-BR\",\"@id\":\"https:\/\/www.gaveanews.com\/#\/schema\/person\/image\/\",\"url\":\"https:\/\/secure.gravatar.com\/avatar\/0cdd89f3b47bb55926c08eee2db992845cfdd53f84c9fdd47a49d89b3cd40c0a?s=96&d=mm&r=g\",\"contentUrl\":\"https:\/\/secure.gravatar.com\/avatar\/0cdd89f3b47bb55926c08eee2db992845cfdd53f84c9fdd47a49d89b3cd40c0a?s=96&d=mm&r=g\",\"caption\":\"Hugo Nogueira\"}}]}<\/script>\n<!-- \/ Yoast SEO Premium plugin. -->","yoast_head_json":{"title":"Ex-meia do Flamengo afirma que gostaria de voltar ao clube: \"\u00c9 claro\"","description":"Nos \u00faltimo meses, o Flamengo tornou-se refencia e conquistou diversos t\u00edtulos, como por exemplo, a Copa Libertadores da Am\u00e9rica e o Campeonato Brasileiro.","robots":{"index":"index","follow":"follow","max-snippet":"max-snippet:-1","max-image-preview":"max-image-preview:large","max-video-preview":"max-video-preview:-1"},"canonical":"https:\/\/www.gaveanews.com\/index.php\/2020\/07\/22\/ex-meia-do-flamengo-afirma-que-gostaria-de-voltar-ao-clube-e-claro\/","og_locale":"pt_BR","og_type":"article","og_title":"Ex-meia do Flamengo afirma que gostaria de voltar ao clube: \"\u00c9 claro\"","og_description":"Nos \u00faltimo meses, o Flamengo tornou-se refencia e conquistou diversos t\u00edtulos, como por exemplo, a Copa Libertadores da Am\u00e9rica e o Campeonato Brasileiro.","og_url":"https:\/\/www.gaveanews.com\/index.php\/2020\/07\/22\/ex-meia-do-flamengo-afirma-que-gostaria-de-voltar-ao-clube-e-claro\/","og_site_name":"G\u00e1vea News","article_publisher":"https:\/\/facebook.com\/gaveaNews\/","article_published_time":"2020-07-22T12:00:00+00:00","article_modified_time":"2021-08-12T03:44:28+00:00","og_image":[{"url":"https:\/\/www.gaveanews.com\/wp-content\/uploads\/2019\/03\/Escudo-do-Flamengo-e-exposto-proximo-a-um-dos-gols-no-gramado-do-Maracana.webp","width":1,"height":1,"type":"image\/jpeg"}],"author":"Hugo Nogueira","twitter_card":"summary_large_image","twitter_misc":{"Escrito por":"Hugo Nogueira","Est. tempo de leitura":"1 minuto"},"schema":{"@context":"https:\/\/schema.org","@graph":[{"@type":"NewsArticle","@id":"https:\/\/www.gaveanews.com\/index.php\/2020\/07\/22\/ex-meia-do-flamengo-afirma-que-gostaria-de-voltar-ao-clube-e-claro\/#article","isPartOf":{"@id":"https:\/\/www.gaveanews.com\/index.php\/2020\/07\/22\/ex-meia-do-flamengo-afirma-que-gostaria-de-voltar-ao-clube-e-claro\/"},"author":{"name":"Hugo Nogueira","@id":"https:\/\/www.gaveanews.com\/#\/schema\/person\/3a0372021fabaeec4e7e4242cfa27841"},"headline":"Ex-meia do Flamengo afirma que gostaria de voltar ao clube: &#8220;\u00c9 claro&#8221;","datePublished":"2020-07-22T12:00:00+00:00","dateModified":"2021-08-12T03:44:28+00:00","mainEntityOfPage":{"@id":"https:\/\/www.gaveanews.com\/index.php\/2020\/07\/22\/ex-meia-do-flamengo-afirma-que-gostaria-de-voltar-ao-clube-e-claro\/"},"wordCount":140,"commentCount":27,"image":{"@id":"https:\/\/www.gaveanews.com\/index.php\/2020\/07\/22\/ex-meia-do-flamengo-afirma-que-gostaria-de-voltar-ao-clube-e-claro\/#primaryimage"},"thumbnailUrl":"https:\/\/www.gaveanews.com\/wp-content\/uploads\/2019\/03\/Escudo-do-Flamengo-e-exposto-proximo-a-um-dos-gols-no-gramado-do-Maracana.webp","articleSection":["Destaques"],"inLanguage":"pt-BR","potentialAction":[{"@type":"CommentAction","name":"Comment","target":["https:\/\/www.gaveanews.com\/index.php\/2020\/07\/22\/ex-meia-do-flamengo-afirma-que-gostaria-de-voltar-ao-clube-e-claro\/#respond"]}],"copyrightYear":"2020","copyrightHolder":{"@id":"https:\/\/www.gaveanews.com\/#organization"}},{"@type":"WebPage","@id":"https:\/\/www.gaveanews.com\/index.php\/2020\/07\/22\/ex-meia-do-flamengo-afirma-que-gostaria-de-voltar-ao-clube-e-claro\/","url":"https:\/\/www.gaveanews.com\/index.php\/2020\/07\/22\/ex-meia-do-flamengo-afirma-que-gostaria-de-voltar-ao-clube-e-claro\/","name":"Ex-meia do Flamengo afirma que gostaria de voltar ao clube: \"\u00c9 claro\"","isPartOf":{"@id":"https:\/\/www.gaveanews.com\/#website"},"primaryImageOfPage":{"@id":"https:\/\/www.gaveanews.com\/index.php\/2020\/07\/22\/ex-meia-do-flamengo-afirma-que-gostaria-de-voltar-ao-clube-e-claro\/#primaryimage"},"image":{"@id":"https:\/\/www.gaveanews.com\/index.php\/2020\/07\/22\/ex-meia-do-flamengo-afirma-que-gostaria-de-voltar-ao-clube-e-claro\/#primaryimage"},"thumbnailUrl":"https:\/\/www.gaveanews.com\/wp-content\/uploads\/2019\/03\/Escudo-do-Flamengo-e-exposto-proximo-a-um-dos-gols-no-gramado-do-Maracana.webp","datePublished":"2020-07-22T12:00:00+00:00","dateModified":"2021-08-12T03:44:28+00:00","author":{"@id":"https:\/\/www.gaveanews.com\/#\/schema\/person\/3a0372021fabaeec4e7e4242cfa27841"},"description":"Nos \u00faltimo meses, o Flamengo tornou-se refencia e conquistou diversos t\u00edtulos, como por exemplo, a Copa Libertadores da Am\u00e9rica e o Campeonato Brasileiro.","breadcrumb":{"@id":"https:\/\/www.gaveanews.com\/index.php\/2020\/07\/22\/ex-meia-do-flamengo-afirma-que-gostaria-de-voltar-ao-clube-e-claro\/#breadcrumb"},"inLanguage":"pt-BR","potentialAction":[{"@type":"ReadAction","target":["https:\/\/www.gaveanews.com\/index.php\/2020\/07\/22\/ex-meia-do-flamengo-afirma-que-gostaria-de-voltar-ao-clube-e-claro\/"]}]},{"@type":"ImageObject","inLanguage":"pt-BR","@id":"https:\/\/www.gaveanews.com\/index.php\/2020\/07\/22\/ex-meia-do-flamengo-afirma-que-gostaria-de-voltar-ao-clube-e-claro\/#primaryimage","url":"https:\/\/www.gaveanews.com\/wp-content\/uploads\/2019\/03\/Escudo-do-Flamengo-e-exposto-proximo-a-um-dos-gols-no-gramado-do-Maracana.webp","contentUrl":"https:\/\/www.gaveanews.com\/wp-content\/uploads\/2019\/03\/Escudo-do-Flamengo-e-exposto-proximo-a-um-dos-gols-no-gramado-do-Maracana.webp","caption":"Escudo do Flamengo \u00e9 exposto pr\u00f3ximo a um dos gols, no gramado do Maracan\u00e3 (Foto: Daniel Castelo Branco)"},{"@type":"BreadcrumbList","@id":"https:\/\/www.gaveanews.com\/index.php\/2020\/07\/22\/ex-meia-do-flamengo-afirma-que-gostaria-de-voltar-ao-clube-e-claro\/#breadcrumb","itemListElement":[{"@type":"ListItem","position":1,"name":"Home","item":"https:\/\/www.gaveanews.com\/"},{"@type":"ListItem","position":2,"name":"Ex-meia do Flamengo afirma que gostaria de voltar ao clube: &#8220;\u00c9 claro&#8221;"}]},{"@type":"WebSite","@id":"https:\/\/www.gaveanews.com\/#website","url":"https:\/\/www.gaveanews.com\/","name":"G\u00e1vea News","description":"Veja todas as not\u00edcias sobre o Flamengo: Contrata\u00e7\u00f5es, categorias de base, resultados das partidas, tabela de classifica\u00e7\u00e3o, pr\u00f3ximos jogos!","potentialAction":[{"@type":"SearchAction","target":{"@type":"EntryPoint","urlTemplate":"https:\/\/www.gaveanews.com\/?s={search_term_string}"},"query-input":{"@type":"PropertyValueSpecification","valueRequired":true,"valueName":"search_term_string"}}],"inLanguage":"pt-BR"},{"@type":"Person","@id":"https:\/\/www.gaveanews.com\/#\/schema\/person\/3a0372021fabaeec4e7e4242cfa27841","name":"Hugo Nogueira","image":{"@type":"ImageObject","inLanguage":"pt-BR","@id":"https:\/\/www.gaveanews.com\/#\/schema\/person\/image\/","url":"https:\/\/secure.gravatar.com\/avatar\/0cdd89f3b47bb55926c08eee2db992845cfdd53f84c9fdd47a49d89b3cd40c0a?s=96&d=mm&r=g","contentUrl":"https:\/\/secure.gravatar.com\/avatar\/0cdd89f3b47bb55926c08eee2db992845cfdd53f84c9fdd47a49d89b3cd40c0a?s=96&d=mm&r=g","caption":"Hugo Nogueira"}}]}},"_links":{"self":[{"href":"https:\/\/www.gaveanews.com\/index.php\/wp-json\/wp\/v2\/posts\/44059","targetHints":{"allow":["GET"]}}],"collection":[{"href":"https:\/\/www.gaveanews.com\/index.php\/wp-json\/wp\/v2\/posts"}],"about":[{"href":"https:\/\/www.gaveanews.com\/index.php\/wp-json\/wp\/v2\/types\/post"}],"author":[{"embeddable":true,"href":"https:\/\/www.gaveanews.com\/index.php\/wp-json\/wp\/v2\/users\/2"}],"replies":[{"embeddable":true,"href":"https:\/\/www.gaveanews.com\/index.php\/wp-json\/wp\/v2\/comments?post=44059"}],"version-history":[{"count":0,"href":"https:\/\/www.gaveanews.com\/index.php\/wp-json\/wp\/v2\/posts\/44059\/revisions"}],"wp:featuredmedia":[{"embeddable":true,"href":"https:\/\/www.gaveanews.com\/index.php\/wp-json\/wp\/v2\/media\/15081"}],"wp:attachment":[{"href":"https:\/\/www.gaveanews.com\/index.php\/wp-json\/wp\/v2\/media?parent=44059"}],"wp:term":[{"taxonomy":"category","embeddable":true,"href":"https:\/\/www.gaveanews.com\/index.php\/wp-json\/wp\/v2\/categories?post=44059"},{"taxonomy":"post_tag","embeddable":true,"href":"https:\/\/www.gaveanews.com\/index.php\/wp-json\/wp\/v2\/tags?post=44059"}],"curies":[{"name":"wp","href":"https:\/\/api.w.org\/{rel}","templated":true}]}}