{"id":44071,"date":"2020-07-22T01:04:28","date_gmt":"2020-07-22T04:04:28","guid":{"rendered":"https:\/\/www.gaveanews.com\/?p=44071"},"modified":"2025-02-18T15:47:17","modified_gmt":"2025-02-18T18:47:17","slug":"ex-tecnico-da-alemanha-e-oferecido-e-demonstra-muito-interesse-em-treinar-o-flamengo","status":"publish","type":"post","link":"https:\/\/www.gaveanews.com\/index.php\/2020\/07\/22\/ex-tecnico-da-alemanha-e-oferecido-e-demonstra-muito-interesse-em-treinar-o-flamengo\/","title":{"rendered":"Ex-t\u00e9cnico da Alemanha \u00e9 oferecido, e demonstra muito interesse em treinar o Flamengo"},"content":{"rendered":"\n<p>Campe\u00e3o da Copa Libertadores da Am\u00e9rica e do Campeonato Brasileiro em 2019, o Flamengo conseguiu chamar \u00e0 aten\u00e7\u00e3o do mundo. Prova disso \u00e9 que depois da sa\u00edda de Jorge Jesus os telefones de Marcos Braz e Bruno Spindel, dupla que comanda o dia a dia do futebol rubro-negro, n\u00e3o param de tocar. Entre v\u00e1rios nomes oferecidos, um de grande influ\u00eancia na hist\u00f3ria do futebol: J\u00fcrgen Klinsmann. <\/p>\n\n\n\n<p>O alem\u00e3o de 55 anos est\u00e1 livre no mercado desde que deixou o Hertha Berlin em fevereiro e segundo apura\u00e7\u00e3o da Goal, se mostrou muito interessado com a possibilidade de comandar o Flamengo. O nome do t\u00e9cnico que, \u00e9 fluente no ingl\u00eas e domina um pouco do espanhol, bateu na mesa do Rubro-Negro nos \u00faltimos dias.<\/p>\n\n\n\n<h2 class=\"wp-block-heading\" id=\"h-quem-e-jurgen-klinsmann\">Quem \u00e9 J\u00fcrgen Klinsmann?<\/h2>\n\n\n\n<p>Ex-atacante, Klinsmann \u00e9 uma das figuras mais respeitadas na hist\u00f3ria do <a href=\"https:\/\/www.alemanhafc.com.br\/\">futebol alem\u00e3o<\/a>, ele foi pe\u00e7a importante na conquista da Copa do Mundo de 1990 como jogador e como treinador revolucionou o futebol da sele\u00e7\u00e3o. Em 2004, assumiu a dire\u00e7\u00e3o t\u00e9cnica da Alemanha, que vinha de p\u00e9ssimos resultados no cen\u00e1rio mundial, e comandou uma reestrutura\u00e7\u00e3o na Federa\u00e7\u00e3o montando uma equipe de especialistas com Joachim L\u00f6w e Oliver Bierhoff.<\/p>\n\n\n\n<figure class=\"wp-block-image size-large\"><img decoding=\"async\" src=\"https:\/\/upload.wikimedia.org\/wikipedia\/commons\/e\/e6\/Austria_vs._USA_2013-11-19_%28070%29.webp\" alt=\"\"\/><figcaption class=\"wp-element-caption\"> J\u00fcrgen Klinsmann (Foto: Reprodu\u00e7\u00e3o\/Wikipedia)<\/figcaption><\/figure>\n\n\n\n<p>O resultado todos conhecem, Klinsmann lan\u00e7ou a base do elenco que, oito anos depois, se tornou campe\u00e3o do mundo no Maracan\u00e3 ap\u00f3s atropelar o Brasil por 7 a 1 na semifinal. Al\u00e9m do trabalho na equipe alem\u00e3, ele comandou o Bayern de Munique e a sele\u00e7\u00e3o dos Estados Unidos por cinco anos. <\/p>\n\n\n\n<p>Al\u00e9m do alem\u00e3o, outro treinador com experi\u00eancia em sele\u00e7\u00f5es foi oferecido ao Flamengo. Trata-se de Javier Aguirre, que comandou o Legan\u00e9s nesta temporada. O mexicano de 61 anos pela sele\u00e7\u00e3o japonesa, mexicana e eg\u00edpcia. Ele tamb\u00e9m comandou times como Atl\u00e9tico de Madrid, Zaragoza, Espanyol, entre outras. <\/p>\n\n\n\n<p>O Flamengo adota a t\u00e1tica &#8220;gelo no sangue&#8221; e prefere ter um pouco mais de calma do que correr para acertar com um novo treinador e ter problemas em poucos meses. Nesta quarta-feira (23), o elenco do Rubro-Negro se reapresenta no Ninho do Urubu, Maur\u00edcio de Souza, t\u00e9cnico da equipe sub-20, \u00e9 quem vai comandar as atividades.<\/p>\n\n\n\n<p>Retirado de: Goal\/Raisa Simplicio<\/p>\n","protected":false},"excerpt":{"rendered":"<p>Campe\u00e3o da Copa Libertadores da Am\u00e9rica e do Campeonato Brasileiro em 2019, o Flamengo conseguiu chamar \u00e0 aten\u00e7\u00e3o do mundo. Prova disso \u00e9 que depois da sa\u00edda de Jorge Jesus os telefones de Marcos Braz e Bruno Spindel, dupla que comanda o dia a dia do futebol rubro-negro, n\u00e3o param de tocar. Entre v\u00e1rios nomes [&hellip;]<\/p>\n","protected":false},"author":1,"featured_media":15077,"comment_status":"open","ping_status":"closed","sticky":false,"template":"","format":"standard","meta":{"footnotes":""},"categories":[47],"tags":[],"class_list":["post-44071","post","type-post","status-publish","format-standard","has-post-thumbnail","hentry","category-destaques"],"yoast_head":"<!-- This site is optimized with the Yoast SEO Premium plugin v24.2 (Yoast SEO v26.9) - https:\/\/yoast.com\/product\/yoast-seo-premium-wordpress\/ -->\n<title>Ex-t\u00e9cnico da Alemanha demonstra muito interesse em treinar o Flamengo<\/title>\n<meta name=\"description\" content=\"Depois da sa\u00edda de Jorge Jesus os telefones de Marcos Braz e Bruno Spindel, dupla que comanda o dia a dia do futebol rubro-negro, n\u00e3o param de tocar.\" \/>\n<meta name=\"robots\" content=\"index, follow, max-snippet:-1, max-image-preview:large, max-video-preview:-1\" \/>\n<link rel=\"canonical\" href=\"https:\/\/www.gaveanews.com\/index.php\/2020\/07\/22\/ex-tecnico-da-alemanha-e-oferecido-e-demonstra-muito-interesse-em-treinar-o-flamengo\/\" \/>\n<meta property=\"og:locale\" content=\"pt_BR\" \/>\n<meta property=\"og:type\" content=\"article\" \/>\n<meta property=\"og:title\" content=\"Ex-t\u00e9cnico da Alemanha \u00e9 oferecido, e demonstra muito interesse em treinar o Flamengo\" \/>\n<meta property=\"og:description\" content=\"Depois da sa\u00edda de Jorge Jesus os telefones de Marcos Braz e Bruno Spindel, dupla que comanda o dia a dia do futebol rubro-negro, n\u00e3o param de tocar.\" \/>\n<meta property=\"og:url\" content=\"https:\/\/www.gaveanews.com\/index.php\/2020\/07\/22\/ex-tecnico-da-alemanha-e-oferecido-e-demonstra-muito-interesse-em-treinar-o-flamengo\/\" \/>\n<meta property=\"og:site_name\" content=\"G\u00e1vea News\" \/>\n<meta property=\"article:publisher\" content=\"https:\/\/facebook.com\/gaveaNews\/\" \/>\n<meta property=\"article:published_time\" content=\"2020-07-22T04:04:28+00:00\" \/>\n<meta property=\"article:modified_time\" content=\"2025-02-18T18:47:17+00:00\" \/>\n<meta property=\"og:image\" content=\"http:\/\/www.gaveanews.com\/wp-content\/uploads\/2019\/03\/Rodolfo-Landim-durante-entrevista-coletiva-na-Gavea.webp\" \/>\n\t<meta property=\"og:image:width\" content=\"1\" \/>\n\t<meta property=\"og:image:height\" content=\"1\" \/>\n\t<meta property=\"og:image:type\" content=\"image\/jpeg\" \/>\n<meta name=\"author\" content=\"Equipe G\u00e1vea News\" \/>\n<meta name=\"twitter:card\" content=\"summary_large_image\" \/>\n<meta name=\"twitter:label1\" content=\"Escrito por\" \/>\n\t<meta name=\"twitter:data1\" content=\"Equipe G\u00e1vea News\" \/>\n\t<meta name=\"twitter:label2\" content=\"Est. tempo de leitura\" \/>\n\t<meta name=\"twitter:data2\" content=\"3 minutos\" \/>\n<script type=\"application\/ld+json\" class=\"yoast-schema-graph\">{\"@context\":\"https:\/\/schema.org\",\"@graph\":[{\"@type\":\"NewsArticle\",\"@id\":\"https:\/\/www.gaveanews.com\/index.php\/2020\/07\/22\/ex-tecnico-da-alemanha-e-oferecido-e-demonstra-muito-interesse-em-treinar-o-flamengo\/#article\",\"isPartOf\":{\"@id\":\"https:\/\/www.gaveanews.com\/index.php\/2020\/07\/22\/ex-tecnico-da-alemanha-e-oferecido-e-demonstra-muito-interesse-em-treinar-o-flamengo\/\"},\"author\":{\"name\":\"Equipe G\u00e1vea News\",\"@id\":\"https:\/\/www.gaveanews.com\/#\/schema\/person\/2ec14f73fb96be2caf28f91afb14749d\"},\"headline\":\"Ex-t\u00e9cnico da Alemanha \u00e9 oferecido, e demonstra muito interesse em treinar o Flamengo\",\"datePublished\":\"2020-07-22T04:04:28+00:00\",\"dateModified\":\"2025-02-18T18:47:17+00:00\",\"mainEntityOfPage\":{\"@id\":\"https:\/\/www.gaveanews.com\/index.php\/2020\/07\/22\/ex-tecnico-da-alemanha-e-oferecido-e-demonstra-muito-interesse-em-treinar-o-flamengo\/\"},\"wordCount\":402,\"commentCount\":27,\"image\":{\"@id\":\"https:\/\/www.gaveanews.com\/index.php\/2020\/07\/22\/ex-tecnico-da-alemanha-e-oferecido-e-demonstra-muito-interesse-em-treinar-o-flamengo\/#primaryimage\"},\"thumbnailUrl\":\"https:\/\/www.gaveanews.com\/wp-content\/uploads\/2019\/03\/Rodolfo-Landim-durante-entrevista-coletiva-na-Gavea.webp\",\"articleSection\":[\"Destaques\"],\"inLanguage\":\"pt-BR\",\"potentialAction\":[{\"@type\":\"CommentAction\",\"name\":\"Comment\",\"target\":[\"https:\/\/www.gaveanews.com\/index.php\/2020\/07\/22\/ex-tecnico-da-alemanha-e-oferecido-e-demonstra-muito-interesse-em-treinar-o-flamengo\/#respond\"]}],\"copyrightYear\":\"2020\",\"copyrightHolder\":{\"@id\":\"https:\/\/www.gaveanews.com\/#organization\"}},{\"@type\":\"WebPage\",\"@id\":\"https:\/\/www.gaveanews.com\/index.php\/2020\/07\/22\/ex-tecnico-da-alemanha-e-oferecido-e-demonstra-muito-interesse-em-treinar-o-flamengo\/\",\"url\":\"https:\/\/www.gaveanews.com\/index.php\/2020\/07\/22\/ex-tecnico-da-alemanha-e-oferecido-e-demonstra-muito-interesse-em-treinar-o-flamengo\/\",\"name\":\"Ex-t\u00e9cnico da Alemanha demonstra muito interesse em treinar o Flamengo\",\"isPartOf\":{\"@id\":\"https:\/\/www.gaveanews.com\/#website\"},\"primaryImageOfPage\":{\"@id\":\"https:\/\/www.gaveanews.com\/index.php\/2020\/07\/22\/ex-tecnico-da-alemanha-e-oferecido-e-demonstra-muito-interesse-em-treinar-o-flamengo\/#primaryimage\"},\"image\":{\"@id\":\"https:\/\/www.gaveanews.com\/index.php\/2020\/07\/22\/ex-tecnico-da-alemanha-e-oferecido-e-demonstra-muito-interesse-em-treinar-o-flamengo\/#primaryimage\"},\"thumbnailUrl\":\"https:\/\/www.gaveanews.com\/wp-content\/uploads\/2019\/03\/Rodolfo-Landim-durante-entrevista-coletiva-na-Gavea.webp\",\"datePublished\":\"2020-07-22T04:04:28+00:00\",\"dateModified\":\"2025-02-18T18:47:17+00:00\",\"author\":{\"@id\":\"https:\/\/www.gaveanews.com\/#\/schema\/person\/2ec14f73fb96be2caf28f91afb14749d\"},\"description\":\"Depois da sa\u00edda de Jorge Jesus os telefones de Marcos Braz e Bruno Spindel, dupla que comanda o dia a dia do futebol rubro-negro, n\u00e3o param de tocar.\",\"breadcrumb\":{\"@id\":\"https:\/\/www.gaveanews.com\/index.php\/2020\/07\/22\/ex-tecnico-da-alemanha-e-oferecido-e-demonstra-muito-interesse-em-treinar-o-flamengo\/#breadcrumb\"},\"inLanguage\":\"pt-BR\",\"potentialAction\":[{\"@type\":\"ReadAction\",\"target\":[\"https:\/\/www.gaveanews.com\/index.php\/2020\/07\/22\/ex-tecnico-da-alemanha-e-oferecido-e-demonstra-muito-interesse-em-treinar-o-flamengo\/\"]}]},{\"@type\":\"ImageObject\",\"inLanguage\":\"pt-BR\",\"@id\":\"https:\/\/www.gaveanews.com\/index.php\/2020\/07\/22\/ex-tecnico-da-alemanha-e-oferecido-e-demonstra-muito-interesse-em-treinar-o-flamengo\/#primaryimage\",\"url\":\"https:\/\/www.gaveanews.com\/wp-content\/uploads\/2019\/03\/Rodolfo-Landim-durante-entrevista-coletiva-na-Gavea.webp\",\"contentUrl\":\"https:\/\/www.gaveanews.com\/wp-content\/uploads\/2019\/03\/Rodolfo-Landim-durante-entrevista-coletiva-na-Gavea.webp\",\"width\":900,\"height\":599,\"caption\":\"Rodolfo Landim durante entrevista coletiva na G\u00e1vea (Foto: Ag\u00eancia Foto BR)\"},{\"@type\":\"BreadcrumbList\",\"@id\":\"https:\/\/www.gaveanews.com\/index.php\/2020\/07\/22\/ex-tecnico-da-alemanha-e-oferecido-e-demonstra-muito-interesse-em-treinar-o-flamengo\/#breadcrumb\",\"itemListElement\":[{\"@type\":\"ListItem\",\"position\":1,\"name\":\"Home\",\"item\":\"https:\/\/www.gaveanews.com\/\"},{\"@type\":\"ListItem\",\"position\":2,\"name\":\"Ex-t\u00e9cnico da Alemanha \u00e9 oferecido, e demonstra muito interesse em treinar o Flamengo\"}]},{\"@type\":\"WebSite\",\"@id\":\"https:\/\/www.gaveanews.com\/#website\",\"url\":\"https:\/\/www.gaveanews.com\/\",\"name\":\"G\u00e1vea News\",\"description\":\"Veja todas as not\u00edcias sobre o Flamengo: Contrata\u00e7\u00f5es, categorias de base, resultados das partidas, tabela de classifica\u00e7\u00e3o, pr\u00f3ximos jogos!\",\"potentialAction\":[{\"@type\":\"SearchAction\",\"target\":{\"@type\":\"EntryPoint\",\"urlTemplate\":\"https:\/\/www.gaveanews.com\/?s={search_term_string}\"},\"query-input\":{\"@type\":\"PropertyValueSpecification\",\"valueRequired\":true,\"valueName\":\"search_term_string\"}}],\"inLanguage\":\"pt-BR\"},{\"@type\":\"Person\",\"@id\":\"https:\/\/www.gaveanews.com\/#\/schema\/person\/2ec14f73fb96be2caf28f91afb14749d\",\"name\":\"Equipe G\u00e1vea News\",\"image\":{\"@type\":\"ImageObject\",\"inLanguage\":\"pt-BR\",\"@id\":\"https:\/\/www.gaveanews.com\/#\/schema\/person\/image\/\",\"url\":\"https:\/\/secure.gravatar.com\/avatar\/1e1956f1facbffd3f8fa53a326721950116b3b9dc9bd44939c01180fd4a745a9?s=96&d=mm&r=g\",\"contentUrl\":\"https:\/\/secure.gravatar.com\/avatar\/1e1956f1facbffd3f8fa53a326721950116b3b9dc9bd44939c01180fd4a745a9?s=96&d=mm&r=g\",\"caption\":\"Equipe G\u00e1vea News\"}}]}<\/script>\n<!-- \/ Yoast SEO Premium plugin. -->","yoast_head_json":{"title":"Ex-t\u00e9cnico da Alemanha demonstra muito interesse em treinar o Flamengo","description":"Depois da sa\u00edda de Jorge Jesus os telefones de Marcos Braz e Bruno Spindel, dupla que comanda o dia a dia do futebol rubro-negro, n\u00e3o param de tocar.","robots":{"index":"index","follow":"follow","max-snippet":"max-snippet:-1","max-image-preview":"max-image-preview:large","max-video-preview":"max-video-preview:-1"},"canonical":"https:\/\/www.gaveanews.com\/index.php\/2020\/07\/22\/ex-tecnico-da-alemanha-e-oferecido-e-demonstra-muito-interesse-em-treinar-o-flamengo\/","og_locale":"pt_BR","og_type":"article","og_title":"Ex-t\u00e9cnico da Alemanha \u00e9 oferecido, e demonstra muito interesse em treinar o Flamengo","og_description":"Depois da sa\u00edda de Jorge Jesus os telefones de Marcos Braz e Bruno Spindel, dupla que comanda o dia a dia do futebol rubro-negro, n\u00e3o param de tocar.","og_url":"https:\/\/www.gaveanews.com\/index.php\/2020\/07\/22\/ex-tecnico-da-alemanha-e-oferecido-e-demonstra-muito-interesse-em-treinar-o-flamengo\/","og_site_name":"G\u00e1vea News","article_publisher":"https:\/\/facebook.com\/gaveaNews\/","article_published_time":"2020-07-22T04:04:28+00:00","article_modified_time":"2025-02-18T18:47:17+00:00","og_image":[{"url":"http:\/\/www.gaveanews.com\/wp-content\/uploads\/2019\/03\/Rodolfo-Landim-durante-entrevista-coletiva-na-Gavea.webp","width":1,"height":1,"type":"image\/jpeg"}],"author":"Equipe G\u00e1vea News","twitter_card":"summary_large_image","twitter_misc":{"Escrito por":"Equipe G\u00e1vea News","Est. tempo de leitura":"3 minutos"},"schema":{"@context":"https:\/\/schema.org","@graph":[{"@type":"NewsArticle","@id":"https:\/\/www.gaveanews.com\/index.php\/2020\/07\/22\/ex-tecnico-da-alemanha-e-oferecido-e-demonstra-muito-interesse-em-treinar-o-flamengo\/#article","isPartOf":{"@id":"https:\/\/www.gaveanews.com\/index.php\/2020\/07\/22\/ex-tecnico-da-alemanha-e-oferecido-e-demonstra-muito-interesse-em-treinar-o-flamengo\/"},"author":{"name":"Equipe G\u00e1vea News","@id":"https:\/\/www.gaveanews.com\/#\/schema\/person\/2ec14f73fb96be2caf28f91afb14749d"},"headline":"Ex-t\u00e9cnico da Alemanha \u00e9 oferecido, e demonstra muito interesse em treinar o Flamengo","datePublished":"2020-07-22T04:04:28+00:00","dateModified":"2025-02-18T18:47:17+00:00","mainEntityOfPage":{"@id":"https:\/\/www.gaveanews.com\/index.php\/2020\/07\/22\/ex-tecnico-da-alemanha-e-oferecido-e-demonstra-muito-interesse-em-treinar-o-flamengo\/"},"wordCount":402,"commentCount":27,"image":{"@id":"https:\/\/www.gaveanews.com\/index.php\/2020\/07\/22\/ex-tecnico-da-alemanha-e-oferecido-e-demonstra-muito-interesse-em-treinar-o-flamengo\/#primaryimage"},"thumbnailUrl":"https:\/\/www.gaveanews.com\/wp-content\/uploads\/2019\/03\/Rodolfo-Landim-durante-entrevista-coletiva-na-Gavea.webp","articleSection":["Destaques"],"inLanguage":"pt-BR","potentialAction":[{"@type":"CommentAction","name":"Comment","target":["https:\/\/www.gaveanews.com\/index.php\/2020\/07\/22\/ex-tecnico-da-alemanha-e-oferecido-e-demonstra-muito-interesse-em-treinar-o-flamengo\/#respond"]}],"copyrightYear":"2020","copyrightHolder":{"@id":"https:\/\/www.gaveanews.com\/#organization"}},{"@type":"WebPage","@id":"https:\/\/www.gaveanews.com\/index.php\/2020\/07\/22\/ex-tecnico-da-alemanha-e-oferecido-e-demonstra-muito-interesse-em-treinar-o-flamengo\/","url":"https:\/\/www.gaveanews.com\/index.php\/2020\/07\/22\/ex-tecnico-da-alemanha-e-oferecido-e-demonstra-muito-interesse-em-treinar-o-flamengo\/","name":"Ex-t\u00e9cnico da Alemanha demonstra muito interesse em treinar o Flamengo","isPartOf":{"@id":"https:\/\/www.gaveanews.com\/#website"},"primaryImageOfPage":{"@id":"https:\/\/www.gaveanews.com\/index.php\/2020\/07\/22\/ex-tecnico-da-alemanha-e-oferecido-e-demonstra-muito-interesse-em-treinar-o-flamengo\/#primaryimage"},"image":{"@id":"https:\/\/www.gaveanews.com\/index.php\/2020\/07\/22\/ex-tecnico-da-alemanha-e-oferecido-e-demonstra-muito-interesse-em-treinar-o-flamengo\/#primaryimage"},"thumbnailUrl":"https:\/\/www.gaveanews.com\/wp-content\/uploads\/2019\/03\/Rodolfo-Landim-durante-entrevista-coletiva-na-Gavea.webp","datePublished":"2020-07-22T04:04:28+00:00","dateModified":"2025-02-18T18:47:17+00:00","author":{"@id":"https:\/\/www.gaveanews.com\/#\/schema\/person\/2ec14f73fb96be2caf28f91afb14749d"},"description":"Depois da sa\u00edda de Jorge Jesus os telefones de Marcos Braz e Bruno Spindel, dupla que comanda o dia a dia do futebol rubro-negro, n\u00e3o param de tocar.","breadcrumb":{"@id":"https:\/\/www.gaveanews.com\/index.php\/2020\/07\/22\/ex-tecnico-da-alemanha-e-oferecido-e-demonstra-muito-interesse-em-treinar-o-flamengo\/#breadcrumb"},"inLanguage":"pt-BR","potentialAction":[{"@type":"ReadAction","target":["https:\/\/www.gaveanews.com\/index.php\/2020\/07\/22\/ex-tecnico-da-alemanha-e-oferecido-e-demonstra-muito-interesse-em-treinar-o-flamengo\/"]}]},{"@type":"ImageObject","inLanguage":"pt-BR","@id":"https:\/\/www.gaveanews.com\/index.php\/2020\/07\/22\/ex-tecnico-da-alemanha-e-oferecido-e-demonstra-muito-interesse-em-treinar-o-flamengo\/#primaryimage","url":"https:\/\/www.gaveanews.com\/wp-content\/uploads\/2019\/03\/Rodolfo-Landim-durante-entrevista-coletiva-na-Gavea.webp","contentUrl":"https:\/\/www.gaveanews.com\/wp-content\/uploads\/2019\/03\/Rodolfo-Landim-durante-entrevista-coletiva-na-Gavea.webp","width":900,"height":599,"caption":"Rodolfo Landim durante entrevista coletiva na G\u00e1vea (Foto: Ag\u00eancia Foto BR)"},{"@type":"BreadcrumbList","@id":"https:\/\/www.gaveanews.com\/index.php\/2020\/07\/22\/ex-tecnico-da-alemanha-e-oferecido-e-demonstra-muito-interesse-em-treinar-o-flamengo\/#breadcrumb","itemListElement":[{"@type":"ListItem","position":1,"name":"Home","item":"https:\/\/www.gaveanews.com\/"},{"@type":"ListItem","position":2,"name":"Ex-t\u00e9cnico da Alemanha \u00e9 oferecido, e demonstra muito interesse em treinar o Flamengo"}]},{"@type":"WebSite","@id":"https:\/\/www.gaveanews.com\/#website","url":"https:\/\/www.gaveanews.com\/","name":"G\u00e1vea News","description":"Veja todas as not\u00edcias sobre o Flamengo: Contrata\u00e7\u00f5es, categorias de base, resultados das partidas, tabela de classifica\u00e7\u00e3o, pr\u00f3ximos jogos!","potentialAction":[{"@type":"SearchAction","target":{"@type":"EntryPoint","urlTemplate":"https:\/\/www.gaveanews.com\/?s={search_term_string}"},"query-input":{"@type":"PropertyValueSpecification","valueRequired":true,"valueName":"search_term_string"}}],"inLanguage":"pt-BR"},{"@type":"Person","@id":"https:\/\/www.gaveanews.com\/#\/schema\/person\/2ec14f73fb96be2caf28f91afb14749d","name":"Equipe G\u00e1vea News","image":{"@type":"ImageObject","inLanguage":"pt-BR","@id":"https:\/\/www.gaveanews.com\/#\/schema\/person\/image\/","url":"https:\/\/secure.gravatar.com\/avatar\/1e1956f1facbffd3f8fa53a326721950116b3b9dc9bd44939c01180fd4a745a9?s=96&d=mm&r=g","contentUrl":"https:\/\/secure.gravatar.com\/avatar\/1e1956f1facbffd3f8fa53a326721950116b3b9dc9bd44939c01180fd4a745a9?s=96&d=mm&r=g","caption":"Equipe G\u00e1vea News"}}]}},"_links":{"self":[{"href":"https:\/\/www.gaveanews.com\/index.php\/wp-json\/wp\/v2\/posts\/44071","targetHints":{"allow":["GET"]}}],"collection":[{"href":"https:\/\/www.gaveanews.com\/index.php\/wp-json\/wp\/v2\/posts"}],"about":[{"href":"https:\/\/www.gaveanews.com\/index.php\/wp-json\/wp\/v2\/types\/post"}],"author":[{"embeddable":true,"href":"https:\/\/www.gaveanews.com\/index.php\/wp-json\/wp\/v2\/users\/1"}],"replies":[{"embeddable":true,"href":"https:\/\/www.gaveanews.com\/index.php\/wp-json\/wp\/v2\/comments?post=44071"}],"version-history":[{"count":1,"href":"https:\/\/www.gaveanews.com\/index.php\/wp-json\/wp\/v2\/posts\/44071\/revisions"}],"predecessor-version":[{"id":229487,"href":"https:\/\/www.gaveanews.com\/index.php\/wp-json\/wp\/v2\/posts\/44071\/revisions\/229487"}],"wp:featuredmedia":[{"embeddable":true,"href":"https:\/\/www.gaveanews.com\/index.php\/wp-json\/wp\/v2\/media\/15077"}],"wp:attachment":[{"href":"https:\/\/www.gaveanews.com\/index.php\/wp-json\/wp\/v2\/media?parent=44071"}],"wp:term":[{"taxonomy":"category","embeddable":true,"href":"https:\/\/www.gaveanews.com\/index.php\/wp-json\/wp\/v2\/categories?post=44071"},{"taxonomy":"post_tag","embeddable":true,"href":"https:\/\/www.gaveanews.com\/index.php\/wp-json\/wp\/v2\/tags?post=44071"}],"curies":[{"name":"wp","href":"https:\/\/api.w.org\/{rel}","templated":true}]}}