{"id":44089,"date":"2020-07-22T15:35:49","date_gmt":"2020-07-22T18:35:49","guid":{"rendered":"https:\/\/www.gaveanews.com\/?p=44089"},"modified":"2020-07-22T15:35:50","modified_gmt":"2020-07-22T18:35:50","slug":"apresentador-fala-sobre-jorge-jesus-largou-ceu-para-ir-ao-inferno","status":"publish","type":"post","link":"https:\/\/www.gaveanews.com\/index.php\/2020\/07\/22\/apresentador-fala-sobre-jorge-jesus-largou-ceu-para-ir-ao-inferno\/","title":{"rendered":"Apresentador fala sobre Jorge Jesus: &#8220;Largou c\u00e9u para ir ao inferno&#8221;"},"content":{"rendered":"\n<p>A sa\u00edda do treinador Jorge Jesus agitou a torcida do Flamengo e a decis\u00e3o parece n\u00e3o ter sido bem avaliada pelos comentaristas esportivos dos canais &#8220;Fox Sports&#8221;. Nesta quarta-feira, durante o programa &#8220;Fox Sports R\u00e1dio&#8221;, o apresentador Benajmin Back usou a frase &#8220;Do c\u00e9u ao inferno&#8221; para caracterizar a mudan\u00e7a na carreira de Jesus.<\/p>\n\n\n\n<p>Ap\u00f3s o Mister trocar o Flamengo pelo Benfica, de Portugal, e sofrer com protestos dos torcedores europeus, o comentarista avalia negativamente a ideia do t\u00e9cnico ter deixado um clube onde era amado para treinar sob as cr\u00edticas dos torcedores.<\/p>\n\n\n\n<p>\u2014 Olha s\u00f3 como o mundo est\u00e1 maluco! Jorge Jesus largou o c\u00e9u para ir para o inferno. Era idolatrado, homenageado na Assembl\u00e9ia do Rio, andava na rua como Deus, s\u00f3 afagos, fotos, aut\u00f3grafos, um mar de rosas. Um tima\u00e7o nas m\u00e3os, ganhando tudo, sem briga pol\u00edtica, sem nada\u2026 E olha s\u00f3 o que virou. Ele foi para o olho do furac\u00e3o &#8211; disse o apresentador.<\/p>\n\n\n\n<figure class=\"wp-block-image size-large\"><img decoding=\"async\" src=\"https:\/\/1.bp.blogspot.com\/-P7jGs9njvXQ\/XPxSDyMrsII\/AAAAAAABYOs\/6Ne9y6IqOZUGK5J5yXw7wHgisaUHblZ4wCLcBGAs\/s1600\/jorge%2Bjesus%2Bbandeira%2Bflamengo.webp\" alt=\"\"\/><\/figure>\n\n\n\n<p>Para outro comentarista da atra\u00e7\u00e3o, Mano, o treinador portugu\u00eas cometeu um dos maiores erros da carreira dele. No Flamengo, Jesus foi campe\u00e3o estadual, venceu o Brasileir\u00e3o e conquistou a Am\u00e9rica contra o River Plate (ARG), em 2019. Jesus anunciou que deixaria o Flamengo ap\u00f3s bater o Fluminense na final do Carioca.<\/p>\n\n\n\n<p>Retirado de: Lance<\/p>\n","protected":false},"excerpt":{"rendered":"<p>A sa\u00edda do treinador Jorge Jesus agitou a torcida do Flamengo e a decis\u00e3o parece n\u00e3o ter sido bem avaliada pelos comentaristas esportivos dos canais &#8220;Fox Sports&#8221;. Nesta quarta-feira, durante o programa &#8220;Fox Sports R\u00e1dio&#8221;, o apresentador Benajmin Back usou a frase &#8220;Do c\u00e9u ao inferno&#8221; para caracterizar a mudan\u00e7a na carreira de Jesus. Ap\u00f3s [&hellip;]<\/p>\n","protected":false},"author":1,"featured_media":28616,"comment_status":"open","ping_status":"closed","sticky":false,"template":"","format":"standard","meta":{"footnotes":""},"categories":[47],"tags":[],"class_list":["post-44089","post","type-post","status-publish","format-standard","has-post-thumbnail","hentry","category-destaques"],"yoast_head":"<!-- This site is optimized with the Yoast SEO Premium plugin v24.2 (Yoast SEO v26.9) - https:\/\/yoast.com\/product\/yoast-seo-premium-wordpress\/ -->\n<title>Apresentador fala sobre Jorge Jesus: &quot;Largou c\u00e9u para ir ao inferno&quot;<\/title>\n<meta name=\"description\" content=\"A sa\u00edda do treinador Jorge Jesus agitou a torcida do Flamengo e a decis\u00e3o parece n\u00e3o ter sido bem avaliada pelos comentaristas esportivos.\" \/>\n<meta name=\"robots\" content=\"index, follow, max-snippet:-1, max-image-preview:large, max-video-preview:-1\" \/>\n<link rel=\"canonical\" href=\"https:\/\/www.gaveanews.com\/index.php\/2020\/07\/22\/apresentador-fala-sobre-jorge-jesus-largou-ceu-para-ir-ao-inferno\/\" \/>\n<meta property=\"og:locale\" content=\"pt_BR\" \/>\n<meta property=\"og:type\" content=\"article\" \/>\n<meta property=\"og:title\" content=\"Apresentador fala sobre Jorge Jesus: &quot;Largou c\u00e9u para ir ao inferno&quot;\" \/>\n<meta property=\"og:description\" content=\"A sa\u00edda do treinador Jorge Jesus agitou a torcida do Flamengo e a decis\u00e3o parece n\u00e3o ter sido bem avaliada pelos comentaristas esportivos.\" \/>\n<meta property=\"og:url\" content=\"https:\/\/www.gaveanews.com\/index.php\/2020\/07\/22\/apresentador-fala-sobre-jorge-jesus-largou-ceu-para-ir-ao-inferno\/\" \/>\n<meta property=\"og:site_name\" content=\"G\u00e1vea News\" \/>\n<meta property=\"article:publisher\" content=\"https:\/\/facebook.com\/gaveaNews\/\" \/>\n<meta property=\"article:published_time\" content=\"2020-07-22T18:35:49+00:00\" \/>\n<meta property=\"article:modified_time\" content=\"2020-07-22T18:35:50+00:00\" \/>\n<meta property=\"og:image\" content=\"https:\/\/www.gaveanews.com\/wp-content\/uploads\/Jorge-Jesus-durante-partida-do-Flamengo-no-estadio-do-Maracana.webp\" \/>\n\t<meta property=\"og:image:width\" content=\"1\" \/>\n\t<meta property=\"og:image:height\" content=\"1\" \/>\n\t<meta property=\"og:image:type\" content=\"image\/jpeg\" \/>\n<meta name=\"author\" content=\"Equipe G\u00e1vea News\" \/>\n<meta name=\"twitter:card\" content=\"summary_large_image\" \/>\n<meta name=\"twitter:label1\" content=\"Escrito por\" \/>\n\t<meta name=\"twitter:data1\" content=\"Equipe G\u00e1vea News\" \/>\n\t<meta name=\"twitter:label2\" content=\"Est. tempo de leitura\" \/>\n\t<meta name=\"twitter:data2\" content=\"1 minuto\" \/>\n<script type=\"application\/ld+json\" class=\"yoast-schema-graph\">{\"@context\":\"https:\/\/schema.org\",\"@graph\":[{\"@type\":\"NewsArticle\",\"@id\":\"https:\/\/www.gaveanews.com\/index.php\/2020\/07\/22\/apresentador-fala-sobre-jorge-jesus-largou-ceu-para-ir-ao-inferno\/#article\",\"isPartOf\":{\"@id\":\"https:\/\/www.gaveanews.com\/index.php\/2020\/07\/22\/apresentador-fala-sobre-jorge-jesus-largou-ceu-para-ir-ao-inferno\/\"},\"author\":{\"name\":\"Equipe G\u00e1vea News\",\"@id\":\"https:\/\/www.gaveanews.com\/#\/schema\/person\/2ec14f73fb96be2caf28f91afb14749d\"},\"headline\":\"Apresentador fala sobre Jorge Jesus: &#8220;Largou c\u00e9u para ir ao inferno&#8221;\",\"datePublished\":\"2020-07-22T18:35:49+00:00\",\"dateModified\":\"2020-07-22T18:35:50+00:00\",\"mainEntityOfPage\":{\"@id\":\"https:\/\/www.gaveanews.com\/index.php\/2020\/07\/22\/apresentador-fala-sobre-jorge-jesus-largou-ceu-para-ir-ao-inferno\/\"},\"wordCount\":245,\"commentCount\":12,\"image\":{\"@id\":\"https:\/\/www.gaveanews.com\/index.php\/2020\/07\/22\/apresentador-fala-sobre-jorge-jesus-largou-ceu-para-ir-ao-inferno\/#primaryimage\"},\"thumbnailUrl\":\"https:\/\/www.gaveanews.com\/wp-content\/uploads\/Jorge-Jesus-durante-partida-do-Flamengo-no-estadio-do-Maracana.webp\",\"articleSection\":[\"Destaques\"],\"inLanguage\":\"pt-BR\",\"potentialAction\":[{\"@type\":\"CommentAction\",\"name\":\"Comment\",\"target\":[\"https:\/\/www.gaveanews.com\/index.php\/2020\/07\/22\/apresentador-fala-sobre-jorge-jesus-largou-ceu-para-ir-ao-inferno\/#respond\"]}],\"copyrightYear\":\"2020\",\"copyrightHolder\":{\"@id\":\"https:\/\/www.gaveanews.com\/#organization\"}},{\"@type\":\"WebPage\",\"@id\":\"https:\/\/www.gaveanews.com\/index.php\/2020\/07\/22\/apresentador-fala-sobre-jorge-jesus-largou-ceu-para-ir-ao-inferno\/\",\"url\":\"https:\/\/www.gaveanews.com\/index.php\/2020\/07\/22\/apresentador-fala-sobre-jorge-jesus-largou-ceu-para-ir-ao-inferno\/\",\"name\":\"Apresentador fala sobre Jorge Jesus: \\\"Largou c\u00e9u para ir ao inferno\\\"\",\"isPartOf\":{\"@id\":\"https:\/\/www.gaveanews.com\/#website\"},\"primaryImageOfPage\":{\"@id\":\"https:\/\/www.gaveanews.com\/index.php\/2020\/07\/22\/apresentador-fala-sobre-jorge-jesus-largou-ceu-para-ir-ao-inferno\/#primaryimage\"},\"image\":{\"@id\":\"https:\/\/www.gaveanews.com\/index.php\/2020\/07\/22\/apresentador-fala-sobre-jorge-jesus-largou-ceu-para-ir-ao-inferno\/#primaryimage\"},\"thumbnailUrl\":\"https:\/\/www.gaveanews.com\/wp-content\/uploads\/Jorge-Jesus-durante-partida-do-Flamengo-no-estadio-do-Maracana.webp\",\"datePublished\":\"2020-07-22T18:35:49+00:00\",\"dateModified\":\"2020-07-22T18:35:50+00:00\",\"author\":{\"@id\":\"https:\/\/www.gaveanews.com\/#\/schema\/person\/2ec14f73fb96be2caf28f91afb14749d\"},\"description\":\"A sa\u00edda do treinador Jorge Jesus agitou a torcida do Flamengo e a decis\u00e3o parece n\u00e3o ter sido bem avaliada pelos comentaristas esportivos.\",\"breadcrumb\":{\"@id\":\"https:\/\/www.gaveanews.com\/index.php\/2020\/07\/22\/apresentador-fala-sobre-jorge-jesus-largou-ceu-para-ir-ao-inferno\/#breadcrumb\"},\"inLanguage\":\"pt-BR\",\"potentialAction\":[{\"@type\":\"ReadAction\",\"target\":[\"https:\/\/www.gaveanews.com\/index.php\/2020\/07\/22\/apresentador-fala-sobre-jorge-jesus-largou-ceu-para-ir-ao-inferno\/\"]}]},{\"@type\":\"ImageObject\",\"inLanguage\":\"pt-BR\",\"@id\":\"https:\/\/www.gaveanews.com\/index.php\/2020\/07\/22\/apresentador-fala-sobre-jorge-jesus-largou-ceu-para-ir-ao-inferno\/#primaryimage\",\"url\":\"https:\/\/www.gaveanews.com\/wp-content\/uploads\/Jorge-Jesus-durante-partida-do-Flamengo-no-estadio-do-Maracana.webp\",\"contentUrl\":\"https:\/\/www.gaveanews.com\/wp-content\/uploads\/Jorge-Jesus-durante-partida-do-Flamengo-no-estadio-do-Maracana.webp\",\"caption\":\"Jorge Jesus durante partida do Flamengo no est\u00e1dio do Maracan\u00e3 (Foto: Alexandre Vidal\/Flamengo)\"},{\"@type\":\"BreadcrumbList\",\"@id\":\"https:\/\/www.gaveanews.com\/index.php\/2020\/07\/22\/apresentador-fala-sobre-jorge-jesus-largou-ceu-para-ir-ao-inferno\/#breadcrumb\",\"itemListElement\":[{\"@type\":\"ListItem\",\"position\":1,\"name\":\"Home\",\"item\":\"https:\/\/www.gaveanews.com\/\"},{\"@type\":\"ListItem\",\"position\":2,\"name\":\"Apresentador fala sobre Jorge Jesus: &#8220;Largou c\u00e9u para ir ao inferno&#8221;\"}]},{\"@type\":\"WebSite\",\"@id\":\"https:\/\/www.gaveanews.com\/#website\",\"url\":\"https:\/\/www.gaveanews.com\/\",\"name\":\"G\u00e1vea News\",\"description\":\"Veja todas as not\u00edcias sobre o Flamengo: Contrata\u00e7\u00f5es, categorias de base, resultados das partidas, tabela de classifica\u00e7\u00e3o, pr\u00f3ximos jogos!\",\"potentialAction\":[{\"@type\":\"SearchAction\",\"target\":{\"@type\":\"EntryPoint\",\"urlTemplate\":\"https:\/\/www.gaveanews.com\/?s={search_term_string}\"},\"query-input\":{\"@type\":\"PropertyValueSpecification\",\"valueRequired\":true,\"valueName\":\"search_term_string\"}}],\"inLanguage\":\"pt-BR\"},{\"@type\":\"Person\",\"@id\":\"https:\/\/www.gaveanews.com\/#\/schema\/person\/2ec14f73fb96be2caf28f91afb14749d\",\"name\":\"Equipe G\u00e1vea News\",\"image\":{\"@type\":\"ImageObject\",\"inLanguage\":\"pt-BR\",\"@id\":\"https:\/\/www.gaveanews.com\/#\/schema\/person\/image\/\",\"url\":\"https:\/\/secure.gravatar.com\/avatar\/1e1956f1facbffd3f8fa53a326721950116b3b9dc9bd44939c01180fd4a745a9?s=96&d=mm&r=g\",\"contentUrl\":\"https:\/\/secure.gravatar.com\/avatar\/1e1956f1facbffd3f8fa53a326721950116b3b9dc9bd44939c01180fd4a745a9?s=96&d=mm&r=g\",\"caption\":\"Equipe G\u00e1vea News\"}}]}<\/script>\n<!-- \/ Yoast SEO Premium plugin. -->","yoast_head_json":{"title":"Apresentador fala sobre Jorge Jesus: \"Largou c\u00e9u para ir ao inferno\"","description":"A sa\u00edda do treinador Jorge Jesus agitou a torcida do Flamengo e a decis\u00e3o parece n\u00e3o ter sido bem avaliada pelos comentaristas esportivos.","robots":{"index":"index","follow":"follow","max-snippet":"max-snippet:-1","max-image-preview":"max-image-preview:large","max-video-preview":"max-video-preview:-1"},"canonical":"https:\/\/www.gaveanews.com\/index.php\/2020\/07\/22\/apresentador-fala-sobre-jorge-jesus-largou-ceu-para-ir-ao-inferno\/","og_locale":"pt_BR","og_type":"article","og_title":"Apresentador fala sobre Jorge Jesus: \"Largou c\u00e9u para ir ao inferno\"","og_description":"A sa\u00edda do treinador Jorge Jesus agitou a torcida do Flamengo e a decis\u00e3o parece n\u00e3o ter sido bem avaliada pelos comentaristas esportivos.","og_url":"https:\/\/www.gaveanews.com\/index.php\/2020\/07\/22\/apresentador-fala-sobre-jorge-jesus-largou-ceu-para-ir-ao-inferno\/","og_site_name":"G\u00e1vea News","article_publisher":"https:\/\/facebook.com\/gaveaNews\/","article_published_time":"2020-07-22T18:35:49+00:00","article_modified_time":"2020-07-22T18:35:50+00:00","og_image":[{"url":"https:\/\/www.gaveanews.com\/wp-content\/uploads\/Jorge-Jesus-durante-partida-do-Flamengo-no-estadio-do-Maracana.webp","width":1,"height":1,"type":"image\/jpeg"}],"author":"Equipe G\u00e1vea News","twitter_card":"summary_large_image","twitter_misc":{"Escrito por":"Equipe G\u00e1vea News","Est. tempo de leitura":"1 minuto"},"schema":{"@context":"https:\/\/schema.org","@graph":[{"@type":"NewsArticle","@id":"https:\/\/www.gaveanews.com\/index.php\/2020\/07\/22\/apresentador-fala-sobre-jorge-jesus-largou-ceu-para-ir-ao-inferno\/#article","isPartOf":{"@id":"https:\/\/www.gaveanews.com\/index.php\/2020\/07\/22\/apresentador-fala-sobre-jorge-jesus-largou-ceu-para-ir-ao-inferno\/"},"author":{"name":"Equipe G\u00e1vea News","@id":"https:\/\/www.gaveanews.com\/#\/schema\/person\/2ec14f73fb96be2caf28f91afb14749d"},"headline":"Apresentador fala sobre Jorge Jesus: &#8220;Largou c\u00e9u para ir ao inferno&#8221;","datePublished":"2020-07-22T18:35:49+00:00","dateModified":"2020-07-22T18:35:50+00:00","mainEntityOfPage":{"@id":"https:\/\/www.gaveanews.com\/index.php\/2020\/07\/22\/apresentador-fala-sobre-jorge-jesus-largou-ceu-para-ir-ao-inferno\/"},"wordCount":245,"commentCount":12,"image":{"@id":"https:\/\/www.gaveanews.com\/index.php\/2020\/07\/22\/apresentador-fala-sobre-jorge-jesus-largou-ceu-para-ir-ao-inferno\/#primaryimage"},"thumbnailUrl":"https:\/\/www.gaveanews.com\/wp-content\/uploads\/Jorge-Jesus-durante-partida-do-Flamengo-no-estadio-do-Maracana.webp","articleSection":["Destaques"],"inLanguage":"pt-BR","potentialAction":[{"@type":"CommentAction","name":"Comment","target":["https:\/\/www.gaveanews.com\/index.php\/2020\/07\/22\/apresentador-fala-sobre-jorge-jesus-largou-ceu-para-ir-ao-inferno\/#respond"]}],"copyrightYear":"2020","copyrightHolder":{"@id":"https:\/\/www.gaveanews.com\/#organization"}},{"@type":"WebPage","@id":"https:\/\/www.gaveanews.com\/index.php\/2020\/07\/22\/apresentador-fala-sobre-jorge-jesus-largou-ceu-para-ir-ao-inferno\/","url":"https:\/\/www.gaveanews.com\/index.php\/2020\/07\/22\/apresentador-fala-sobre-jorge-jesus-largou-ceu-para-ir-ao-inferno\/","name":"Apresentador fala sobre Jorge Jesus: \"Largou c\u00e9u para ir ao inferno\"","isPartOf":{"@id":"https:\/\/www.gaveanews.com\/#website"},"primaryImageOfPage":{"@id":"https:\/\/www.gaveanews.com\/index.php\/2020\/07\/22\/apresentador-fala-sobre-jorge-jesus-largou-ceu-para-ir-ao-inferno\/#primaryimage"},"image":{"@id":"https:\/\/www.gaveanews.com\/index.php\/2020\/07\/22\/apresentador-fala-sobre-jorge-jesus-largou-ceu-para-ir-ao-inferno\/#primaryimage"},"thumbnailUrl":"https:\/\/www.gaveanews.com\/wp-content\/uploads\/Jorge-Jesus-durante-partida-do-Flamengo-no-estadio-do-Maracana.webp","datePublished":"2020-07-22T18:35:49+00:00","dateModified":"2020-07-22T18:35:50+00:00","author":{"@id":"https:\/\/www.gaveanews.com\/#\/schema\/person\/2ec14f73fb96be2caf28f91afb14749d"},"description":"A sa\u00edda do treinador Jorge Jesus agitou a torcida do Flamengo e a decis\u00e3o parece n\u00e3o ter sido bem avaliada pelos comentaristas esportivos.","breadcrumb":{"@id":"https:\/\/www.gaveanews.com\/index.php\/2020\/07\/22\/apresentador-fala-sobre-jorge-jesus-largou-ceu-para-ir-ao-inferno\/#breadcrumb"},"inLanguage":"pt-BR","potentialAction":[{"@type":"ReadAction","target":["https:\/\/www.gaveanews.com\/index.php\/2020\/07\/22\/apresentador-fala-sobre-jorge-jesus-largou-ceu-para-ir-ao-inferno\/"]}]},{"@type":"ImageObject","inLanguage":"pt-BR","@id":"https:\/\/www.gaveanews.com\/index.php\/2020\/07\/22\/apresentador-fala-sobre-jorge-jesus-largou-ceu-para-ir-ao-inferno\/#primaryimage","url":"https:\/\/www.gaveanews.com\/wp-content\/uploads\/Jorge-Jesus-durante-partida-do-Flamengo-no-estadio-do-Maracana.webp","contentUrl":"https:\/\/www.gaveanews.com\/wp-content\/uploads\/Jorge-Jesus-durante-partida-do-Flamengo-no-estadio-do-Maracana.webp","caption":"Jorge Jesus durante partida do Flamengo no est\u00e1dio do Maracan\u00e3 (Foto: Alexandre Vidal\/Flamengo)"},{"@type":"BreadcrumbList","@id":"https:\/\/www.gaveanews.com\/index.php\/2020\/07\/22\/apresentador-fala-sobre-jorge-jesus-largou-ceu-para-ir-ao-inferno\/#breadcrumb","itemListElement":[{"@type":"ListItem","position":1,"name":"Home","item":"https:\/\/www.gaveanews.com\/"},{"@type":"ListItem","position":2,"name":"Apresentador fala sobre Jorge Jesus: &#8220;Largou c\u00e9u para ir ao inferno&#8221;"}]},{"@type":"WebSite","@id":"https:\/\/www.gaveanews.com\/#website","url":"https:\/\/www.gaveanews.com\/","name":"G\u00e1vea News","description":"Veja todas as not\u00edcias sobre o Flamengo: Contrata\u00e7\u00f5es, categorias de base, resultados das partidas, tabela de classifica\u00e7\u00e3o, pr\u00f3ximos jogos!","potentialAction":[{"@type":"SearchAction","target":{"@type":"EntryPoint","urlTemplate":"https:\/\/www.gaveanews.com\/?s={search_term_string}"},"query-input":{"@type":"PropertyValueSpecification","valueRequired":true,"valueName":"search_term_string"}}],"inLanguage":"pt-BR"},{"@type":"Person","@id":"https:\/\/www.gaveanews.com\/#\/schema\/person\/2ec14f73fb96be2caf28f91afb14749d","name":"Equipe G\u00e1vea News","image":{"@type":"ImageObject","inLanguage":"pt-BR","@id":"https:\/\/www.gaveanews.com\/#\/schema\/person\/image\/","url":"https:\/\/secure.gravatar.com\/avatar\/1e1956f1facbffd3f8fa53a326721950116b3b9dc9bd44939c01180fd4a745a9?s=96&d=mm&r=g","contentUrl":"https:\/\/secure.gravatar.com\/avatar\/1e1956f1facbffd3f8fa53a326721950116b3b9dc9bd44939c01180fd4a745a9?s=96&d=mm&r=g","caption":"Equipe G\u00e1vea News"}}]}},"_links":{"self":[{"href":"https:\/\/www.gaveanews.com\/index.php\/wp-json\/wp\/v2\/posts\/44089","targetHints":{"allow":["GET"]}}],"collection":[{"href":"https:\/\/www.gaveanews.com\/index.php\/wp-json\/wp\/v2\/posts"}],"about":[{"href":"https:\/\/www.gaveanews.com\/index.php\/wp-json\/wp\/v2\/types\/post"}],"author":[{"embeddable":true,"href":"https:\/\/www.gaveanews.com\/index.php\/wp-json\/wp\/v2\/users\/1"}],"replies":[{"embeddable":true,"href":"https:\/\/www.gaveanews.com\/index.php\/wp-json\/wp\/v2\/comments?post=44089"}],"version-history":[{"count":0,"href":"https:\/\/www.gaveanews.com\/index.php\/wp-json\/wp\/v2\/posts\/44089\/revisions"}],"wp:featuredmedia":[{"embeddable":true,"href":"https:\/\/www.gaveanews.com\/index.php\/wp-json\/wp\/v2\/media\/28616"}],"wp:attachment":[{"href":"https:\/\/www.gaveanews.com\/index.php\/wp-json\/wp\/v2\/media?parent=44089"}],"wp:term":[{"taxonomy":"category","embeddable":true,"href":"https:\/\/www.gaveanews.com\/index.php\/wp-json\/wp\/v2\/categories?post=44089"},{"taxonomy":"post_tag","embeddable":true,"href":"https:\/\/www.gaveanews.com\/index.php\/wp-json\/wp\/v2\/tags?post=44089"}],"curies":[{"name":"wp","href":"https:\/\/api.w.org\/{rel}","templated":true}]}}