{"id":44104,"date":"2020-07-22T19:23:31","date_gmt":"2020-07-22T22:23:31","guid":{"rendered":"https:\/\/www.gaveanews.com\/?p=44104"},"modified":"2020-07-22T19:23:34","modified_gmt":"2020-07-22T22:23:34","slug":"gabigol-exalta-jorge-jesus-e-avalia-possivel-volta-ao-futebol-europeu","status":"publish","type":"post","link":"https:\/\/www.gaveanews.com\/index.php\/2020\/07\/22\/gabigol-exalta-jorge-jesus-e-avalia-possivel-volta-ao-futebol-europeu\/","title":{"rendered":"Gabigol exalta Jorge Jesus e avalia poss\u00edvel volta ao futebol europeu"},"content":{"rendered":"\n<p>Em entrevista ao jornal \u201cAS\u201d, Gabigol avaliou uma poss\u00edvel volta ao futebol europeu. Apesar de ter sido contratado sob grandes expectativas pela Inter de Mil\u00e3o, o atacante pouco jogou no clube italiano. Emprestado ao Benfica, a mesma hist\u00f3ria se repetiu, e ele optou pela volta ao Brasil. Agora, mediante o sucesso no Flamengo, o camisa 9 acredita ter mais condi\u00e7\u00f5es de brilhar no exterior.<\/p>\n\n\n\n<p>\u201c2019 foi o melhor ano da minha carreira. Deu uma volta \u00e0 minha vida pessoal e profissional e colecionei v\u00e1rias conquistas coletivas e individuais. Por isso n\u00e3o estranhei quando surgiram ofertas tentadoras da Europa. Mas senti que o melhor era continuar no Flamengo. A escolha da Europa vir\u00e1 no momento certo, quando for bom para mim e para o Flamengo. Hoje sinto que estou muito mais preparado para enfrentar os desafios profissionais e pessoais de uma mudan\u00e7a de pa\u00eds. \u201c, declarou.<\/p>\n\n\n\n<p>Gabigol tamb\u00e9m avaliou seu crescimento como jogador por ter sido comandado por Jorge Jesus. O conv\u00edvio entre os dois foi o melhor poss\u00edvel, algo que ele j\u00e1 descreveu sendo um relacionamento de pai e filho.<\/p>\n\n\n\n<p>\u201cJorge Jesus me ajudou muito na minha maneira de pensar e executar. O futebol \u00e9 algo de 11 jogadores e precisamos ter esse pensamento porque, com essa maturidade, posso me tornar um jogador completo, sempre tomando a decis\u00e3o certa para o bem coletivo\u201d, completou.<\/p>\n\n\n\n<p>No seguimento da temporada, o atacante refor\u00e7ou que a inten\u00e7\u00e3o \u00e9 acumular o m\u00e1ximo de trof\u00e9us poss\u00edveis. Com isso, suas chances de ser convocado por Tite devem aumentar.<\/p>\n\n\n\n<p>\u201cJ\u00e1 conquistamos tr\u00eas t\u00edtulos e queremos os outros dois. Nosso objetivo \u00e9 lutar por todos n\u00f3s que competimos. A sele\u00e7\u00e3o brasileira \u00e9 um alvo. Fui convocado antes da pandemia e continuarei trabalhando duro na minha equipe para retornar\u201d, analisou.<\/p>\n\n\n\n<p>Retirado de: Torcedores <\/p>\n","protected":false},"excerpt":{"rendered":"<p>Em entrevista ao jornal \u201cAS\u201d, Gabigol avaliou uma poss\u00edvel volta ao futebol europeu. Apesar de ter sido contratado sob grandes expectativas pela Inter de Mil\u00e3o, o atacante pouco jogou no clube italiano. Emprestado ao Benfica, a mesma hist\u00f3ria se repetiu, e ele optou pela volta ao Brasil. Agora, mediante o sucesso no Flamengo, o camisa [&hellip;]<\/p>\n","protected":false},"author":1,"featured_media":14775,"comment_status":"open","ping_status":"closed","sticky":false,"template":"","format":"standard","meta":{"footnotes":""},"categories":[47],"tags":[],"class_list":["post-44104","post","type-post","status-publish","format-standard","has-post-thumbnail","hentry","category-destaques"],"yoast_head":"<!-- This site is optimized with the Yoast SEO Premium plugin v24.2 (Yoast SEO v26.9) - https:\/\/yoast.com\/product\/yoast-seo-premium-wordpress\/ -->\n<title>Gabigol exalta Jorge Jesus e avalia poss\u00edvel volta ao futebol europeu<\/title>\n<meta name=\"description\" content=\"Atacante do Flamengo, Gabigol avaliou o seu crescimento como jogador por ter sido comandado pelo treinador Jorge Jesus, e sua comiss\u00e3o t\u00e9cnica.\" \/>\n<meta name=\"robots\" content=\"index, follow, max-snippet:-1, max-image-preview:large, max-video-preview:-1\" \/>\n<link rel=\"canonical\" href=\"https:\/\/www.gaveanews.com\/index.php\/2020\/07\/22\/gabigol-exalta-jorge-jesus-e-avalia-possivel-volta-ao-futebol-europeu\/\" \/>\n<meta property=\"og:locale\" content=\"pt_BR\" \/>\n<meta property=\"og:type\" content=\"article\" \/>\n<meta property=\"og:title\" content=\"Gabigol exalta Jorge Jesus e avalia poss\u00edvel volta ao futebol europeu\" \/>\n<meta property=\"og:description\" content=\"Atacante do Flamengo, Gabigol avaliou o seu crescimento como jogador por ter sido comandado pelo treinador Jorge Jesus, e sua comiss\u00e3o t\u00e9cnica.\" \/>\n<meta property=\"og:url\" content=\"https:\/\/www.gaveanews.com\/index.php\/2020\/07\/22\/gabigol-exalta-jorge-jesus-e-avalia-possivel-volta-ao-futebol-europeu\/\" \/>\n<meta property=\"og:site_name\" content=\"G\u00e1vea News\" \/>\n<meta property=\"article:publisher\" content=\"https:\/\/facebook.com\/gaveaNews\/\" \/>\n<meta property=\"article:published_time\" content=\"2020-07-22T22:23:31+00:00\" \/>\n<meta property=\"article:modified_time\" content=\"2020-07-22T22:23:34+00:00\" \/>\n<meta property=\"og:image\" content=\"https:\/\/www.gaveanews.com\/wp-content\/uploads\/2019\/03\/Gabigol-em-acao-pelo-Flamengo-na-partida-de-estreia-da-Libertadores-de-2019.webp\" \/>\n\t<meta property=\"og:image:width\" content=\"1\" \/>\n\t<meta property=\"og:image:height\" content=\"1\" \/>\n\t<meta property=\"og:image:type\" content=\"image\/jpeg\" \/>\n<meta name=\"author\" content=\"Equipe G\u00e1vea News\" \/>\n<meta name=\"twitter:card\" content=\"summary_large_image\" \/>\n<meta name=\"twitter:label1\" content=\"Escrito por\" \/>\n\t<meta name=\"twitter:data1\" content=\"Equipe G\u00e1vea News\" \/>\n\t<meta name=\"twitter:label2\" content=\"Est. tempo de leitura\" \/>\n\t<meta name=\"twitter:data2\" content=\"2 minutos\" \/>\n<script type=\"application\/ld+json\" class=\"yoast-schema-graph\">{\"@context\":\"https:\/\/schema.org\",\"@graph\":[{\"@type\":\"NewsArticle\",\"@id\":\"https:\/\/www.gaveanews.com\/index.php\/2020\/07\/22\/gabigol-exalta-jorge-jesus-e-avalia-possivel-volta-ao-futebol-europeu\/#article\",\"isPartOf\":{\"@id\":\"https:\/\/www.gaveanews.com\/index.php\/2020\/07\/22\/gabigol-exalta-jorge-jesus-e-avalia-possivel-volta-ao-futebol-europeu\/\"},\"author\":{\"name\":\"Equipe G\u00e1vea News\",\"@id\":\"https:\/\/www.gaveanews.com\/#\/schema\/person\/2ec14f73fb96be2caf28f91afb14749d\"},\"headline\":\"Gabigol exalta Jorge Jesus e avalia poss\u00edvel volta ao futebol europeu\",\"datePublished\":\"2020-07-22T22:23:31+00:00\",\"dateModified\":\"2020-07-22T22:23:34+00:00\",\"mainEntityOfPage\":{\"@id\":\"https:\/\/www.gaveanews.com\/index.php\/2020\/07\/22\/gabigol-exalta-jorge-jesus-e-avalia-possivel-volta-ao-futebol-europeu\/\"},\"wordCount\":318,\"commentCount\":20,\"image\":{\"@id\":\"https:\/\/www.gaveanews.com\/index.php\/2020\/07\/22\/gabigol-exalta-jorge-jesus-e-avalia-possivel-volta-ao-futebol-europeu\/#primaryimage\"},\"thumbnailUrl\":\"https:\/\/www.gaveanews.com\/wp-content\/uploads\/2019\/03\/Gabigol-em-acao-pelo-Flamengo-na-partida-de-estreia-da-Libertadores-de-2019.webp\",\"articleSection\":[\"Destaques\"],\"inLanguage\":\"pt-BR\",\"potentialAction\":[{\"@type\":\"CommentAction\",\"name\":\"Comment\",\"target\":[\"https:\/\/www.gaveanews.com\/index.php\/2020\/07\/22\/gabigol-exalta-jorge-jesus-e-avalia-possivel-volta-ao-futebol-europeu\/#respond\"]}],\"copyrightYear\":\"2020\",\"copyrightHolder\":{\"@id\":\"https:\/\/www.gaveanews.com\/#organization\"}},{\"@type\":\"WebPage\",\"@id\":\"https:\/\/www.gaveanews.com\/index.php\/2020\/07\/22\/gabigol-exalta-jorge-jesus-e-avalia-possivel-volta-ao-futebol-europeu\/\",\"url\":\"https:\/\/www.gaveanews.com\/index.php\/2020\/07\/22\/gabigol-exalta-jorge-jesus-e-avalia-possivel-volta-ao-futebol-europeu\/\",\"name\":\"Gabigol exalta Jorge Jesus e avalia poss\u00edvel volta ao futebol europeu\",\"isPartOf\":{\"@id\":\"https:\/\/www.gaveanews.com\/#website\"},\"primaryImageOfPage\":{\"@id\":\"https:\/\/www.gaveanews.com\/index.php\/2020\/07\/22\/gabigol-exalta-jorge-jesus-e-avalia-possivel-volta-ao-futebol-europeu\/#primaryimage\"},\"image\":{\"@id\":\"https:\/\/www.gaveanews.com\/index.php\/2020\/07\/22\/gabigol-exalta-jorge-jesus-e-avalia-possivel-volta-ao-futebol-europeu\/#primaryimage\"},\"thumbnailUrl\":\"https:\/\/www.gaveanews.com\/wp-content\/uploads\/2019\/03\/Gabigol-em-acao-pelo-Flamengo-na-partida-de-estreia-da-Libertadores-de-2019.webp\",\"datePublished\":\"2020-07-22T22:23:31+00:00\",\"dateModified\":\"2020-07-22T22:23:34+00:00\",\"author\":{\"@id\":\"https:\/\/www.gaveanews.com\/#\/schema\/person\/2ec14f73fb96be2caf28f91afb14749d\"},\"description\":\"Atacante do Flamengo, Gabigol avaliou o seu crescimento como jogador por ter sido comandado pelo treinador Jorge Jesus, e sua comiss\u00e3o t\u00e9cnica.\",\"breadcrumb\":{\"@id\":\"https:\/\/www.gaveanews.com\/index.php\/2020\/07\/22\/gabigol-exalta-jorge-jesus-e-avalia-possivel-volta-ao-futebol-europeu\/#breadcrumb\"},\"inLanguage\":\"pt-BR\",\"potentialAction\":[{\"@type\":\"ReadAction\",\"target\":[\"https:\/\/www.gaveanews.com\/index.php\/2020\/07\/22\/gabigol-exalta-jorge-jesus-e-avalia-possivel-volta-ao-futebol-europeu\/\"]}]},{\"@type\":\"ImageObject\",\"inLanguage\":\"pt-BR\",\"@id\":\"https:\/\/www.gaveanews.com\/index.php\/2020\/07\/22\/gabigol-exalta-jorge-jesus-e-avalia-possivel-volta-ao-futebol-europeu\/#primaryimage\",\"url\":\"https:\/\/www.gaveanews.com\/wp-content\/uploads\/2019\/03\/Gabigol-em-acao-pelo-Flamengo-na-partida-de-estreia-da-Libertadores-de-2019.webp\",\"contentUrl\":\"https:\/\/www.gaveanews.com\/wp-content\/uploads\/2019\/03\/Gabigol-em-acao-pelo-Flamengo-na-partida-de-estreia-da-Libertadores-de-2019.webp\",\"caption\":\"Gabigol em a\u00e7\u00e3o pelo Flamengo na partida de estreia da Libertadores de 2019 (Foto: Alexandre Vidal\/Flamengo)\"},{\"@type\":\"BreadcrumbList\",\"@id\":\"https:\/\/www.gaveanews.com\/index.php\/2020\/07\/22\/gabigol-exalta-jorge-jesus-e-avalia-possivel-volta-ao-futebol-europeu\/#breadcrumb\",\"itemListElement\":[{\"@type\":\"ListItem\",\"position\":1,\"name\":\"Home\",\"item\":\"https:\/\/www.gaveanews.com\/\"},{\"@type\":\"ListItem\",\"position\":2,\"name\":\"Gabigol exalta Jorge Jesus e avalia poss\u00edvel volta ao futebol europeu\"}]},{\"@type\":\"WebSite\",\"@id\":\"https:\/\/www.gaveanews.com\/#website\",\"url\":\"https:\/\/www.gaveanews.com\/\",\"name\":\"G\u00e1vea News\",\"description\":\"Veja todas as not\u00edcias sobre o Flamengo: Contrata\u00e7\u00f5es, categorias de base, resultados das partidas, tabela de classifica\u00e7\u00e3o, pr\u00f3ximos jogos!\",\"potentialAction\":[{\"@type\":\"SearchAction\",\"target\":{\"@type\":\"EntryPoint\",\"urlTemplate\":\"https:\/\/www.gaveanews.com\/?s={search_term_string}\"},\"query-input\":{\"@type\":\"PropertyValueSpecification\",\"valueRequired\":true,\"valueName\":\"search_term_string\"}}],\"inLanguage\":\"pt-BR\"},{\"@type\":\"Person\",\"@id\":\"https:\/\/www.gaveanews.com\/#\/schema\/person\/2ec14f73fb96be2caf28f91afb14749d\",\"name\":\"Equipe G\u00e1vea News\",\"image\":{\"@type\":\"ImageObject\",\"inLanguage\":\"pt-BR\",\"@id\":\"https:\/\/www.gaveanews.com\/#\/schema\/person\/image\/\",\"url\":\"https:\/\/secure.gravatar.com\/avatar\/1e1956f1facbffd3f8fa53a326721950116b3b9dc9bd44939c01180fd4a745a9?s=96&d=mm&r=g\",\"contentUrl\":\"https:\/\/secure.gravatar.com\/avatar\/1e1956f1facbffd3f8fa53a326721950116b3b9dc9bd44939c01180fd4a745a9?s=96&d=mm&r=g\",\"caption\":\"Equipe G\u00e1vea News\"}}]}<\/script>\n<!-- \/ Yoast SEO Premium plugin. -->","yoast_head_json":{"title":"Gabigol exalta Jorge Jesus e avalia poss\u00edvel volta ao futebol europeu","description":"Atacante do Flamengo, Gabigol avaliou o seu crescimento como jogador por ter sido comandado pelo treinador Jorge Jesus, e sua comiss\u00e3o t\u00e9cnica.","robots":{"index":"index","follow":"follow","max-snippet":"max-snippet:-1","max-image-preview":"max-image-preview:large","max-video-preview":"max-video-preview:-1"},"canonical":"https:\/\/www.gaveanews.com\/index.php\/2020\/07\/22\/gabigol-exalta-jorge-jesus-e-avalia-possivel-volta-ao-futebol-europeu\/","og_locale":"pt_BR","og_type":"article","og_title":"Gabigol exalta Jorge Jesus e avalia poss\u00edvel volta ao futebol europeu","og_description":"Atacante do Flamengo, Gabigol avaliou o seu crescimento como jogador por ter sido comandado pelo treinador Jorge Jesus, e sua comiss\u00e3o t\u00e9cnica.","og_url":"https:\/\/www.gaveanews.com\/index.php\/2020\/07\/22\/gabigol-exalta-jorge-jesus-e-avalia-possivel-volta-ao-futebol-europeu\/","og_site_name":"G\u00e1vea News","article_publisher":"https:\/\/facebook.com\/gaveaNews\/","article_published_time":"2020-07-22T22:23:31+00:00","article_modified_time":"2020-07-22T22:23:34+00:00","og_image":[{"url":"https:\/\/www.gaveanews.com\/wp-content\/uploads\/2019\/03\/Gabigol-em-acao-pelo-Flamengo-na-partida-de-estreia-da-Libertadores-de-2019.webp","width":1,"height":1,"type":"image\/jpeg"}],"author":"Equipe G\u00e1vea News","twitter_card":"summary_large_image","twitter_misc":{"Escrito por":"Equipe G\u00e1vea News","Est. tempo de leitura":"2 minutos"},"schema":{"@context":"https:\/\/schema.org","@graph":[{"@type":"NewsArticle","@id":"https:\/\/www.gaveanews.com\/index.php\/2020\/07\/22\/gabigol-exalta-jorge-jesus-e-avalia-possivel-volta-ao-futebol-europeu\/#article","isPartOf":{"@id":"https:\/\/www.gaveanews.com\/index.php\/2020\/07\/22\/gabigol-exalta-jorge-jesus-e-avalia-possivel-volta-ao-futebol-europeu\/"},"author":{"name":"Equipe G\u00e1vea News","@id":"https:\/\/www.gaveanews.com\/#\/schema\/person\/2ec14f73fb96be2caf28f91afb14749d"},"headline":"Gabigol exalta Jorge Jesus e avalia poss\u00edvel volta ao futebol europeu","datePublished":"2020-07-22T22:23:31+00:00","dateModified":"2020-07-22T22:23:34+00:00","mainEntityOfPage":{"@id":"https:\/\/www.gaveanews.com\/index.php\/2020\/07\/22\/gabigol-exalta-jorge-jesus-e-avalia-possivel-volta-ao-futebol-europeu\/"},"wordCount":318,"commentCount":20,"image":{"@id":"https:\/\/www.gaveanews.com\/index.php\/2020\/07\/22\/gabigol-exalta-jorge-jesus-e-avalia-possivel-volta-ao-futebol-europeu\/#primaryimage"},"thumbnailUrl":"https:\/\/www.gaveanews.com\/wp-content\/uploads\/2019\/03\/Gabigol-em-acao-pelo-Flamengo-na-partida-de-estreia-da-Libertadores-de-2019.webp","articleSection":["Destaques"],"inLanguage":"pt-BR","potentialAction":[{"@type":"CommentAction","name":"Comment","target":["https:\/\/www.gaveanews.com\/index.php\/2020\/07\/22\/gabigol-exalta-jorge-jesus-e-avalia-possivel-volta-ao-futebol-europeu\/#respond"]}],"copyrightYear":"2020","copyrightHolder":{"@id":"https:\/\/www.gaveanews.com\/#organization"}},{"@type":"WebPage","@id":"https:\/\/www.gaveanews.com\/index.php\/2020\/07\/22\/gabigol-exalta-jorge-jesus-e-avalia-possivel-volta-ao-futebol-europeu\/","url":"https:\/\/www.gaveanews.com\/index.php\/2020\/07\/22\/gabigol-exalta-jorge-jesus-e-avalia-possivel-volta-ao-futebol-europeu\/","name":"Gabigol exalta Jorge Jesus e avalia poss\u00edvel volta ao futebol europeu","isPartOf":{"@id":"https:\/\/www.gaveanews.com\/#website"},"primaryImageOfPage":{"@id":"https:\/\/www.gaveanews.com\/index.php\/2020\/07\/22\/gabigol-exalta-jorge-jesus-e-avalia-possivel-volta-ao-futebol-europeu\/#primaryimage"},"image":{"@id":"https:\/\/www.gaveanews.com\/index.php\/2020\/07\/22\/gabigol-exalta-jorge-jesus-e-avalia-possivel-volta-ao-futebol-europeu\/#primaryimage"},"thumbnailUrl":"https:\/\/www.gaveanews.com\/wp-content\/uploads\/2019\/03\/Gabigol-em-acao-pelo-Flamengo-na-partida-de-estreia-da-Libertadores-de-2019.webp","datePublished":"2020-07-22T22:23:31+00:00","dateModified":"2020-07-22T22:23:34+00:00","author":{"@id":"https:\/\/www.gaveanews.com\/#\/schema\/person\/2ec14f73fb96be2caf28f91afb14749d"},"description":"Atacante do Flamengo, Gabigol avaliou o seu crescimento como jogador por ter sido comandado pelo treinador Jorge Jesus, e sua comiss\u00e3o t\u00e9cnica.","breadcrumb":{"@id":"https:\/\/www.gaveanews.com\/index.php\/2020\/07\/22\/gabigol-exalta-jorge-jesus-e-avalia-possivel-volta-ao-futebol-europeu\/#breadcrumb"},"inLanguage":"pt-BR","potentialAction":[{"@type":"ReadAction","target":["https:\/\/www.gaveanews.com\/index.php\/2020\/07\/22\/gabigol-exalta-jorge-jesus-e-avalia-possivel-volta-ao-futebol-europeu\/"]}]},{"@type":"ImageObject","inLanguage":"pt-BR","@id":"https:\/\/www.gaveanews.com\/index.php\/2020\/07\/22\/gabigol-exalta-jorge-jesus-e-avalia-possivel-volta-ao-futebol-europeu\/#primaryimage","url":"https:\/\/www.gaveanews.com\/wp-content\/uploads\/2019\/03\/Gabigol-em-acao-pelo-Flamengo-na-partida-de-estreia-da-Libertadores-de-2019.webp","contentUrl":"https:\/\/www.gaveanews.com\/wp-content\/uploads\/2019\/03\/Gabigol-em-acao-pelo-Flamengo-na-partida-de-estreia-da-Libertadores-de-2019.webp","caption":"Gabigol em a\u00e7\u00e3o pelo Flamengo na partida de estreia da Libertadores de 2019 (Foto: Alexandre Vidal\/Flamengo)"},{"@type":"BreadcrumbList","@id":"https:\/\/www.gaveanews.com\/index.php\/2020\/07\/22\/gabigol-exalta-jorge-jesus-e-avalia-possivel-volta-ao-futebol-europeu\/#breadcrumb","itemListElement":[{"@type":"ListItem","position":1,"name":"Home","item":"https:\/\/www.gaveanews.com\/"},{"@type":"ListItem","position":2,"name":"Gabigol exalta Jorge Jesus e avalia poss\u00edvel volta ao futebol europeu"}]},{"@type":"WebSite","@id":"https:\/\/www.gaveanews.com\/#website","url":"https:\/\/www.gaveanews.com\/","name":"G\u00e1vea News","description":"Veja todas as not\u00edcias sobre o Flamengo: Contrata\u00e7\u00f5es, categorias de base, resultados das partidas, tabela de classifica\u00e7\u00e3o, pr\u00f3ximos jogos!","potentialAction":[{"@type":"SearchAction","target":{"@type":"EntryPoint","urlTemplate":"https:\/\/www.gaveanews.com\/?s={search_term_string}"},"query-input":{"@type":"PropertyValueSpecification","valueRequired":true,"valueName":"search_term_string"}}],"inLanguage":"pt-BR"},{"@type":"Person","@id":"https:\/\/www.gaveanews.com\/#\/schema\/person\/2ec14f73fb96be2caf28f91afb14749d","name":"Equipe G\u00e1vea News","image":{"@type":"ImageObject","inLanguage":"pt-BR","@id":"https:\/\/www.gaveanews.com\/#\/schema\/person\/image\/","url":"https:\/\/secure.gravatar.com\/avatar\/1e1956f1facbffd3f8fa53a326721950116b3b9dc9bd44939c01180fd4a745a9?s=96&d=mm&r=g","contentUrl":"https:\/\/secure.gravatar.com\/avatar\/1e1956f1facbffd3f8fa53a326721950116b3b9dc9bd44939c01180fd4a745a9?s=96&d=mm&r=g","caption":"Equipe G\u00e1vea News"}}]}},"_links":{"self":[{"href":"https:\/\/www.gaveanews.com\/index.php\/wp-json\/wp\/v2\/posts\/44104","targetHints":{"allow":["GET"]}}],"collection":[{"href":"https:\/\/www.gaveanews.com\/index.php\/wp-json\/wp\/v2\/posts"}],"about":[{"href":"https:\/\/www.gaveanews.com\/index.php\/wp-json\/wp\/v2\/types\/post"}],"author":[{"embeddable":true,"href":"https:\/\/www.gaveanews.com\/index.php\/wp-json\/wp\/v2\/users\/1"}],"replies":[{"embeddable":true,"href":"https:\/\/www.gaveanews.com\/index.php\/wp-json\/wp\/v2\/comments?post=44104"}],"version-history":[{"count":0,"href":"https:\/\/www.gaveanews.com\/index.php\/wp-json\/wp\/v2\/posts\/44104\/revisions"}],"wp:featuredmedia":[{"embeddable":true,"href":"https:\/\/www.gaveanews.com\/index.php\/wp-json\/wp\/v2\/media\/14775"}],"wp:attachment":[{"href":"https:\/\/www.gaveanews.com\/index.php\/wp-json\/wp\/v2\/media?parent=44104"}],"wp:term":[{"taxonomy":"category","embeddable":true,"href":"https:\/\/www.gaveanews.com\/index.php\/wp-json\/wp\/v2\/categories?post=44104"},{"taxonomy":"post_tag","embeddable":true,"href":"https:\/\/www.gaveanews.com\/index.php\/wp-json\/wp\/v2\/tags?post=44104"}],"curies":[{"name":"wp","href":"https:\/\/api.w.org\/{rel}","templated":true}]}}